{"id":75005,"date":"2013-10-04T17:13:15","date_gmt":"2013-10-04T16:13:15","guid":{"rendered":"http:\/\/www.visit-ulcinj.com\/blog\/?p=75005"},"modified":"2013-10-04T17:13:15","modified_gmt":"2013-10-04T16:13:15","slug":"nis-the-voice-of-albania-video","status":"publish","type":"post","link":"https:\/\/www.visit-ulcinj.com\/blog\/2013\/10\/04\/nis-the-voice-of-albania-video\/","title":{"rendered":"Nis \u201cThe Voice Of Albania\u201d &#8211; Video"},"content":{"rendered":"<p><strong><a href=\"http:\/\/www.visit-ulcinj.com\/blog\/wp-content\/uploads\/2013\/10\/The-Voice-Of-Albania.jpg\"><img loading=\"lazy\" class=\"alignleft  wp-image-75006\" alt=\"The Voice Of Albania\" src=\"http:\/\/www.visit-ulcinj.com\/blog\/wp-content\/uploads\/2013\/10\/The-Voice-Of-Albania.jpg\" width=\"508\" height=\"360\" \/><\/a>N\u00eb k\u00ebrkim t\u00eb z\u00ebrit t\u00eb Shqip\u00ebris\u00eb, nis nga e premtja mbrema edicioni i trete i &#8220;The Voice of Albania&#8221;, prezantuar nga Ledion Li\u00e7o. <\/strong><\/p>\n<p>Nj\u00eb s\u00ebr\u00eb risish k\u00ebt\u00eb vit, duke nisur nga trajner\u00ebt. Aurela Ga\u00e7e, e cila i bashkohet n\u00eb k\u00ebt\u00eb edicion grupit q\u00eb rikonfirmohet: Alma Bektashi, Elton Deda dhe Sidrit Bejleri.<\/p>\n<p>&#8220;Do t\u00eb mundohem t\u00eb gjej nj\u00eb personazh si vetja. Me trajner\u00ebt e tjer\u00eb kam nj\u00eb raport perfekt pasi e njohim prej vitesh nj\u00ebri-tjetrin. Vet\u00ebm prisni e shikoni se \u00e7far\u00eb do t\u00eb b\u00ebjm\u00eb&#8221;, shprehet Aurela Ga\u00e7e.<\/p>\n<p>&#8220;Duke qen\u00eb se Miriami ishte n\u00eb projektet e saj, dhe ne ishim n\u00eb d\u00ebshir\u00ebn p\u00ebr t\u00eb ndryshuar nj\u00eb nga trajner\u00ebt, at\u00ebher\u00eb ishim n\u00eb nj\u00eb linj\u00eb e p\u00ebrbashk\u00ebt. Padyshim do t\u00eb shkonim drejt zgjedhjes s\u00eb nj\u00eb k\u00ebng\u00ebtareje si Aurela, q\u00eb sot l\u00ebvron shum\u00eb zhanre, e konfirmuar n\u00eb tregun shqiptar.Aurela ka nj\u00eb p\u00ebrshtatje me t\u00eb gjith\u00eb ekipin, \u00ebsht\u00eb shum\u00eb karizmatike n\u00eb sken\u00eb, n\u00eb performancat e saj q\u00eb \u00ebsht\u00eb element shum\u00eb i nevojsh\u00ebm edhe si element televiziv&#8221;, thot\u00eb Rezart Aga, autor i programit.<\/p>\n<p>&#8220;Kemi dashur q\u00eb n\u00eb fillim t\u00eb k\u00ebtij edicioni, ta shpengojm\u00eb paksa sidomos p\u00ebr kat\u00ebr trajner\u00ebt q\u00eb p\u00ebr pes\u00eb jav\u00eb m\u00eb radh\u00eb do t\u00eb ken\u00eb nj\u00eb pun\u00eb dhe p\u00ebrgjegj\u00ebsi shum\u00eb t\u00eb madhe, ndaj edhe me spotin kemi dashur t&#8217;i b\u00ebjm\u00eb t\u00eb ndihen pak rehat dhe t\u00eb shpenguar. Pes\u00eb jav\u00ebt e para jan\u00eb cfilit\u00ebse p\u00ebr trajner\u00ebt, p\u00ebr gjith\u00eb stafin, p\u00ebr mua gjithashtu, sepse duhet t\u00eb kalojm\u00eb nga nj\u00eb gjendj\u00eb d\u00ebshp\u00ebrimi dhe keqardhje p\u00ebr dik\u00eb q\u00eb ndalon n\u00eb k\u00ebt\u00eb etap\u00eb t\u00eb show-t, tek nj\u00eb gjendje euforie dhe shum\u00eb g\u00ebzim p\u00ebr at\u00eb q\u00eb do t\u00eb vazhdoj\u00eb t\u00eb jet\u00eb pjes\u00eb e &#8216;The Voice'&#8221;, thot\u00eb prezantuesi Ledion Lico.<\/p>\n<p>Nd\u00ebr risit\u00eb e k\u00ebtij edicioni, test edhe p\u00ebr vet\u00eb trajner\u00ebt.<\/p>\n<p>&#8220;Jemi ne dhe Hollanda q\u00eb po e p\u00ebrdorim k\u00ebt\u00eb risi, ku trajner\u00ebt do t\u00eb vendosen p\u00ebrball\u00eb nj\u00eb situate &#8220;blind to blind&#8221;. Trajner\u00ebt tashm\u00eb do t\u00eb duhet disa her\u00eb t\u00eb vendosen n\u00eb nj\u00eb situat\u00eb q\u00eb edhe pasi t\u00eb kthehen nuk e shohin k\u00ebng\u00ebtarin. Do t&#8217;u duhet q\u00eb sipas z\u00ebrit t\u00eb gjejn\u00eb stilin e k\u00ebng\u00ebtarit, mosh\u00ebn dhe elemente t\u00eb tjera fizike. Kjo do t\u00eb b\u00ebj\u00eb q\u00eb ata t\u00eb kuptojn\u00eb me profesionalizmin e tyre, sa arrijn\u00eb q\u00eb me an\u00eb t\u00eb materialit t\u00eb p\u00ebrzgjedhur dhe z\u00ebrit t\u00eb p\u00ebrcaktojn\u00eb konkurrentin&#8221;, thot\u00eb Aga.<\/p>\n<p>Nje pjese e mire e repertorit te kengeve, do te jete shqiptar, ndersa pjesemarresit do te jene nga te gjitha trevat shqipfolese.<\/p>\n<p>&#8220;Edhe edicioni i tret\u00eb p\u00ebrpos p\u00ebrvoj\u00ebs p\u00ebr secilin prej nesh do t\u00eb ket\u00eb shum\u00eb emocione, shum\u00eb lot, shum\u00eb g\u00ebzim dhe do t\u00eb na b\u00ebj\u00eb bashk\u00eb prap\u00eb n\u00eb familje, pas kaq koh\u00ebsh, q\u00eb besoj \u00ebsht\u00eb e r\u00ebnd\u00ebsishme&#8221;, thot\u00eb prezantuesi Ledion Li\u00e7o.<\/p>\n<p><strong>\/ Top Channel\/<\/strong><\/p>\n<p><iframe loading=\"lazy\" width=\"508\" height=\"360\" src=\"\/\/www.youtube.com\/embed\/JS519jY1Ml8\" frameborder=\"0\" allowfullscreen><\/iframe><\/p>\n","protected":false},"excerpt":{"rendered":"<p>N\u00eb k\u00ebrkim t\u00eb z\u00ebrit t\u00eb Shqip\u00ebris\u00eb, nis nga e premtja mbrema edicioni i trete i &#8220;The Voice of Albania&#8221;, prezantuar nga Ledion Li\u00e7o. Nj\u00eb s\u00ebr\u00eb risish k\u00ebt\u00eb vit, duke nisur nga trajner\u00ebt. Aurela Ga\u00e7e, e cila i bashkohet n\u00eb k\u00ebt\u00eb edicion grupit q\u00eb rikonfirmohet: Alma Bektashi, Elton Deda dhe Sidrit Bejleri. &#8220;Do t\u00eb mundohem t\u00eb [&hellip;]<\/p>\n","protected":false},"author":1,"featured_media":0,"comment_status":"closed","ping_status":"closed","sticky":false,"template":"","format":"standard","meta":{"spay_email":"","jetpack_publicize_message":"","jetpack_is_tweetstorm":false,"jetpack_publicize_feature_enabled":true},"categories":[1],"tags":[],"jetpack_publicize_connections":[],"yoast_head":"<!-- This site is optimized with the Yoast SEO plugin v19.1 - https:\/\/yoast.com\/wordpress\/plugins\/seo\/ -->\n<title>Nis \u201cThe Voice Of Albania\u201d - Video - Lajme nga Ulqini<\/title>\n<meta name=\"description\" content=\"N\u00eb k\u00ebrkim t\u00eb z\u00ebrit t\u00eb Shqip\u00ebris\u00eb, nis nga e premtja mbrema edicioni i trete i &quot;The Voice of Albania&quot;, prezantuar nga Ledion Li\u00e7o. Nj\u00eb s\u00ebr\u00eb risish k\u00ebt\u00eb\" \/>\n<meta name=\"robots\" content=\"index, follow, max-snippet:-1, max-image-preview:large, max-video-preview:-1\" \/>\n<link rel=\"canonical\" href=\"https:\/\/www.visit-ulcinj.com\/blog\/2013\/10\/04\/nis-the-voice-of-albania-video\/\" \/>\n<meta property=\"og:locale\" content=\"en_US\" \/>\n<meta property=\"og:type\" content=\"article\" \/>\n<meta property=\"og:title\" content=\"Nis \u201cThe Voice Of Albania\u201d - Video - Lajme nga Ulqini\" \/>\n<meta property=\"og:description\" content=\"N\u00eb k\u00ebrkim t\u00eb z\u00ebrit t\u00eb Shqip\u00ebris\u00eb, nis nga e premtja mbrema edicioni i trete i &quot;The Voice of Albania&quot;, prezantuar nga Ledion Li\u00e7o. Nj\u00eb s\u00ebr\u00eb risish k\u00ebt\u00eb\" \/>\n<meta property=\"og:url\" content=\"https:\/\/www.visit-ulcinj.com\/blog\/2013\/10\/04\/nis-the-voice-of-albania-video\/\" \/>\n<meta property=\"og:site_name\" content=\"Lajme nga Ulqini\" \/>\n<meta property=\"article:published_time\" content=\"2013-10-04T16:13:15+00:00\" \/>\n<meta property=\"og:image\" content=\"http:\/\/www.visit-ulcinj.com\/blog\/wp-content\/uploads\/2013\/10\/The-Voice-Of-Albania.jpg\" \/>\n<meta name=\"twitter:label1\" content=\"Written by\" \/>\n\t<meta name=\"twitter:data1\" content=\"ulqini\" \/>\n\t<meta name=\"twitter:label2\" content=\"Est. reading time\" \/>\n\t<meta name=\"twitter:data2\" content=\"3 minutes\" \/>\n<script type=\"application\/ld+json\" class=\"yoast-schema-graph\">{\"@context\":\"https:\/\/schema.org\",\"@graph\":[{\"@type\":\"WebSite\",\"@id\":\"https:\/\/www.visit-ulcinj.com\/blog\/#website\",\"url\":\"https:\/\/www.visit-ulcinj.com\/blog\/\",\"name\":\"Lajme nga Ulqini\",\"description\":\"Lajme,Vijesti,Ulqini,Ulqin,Crna Gora,Mali i Zi\",\"potentialAction\":[{\"@type\":\"SearchAction\",\"target\":{\"@type\":\"EntryPoint\",\"urlTemplate\":\"https:\/\/www.visit-ulcinj.com\/blog\/?s={search_term_string}\"},\"query-input\":\"required name=search_term_string\"}],\"inLanguage\":\"en-US\"},{\"@type\":\"ImageObject\",\"inLanguage\":\"en-US\",\"@id\":\"https:\/\/www.visit-ulcinj.com\/blog\/2013\/10\/04\/nis-the-voice-of-albania-video\/#primaryimage\",\"url\":\"http:\/\/www.visit-ulcinj.com\/blog\/wp-content\/uploads\/2013\/10\/The-Voice-Of-Albania.jpg\",\"contentUrl\":\"http:\/\/www.visit-ulcinj.com\/blog\/wp-content\/uploads\/2013\/10\/The-Voice-Of-Albania.jpg\"},{\"@type\":\"WebPage\",\"@id\":\"https:\/\/www.visit-ulcinj.com\/blog\/2013\/10\/04\/nis-the-voice-of-albania-video\/#webpage\",\"url\":\"https:\/\/www.visit-ulcinj.com\/blog\/2013\/10\/04\/nis-the-voice-of-albania-video\/\",\"name\":\"Nis \u201cThe Voice Of Albania\u201d - Video - Lajme nga Ulqini\",\"isPartOf\":{\"@id\":\"https:\/\/www.visit-ulcinj.com\/blog\/#website\"},\"primaryImageOfPage\":{\"@id\":\"https:\/\/www.visit-ulcinj.com\/blog\/2013\/10\/04\/nis-the-voice-of-albania-video\/#primaryimage\"},\"datePublished\":\"2013-10-04T16:13:15+00:00\",\"dateModified\":\"2013-10-04T16:13:15+00:00\",\"author\":{\"@id\":\"https:\/\/www.visit-ulcinj.com\/blog\/#\/schema\/person\/dcab619c614d3038751c63bc2aadc06d\"},\"description\":\"N\u00eb k\u00ebrkim t\u00eb z\u00ebrit t\u00eb Shqip\u00ebris\u00eb, nis nga e premtja mbrema edicioni i trete i \\\"The Voice of Albania\\\", prezantuar nga Ledion Li\u00e7o. Nj\u00eb s\u00ebr\u00eb risish k\u00ebt\u00eb\",\"breadcrumb\":{\"@id\":\"https:\/\/www.visit-ulcinj.com\/blog\/2013\/10\/04\/nis-the-voice-of-albania-video\/#breadcrumb\"},\"inLanguage\":\"en-US\",\"potentialAction\":[{\"@type\":\"ReadAction\",\"target\":[\"https:\/\/www.visit-ulcinj.com\/blog\/2013\/10\/04\/nis-the-voice-of-albania-video\/\"]}]},{\"@type\":\"BreadcrumbList\",\"@id\":\"https:\/\/www.visit-ulcinj.com\/blog\/2013\/10\/04\/nis-the-voice-of-albania-video\/#breadcrumb\",\"itemListElement\":[{\"@type\":\"ListItem\",\"position\":1,\"name\":\"Nis \u201cThe Voice Of Albania\u201d &#8211; Video\"}]},{\"@type\":\"Person\",\"@id\":\"https:\/\/www.visit-ulcinj.com\/blog\/#\/schema\/person\/dcab619c614d3038751c63bc2aadc06d\",\"name\":\"ulqini\",\"sameAs\":[\"http:\/\/www.visit-ulcinj.com\"],\"url\":\"https:\/\/www.visit-ulcinj.com\/blog\/author\/admin\/\"}]}<\/script>\n<!-- \/ Yoast SEO plugin. -->","yoast_head_json":{"title":"Nis \u201cThe Voice Of Albania\u201d - Video - Lajme nga Ulqini","description":"N\u00eb k\u00ebrkim t\u00eb z\u00ebrit t\u00eb Shqip\u00ebris\u00eb, nis nga e premtja mbrema edicioni i trete i \"The Voice of Albania\", prezantuar nga Ledion Li\u00e7o. Nj\u00eb s\u00ebr\u00eb risish k\u00ebt\u00eb","robots":{"index":"index","follow":"follow","max-snippet":"max-snippet:-1","max-image-preview":"max-image-preview:large","max-video-preview":"max-video-preview:-1"},"canonical":"https:\/\/www.visit-ulcinj.com\/blog\/2013\/10\/04\/nis-the-voice-of-albania-video\/","og_locale":"en_US","og_type":"article","og_title":"Nis \u201cThe Voice Of Albania\u201d - Video - Lajme nga Ulqini","og_description":"N\u00eb k\u00ebrkim t\u00eb z\u00ebrit t\u00eb Shqip\u00ebris\u00eb, nis nga e premtja mbrema edicioni i trete i \"The Voice of Albania\", prezantuar nga Ledion Li\u00e7o. Nj\u00eb s\u00ebr\u00eb risish k\u00ebt\u00eb","og_url":"https:\/\/www.visit-ulcinj.com\/blog\/2013\/10\/04\/nis-the-voice-of-albania-video\/","og_site_name":"Lajme nga Ulqini","article_published_time":"2013-10-04T16:13:15+00:00","og_image":[{"url":"http:\/\/www.visit-ulcinj.com\/blog\/wp-content\/uploads\/2013\/10\/The-Voice-Of-Albania.jpg"}],"twitter_misc":{"Written by":"ulqini","Est. reading time":"3 minutes"},"schema":{"@context":"https:\/\/schema.org","@graph":[{"@type":"WebSite","@id":"https:\/\/www.visit-ulcinj.com\/blog\/#website","url":"https:\/\/www.visit-ulcinj.com\/blog\/","name":"Lajme nga Ulqini","description":"Lajme,Vijesti,Ulqini,Ulqin,Crna Gora,Mali i Zi","potentialAction":[{"@type":"SearchAction","target":{"@type":"EntryPoint","urlTemplate":"https:\/\/www.visit-ulcinj.com\/blog\/?s={search_term_string}"},"query-input":"required name=search_term_string"}],"inLanguage":"en-US"},{"@type":"ImageObject","inLanguage":"en-US","@id":"https:\/\/www.visit-ulcinj.com\/blog\/2013\/10\/04\/nis-the-voice-of-albania-video\/#primaryimage","url":"http:\/\/www.visit-ulcinj.com\/blog\/wp-content\/uploads\/2013\/10\/The-Voice-Of-Albania.jpg","contentUrl":"http:\/\/www.visit-ulcinj.com\/blog\/wp-content\/uploads\/2013\/10\/The-Voice-Of-Albania.jpg"},{"@type":"WebPage","@id":"https:\/\/www.visit-ulcinj.com\/blog\/2013\/10\/04\/nis-the-voice-of-albania-video\/#webpage","url":"https:\/\/www.visit-ulcinj.com\/blog\/2013\/10\/04\/nis-the-voice-of-albania-video\/","name":"Nis \u201cThe Voice Of Albania\u201d - Video - Lajme nga Ulqini","isPartOf":{"@id":"https:\/\/www.visit-ulcinj.com\/blog\/#website"},"primaryImageOfPage":{"@id":"https:\/\/www.visit-ulcinj.com\/blog\/2013\/10\/04\/nis-the-voice-of-albania-video\/#primaryimage"},"datePublished":"2013-10-04T16:13:15+00:00","dateModified":"2013-10-04T16:13:15+00:00","author":{"@id":"https:\/\/www.visit-ulcinj.com\/blog\/#\/schema\/person\/dcab619c614d3038751c63bc2aadc06d"},"description":"N\u00eb k\u00ebrkim t\u00eb z\u00ebrit t\u00eb Shqip\u00ebris\u00eb, nis nga e premtja mbrema edicioni i trete i \"The Voice of Albania\", prezantuar nga Ledion Li\u00e7o. Nj\u00eb s\u00ebr\u00eb risish k\u00ebt\u00eb","breadcrumb":{"@id":"https:\/\/www.visit-ulcinj.com\/blog\/2013\/10\/04\/nis-the-voice-of-albania-video\/#breadcrumb"},"inLanguage":"en-US","potentialAction":[{"@type":"ReadAction","target":["https:\/\/www.visit-ulcinj.com\/blog\/2013\/10\/04\/nis-the-voice-of-albania-video\/"]}]},{"@type":"BreadcrumbList","@id":"https:\/\/www.visit-ulcinj.com\/blog\/2013\/10\/04\/nis-the-voice-of-albania-video\/#breadcrumb","itemListElement":[{"@type":"ListItem","position":1,"name":"Nis \u201cThe Voice Of Albania\u201d &#8211; Video"}]},{"@type":"Person","@id":"https:\/\/www.visit-ulcinj.com\/blog\/#\/schema\/person\/dcab619c614d3038751c63bc2aadc06d","name":"ulqini","sameAs":["http:\/\/www.visit-ulcinj.com"],"url":"https:\/\/www.visit-ulcinj.com\/blog\/author\/admin\/"}]}},"jetpack_featured_media_url":"","jetpack_sharing_enabled":true,"jetpack_shortlink":"https:\/\/wp.me\/pe6lTn-jvL","_links":{"self":[{"href":"https:\/\/www.visit-ulcinj.com\/blog\/wp-json\/wp\/v2\/posts\/75005"}],"collection":[{"href":"https:\/\/www.visit-ulcinj.com\/blog\/wp-json\/wp\/v2\/posts"}],"about":[{"href":"https:\/\/www.visit-ulcinj.com\/blog\/wp-json\/wp\/v2\/types\/post"}],"author":[{"embeddable":true,"href":"https:\/\/www.visit-ulcinj.com\/blog\/wp-json\/wp\/v2\/users\/1"}],"replies":[{"embeddable":true,"href":"https:\/\/www.visit-ulcinj.com\/blog\/wp-json\/wp\/v2\/comments?post=75005"}],"version-history":[{"count":1,"href":"https:\/\/www.visit-ulcinj.com\/blog\/wp-json\/wp\/v2\/posts\/75005\/revisions"}],"predecessor-version":[{"id":75007,"href":"https:\/\/www.visit-ulcinj.com\/blog\/wp-json\/wp\/v2\/posts\/75005\/revisions\/75007"}],"wp:attachment":[{"href":"https:\/\/www.visit-ulcinj.com\/blog\/wp-json\/wp\/v2\/media?parent=75005"}],"wp:term":[{"taxonomy":"category","embeddable":true,"href":"https:\/\/www.visit-ulcinj.com\/blog\/wp-json\/wp\/v2\/categories?post=75005"},{"taxonomy":"post_tag","embeddable":true,"href":"https:\/\/www.visit-ulcinj.com\/blog\/wp-json\/wp\/v2\/tags?post=75005"}],"curies":[{"name":"wp","href":"https:\/\/api.w.org\/{rel}","templated":true}]}}