{"id":7501,"date":"2008-12-19T23:39:56","date_gmt":"2008-12-19T22:39:56","guid":{"rendered":"http:\/\/www.visit-ulcinj.com\/blog\/?p=7501"},"modified":"2008-12-19T23:45:45","modified_gmt":"2008-12-19T22:45:45","slug":"genta-shperthen-skenen-puthet-me-nje-femer","status":"publish","type":"post","link":"https:\/\/www.visit-ulcinj.com\/blog\/2008\/12\/19\/genta-shperthen-skenen-puthet-me-nje-femer\/","title":{"rendered":"Genta: Shp\u00ebrthen Sken\u00ebn! Puthet me nj\u00eb fem\u00ebr"},"content":{"rendered":"<p><img loading=\"lazy\" class=\"alignleft size-medium wp-image-7510\" title=\"genta-ismajli9\" src=\"http:\/\/www.visit-ulcinj.com\/blog\/wp-content\/uploads\/2008\/12\/genta-ismajli9-300x189.jpg\" alt=\"genta-ismajli9\" width=\"300\" height=\"189\" \/>K\u00ebng\u00ebtarja Genta Ismajli, ka ndezur atmosfer\u00ebn n\u00eb disko &#8220;Rinora 4&#8221;. N\u00eb k\u00ebt\u00eb koncert\u00eb ajo shoq\u00ebrohej nga &#8220;Tingulli 3nt&#8221; dhe &#8220;Skills&#8221;, grup i cili sipas burimeve te nj\u00eb gazeteje Kosovare nuk \u00ebsht\u00eb i kenaqur me proceduren e votimit dhe perzgjedhjen ne &#8220;Kengen Magjike&#8221;. Genta shihet n\u00eb nj\u00eb foto e gjitha e dh\u00ebn\u00eb pas mikrofonit t\u00eb cilin e do shum\u00eb. At\u00eb nat\u00eb Genta mori edhe nj\u00eb puthje, po jo nga ndonj\u00eb mashkull, por prap nga nj\u00eb fem\u00ebr. Gj\u00eb q\u00eb mund te jet\u00eb pak me spec p\u00ebr shtypin. Koh\u00eb m\u00eb par\u00eb u publikuan disa foto te Gent\u00ebs ku pretendohej se ajo ishte duke u puthur me k\u00ebngetaren tjeter josh\u00ebse Adelina Ismajli. Por ne fund doli se ishte thjeshte nj\u00eb keq kuptim i nj\u00eb levizjeje kercimi. Por kjo \u00ebsht\u00eb hera e dyte, ndaj ndoshta do te na duhet te dorezohemi perpara faktit se Genta, pervec meshkujve, &#8220;hedh pertoke&#8221; edhe femrat!!!<\/p>\n<p><strong>vip.shqiperia<\/strong><\/p>\n<p><strong>Fotografijat jan eskluzivitet nga Discoteka &#8220;Rinora 4&#8221; n\u00eb\u00a0 Zvic\u00ebr.<br \/>\n<\/strong><\/p>\n<p><strong>\n\t\t<style type=\"text\/css\">\n\t\t\t#gallery-1 {\n\t\t\t\tmargin: auto;\n\t\t\t}\n\t\t\t#gallery-1 .gallery-item {\n\t\t\t\tfloat: left;\n\t\t\t\tmargin-top: 10px;\n\t\t\t\ttext-align: center;\n\t\t\t\twidth: 33%;\n\t\t\t}\n\t\t\t#gallery-1 img {\n\t\t\t\tborder: 2px solid #cfcfcf;\n\t\t\t}\n\t\t\t#gallery-1 .gallery-caption {\n\t\t\t\tmargin-left: 0;\n\t\t\t}\n\t\t\t\/* see gallery_shortcode() in wp-includes\/media.php *\/\n\t\t<\/style>\n\t\t<div id='gallery-1' class='gallery galleryid-7501 gallery-columns-3 gallery-size-thumbnail'><dl class='gallery-item'>\n\t\t\t<dt class='gallery-icon portrait'>\n\t\t\t\t<a href='https:\/\/www.visit-ulcinj.com\/blog\/wp-content\/uploads\/2008\/12\/genta-ismajli1.jpg'><img width=\"150\" height=\"150\" src=\"https:\/\/www.visit-ulcinj.com\/blog\/wp-content\/uploads\/2008\/12\/genta-ismajli1-150x150.jpg\" class=\"attachment-thumbnail size-thumbnail\" alt=\"\" loading=\"lazy\" \/><\/a>\n\t\t\t<\/dt><\/dl><dl class='gallery-item'>\n\t\t\t<dt class='gallery-icon landscape'>\n\t\t\t\t<a href='https:\/\/www.visit-ulcinj.com\/blog\/wp-content\/uploads\/2008\/12\/genta-ismajli2.jpg'><img width=\"150\" height=\"150\" src=\"https:\/\/www.visit-ulcinj.com\/blog\/wp-content\/uploads\/2008\/12\/genta-ismajli2-150x150.jpg\" class=\"attachment-thumbnail size-thumbnail\" alt=\"\" loading=\"lazy\" \/><\/a>\n\t\t\t<\/dt><\/dl>\n\t\t\t<br style='clear: both' \/>\n\t\t<\/div>\n<\/p>\n<p><\/strong><\/p>\n<p><strong><\/strong><\/p>\n<p><strong><!--YouTube Error: bad URL entered--><br \/>\n<\/strong><\/p>\n","protected":false},"excerpt":{"rendered":"<p>K\u00ebng\u00ebtarja Genta Ismajli, ka ndezur atmosfer\u00ebn n\u00eb disko &#8220;Rinora 4&#8221;. N\u00eb k\u00ebt\u00eb koncert\u00eb ajo shoq\u00ebrohej nga &#8220;Tingulli 3nt&#8221; dhe &#8220;Skills&#8221;, grup i cili sipas burimeve te nj\u00eb gazeteje Kosovare nuk \u00ebsht\u00eb i kenaqur me proceduren e votimit dhe perzgjedhjen ne &#8220;Kengen Magjike&#8221;. Genta shihet n\u00eb nj\u00eb foto e gjitha e dh\u00ebn\u00eb pas mikrofonit t\u00eb cilin [&hellip;]<\/p>\n","protected":false},"author":1,"featured_media":0,"comment_status":"open","ping_status":"closed","sticky":false,"template":"","format":"standard","meta":{"spay_email":"","jetpack_publicize_message":"","jetpack_is_tweetstorm":false,"jetpack_publicize_feature_enabled":true},"categories":[1],"tags":[5319,5320,5316,5318,5317],"jetpack_publicize_connections":[],"yoast_head":"<!-- This site is optimized with the Yoast SEO plugin v19.1 - https:\/\/yoast.com\/wordpress\/plugins\/seo\/ -->\n<title>Genta: Shp\u00ebrthen Sken\u00ebn! Puthet me nj\u00eb fem\u00ebr - Lajme nga Ulqini<\/title>\n<meta name=\"description\" content=\"K\u00ebng\u00ebtarja Genta Ismajli, ka ndezur atmosfer\u00ebn n\u00eb disko &quot;Rinora 4&quot;. N\u00eb k\u00ebt\u00eb koncert\u00eb ajo shoq\u00ebrohej nga &quot;Tingulli 3nt&quot; dhe &quot;Skills&quot;, grup i cili sipas\" \/>\n<meta name=\"robots\" content=\"index, follow, max-snippet:-1, max-image-preview:large, max-video-preview:-1\" \/>\n<link rel=\"canonical\" href=\"https:\/\/www.visit-ulcinj.com\/blog\/2008\/12\/19\/genta-shperthen-skenen-puthet-me-nje-femer\/\" \/>\n<meta property=\"og:locale\" content=\"en_US\" \/>\n<meta property=\"og:type\" content=\"article\" \/>\n<meta property=\"og:title\" content=\"Genta: Shp\u00ebrthen Sken\u00ebn! Puthet me nj\u00eb fem\u00ebr - Lajme nga Ulqini\" \/>\n<meta property=\"og:description\" content=\"K\u00ebng\u00ebtarja Genta Ismajli, ka ndezur atmosfer\u00ebn n\u00eb disko &quot;Rinora 4&quot;. N\u00eb k\u00ebt\u00eb koncert\u00eb ajo shoq\u00ebrohej nga &quot;Tingulli 3nt&quot; dhe &quot;Skills&quot;, grup i cili sipas\" \/>\n<meta property=\"og:url\" content=\"https:\/\/www.visit-ulcinj.com\/blog\/2008\/12\/19\/genta-shperthen-skenen-puthet-me-nje-femer\/\" \/>\n<meta property=\"og:site_name\" content=\"Lajme nga Ulqini\" \/>\n<meta property=\"article:published_time\" content=\"2008-12-19T22:39:56+00:00\" \/>\n<meta property=\"article:modified_time\" content=\"2008-12-19T22:45:45+00:00\" \/>\n<meta property=\"og:image\" content=\"https:\/\/www.visit-ulcinj.com\/blog\/wp-content\/uploads\/2008\/12\/genta-ismajli1-150x150.jpg\" \/>\n<meta name=\"twitter:label1\" content=\"Written by\" \/>\n\t<meta name=\"twitter:data1\" content=\"ulqini\" \/>\n\t<meta name=\"twitter:label2\" content=\"Est. reading time\" \/>\n\t<meta name=\"twitter:data2\" content=\"1 minute\" \/>\n<script type=\"application\/ld+json\" class=\"yoast-schema-graph\">{\"@context\":\"https:\/\/schema.org\",\"@graph\":[{\"@type\":\"WebSite\",\"@id\":\"https:\/\/www.visit-ulcinj.com\/blog\/#website\",\"url\":\"https:\/\/www.visit-ulcinj.com\/blog\/\",\"name\":\"Lajme nga Ulqini\",\"description\":\"Lajme,Vijesti,Ulqini,Ulqin,Crna Gora,Mali i Zi\",\"potentialAction\":[{\"@type\":\"SearchAction\",\"target\":{\"@type\":\"EntryPoint\",\"urlTemplate\":\"https:\/\/www.visit-ulcinj.com\/blog\/?s={search_term_string}\"},\"query-input\":\"required name=search_term_string\"}],\"inLanguage\":\"en-US\"},{\"@type\":\"ImageObject\",\"inLanguage\":\"en-US\",\"@id\":\"https:\/\/www.visit-ulcinj.com\/blog\/2008\/12\/19\/genta-shperthen-skenen-puthet-me-nje-femer\/#primaryimage\",\"url\":\"http:\/\/www.visit-ulcinj.com\/blog\/wp-content\/uploads\/2008\/12\/genta-ismajli9-300x189.jpg\",\"contentUrl\":\"http:\/\/www.visit-ulcinj.com\/blog\/wp-content\/uploads\/2008\/12\/genta-ismajli9-300x189.jpg\"},{\"@type\":\"WebPage\",\"@id\":\"https:\/\/www.visit-ulcinj.com\/blog\/2008\/12\/19\/genta-shperthen-skenen-puthet-me-nje-femer\/#webpage\",\"url\":\"https:\/\/www.visit-ulcinj.com\/blog\/2008\/12\/19\/genta-shperthen-skenen-puthet-me-nje-femer\/\",\"name\":\"Genta: Shp\u00ebrthen Sken\u00ebn! Puthet me nj\u00eb fem\u00ebr - Lajme nga Ulqini\",\"isPartOf\":{\"@id\":\"https:\/\/www.visit-ulcinj.com\/blog\/#website\"},\"primaryImageOfPage\":{\"@id\":\"https:\/\/www.visit-ulcinj.com\/blog\/2008\/12\/19\/genta-shperthen-skenen-puthet-me-nje-femer\/#primaryimage\"},\"datePublished\":\"2008-12-19T22:39:56+00:00\",\"dateModified\":\"2008-12-19T22:45:45+00:00\",\"author\":{\"@id\":\"https:\/\/www.visit-ulcinj.com\/blog\/#\/schema\/person\/dcab619c614d3038751c63bc2aadc06d\"},\"description\":\"K\u00ebng\u00ebtarja Genta Ismajli, ka ndezur atmosfer\u00ebn n\u00eb disko \\\"Rinora 4\\\". N\u00eb k\u00ebt\u00eb koncert\u00eb ajo shoq\u00ebrohej nga \\\"Tingulli 3nt\\\" dhe \\\"Skills\\\", grup i cili sipas\",\"breadcrumb\":{\"@id\":\"https:\/\/www.visit-ulcinj.com\/blog\/2008\/12\/19\/genta-shperthen-skenen-puthet-me-nje-femer\/#breadcrumb\"},\"inLanguage\":\"en-US\",\"potentialAction\":[{\"@type\":\"ReadAction\",\"target\":[\"https:\/\/www.visit-ulcinj.com\/blog\/2008\/12\/19\/genta-shperthen-skenen-puthet-me-nje-femer\/\"]}]},{\"@type\":\"BreadcrumbList\",\"@id\":\"https:\/\/www.visit-ulcinj.com\/blog\/2008\/12\/19\/genta-shperthen-skenen-puthet-me-nje-femer\/#breadcrumb\",\"itemListElement\":[{\"@type\":\"ListItem\",\"position\":1,\"name\":\"Genta: Shp\u00ebrthen Sken\u00ebn! Puthet me nj\u00eb fem\u00ebr\"}]},{\"@type\":\"Person\",\"@id\":\"https:\/\/www.visit-ulcinj.com\/blog\/#\/schema\/person\/dcab619c614d3038751c63bc2aadc06d\",\"name\":\"ulqini\",\"sameAs\":[\"http:\/\/www.visit-ulcinj.com\"],\"url\":\"https:\/\/www.visit-ulcinj.com\/blog\/author\/admin\/\"}]}<\/script>\n<!-- \/ Yoast SEO plugin. -->","yoast_head_json":{"title":"Genta: Shp\u00ebrthen Sken\u00ebn! Puthet me nj\u00eb fem\u00ebr - Lajme nga Ulqini","description":"K\u00ebng\u00ebtarja Genta Ismajli, ka ndezur atmosfer\u00ebn n\u00eb disko \"Rinora 4\". N\u00eb k\u00ebt\u00eb koncert\u00eb ajo shoq\u00ebrohej nga \"Tingulli 3nt\" dhe \"Skills\", grup i cili sipas","robots":{"index":"index","follow":"follow","max-snippet":"max-snippet:-1","max-image-preview":"max-image-preview:large","max-video-preview":"max-video-preview:-1"},"canonical":"https:\/\/www.visit-ulcinj.com\/blog\/2008\/12\/19\/genta-shperthen-skenen-puthet-me-nje-femer\/","og_locale":"en_US","og_type":"article","og_title":"Genta: Shp\u00ebrthen Sken\u00ebn! Puthet me nj\u00eb fem\u00ebr - Lajme nga Ulqini","og_description":"K\u00ebng\u00ebtarja Genta Ismajli, ka ndezur atmosfer\u00ebn n\u00eb disko \"Rinora 4\". N\u00eb k\u00ebt\u00eb koncert\u00eb ajo shoq\u00ebrohej nga \"Tingulli 3nt\" dhe \"Skills\", grup i cili sipas","og_url":"https:\/\/www.visit-ulcinj.com\/blog\/2008\/12\/19\/genta-shperthen-skenen-puthet-me-nje-femer\/","og_site_name":"Lajme nga Ulqini","article_published_time":"2008-12-19T22:39:56+00:00","article_modified_time":"2008-12-19T22:45:45+00:00","og_image":[{"url":"https:\/\/www.visit-ulcinj.com\/blog\/wp-content\/uploads\/2008\/12\/genta-ismajli1-150x150.jpg"}],"twitter_misc":{"Written by":"ulqini","Est. reading time":"1 minute"},"schema":{"@context":"https:\/\/schema.org","@graph":[{"@type":"WebSite","@id":"https:\/\/www.visit-ulcinj.com\/blog\/#website","url":"https:\/\/www.visit-ulcinj.com\/blog\/","name":"Lajme nga Ulqini","description":"Lajme,Vijesti,Ulqini,Ulqin,Crna Gora,Mali i Zi","potentialAction":[{"@type":"SearchAction","target":{"@type":"EntryPoint","urlTemplate":"https:\/\/www.visit-ulcinj.com\/blog\/?s={search_term_string}"},"query-input":"required name=search_term_string"}],"inLanguage":"en-US"},{"@type":"ImageObject","inLanguage":"en-US","@id":"https:\/\/www.visit-ulcinj.com\/blog\/2008\/12\/19\/genta-shperthen-skenen-puthet-me-nje-femer\/#primaryimage","url":"http:\/\/www.visit-ulcinj.com\/blog\/wp-content\/uploads\/2008\/12\/genta-ismajli9-300x189.jpg","contentUrl":"http:\/\/www.visit-ulcinj.com\/blog\/wp-content\/uploads\/2008\/12\/genta-ismajli9-300x189.jpg"},{"@type":"WebPage","@id":"https:\/\/www.visit-ulcinj.com\/blog\/2008\/12\/19\/genta-shperthen-skenen-puthet-me-nje-femer\/#webpage","url":"https:\/\/www.visit-ulcinj.com\/blog\/2008\/12\/19\/genta-shperthen-skenen-puthet-me-nje-femer\/","name":"Genta: Shp\u00ebrthen Sken\u00ebn! Puthet me nj\u00eb fem\u00ebr - Lajme nga Ulqini","isPartOf":{"@id":"https:\/\/www.visit-ulcinj.com\/blog\/#website"},"primaryImageOfPage":{"@id":"https:\/\/www.visit-ulcinj.com\/blog\/2008\/12\/19\/genta-shperthen-skenen-puthet-me-nje-femer\/#primaryimage"},"datePublished":"2008-12-19T22:39:56+00:00","dateModified":"2008-12-19T22:45:45+00:00","author":{"@id":"https:\/\/www.visit-ulcinj.com\/blog\/#\/schema\/person\/dcab619c614d3038751c63bc2aadc06d"},"description":"K\u00ebng\u00ebtarja Genta Ismajli, ka ndezur atmosfer\u00ebn n\u00eb disko \"Rinora 4\". N\u00eb k\u00ebt\u00eb koncert\u00eb ajo shoq\u00ebrohej nga \"Tingulli 3nt\" dhe \"Skills\", grup i cili sipas","breadcrumb":{"@id":"https:\/\/www.visit-ulcinj.com\/blog\/2008\/12\/19\/genta-shperthen-skenen-puthet-me-nje-femer\/#breadcrumb"},"inLanguage":"en-US","potentialAction":[{"@type":"ReadAction","target":["https:\/\/www.visit-ulcinj.com\/blog\/2008\/12\/19\/genta-shperthen-skenen-puthet-me-nje-femer\/"]}]},{"@type":"BreadcrumbList","@id":"https:\/\/www.visit-ulcinj.com\/blog\/2008\/12\/19\/genta-shperthen-skenen-puthet-me-nje-femer\/#breadcrumb","itemListElement":[{"@type":"ListItem","position":1,"name":"Genta: Shp\u00ebrthen Sken\u00ebn! Puthet me nj\u00eb fem\u00ebr"}]},{"@type":"Person","@id":"https:\/\/www.visit-ulcinj.com\/blog\/#\/schema\/person\/dcab619c614d3038751c63bc2aadc06d","name":"ulqini","sameAs":["http:\/\/www.visit-ulcinj.com"],"url":"https:\/\/www.visit-ulcinj.com\/blog\/author\/admin\/"}]}},"jetpack_featured_media_url":"","jetpack_sharing_enabled":true,"jetpack_shortlink":"https:\/\/wp.me\/pe6lTn-1WZ","_links":{"self":[{"href":"https:\/\/www.visit-ulcinj.com\/blog\/wp-json\/wp\/v2\/posts\/7501"}],"collection":[{"href":"https:\/\/www.visit-ulcinj.com\/blog\/wp-json\/wp\/v2\/posts"}],"about":[{"href":"https:\/\/www.visit-ulcinj.com\/blog\/wp-json\/wp\/v2\/types\/post"}],"author":[{"embeddable":true,"href":"https:\/\/www.visit-ulcinj.com\/blog\/wp-json\/wp\/v2\/users\/1"}],"replies":[{"embeddable":true,"href":"https:\/\/www.visit-ulcinj.com\/blog\/wp-json\/wp\/v2\/comments?post=7501"}],"version-history":[{"count":0,"href":"https:\/\/www.visit-ulcinj.com\/blog\/wp-json\/wp\/v2\/posts\/7501\/revisions"}],"wp:attachment":[{"href":"https:\/\/www.visit-ulcinj.com\/blog\/wp-json\/wp\/v2\/media?parent=7501"}],"wp:term":[{"taxonomy":"category","embeddable":true,"href":"https:\/\/www.visit-ulcinj.com\/blog\/wp-json\/wp\/v2\/categories?post=7501"},{"taxonomy":"post_tag","embeddable":true,"href":"https:\/\/www.visit-ulcinj.com\/blog\/wp-json\/wp\/v2\/tags?post=7501"}],"curies":[{"name":"wp","href":"https:\/\/api.w.org\/{rel}","templated":true}]}}