{"id":75017,"date":"2013-10-04T22:43:17","date_gmt":"2013-10-04T21:43:17","guid":{"rendered":"http:\/\/www.visit-ulcinj.com\/blog\/?p=75017"},"modified":"2013-10-04T22:43:27","modified_gmt":"2013-10-04T21:43:27","slug":"hatidza-doni-vanrednim-izborima-prekinuti-krizu","status":"publish","type":"post","link":"https:\/\/www.visit-ulcinj.com\/blog\/2013\/10\/04\/hatidza-doni-vanrednim-izborima-prekinuti-krizu\/","title":{"rendered":"Hatid\u017ee \u0110oni: Vanrednim izborima prekinuti krizu"},"content":{"rendered":"<p><a href=\"http:\/\/www.visit-ulcinj.com\/blog\/wp-content\/uploads\/2013\/10\/HATIXHE-GJONI.jpg\"><img loading=\"lazy\" class=\"alignleft  wp-image-75018\" alt=\"HATIXHE-GJONI\" src=\"http:\/\/www.visit-ulcinj.com\/blog\/wp-content\/uploads\/2013\/10\/HATIXHE-GJONI.jpg\" width=\"508\" height=\"360\" \/><\/a>Predsjednica odborni\u010dkog kluba DUA u SO Ulcinj Hatid\u017ea \u0110oni ocijenila je da je raspisivanje vanrednih izbora najbolje rje\u0161enje za aktuelnu politi\u010dku situaciju u najju\u017enijoj op\u0161tini. Gostuju\u0107i na TV Teuta \u0110oni je kazala \u201eda je sada o\u010digledno da lokalna vlast jednostavno ne funkcioni\u0161e i da ovako ne mo\u017ee dalje\u201d.<br \/>\n\u2013 Ako su im interesi gra\u0111ana zaista bitni, kao \u0161to ka\u017eu, onda te interese treba djelom ispo\u0161tovati i to dokazati. I zato, momentalno treba prekinuti ovu politi\u010dku agoniju i dati mogu\u0107nost gra\u0111anima da na izborima izaberu funkcionalnu vlast koja \u0107e najbolje \u0161tititi njihove interese \u2013 kazala je \u0110oni.<br \/>\nPrema njenom mi\u0161ljenju, poslije pune dvije godine vladavine aktuelne vlasti razo\u010darani su i oni koji su 28. septembar 2011. godine nazivali \u201edanom velikih promjena i otkrovenja\u201d i velikim revolucionarnim doga\u0111ajem za op\u0161tinu Ulcinj.<br \/>\n\u2013 Tog dana je po njihovom tada\u0161njem mi\u0161ljenju u Ulcinju svanulo. Me\u0111utim, stara poslovica ka\u017ee: \u201edok jednome ne smrkne, drugome ne svane\u201d. Iz dosad izlo\u017eenog, u prilog \u010demu, na\u017ealost, govore brojni argumenti i \u010dinjenice, 28. septembra 2011. godine je zaista svanulo, ali samo predsjedniku op\u0161tine Ulcinj i jednoj \u0161a\u010dici njegovih bliskih prijatelja i saradnika, a smrknulo je svim ostalim gra\u0111anima Ulcinja. Svanulo je onima \u010diji se vrijednosni parametri mjere li\u010dnim interesima, pa su se stoga potrudili da te interese i realizuju. Samo zarad svoje i samo svoje koristi usvojili su planove, studije o lokacijama, smanjili komunalije i zauzeli rukovode\u0107a mjesta u odborima \u2013 tvrdi \u0110oni i upozorava da predsjednik op\u0161tine servira pri\u010du o velikim projektima i investicionom bumu u Ulcinju, svjestan \u010dinjenice da je kulminiralo nezadovoljstvo gra\u0111ana, i da njegovoj vladavini mo\u017ee do\u0107i kraj.<br \/>\n\u2013 Gradona\u010delnik nam o tome pri\u010da iako za dvije godine, on i njegovi saradnici nijesu u\u010dinili ama ba\u0161 ni\u0161ta da bi do tih investicija i do\u0161lo. Paralelno sa ovim servira nam se i pri\u010da o vi\u0161emjese\u010dnoj politi\u010dkoj krizi, \u010diji je cilj da se skrene pa\u017enja gra\u0111ana sa klju\u010dnih problema. Me\u0111utim, oni ne\u0107e biti eliminisani politi\u010dkim krizama niti najavom megalomanskih investicija, ve\u0107 funkcionisanjem institucija sistema. Budu\u0107e investitore, prije svega, interesuje stabilna i efikasna lokalna vlast, \u0161to je ova sa svojim dvogodi\u0161njim radom na \u010delu sa gospodinom Cunguom, dokazala da nije \u2013 zaklju\u010dila je \u0110oni.<\/p>\n<p><strong>M.K.<\/strong><br \/>\n<strong>Izvor: DAN<\/strong><\/p>\n","protected":false},"excerpt":{"rendered":"<p>Predsjednica odborni\u010dkog kluba DUA u SO Ulcinj Hatid\u017ea \u0110oni ocijenila je da je raspisivanje vanrednih izbora najbolje rje\u0161enje za aktuelnu politi\u010dku situaciju u najju\u017enijoj op\u0161tini. Gostuju\u0107i na TV Teuta \u0110oni je kazala \u201eda je sada o\u010digledno da lokalna vlast jednostavno ne funkcioni\u0161e i da ovako ne mo\u017ee dalje\u201d. \u2013 Ako su im interesi gra\u0111ana zaista [&hellip;]<\/p>\n","protected":false},"author":1,"featured_media":0,"comment_status":"closed","ping_status":"closed","sticky":false,"template":"","format":"standard","meta":{"spay_email":"","jetpack_publicize_message":"","jetpack_is_tweetstorm":false,"jetpack_publicize_feature_enabled":true},"categories":[8337],"tags":[],"jetpack_publicize_connections":[],"yoast_head":"<!-- This site is optimized with the Yoast SEO plugin v19.1 - https:\/\/yoast.com\/wordpress\/plugins\/seo\/ -->\n<title>Hatid\u017ee \u0110oni: Vanrednim izborima prekinuti krizu - Lajme nga Ulqini<\/title>\n<meta name=\"description\" content=\"Predsjednica odborni\u010dkog kluba DUA u SO Ulcinj Hatid\u017ea \u0110oni ocijenila je da je raspisivanje vanrednih izbora najbolje rje\u0161enje za aktuelnu politi\u010dku\" \/>\n<meta name=\"robots\" content=\"index, follow, max-snippet:-1, max-image-preview:large, max-video-preview:-1\" \/>\n<link rel=\"canonical\" href=\"https:\/\/www.visit-ulcinj.com\/blog\/2013\/10\/04\/hatidza-doni-vanrednim-izborima-prekinuti-krizu\/\" \/>\n<meta property=\"og:locale\" content=\"en_US\" \/>\n<meta property=\"og:type\" content=\"article\" \/>\n<meta property=\"og:title\" content=\"Hatid\u017ee \u0110oni: Vanrednim izborima prekinuti krizu - Lajme nga Ulqini\" \/>\n<meta property=\"og:description\" content=\"Predsjednica odborni\u010dkog kluba DUA u SO Ulcinj Hatid\u017ea \u0110oni ocijenila je da je raspisivanje vanrednih izbora najbolje rje\u0161enje za aktuelnu politi\u010dku\" \/>\n<meta property=\"og:url\" content=\"https:\/\/www.visit-ulcinj.com\/blog\/2013\/10\/04\/hatidza-doni-vanrednim-izborima-prekinuti-krizu\/\" \/>\n<meta property=\"og:site_name\" content=\"Lajme nga Ulqini\" \/>\n<meta property=\"article:published_time\" content=\"2013-10-04T21:43:17+00:00\" \/>\n<meta property=\"article:modified_time\" content=\"2013-10-04T21:43:27+00:00\" \/>\n<meta property=\"og:image\" content=\"http:\/\/www.visit-ulcinj.com\/blog\/wp-content\/uploads\/2013\/10\/HATIXHE-GJONI.jpg\" \/>\n<meta name=\"twitter:label1\" content=\"Written by\" \/>\n\t<meta name=\"twitter:data1\" content=\"ulqini\" \/>\n\t<meta name=\"twitter:label2\" content=\"Est. reading time\" \/>\n\t<meta name=\"twitter:data2\" content=\"2 minutes\" \/>\n<script type=\"application\/ld+json\" class=\"yoast-schema-graph\">{\"@context\":\"https:\/\/schema.org\",\"@graph\":[{\"@type\":\"WebSite\",\"@id\":\"https:\/\/www.visit-ulcinj.com\/blog\/#website\",\"url\":\"https:\/\/www.visit-ulcinj.com\/blog\/\",\"name\":\"Lajme nga Ulqini\",\"description\":\"Lajme,Vijesti,Ulqini,Ulqin,Crna Gora,Mali i Zi\",\"potentialAction\":[{\"@type\":\"SearchAction\",\"target\":{\"@type\":\"EntryPoint\",\"urlTemplate\":\"https:\/\/www.visit-ulcinj.com\/blog\/?s={search_term_string}\"},\"query-input\":\"required name=search_term_string\"}],\"inLanguage\":\"en-US\"},{\"@type\":\"ImageObject\",\"inLanguage\":\"en-US\",\"@id\":\"https:\/\/www.visit-ulcinj.com\/blog\/2013\/10\/04\/hatidza-doni-vanrednim-izborima-prekinuti-krizu\/#primaryimage\",\"url\":\"https:\/\/www.visit-ulcinj.com\/blog\/wp-content\/uploads\/2013\/10\/HATIXHE-GJONI.jpg\",\"contentUrl\":\"https:\/\/www.visit-ulcinj.com\/blog\/wp-content\/uploads\/2013\/10\/HATIXHE-GJONI.jpg\",\"width\":960,\"height\":640},{\"@type\":\"WebPage\",\"@id\":\"https:\/\/www.visit-ulcinj.com\/blog\/2013\/10\/04\/hatidza-doni-vanrednim-izborima-prekinuti-krizu\/#webpage\",\"url\":\"https:\/\/www.visit-ulcinj.com\/blog\/2013\/10\/04\/hatidza-doni-vanrednim-izborima-prekinuti-krizu\/\",\"name\":\"Hatid\u017ee \u0110oni: Vanrednim izborima prekinuti krizu - Lajme nga Ulqini\",\"isPartOf\":{\"@id\":\"https:\/\/www.visit-ulcinj.com\/blog\/#website\"},\"primaryImageOfPage\":{\"@id\":\"https:\/\/www.visit-ulcinj.com\/blog\/2013\/10\/04\/hatidza-doni-vanrednim-izborima-prekinuti-krizu\/#primaryimage\"},\"datePublished\":\"2013-10-04T21:43:17+00:00\",\"dateModified\":\"2013-10-04T21:43:27+00:00\",\"author\":{\"@id\":\"https:\/\/www.visit-ulcinj.com\/blog\/#\/schema\/person\/dcab619c614d3038751c63bc2aadc06d\"},\"description\":\"Predsjednica odborni\u010dkog kluba DUA u SO Ulcinj Hatid\u017ea \u0110oni ocijenila je da je raspisivanje vanrednih izbora najbolje rje\u0161enje za aktuelnu politi\u010dku\",\"breadcrumb\":{\"@id\":\"https:\/\/www.visit-ulcinj.com\/blog\/2013\/10\/04\/hatidza-doni-vanrednim-izborima-prekinuti-krizu\/#breadcrumb\"},\"inLanguage\":\"en-US\",\"potentialAction\":[{\"@type\":\"ReadAction\",\"target\":[\"https:\/\/www.visit-ulcinj.com\/blog\/2013\/10\/04\/hatidza-doni-vanrednim-izborima-prekinuti-krizu\/\"]}]},{\"@type\":\"BreadcrumbList\",\"@id\":\"https:\/\/www.visit-ulcinj.com\/blog\/2013\/10\/04\/hatidza-doni-vanrednim-izborima-prekinuti-krizu\/#breadcrumb\",\"itemListElement\":[{\"@type\":\"ListItem\",\"position\":1,\"name\":\"Hatid\u017ee \u0110oni: Vanrednim izborima prekinuti krizu\"}]},{\"@type\":\"Person\",\"@id\":\"https:\/\/www.visit-ulcinj.com\/blog\/#\/schema\/person\/dcab619c614d3038751c63bc2aadc06d\",\"name\":\"ulqini\",\"sameAs\":[\"http:\/\/www.visit-ulcinj.com\"],\"url\":\"https:\/\/www.visit-ulcinj.com\/blog\/author\/admin\/\"}]}<\/script>\n<!-- \/ Yoast SEO plugin. -->","yoast_head_json":{"title":"Hatid\u017ee \u0110oni: Vanrednim izborima prekinuti krizu - Lajme nga Ulqini","description":"Predsjednica odborni\u010dkog kluba DUA u SO Ulcinj Hatid\u017ea \u0110oni ocijenila je da je raspisivanje vanrednih izbora najbolje rje\u0161enje za aktuelnu politi\u010dku","robots":{"index":"index","follow":"follow","max-snippet":"max-snippet:-1","max-image-preview":"max-image-preview:large","max-video-preview":"max-video-preview:-1"},"canonical":"https:\/\/www.visit-ulcinj.com\/blog\/2013\/10\/04\/hatidza-doni-vanrednim-izborima-prekinuti-krizu\/","og_locale":"en_US","og_type":"article","og_title":"Hatid\u017ee \u0110oni: Vanrednim izborima prekinuti krizu - Lajme nga Ulqini","og_description":"Predsjednica odborni\u010dkog kluba DUA u SO Ulcinj Hatid\u017ea \u0110oni ocijenila je da je raspisivanje vanrednih izbora najbolje rje\u0161enje za aktuelnu politi\u010dku","og_url":"https:\/\/www.visit-ulcinj.com\/blog\/2013\/10\/04\/hatidza-doni-vanrednim-izborima-prekinuti-krizu\/","og_site_name":"Lajme nga Ulqini","article_published_time":"2013-10-04T21:43:17+00:00","article_modified_time":"2013-10-04T21:43:27+00:00","og_image":[{"url":"http:\/\/www.visit-ulcinj.com\/blog\/wp-content\/uploads\/2013\/10\/HATIXHE-GJONI.jpg"}],"twitter_misc":{"Written by":"ulqini","Est. reading time":"2 minutes"},"schema":{"@context":"https:\/\/schema.org","@graph":[{"@type":"WebSite","@id":"https:\/\/www.visit-ulcinj.com\/blog\/#website","url":"https:\/\/www.visit-ulcinj.com\/blog\/","name":"Lajme nga Ulqini","description":"Lajme,Vijesti,Ulqini,Ulqin,Crna Gora,Mali i Zi","potentialAction":[{"@type":"SearchAction","target":{"@type":"EntryPoint","urlTemplate":"https:\/\/www.visit-ulcinj.com\/blog\/?s={search_term_string}"},"query-input":"required name=search_term_string"}],"inLanguage":"en-US"},{"@type":"ImageObject","inLanguage":"en-US","@id":"https:\/\/www.visit-ulcinj.com\/blog\/2013\/10\/04\/hatidza-doni-vanrednim-izborima-prekinuti-krizu\/#primaryimage","url":"https:\/\/www.visit-ulcinj.com\/blog\/wp-content\/uploads\/2013\/10\/HATIXHE-GJONI.jpg","contentUrl":"https:\/\/www.visit-ulcinj.com\/blog\/wp-content\/uploads\/2013\/10\/HATIXHE-GJONI.jpg","width":960,"height":640},{"@type":"WebPage","@id":"https:\/\/www.visit-ulcinj.com\/blog\/2013\/10\/04\/hatidza-doni-vanrednim-izborima-prekinuti-krizu\/#webpage","url":"https:\/\/www.visit-ulcinj.com\/blog\/2013\/10\/04\/hatidza-doni-vanrednim-izborima-prekinuti-krizu\/","name":"Hatid\u017ee \u0110oni: Vanrednim izborima prekinuti krizu - Lajme nga Ulqini","isPartOf":{"@id":"https:\/\/www.visit-ulcinj.com\/blog\/#website"},"primaryImageOfPage":{"@id":"https:\/\/www.visit-ulcinj.com\/blog\/2013\/10\/04\/hatidza-doni-vanrednim-izborima-prekinuti-krizu\/#primaryimage"},"datePublished":"2013-10-04T21:43:17+00:00","dateModified":"2013-10-04T21:43:27+00:00","author":{"@id":"https:\/\/www.visit-ulcinj.com\/blog\/#\/schema\/person\/dcab619c614d3038751c63bc2aadc06d"},"description":"Predsjednica odborni\u010dkog kluba DUA u SO Ulcinj Hatid\u017ea \u0110oni ocijenila je da je raspisivanje vanrednih izbora najbolje rje\u0161enje za aktuelnu politi\u010dku","breadcrumb":{"@id":"https:\/\/www.visit-ulcinj.com\/blog\/2013\/10\/04\/hatidza-doni-vanrednim-izborima-prekinuti-krizu\/#breadcrumb"},"inLanguage":"en-US","potentialAction":[{"@type":"ReadAction","target":["https:\/\/www.visit-ulcinj.com\/blog\/2013\/10\/04\/hatidza-doni-vanrednim-izborima-prekinuti-krizu\/"]}]},{"@type":"BreadcrumbList","@id":"https:\/\/www.visit-ulcinj.com\/blog\/2013\/10\/04\/hatidza-doni-vanrednim-izborima-prekinuti-krizu\/#breadcrumb","itemListElement":[{"@type":"ListItem","position":1,"name":"Hatid\u017ee \u0110oni: Vanrednim izborima prekinuti krizu"}]},{"@type":"Person","@id":"https:\/\/www.visit-ulcinj.com\/blog\/#\/schema\/person\/dcab619c614d3038751c63bc2aadc06d","name":"ulqini","sameAs":["http:\/\/www.visit-ulcinj.com"],"url":"https:\/\/www.visit-ulcinj.com\/blog\/author\/admin\/"}]}},"jetpack_featured_media_url":"","jetpack_sharing_enabled":true,"jetpack_shortlink":"https:\/\/wp.me\/pe6lTn-jvX","_links":{"self":[{"href":"https:\/\/www.visit-ulcinj.com\/blog\/wp-json\/wp\/v2\/posts\/75017"}],"collection":[{"href":"https:\/\/www.visit-ulcinj.com\/blog\/wp-json\/wp\/v2\/posts"}],"about":[{"href":"https:\/\/www.visit-ulcinj.com\/blog\/wp-json\/wp\/v2\/types\/post"}],"author":[{"embeddable":true,"href":"https:\/\/www.visit-ulcinj.com\/blog\/wp-json\/wp\/v2\/users\/1"}],"replies":[{"embeddable":true,"href":"https:\/\/www.visit-ulcinj.com\/blog\/wp-json\/wp\/v2\/comments?post=75017"}],"version-history":[{"count":2,"href":"https:\/\/www.visit-ulcinj.com\/blog\/wp-json\/wp\/v2\/posts\/75017\/revisions"}],"predecessor-version":[{"id":75020,"href":"https:\/\/www.visit-ulcinj.com\/blog\/wp-json\/wp\/v2\/posts\/75017\/revisions\/75020"}],"wp:attachment":[{"href":"https:\/\/www.visit-ulcinj.com\/blog\/wp-json\/wp\/v2\/media?parent=75017"}],"wp:term":[{"taxonomy":"category","embeddable":true,"href":"https:\/\/www.visit-ulcinj.com\/blog\/wp-json\/wp\/v2\/categories?post=75017"},{"taxonomy":"post_tag","embeddable":true,"href":"https:\/\/www.visit-ulcinj.com\/blog\/wp-json\/wp\/v2\/tags?post=75017"}],"curies":[{"name":"wp","href":"https:\/\/api.w.org\/{rel}","templated":true}]}}