{"id":75024,"date":"2013-10-05T10:14:31","date_gmt":"2013-10-05T09:14:31","guid":{"rendered":"http:\/\/www.visit-ulcinj.com\/blog\/?p=75024"},"modified":"2013-10-06T18:32:58","modified_gmt":"2013-10-06T17:32:58","slug":"ahmet-davutoglu-viziton-ulqinin-foto","status":"publish","type":"post","link":"https:\/\/www.visit-ulcinj.com\/blog\/2013\/10\/05\/ahmet-davutoglu-viziton-ulqinin-foto\/","title":{"rendered":"Ahmet Davutoglu viziton Ulqinin + Foto"},"content":{"rendered":"<p><strong><a href=\"http:\/\/www.visit-ulcinj.com\/blog\/wp-content\/uploads\/2013\/10\/Ahmet-Davutoglu-Nazif-Cungu-Ulqin.jpg\"><img loading=\"lazy\" class=\"alignleft  wp-image-75025\" alt=\"Ahmet-Davutoglu-Nazif-Cungu-Ulqin\" src=\"http:\/\/www.visit-ulcinj.com\/blog\/wp-content\/uploads\/2013\/10\/Ahmet-Davutoglu-Nazif-Cungu-Ulqin.jpg\" width=\"508\" height=\"360\" \/><\/a>Ministri turk Davutoglu vizitoj qytetin e Ulqinit<\/strong><\/p>\n<p>Ministri i pun\u00ebve t\u00eb jashtme t\u00eb Turqis\u00eb Ahmet Davutoglu i shoq\u00ebruar nga ambasadori i Republikes s\u00eb Turqis\u00eb n\u00eb Mal t\u00eb Zi Mehmet Nijazi Tanilir ndaluan p\u00ebr nj\u00eb vizit\u00eb t\u00eb shkurter n\u00eb qytetin e Ulqinit. Ministri turk u prit nga kryetari i komun\u00ebs s\u00eb Ulqinit Nazif Cungu dhe kryeimami i Ulqinit Ali Bardhi t\u00eb cil\u00ebt e shoq\u00ebruan ate p\u00ebr t\u00eb vizituar xhamin\u00eb e detar\u00ebve ku shfryt\u00ebzuan rastin ta njoftojn\u00eb ministrin p\u00ebr historin\u00eb e ndertimit t\u00eb k\u00ebsaj xhamije si dhe shkurtimisht p\u00ebr historin e qytetit t\u00eb Ulqinit.<br \/>\nPas vizit\u00ebs n\u00eb xhamin\u00eb e detar\u00ebve ministrin turk e ftuan p\u00ebr t\u00eb vizituar plazhin e vog\u00ebl nga ku pati mund\u00ebsi t\u00eb shoh qytetin e vjet\u00ebr dhe nj\u00eb pjes\u00eb tjeter t\u00eb qytetit t\u00eb Ulqinit.<br \/>\nMinistri Davutoglu falenderoj t\u00eb pranishmit p\u00ebr pritjen e rezervuar duke u shprehur se qyteti i Ulqinit \u00ebsht\u00eb nj\u00eb qytet i bukur dhe n\u00eb t\u00eb ardhmen do t\u00eb vizitoj p\u00ebrseri k\u00ebt\u00eb qytet.<\/p>\n<p><strong>Komuna Ulqinit<\/strong><\/p>\n<p><a href=\"http:\/\/www.visit-ulcinj.com\/blog\/wp-content\/uploads\/2013\/10\/Ahmet-Davutoglu-Ulqin.jpg\"><img loading=\"lazy\" class=\"alignleft size-full wp-image-75026\" alt=\"Ahmet-Davutoglu-Ulqin\" src=\"http:\/\/www.visit-ulcinj.com\/blog\/wp-content\/uploads\/2013\/10\/Ahmet-Davutoglu-Ulqin.jpg\" width=\"508\" height=\"360\" \/><\/a><\/p>\n<p><a href=\"http:\/\/www.visit-ulcinj.com\/blog\/wp-content\/uploads\/2013\/10\/Ahmet-Davutoglu-Nazif-Cungu-Ulqin-2.jpg\"><img loading=\"lazy\" class=\"alignleft size-full wp-image-75027\" alt=\"Ahmet-Davutoglu-Nazif-Cungu-Ulqin-2\" src=\"http:\/\/www.visit-ulcinj.com\/blog\/wp-content\/uploads\/2013\/10\/Ahmet-Davutoglu-Nazif-Cungu-Ulqin-2.jpg\" width=\"508\" height=\"360\" \/><\/a><\/p>\n<p><a href=\"http:\/\/www.visit-ulcinj.com\/blog\/wp-content\/uploads\/2013\/10\/Ahmet-Davutoglu-Nazif-Cungu-Ulqin-1.jpg\"><img loading=\"lazy\" class=\"alignleft size-full wp-image-75028\" alt=\"Ahmet-Davutoglu-Nazif-Cungu-Ulqin-1\" src=\"http:\/\/www.visit-ulcinj.com\/blog\/wp-content\/uploads\/2013\/10\/Ahmet-Davutoglu-Nazif-Cungu-Ulqin-1.jpg\" width=\"508\" height=\"360\" \/><\/a><\/p>\n","protected":false},"excerpt":{"rendered":"<p>Ministri turk Davutoglu vizitoj qytetin e Ulqinit Ministri i pun\u00ebve t\u00eb jashtme t\u00eb Turqis\u00eb Ahmet Davutoglu i shoq\u00ebruar nga ambasadori i Republikes s\u00eb Turqis\u00eb n\u00eb Mal t\u00eb Zi Mehmet Nijazi Tanilir ndaluan p\u00ebr nj\u00eb vizit\u00eb t\u00eb shkurter n\u00eb qytetin e Ulqinit. Ministri turk u prit nga kryetari i komun\u00ebs s\u00eb Ulqinit Nazif Cungu dhe kryeimami [&hellip;]<\/p>\n","protected":false},"author":1,"featured_media":0,"comment_status":"closed","ping_status":"closed","sticky":false,"template":"","format":"standard","meta":{"spay_email":"","jetpack_publicize_message":"","jetpack_is_tweetstorm":false,"jetpack_publicize_feature_enabled":true},"categories":[1,6],"tags":[],"jetpack_publicize_connections":[],"yoast_head":"<!-- This site is optimized with the Yoast SEO plugin v19.1 - https:\/\/yoast.com\/wordpress\/plugins\/seo\/ -->\n<title>Ahmet Davutoglu viziton Ulqinin + Foto - Lajme nga Ulqini<\/title>\n<meta name=\"description\" content=\"Ministri turk Davutoglu vizitoj qytetin e Ulqinit Ministri i pun\u00ebve t\u00eb jashtme t\u00eb Turqis\u00eb Ahmet Davutoglu i shoq\u00ebruar nga ambasadori i Republikes s\u00eb\" \/>\n<meta name=\"robots\" content=\"index, follow, max-snippet:-1, max-image-preview:large, max-video-preview:-1\" \/>\n<link rel=\"canonical\" href=\"https:\/\/www.visit-ulcinj.com\/blog\/2013\/10\/05\/ahmet-davutoglu-viziton-ulqinin-foto\/\" \/>\n<meta property=\"og:locale\" content=\"en_US\" \/>\n<meta property=\"og:type\" content=\"article\" \/>\n<meta property=\"og:title\" content=\"Ahmet Davutoglu viziton Ulqinin + Foto - Lajme nga Ulqini\" \/>\n<meta property=\"og:description\" content=\"Ministri turk Davutoglu vizitoj qytetin e Ulqinit Ministri i pun\u00ebve t\u00eb jashtme t\u00eb Turqis\u00eb Ahmet Davutoglu i shoq\u00ebruar nga ambasadori i Republikes s\u00eb\" \/>\n<meta property=\"og:url\" content=\"https:\/\/www.visit-ulcinj.com\/blog\/2013\/10\/05\/ahmet-davutoglu-viziton-ulqinin-foto\/\" \/>\n<meta property=\"og:site_name\" content=\"Lajme nga Ulqini\" \/>\n<meta property=\"article:published_time\" content=\"2013-10-05T09:14:31+00:00\" \/>\n<meta property=\"article:modified_time\" content=\"2013-10-06T17:32:58+00:00\" \/>\n<meta property=\"og:image\" content=\"http:\/\/www.visit-ulcinj.com\/blog\/wp-content\/uploads\/2013\/10\/Ahmet-Davutoglu-Nazif-Cungu-Ulqin.jpg\" \/>\n<meta name=\"twitter:label1\" content=\"Written by\" \/>\n\t<meta name=\"twitter:data1\" content=\"ulqini\" \/>\n\t<meta name=\"twitter:label2\" content=\"Est. reading time\" \/>\n\t<meta name=\"twitter:data2\" content=\"1 minute\" \/>\n<script type=\"application\/ld+json\" class=\"yoast-schema-graph\">{\"@context\":\"https:\/\/schema.org\",\"@graph\":[{\"@type\":\"WebSite\",\"@id\":\"https:\/\/www.visit-ulcinj.com\/blog\/#website\",\"url\":\"https:\/\/www.visit-ulcinj.com\/blog\/\",\"name\":\"Lajme nga Ulqini\",\"description\":\"Lajme,Vijesti,Ulqini,Ulqin,Crna Gora,Mali i Zi\",\"potentialAction\":[{\"@type\":\"SearchAction\",\"target\":{\"@type\":\"EntryPoint\",\"urlTemplate\":\"https:\/\/www.visit-ulcinj.com\/blog\/?s={search_term_string}\"},\"query-input\":\"required name=search_term_string\"}],\"inLanguage\":\"en-US\"},{\"@type\":\"ImageObject\",\"inLanguage\":\"en-US\",\"@id\":\"https:\/\/www.visit-ulcinj.com\/blog\/2013\/10\/05\/ahmet-davutoglu-viziton-ulqinin-foto\/#primaryimage\",\"url\":\"https:\/\/www.visit-ulcinj.com\/blog\/wp-content\/uploads\/2013\/10\/Ahmet-Davutoglu-Nazif-Cungu-Ulqin.jpg\",\"contentUrl\":\"https:\/\/www.visit-ulcinj.com\/blog\/wp-content\/uploads\/2013\/10\/Ahmet-Davutoglu-Nazif-Cungu-Ulqin.jpg\",\"width\":640,\"height\":480},{\"@type\":\"WebPage\",\"@id\":\"https:\/\/www.visit-ulcinj.com\/blog\/2013\/10\/05\/ahmet-davutoglu-viziton-ulqinin-foto\/#webpage\",\"url\":\"https:\/\/www.visit-ulcinj.com\/blog\/2013\/10\/05\/ahmet-davutoglu-viziton-ulqinin-foto\/\",\"name\":\"Ahmet Davutoglu viziton Ulqinin + Foto - Lajme nga Ulqini\",\"isPartOf\":{\"@id\":\"https:\/\/www.visit-ulcinj.com\/blog\/#website\"},\"primaryImageOfPage\":{\"@id\":\"https:\/\/www.visit-ulcinj.com\/blog\/2013\/10\/05\/ahmet-davutoglu-viziton-ulqinin-foto\/#primaryimage\"},\"datePublished\":\"2013-10-05T09:14:31+00:00\",\"dateModified\":\"2013-10-06T17:32:58+00:00\",\"author\":{\"@id\":\"https:\/\/www.visit-ulcinj.com\/blog\/#\/schema\/person\/dcab619c614d3038751c63bc2aadc06d\"},\"description\":\"Ministri turk Davutoglu vizitoj qytetin e Ulqinit Ministri i pun\u00ebve t\u00eb jashtme t\u00eb Turqis\u00eb Ahmet Davutoglu i shoq\u00ebruar nga ambasadori i Republikes s\u00eb\",\"breadcrumb\":{\"@id\":\"https:\/\/www.visit-ulcinj.com\/blog\/2013\/10\/05\/ahmet-davutoglu-viziton-ulqinin-foto\/#breadcrumb\"},\"inLanguage\":\"en-US\",\"potentialAction\":[{\"@type\":\"ReadAction\",\"target\":[\"https:\/\/www.visit-ulcinj.com\/blog\/2013\/10\/05\/ahmet-davutoglu-viziton-ulqinin-foto\/\"]}]},{\"@type\":\"BreadcrumbList\",\"@id\":\"https:\/\/www.visit-ulcinj.com\/blog\/2013\/10\/05\/ahmet-davutoglu-viziton-ulqinin-foto\/#breadcrumb\",\"itemListElement\":[{\"@type\":\"ListItem\",\"position\":1,\"name\":\"Ahmet Davutoglu viziton Ulqinin + Foto\"}]},{\"@type\":\"Person\",\"@id\":\"https:\/\/www.visit-ulcinj.com\/blog\/#\/schema\/person\/dcab619c614d3038751c63bc2aadc06d\",\"name\":\"ulqini\",\"sameAs\":[\"http:\/\/www.visit-ulcinj.com\"],\"url\":\"https:\/\/www.visit-ulcinj.com\/blog\/author\/admin\/\"}]}<\/script>\n<!-- \/ Yoast SEO plugin. -->","yoast_head_json":{"title":"Ahmet Davutoglu viziton Ulqinin + Foto - Lajme nga Ulqini","description":"Ministri turk Davutoglu vizitoj qytetin e Ulqinit Ministri i pun\u00ebve t\u00eb jashtme t\u00eb Turqis\u00eb Ahmet Davutoglu i shoq\u00ebruar nga ambasadori i Republikes s\u00eb","robots":{"index":"index","follow":"follow","max-snippet":"max-snippet:-1","max-image-preview":"max-image-preview:large","max-video-preview":"max-video-preview:-1"},"canonical":"https:\/\/www.visit-ulcinj.com\/blog\/2013\/10\/05\/ahmet-davutoglu-viziton-ulqinin-foto\/","og_locale":"en_US","og_type":"article","og_title":"Ahmet Davutoglu viziton Ulqinin + Foto - Lajme nga Ulqini","og_description":"Ministri turk Davutoglu vizitoj qytetin e Ulqinit Ministri i pun\u00ebve t\u00eb jashtme t\u00eb Turqis\u00eb Ahmet Davutoglu i shoq\u00ebruar nga ambasadori i Republikes s\u00eb","og_url":"https:\/\/www.visit-ulcinj.com\/blog\/2013\/10\/05\/ahmet-davutoglu-viziton-ulqinin-foto\/","og_site_name":"Lajme nga Ulqini","article_published_time":"2013-10-05T09:14:31+00:00","article_modified_time":"2013-10-06T17:32:58+00:00","og_image":[{"url":"http:\/\/www.visit-ulcinj.com\/blog\/wp-content\/uploads\/2013\/10\/Ahmet-Davutoglu-Nazif-Cungu-Ulqin.jpg"}],"twitter_misc":{"Written by":"ulqini","Est. reading time":"1 minute"},"schema":{"@context":"https:\/\/schema.org","@graph":[{"@type":"WebSite","@id":"https:\/\/www.visit-ulcinj.com\/blog\/#website","url":"https:\/\/www.visit-ulcinj.com\/blog\/","name":"Lajme nga Ulqini","description":"Lajme,Vijesti,Ulqini,Ulqin,Crna Gora,Mali i Zi","potentialAction":[{"@type":"SearchAction","target":{"@type":"EntryPoint","urlTemplate":"https:\/\/www.visit-ulcinj.com\/blog\/?s={search_term_string}"},"query-input":"required name=search_term_string"}],"inLanguage":"en-US"},{"@type":"ImageObject","inLanguage":"en-US","@id":"https:\/\/www.visit-ulcinj.com\/blog\/2013\/10\/05\/ahmet-davutoglu-viziton-ulqinin-foto\/#primaryimage","url":"https:\/\/www.visit-ulcinj.com\/blog\/wp-content\/uploads\/2013\/10\/Ahmet-Davutoglu-Nazif-Cungu-Ulqin.jpg","contentUrl":"https:\/\/www.visit-ulcinj.com\/blog\/wp-content\/uploads\/2013\/10\/Ahmet-Davutoglu-Nazif-Cungu-Ulqin.jpg","width":640,"height":480},{"@type":"WebPage","@id":"https:\/\/www.visit-ulcinj.com\/blog\/2013\/10\/05\/ahmet-davutoglu-viziton-ulqinin-foto\/#webpage","url":"https:\/\/www.visit-ulcinj.com\/blog\/2013\/10\/05\/ahmet-davutoglu-viziton-ulqinin-foto\/","name":"Ahmet Davutoglu viziton Ulqinin + Foto - Lajme nga Ulqini","isPartOf":{"@id":"https:\/\/www.visit-ulcinj.com\/blog\/#website"},"primaryImageOfPage":{"@id":"https:\/\/www.visit-ulcinj.com\/blog\/2013\/10\/05\/ahmet-davutoglu-viziton-ulqinin-foto\/#primaryimage"},"datePublished":"2013-10-05T09:14:31+00:00","dateModified":"2013-10-06T17:32:58+00:00","author":{"@id":"https:\/\/www.visit-ulcinj.com\/blog\/#\/schema\/person\/dcab619c614d3038751c63bc2aadc06d"},"description":"Ministri turk Davutoglu vizitoj qytetin e Ulqinit Ministri i pun\u00ebve t\u00eb jashtme t\u00eb Turqis\u00eb Ahmet Davutoglu i shoq\u00ebruar nga ambasadori i Republikes s\u00eb","breadcrumb":{"@id":"https:\/\/www.visit-ulcinj.com\/blog\/2013\/10\/05\/ahmet-davutoglu-viziton-ulqinin-foto\/#breadcrumb"},"inLanguage":"en-US","potentialAction":[{"@type":"ReadAction","target":["https:\/\/www.visit-ulcinj.com\/blog\/2013\/10\/05\/ahmet-davutoglu-viziton-ulqinin-foto\/"]}]},{"@type":"BreadcrumbList","@id":"https:\/\/www.visit-ulcinj.com\/blog\/2013\/10\/05\/ahmet-davutoglu-viziton-ulqinin-foto\/#breadcrumb","itemListElement":[{"@type":"ListItem","position":1,"name":"Ahmet Davutoglu viziton Ulqinin + Foto"}]},{"@type":"Person","@id":"https:\/\/www.visit-ulcinj.com\/blog\/#\/schema\/person\/dcab619c614d3038751c63bc2aadc06d","name":"ulqini","sameAs":["http:\/\/www.visit-ulcinj.com"],"url":"https:\/\/www.visit-ulcinj.com\/blog\/author\/admin\/"}]}},"jetpack_featured_media_url":"","jetpack_sharing_enabled":true,"jetpack_shortlink":"https:\/\/wp.me\/pe6lTn-jw4","_links":{"self":[{"href":"https:\/\/www.visit-ulcinj.com\/blog\/wp-json\/wp\/v2\/posts\/75024"}],"collection":[{"href":"https:\/\/www.visit-ulcinj.com\/blog\/wp-json\/wp\/v2\/posts"}],"about":[{"href":"https:\/\/www.visit-ulcinj.com\/blog\/wp-json\/wp\/v2\/types\/post"}],"author":[{"embeddable":true,"href":"https:\/\/www.visit-ulcinj.com\/blog\/wp-json\/wp\/v2\/users\/1"}],"replies":[{"embeddable":true,"href":"https:\/\/www.visit-ulcinj.com\/blog\/wp-json\/wp\/v2\/comments?post=75024"}],"version-history":[{"count":2,"href":"https:\/\/www.visit-ulcinj.com\/blog\/wp-json\/wp\/v2\/posts\/75024\/revisions"}],"predecessor-version":[{"id":75081,"href":"https:\/\/www.visit-ulcinj.com\/blog\/wp-json\/wp\/v2\/posts\/75024\/revisions\/75081"}],"wp:attachment":[{"href":"https:\/\/www.visit-ulcinj.com\/blog\/wp-json\/wp\/v2\/media?parent=75024"}],"wp:term":[{"taxonomy":"category","embeddable":true,"href":"https:\/\/www.visit-ulcinj.com\/blog\/wp-json\/wp\/v2\/categories?post=75024"},{"taxonomy":"post_tag","embeddable":true,"href":"https:\/\/www.visit-ulcinj.com\/blog\/wp-json\/wp\/v2\/tags?post=75024"}],"curies":[{"name":"wp","href":"https:\/\/api.w.org\/{rel}","templated":true}]}}