{"id":75031,"date":"2013-10-05T10:22:31","date_gmt":"2013-10-05T09:22:31","guid":{"rendered":"http:\/\/www.visit-ulcinj.com\/blog\/?p=75031"},"modified":"2013-10-05T10:22:31","modified_gmt":"2013-10-05T09:22:31","slug":"ahmet-davutoglu-u-poseti-ulcinju","status":"publish","type":"post","link":"https:\/\/www.visit-ulcinj.com\/blog\/2013\/10\/05\/ahmet-davutoglu-u-poseti-ulcinju\/","title":{"rendered":"Ahmet Davutoglu u poseti Ulcinju"},"content":{"rendered":"<p><strong><a href=\"http:\/\/www.visit-ulcinj.com\/blog\/wp-content\/uploads\/2013\/10\/Ahmet-Davutoglu-Nazif-Cungu-Ulqin-1.jpg\"><img loading=\"lazy\" class=\"alignleft  wp-image-75028\" alt=\"Ahmet-Davutoglu-Nazif-Cungu-Ulqin-1\" src=\"http:\/\/www.visit-ulcinj.com\/blog\/wp-content\/uploads\/2013\/10\/Ahmet-Davutoglu-Nazif-Cungu-Ulqin-1.jpg\" width=\"508\" height=\"360\" \/><\/a>Posjeta Ahmeta Davutoglu Ulcinju<\/strong><\/p>\n<p>Ministar vanjskih poslova Republike Turske Ahmet Davutoglu u pratnji ambasadora Mehmet Nijazi Tanilir bili su ju\u010de na kratkoj posjeti Ulcinju. Njih su do\u010dekali predsjednik op\u0161tine Ulcinj Nazif Cungu i glavni imam Ulcinja Ali Bardhi sa kojima su obilazili D\u017eamiju pomoraca i upoznali su se sa istorijom izgradnje ove d\u017eamije kao i kratkom istorijom Ulcinja.<\/p>\n<p>Posle posjete d\u017eamije ministra su pozvali na posjetu Male pla\u017ee prilikom koje je vidjeo i Stari grad i drugi deo Ulcinja. Ministar Davutoglu se zahvalio na do\u010deku i izjavio da je Ulcinj lijep grad kojeg planira posjetiti ponovo.<\/p>\n<p><strong>Opstina Ulcinj<\/strong><\/p>\n<p><a href=\"http:\/\/www.visit-ulcinj.com\/blog\/wp-content\/uploads\/2013\/10\/Ahmet-Davutoglu-Nazif-Cungu-Ulqin.jpg\"><img loading=\"lazy\" class=\"alignleft  wp-image-75025\" alt=\"Ahmet-Davutoglu-Nazif-Cungu-Ulqin\" src=\"http:\/\/www.visit-ulcinj.com\/blog\/wp-content\/uploads\/2013\/10\/Ahmet-Davutoglu-Nazif-Cungu-Ulqin.jpg\" width=\"508\" height=\"360\" \/><\/a><\/p>\n<p><a href=\"http:\/\/www.visit-ulcinj.com\/blog\/wp-content\/uploads\/2013\/10\/Ahmet-Davutoglu-Ulqin.jpg\"><img loading=\"lazy\" class=\"alignleft size-full wp-image-75026\" alt=\"Ahmet-Davutoglu-Ulqin\" src=\"http:\/\/www.visit-ulcinj.com\/blog\/wp-content\/uploads\/2013\/10\/Ahmet-Davutoglu-Ulqin.jpg\" width=\"508\" height=\"360\" \/><\/a><\/p>\n<p><a href=\"http:\/\/www.visit-ulcinj.com\/blog\/wp-content\/uploads\/2013\/10\/Ahmet-Davutoglu-Nazif-Cungu-Ulqin-2.jpg\"><img loading=\"lazy\" class=\"alignleft size-full wp-image-75027\" alt=\"Ahmet-Davutoglu-Nazif-Cungu-Ulqin-2\" src=\"http:\/\/www.visit-ulcinj.com\/blog\/wp-content\/uploads\/2013\/10\/Ahmet-Davutoglu-Nazif-Cungu-Ulqin-2.jpg\" width=\"508\" height=\"360\" \/><\/a><\/p>\n<p>&nbsp;<\/p>\n","protected":false},"excerpt":{"rendered":"<p>Posjeta Ahmeta Davutoglu Ulcinju Ministar vanjskih poslova Republike Turske Ahmet Davutoglu u pratnji ambasadora Mehmet Nijazi Tanilir bili su ju\u010de na kratkoj posjeti Ulcinju. Njih su do\u010dekali predsjednik op\u0161tine Ulcinj Nazif Cungu i glavni imam Ulcinja Ali Bardhi sa kojima su obilazili D\u017eamiju pomoraca i upoznali su se sa istorijom izgradnje ove d\u017eamije kao i [&hellip;]<\/p>\n","protected":false},"author":1,"featured_media":0,"comment_status":"closed","ping_status":"closed","sticky":false,"template":"","format":"standard","meta":{"spay_email":"","jetpack_publicize_message":"","jetpack_is_tweetstorm":false,"jetpack_publicize_feature_enabled":true},"categories":[8337],"tags":[],"jetpack_publicize_connections":[],"yoast_head":"<!-- This site is optimized with the Yoast SEO plugin v19.1 - https:\/\/yoast.com\/wordpress\/plugins\/seo\/ -->\n<title>Ahmet Davutoglu u poseti Ulcinju - Lajme nga Ulqini<\/title>\n<meta name=\"description\" content=\"Posjeta Ahmeta Davutoglu Ulcinju Ministar vanjskih poslova Republike Turske Ahmet Davutoglu u pratnji ambasadora Mehmet Nijazi Tanilir bili su ju\u010de na\" \/>\n<meta name=\"robots\" content=\"index, follow, max-snippet:-1, max-image-preview:large, max-video-preview:-1\" \/>\n<link rel=\"canonical\" href=\"https:\/\/www.visit-ulcinj.com\/blog\/2013\/10\/05\/ahmet-davutoglu-u-poseti-ulcinju\/\" \/>\n<meta property=\"og:locale\" content=\"en_US\" \/>\n<meta property=\"og:type\" content=\"article\" \/>\n<meta property=\"og:title\" content=\"Ahmet Davutoglu u poseti Ulcinju - Lajme nga Ulqini\" \/>\n<meta property=\"og:description\" content=\"Posjeta Ahmeta Davutoglu Ulcinju Ministar vanjskih poslova Republike Turske Ahmet Davutoglu u pratnji ambasadora Mehmet Nijazi Tanilir bili su ju\u010de na\" \/>\n<meta property=\"og:url\" content=\"https:\/\/www.visit-ulcinj.com\/blog\/2013\/10\/05\/ahmet-davutoglu-u-poseti-ulcinju\/\" \/>\n<meta property=\"og:site_name\" content=\"Lajme nga Ulqini\" \/>\n<meta property=\"article:published_time\" content=\"2013-10-05T09:22:31+00:00\" \/>\n<meta property=\"og:image\" content=\"http:\/\/www.visit-ulcinj.com\/blog\/wp-content\/uploads\/2013\/10\/Ahmet-Davutoglu-Nazif-Cungu-Ulqin-1.jpg\" \/>\n<meta name=\"twitter:label1\" content=\"Written by\" \/>\n\t<meta name=\"twitter:data1\" content=\"ulqini\" \/>\n\t<meta name=\"twitter:label2\" content=\"Est. reading time\" \/>\n\t<meta name=\"twitter:data2\" content=\"1 minute\" \/>\n<script type=\"application\/ld+json\" class=\"yoast-schema-graph\">{\"@context\":\"https:\/\/schema.org\",\"@graph\":[{\"@type\":\"WebSite\",\"@id\":\"https:\/\/www.visit-ulcinj.com\/blog\/#website\",\"url\":\"https:\/\/www.visit-ulcinj.com\/blog\/\",\"name\":\"Lajme nga Ulqini\",\"description\":\"Lajme,Vijesti,Ulqini,Ulqin,Crna Gora,Mali i Zi\",\"potentialAction\":[{\"@type\":\"SearchAction\",\"target\":{\"@type\":\"EntryPoint\",\"urlTemplate\":\"https:\/\/www.visit-ulcinj.com\/blog\/?s={search_term_string}\"},\"query-input\":\"required name=search_term_string\"}],\"inLanguage\":\"en-US\"},{\"@type\":\"ImageObject\",\"inLanguage\":\"en-US\",\"@id\":\"https:\/\/www.visit-ulcinj.com\/blog\/2013\/10\/05\/ahmet-davutoglu-u-poseti-ulcinju\/#primaryimage\",\"url\":\"https:\/\/www.visit-ulcinj.com\/blog\/wp-content\/uploads\/2013\/10\/Ahmet-Davutoglu-Nazif-Cungu-Ulqin-1.jpg\",\"contentUrl\":\"https:\/\/www.visit-ulcinj.com\/blog\/wp-content\/uploads\/2013\/10\/Ahmet-Davutoglu-Nazif-Cungu-Ulqin-1.jpg\",\"width\":640,\"height\":480},{\"@type\":\"WebPage\",\"@id\":\"https:\/\/www.visit-ulcinj.com\/blog\/2013\/10\/05\/ahmet-davutoglu-u-poseti-ulcinju\/#webpage\",\"url\":\"https:\/\/www.visit-ulcinj.com\/blog\/2013\/10\/05\/ahmet-davutoglu-u-poseti-ulcinju\/\",\"name\":\"Ahmet Davutoglu u poseti Ulcinju - Lajme nga Ulqini\",\"isPartOf\":{\"@id\":\"https:\/\/www.visit-ulcinj.com\/blog\/#website\"},\"primaryImageOfPage\":{\"@id\":\"https:\/\/www.visit-ulcinj.com\/blog\/2013\/10\/05\/ahmet-davutoglu-u-poseti-ulcinju\/#primaryimage\"},\"datePublished\":\"2013-10-05T09:22:31+00:00\",\"dateModified\":\"2013-10-05T09:22:31+00:00\",\"author\":{\"@id\":\"https:\/\/www.visit-ulcinj.com\/blog\/#\/schema\/person\/dcab619c614d3038751c63bc2aadc06d\"},\"description\":\"Posjeta Ahmeta Davutoglu Ulcinju Ministar vanjskih poslova Republike Turske Ahmet Davutoglu u pratnji ambasadora Mehmet Nijazi Tanilir bili su ju\u010de na\",\"breadcrumb\":{\"@id\":\"https:\/\/www.visit-ulcinj.com\/blog\/2013\/10\/05\/ahmet-davutoglu-u-poseti-ulcinju\/#breadcrumb\"},\"inLanguage\":\"en-US\",\"potentialAction\":[{\"@type\":\"ReadAction\",\"target\":[\"https:\/\/www.visit-ulcinj.com\/blog\/2013\/10\/05\/ahmet-davutoglu-u-poseti-ulcinju\/\"]}]},{\"@type\":\"BreadcrumbList\",\"@id\":\"https:\/\/www.visit-ulcinj.com\/blog\/2013\/10\/05\/ahmet-davutoglu-u-poseti-ulcinju\/#breadcrumb\",\"itemListElement\":[{\"@type\":\"ListItem\",\"position\":1,\"name\":\"Ahmet Davutoglu u poseti Ulcinju\"}]},{\"@type\":\"Person\",\"@id\":\"https:\/\/www.visit-ulcinj.com\/blog\/#\/schema\/person\/dcab619c614d3038751c63bc2aadc06d\",\"name\":\"ulqini\",\"sameAs\":[\"http:\/\/www.visit-ulcinj.com\"],\"url\":\"https:\/\/www.visit-ulcinj.com\/blog\/author\/admin\/\"}]}<\/script>\n<!-- \/ Yoast SEO plugin. -->","yoast_head_json":{"title":"Ahmet Davutoglu u poseti Ulcinju - Lajme nga Ulqini","description":"Posjeta Ahmeta Davutoglu Ulcinju Ministar vanjskih poslova Republike Turske Ahmet Davutoglu u pratnji ambasadora Mehmet Nijazi Tanilir bili su ju\u010de na","robots":{"index":"index","follow":"follow","max-snippet":"max-snippet:-1","max-image-preview":"max-image-preview:large","max-video-preview":"max-video-preview:-1"},"canonical":"https:\/\/www.visit-ulcinj.com\/blog\/2013\/10\/05\/ahmet-davutoglu-u-poseti-ulcinju\/","og_locale":"en_US","og_type":"article","og_title":"Ahmet Davutoglu u poseti Ulcinju - Lajme nga Ulqini","og_description":"Posjeta Ahmeta Davutoglu Ulcinju Ministar vanjskih poslova Republike Turske Ahmet Davutoglu u pratnji ambasadora Mehmet Nijazi Tanilir bili su ju\u010de na","og_url":"https:\/\/www.visit-ulcinj.com\/blog\/2013\/10\/05\/ahmet-davutoglu-u-poseti-ulcinju\/","og_site_name":"Lajme nga Ulqini","article_published_time":"2013-10-05T09:22:31+00:00","og_image":[{"url":"http:\/\/www.visit-ulcinj.com\/blog\/wp-content\/uploads\/2013\/10\/Ahmet-Davutoglu-Nazif-Cungu-Ulqin-1.jpg"}],"twitter_misc":{"Written by":"ulqini","Est. reading time":"1 minute"},"schema":{"@context":"https:\/\/schema.org","@graph":[{"@type":"WebSite","@id":"https:\/\/www.visit-ulcinj.com\/blog\/#website","url":"https:\/\/www.visit-ulcinj.com\/blog\/","name":"Lajme nga Ulqini","description":"Lajme,Vijesti,Ulqini,Ulqin,Crna Gora,Mali i Zi","potentialAction":[{"@type":"SearchAction","target":{"@type":"EntryPoint","urlTemplate":"https:\/\/www.visit-ulcinj.com\/blog\/?s={search_term_string}"},"query-input":"required name=search_term_string"}],"inLanguage":"en-US"},{"@type":"ImageObject","inLanguage":"en-US","@id":"https:\/\/www.visit-ulcinj.com\/blog\/2013\/10\/05\/ahmet-davutoglu-u-poseti-ulcinju\/#primaryimage","url":"https:\/\/www.visit-ulcinj.com\/blog\/wp-content\/uploads\/2013\/10\/Ahmet-Davutoglu-Nazif-Cungu-Ulqin-1.jpg","contentUrl":"https:\/\/www.visit-ulcinj.com\/blog\/wp-content\/uploads\/2013\/10\/Ahmet-Davutoglu-Nazif-Cungu-Ulqin-1.jpg","width":640,"height":480},{"@type":"WebPage","@id":"https:\/\/www.visit-ulcinj.com\/blog\/2013\/10\/05\/ahmet-davutoglu-u-poseti-ulcinju\/#webpage","url":"https:\/\/www.visit-ulcinj.com\/blog\/2013\/10\/05\/ahmet-davutoglu-u-poseti-ulcinju\/","name":"Ahmet Davutoglu u poseti Ulcinju - Lajme nga Ulqini","isPartOf":{"@id":"https:\/\/www.visit-ulcinj.com\/blog\/#website"},"primaryImageOfPage":{"@id":"https:\/\/www.visit-ulcinj.com\/blog\/2013\/10\/05\/ahmet-davutoglu-u-poseti-ulcinju\/#primaryimage"},"datePublished":"2013-10-05T09:22:31+00:00","dateModified":"2013-10-05T09:22:31+00:00","author":{"@id":"https:\/\/www.visit-ulcinj.com\/blog\/#\/schema\/person\/dcab619c614d3038751c63bc2aadc06d"},"description":"Posjeta Ahmeta Davutoglu Ulcinju Ministar vanjskih poslova Republike Turske Ahmet Davutoglu u pratnji ambasadora Mehmet Nijazi Tanilir bili su ju\u010de na","breadcrumb":{"@id":"https:\/\/www.visit-ulcinj.com\/blog\/2013\/10\/05\/ahmet-davutoglu-u-poseti-ulcinju\/#breadcrumb"},"inLanguage":"en-US","potentialAction":[{"@type":"ReadAction","target":["https:\/\/www.visit-ulcinj.com\/blog\/2013\/10\/05\/ahmet-davutoglu-u-poseti-ulcinju\/"]}]},{"@type":"BreadcrumbList","@id":"https:\/\/www.visit-ulcinj.com\/blog\/2013\/10\/05\/ahmet-davutoglu-u-poseti-ulcinju\/#breadcrumb","itemListElement":[{"@type":"ListItem","position":1,"name":"Ahmet Davutoglu u poseti Ulcinju"}]},{"@type":"Person","@id":"https:\/\/www.visit-ulcinj.com\/blog\/#\/schema\/person\/dcab619c614d3038751c63bc2aadc06d","name":"ulqini","sameAs":["http:\/\/www.visit-ulcinj.com"],"url":"https:\/\/www.visit-ulcinj.com\/blog\/author\/admin\/"}]}},"jetpack_featured_media_url":"","jetpack_sharing_enabled":true,"jetpack_shortlink":"https:\/\/wp.me\/pe6lTn-jwb","_links":{"self":[{"href":"https:\/\/www.visit-ulcinj.com\/blog\/wp-json\/wp\/v2\/posts\/75031"}],"collection":[{"href":"https:\/\/www.visit-ulcinj.com\/blog\/wp-json\/wp\/v2\/posts"}],"about":[{"href":"https:\/\/www.visit-ulcinj.com\/blog\/wp-json\/wp\/v2\/types\/post"}],"author":[{"embeddable":true,"href":"https:\/\/www.visit-ulcinj.com\/blog\/wp-json\/wp\/v2\/users\/1"}],"replies":[{"embeddable":true,"href":"https:\/\/www.visit-ulcinj.com\/blog\/wp-json\/wp\/v2\/comments?post=75031"}],"version-history":[{"count":1,"href":"https:\/\/www.visit-ulcinj.com\/blog\/wp-json\/wp\/v2\/posts\/75031\/revisions"}],"predecessor-version":[{"id":75032,"href":"https:\/\/www.visit-ulcinj.com\/blog\/wp-json\/wp\/v2\/posts\/75031\/revisions\/75032"}],"wp:attachment":[{"href":"https:\/\/www.visit-ulcinj.com\/blog\/wp-json\/wp\/v2\/media?parent=75031"}],"wp:term":[{"taxonomy":"category","embeddable":true,"href":"https:\/\/www.visit-ulcinj.com\/blog\/wp-json\/wp\/v2\/categories?post=75031"},{"taxonomy":"post_tag","embeddable":true,"href":"https:\/\/www.visit-ulcinj.com\/blog\/wp-json\/wp\/v2\/tags?post=75031"}],"curies":[{"name":"wp","href":"https:\/\/api.w.org\/{rel}","templated":true}]}}