{"id":75043,"date":"2013-10-05T12:20:10","date_gmt":"2013-10-05T11:20:10","guid":{"rendered":"http:\/\/www.visit-ulcinj.com\/blog\/?p=75043"},"modified":"2013-10-05T12:20:10","modified_gmt":"2013-10-05T11:20:10","slug":"kajoshaj-dhe-camaj-lidhur-me-komunen-e-kryeqytetit","status":"publish","type":"post","link":"https:\/\/www.visit-ulcinj.com\/blog\/2013\/10\/05\/kajoshaj-dhe-camaj-lidhur-me-komunen-e-kryeqytetit\/","title":{"rendered":"Kajoshaj dhe Camaj lidhur me \u2018\u2019komunen e kryeqytetit\u2019\u2019"},"content":{"rendered":"<p><b>LDn\u00ebMZ dhe UDSH kund\u00ebr, shkruan \u2018\u2019Vjesti\u2019\u2019<br \/>\n<\/b><a href=\"http:\/\/www.visit-ulcinj.com\/blog\/wp-content\/uploads\/2013\/10\/malesia_komunat_kadastrale_1955.jpg\"><img loading=\"lazy\" class=\"alignleft  wp-image-75044\" alt=\"malesia_komunat_kadastrale_1955\" src=\"http:\/\/www.visit-ulcinj.com\/blog\/wp-content\/uploads\/2013\/10\/malesia_komunat_kadastrale_1955.jpg\" width=\"508\" height=\"516\" \/><\/a><br \/>\nModeli sipas t\u00eb cilit Tuzi do t\u00eb kishte t\u00eb gjitha ingjirencat e komun\u00ebs p\u00ebrpos se do t\u00eb mbetet n\u00eb kufijt\u00eb administrativ t\u00eb Podgoric\u00ebs e cila do ta p\u00ebrcaktonte buxhetin, nuk \u00ebsht\u00eb i pranuesh\u00ebm p\u00ebr Unionin Demokratik dhe as p\u00ebr Lidhjen Demokratike meqen\u00ebse \u2018\u2019nuk dallon shum\u00eb nga statusi i tash\u00ebm\u2019\u2019.<\/p>\n<p>Kryetari i Kuvendit t\u00eb KU t\u00eb Tuzit, Fadil Kajoshaj thot\u00eb se p\u00ebr partin\u00eb e tij n\u00eb ve\u00e7anti nuk \u00ebsht\u00eb e pranueshme pjesa p\u00ebr buxhetin. \u201cPosa dikush tjet\u00ebr ua cakton buxhetin nuk mund t\u00eb b\u00ebhet fjal\u00eb p\u00ebr komun\u00eb t\u00eb barabart\u00eb me t\u00eb tjerat dhe as t\u00eb pavarur\u2019\u2019, pohon Kajoshaj, i cili shton se UDSH p\u00ebr bisedimet me DPS ka marr\u00eb vesh p\u00ebrmes mediumeve.<\/p>\n<p>Zgjidhjen e re ashp\u00ebr e ka kritikuar edhe Nikoll\u00eb Camaj, k\u00ebshilltar i LDn\u00ebMZ: \u201cKy \u00ebsht\u00eb nj\u00eb mashtrim i ri dhe nj\u00eb eksperiment p\u00ebr Mal\u00ebsin\u00eb n\u00eb regjin\u00eb e DPS-s\u00eb dhe Svetozar Maroviqit. E gjith\u00eb biseda p\u00ebr referendumin dhe zvarritje e tij ka pas p\u00ebr qellim fitimin e koh\u00ebs q\u00eb t\u00eb shpikin nj\u00eb zgjedhje t\u00eb cil\u00ebn do ta paraqesin si nj\u00eb premtim t\u00eb rij p\u00ebr koh\u00ebrat q\u00eb vijn\u00eb\u201d.<\/p>\n<p>Ai ka vler\u00ebsuar se \u00e7do zgjedhje e cila mal\u00ebsin\u00eb e bien n\u00eb pozit\u00eb inferiore n\u00eb raport me Kryeqytetin, p\u00ebr qytetar\u00ebt e Mal\u00ebsis\u00eb dhe p\u00ebr partin\u00eb e tij \u00ebsht\u00eb e pa pranueshme. \u201c Vet\u00ebm sikur diku n\u00eb t\u00eb ardhmen Kryeqyteti do t\u00eb organizohej n\u00eb bashki komunash, sikurse jan\u00eb qytet e m\u00ebdha, ajo do t\u00eb mund t\u00eb shqyrtohej si opsion real\u201d, deklaroi Camaj.<\/p>\n<p><b>Albert Camaj<br \/>\n<\/b><strong> MALESIA.ORG<\/strong><\/p>\n","protected":false},"excerpt":{"rendered":"<p>LDn\u00ebMZ dhe UDSH kund\u00ebr, shkruan \u2018\u2019Vjesti\u2019\u2019 Modeli sipas t\u00eb cilit Tuzi do t\u00eb kishte t\u00eb gjitha ingjirencat e komun\u00ebs p\u00ebrpos se do t\u00eb mbetet n\u00eb kufijt\u00eb administrativ t\u00eb Podgoric\u00ebs e cila do ta p\u00ebrcaktonte buxhetin, nuk \u00ebsht\u00eb i pranuesh\u00ebm p\u00ebr Unionin Demokratik dhe as p\u00ebr Lidhjen Demokratike meqen\u00ebse \u2018\u2019nuk dallon shum\u00eb nga statusi i tash\u00ebm\u2019\u2019. [&hellip;]<\/p>\n","protected":false},"author":1,"featured_media":0,"comment_status":"closed","ping_status":"closed","sticky":false,"template":"","format":"standard","meta":{"spay_email":"","jetpack_publicize_message":"","jetpack_is_tweetstorm":false,"jetpack_publicize_feature_enabled":true},"categories":[14],"tags":[],"jetpack_publicize_connections":[],"yoast_head":"<!-- This site is optimized with the Yoast SEO plugin v19.1 - https:\/\/yoast.com\/wordpress\/plugins\/seo\/ -->\n<title>Kajoshaj dhe Camaj lidhur me \u2018\u2019komunen e kryeqytetit\u2019\u2019 - Lajme nga Ulqini<\/title>\n<meta name=\"description\" content=\"LDn\u00ebMZ dhe UDSH kund\u00ebr, shkruan \u2018\u2019Vjesti\u2019\u2019 Modeli sipas t\u00eb cilit Tuzi do t\u00eb kishte t\u00eb gjitha ingjirencat e komun\u00ebs p\u00ebrpos se do t\u00eb mbetet n\u00eb kufijt\u00eb\" \/>\n<meta name=\"robots\" content=\"index, follow, max-snippet:-1, max-image-preview:large, max-video-preview:-1\" \/>\n<link rel=\"canonical\" href=\"https:\/\/www.visit-ulcinj.com\/blog\/2013\/10\/05\/kajoshaj-dhe-camaj-lidhur-me-komunen-e-kryeqytetit\/\" \/>\n<meta property=\"og:locale\" content=\"en_US\" \/>\n<meta property=\"og:type\" content=\"article\" \/>\n<meta property=\"og:title\" content=\"Kajoshaj dhe Camaj lidhur me \u2018\u2019komunen e kryeqytetit\u2019\u2019 - Lajme nga Ulqini\" \/>\n<meta property=\"og:description\" content=\"LDn\u00ebMZ dhe UDSH kund\u00ebr, shkruan \u2018\u2019Vjesti\u2019\u2019 Modeli sipas t\u00eb cilit Tuzi do t\u00eb kishte t\u00eb gjitha ingjirencat e komun\u00ebs p\u00ebrpos se do t\u00eb mbetet n\u00eb kufijt\u00eb\" \/>\n<meta property=\"og:url\" content=\"https:\/\/www.visit-ulcinj.com\/blog\/2013\/10\/05\/kajoshaj-dhe-camaj-lidhur-me-komunen-e-kryeqytetit\/\" \/>\n<meta property=\"og:site_name\" content=\"Lajme nga Ulqini\" \/>\n<meta property=\"article:published_time\" content=\"2013-10-05T11:20:10+00:00\" \/>\n<meta property=\"og:image\" content=\"http:\/\/www.visit-ulcinj.com\/blog\/wp-content\/uploads\/2013\/10\/malesia_komunat_kadastrale_1955.jpg\" \/>\n<meta name=\"twitter:label1\" content=\"Written by\" \/>\n\t<meta name=\"twitter:data1\" content=\"ulqini\" \/>\n\t<meta name=\"twitter:label2\" content=\"Est. reading time\" \/>\n\t<meta name=\"twitter:data2\" content=\"1 minute\" \/>\n<script type=\"application\/ld+json\" class=\"yoast-schema-graph\">{\"@context\":\"https:\/\/schema.org\",\"@graph\":[{\"@type\":\"WebSite\",\"@id\":\"https:\/\/www.visit-ulcinj.com\/blog\/#website\",\"url\":\"https:\/\/www.visit-ulcinj.com\/blog\/\",\"name\":\"Lajme nga Ulqini\",\"description\":\"Lajme,Vijesti,Ulqini,Ulqin,Crna Gora,Mali i Zi\",\"potentialAction\":[{\"@type\":\"SearchAction\",\"target\":{\"@type\":\"EntryPoint\",\"urlTemplate\":\"https:\/\/www.visit-ulcinj.com\/blog\/?s={search_term_string}\"},\"query-input\":\"required name=search_term_string\"}],\"inLanguage\":\"en-US\"},{\"@type\":\"ImageObject\",\"inLanguage\":\"en-US\",\"@id\":\"https:\/\/www.visit-ulcinj.com\/blog\/2013\/10\/05\/kajoshaj-dhe-camaj-lidhur-me-komunen-e-kryeqytetit\/#primaryimage\",\"url\":\"https:\/\/www.visit-ulcinj.com\/blog\/wp-content\/uploads\/2013\/10\/malesia_komunat_kadastrale_1955.jpg\",\"contentUrl\":\"https:\/\/www.visit-ulcinj.com\/blog\/wp-content\/uploads\/2013\/10\/malesia_komunat_kadastrale_1955.jpg\",\"width\":809,\"height\":816},{\"@type\":\"WebPage\",\"@id\":\"https:\/\/www.visit-ulcinj.com\/blog\/2013\/10\/05\/kajoshaj-dhe-camaj-lidhur-me-komunen-e-kryeqytetit\/#webpage\",\"url\":\"https:\/\/www.visit-ulcinj.com\/blog\/2013\/10\/05\/kajoshaj-dhe-camaj-lidhur-me-komunen-e-kryeqytetit\/\",\"name\":\"Kajoshaj dhe Camaj lidhur me \u2018\u2019komunen e kryeqytetit\u2019\u2019 - Lajme nga Ulqini\",\"isPartOf\":{\"@id\":\"https:\/\/www.visit-ulcinj.com\/blog\/#website\"},\"primaryImageOfPage\":{\"@id\":\"https:\/\/www.visit-ulcinj.com\/blog\/2013\/10\/05\/kajoshaj-dhe-camaj-lidhur-me-komunen-e-kryeqytetit\/#primaryimage\"},\"datePublished\":\"2013-10-05T11:20:10+00:00\",\"dateModified\":\"2013-10-05T11:20:10+00:00\",\"author\":{\"@id\":\"https:\/\/www.visit-ulcinj.com\/blog\/#\/schema\/person\/dcab619c614d3038751c63bc2aadc06d\"},\"description\":\"LDn\u00ebMZ dhe UDSH kund\u00ebr, shkruan \u2018\u2019Vjesti\u2019\u2019 Modeli sipas t\u00eb cilit Tuzi do t\u00eb kishte t\u00eb gjitha ingjirencat e komun\u00ebs p\u00ebrpos se do t\u00eb mbetet n\u00eb kufijt\u00eb\",\"breadcrumb\":{\"@id\":\"https:\/\/www.visit-ulcinj.com\/blog\/2013\/10\/05\/kajoshaj-dhe-camaj-lidhur-me-komunen-e-kryeqytetit\/#breadcrumb\"},\"inLanguage\":\"en-US\",\"potentialAction\":[{\"@type\":\"ReadAction\",\"target\":[\"https:\/\/www.visit-ulcinj.com\/blog\/2013\/10\/05\/kajoshaj-dhe-camaj-lidhur-me-komunen-e-kryeqytetit\/\"]}]},{\"@type\":\"BreadcrumbList\",\"@id\":\"https:\/\/www.visit-ulcinj.com\/blog\/2013\/10\/05\/kajoshaj-dhe-camaj-lidhur-me-komunen-e-kryeqytetit\/#breadcrumb\",\"itemListElement\":[{\"@type\":\"ListItem\",\"position\":1,\"name\":\"Kajoshaj dhe Camaj lidhur me \u2018\u2019komunen e kryeqytetit\u2019\u2019\"}]},{\"@type\":\"Person\",\"@id\":\"https:\/\/www.visit-ulcinj.com\/blog\/#\/schema\/person\/dcab619c614d3038751c63bc2aadc06d\",\"name\":\"ulqini\",\"sameAs\":[\"http:\/\/www.visit-ulcinj.com\"],\"url\":\"https:\/\/www.visit-ulcinj.com\/blog\/author\/admin\/\"}]}<\/script>\n<!-- \/ Yoast SEO plugin. -->","yoast_head_json":{"title":"Kajoshaj dhe Camaj lidhur me \u2018\u2019komunen e kryeqytetit\u2019\u2019 - Lajme nga Ulqini","description":"LDn\u00ebMZ dhe UDSH kund\u00ebr, shkruan \u2018\u2019Vjesti\u2019\u2019 Modeli sipas t\u00eb cilit Tuzi do t\u00eb kishte t\u00eb gjitha ingjirencat e komun\u00ebs p\u00ebrpos se do t\u00eb mbetet n\u00eb kufijt\u00eb","robots":{"index":"index","follow":"follow","max-snippet":"max-snippet:-1","max-image-preview":"max-image-preview:large","max-video-preview":"max-video-preview:-1"},"canonical":"https:\/\/www.visit-ulcinj.com\/blog\/2013\/10\/05\/kajoshaj-dhe-camaj-lidhur-me-komunen-e-kryeqytetit\/","og_locale":"en_US","og_type":"article","og_title":"Kajoshaj dhe Camaj lidhur me \u2018\u2019komunen e kryeqytetit\u2019\u2019 - Lajme nga Ulqini","og_description":"LDn\u00ebMZ dhe UDSH kund\u00ebr, shkruan \u2018\u2019Vjesti\u2019\u2019 Modeli sipas t\u00eb cilit Tuzi do t\u00eb kishte t\u00eb gjitha ingjirencat e komun\u00ebs p\u00ebrpos se do t\u00eb mbetet n\u00eb kufijt\u00eb","og_url":"https:\/\/www.visit-ulcinj.com\/blog\/2013\/10\/05\/kajoshaj-dhe-camaj-lidhur-me-komunen-e-kryeqytetit\/","og_site_name":"Lajme nga Ulqini","article_published_time":"2013-10-05T11:20:10+00:00","og_image":[{"url":"http:\/\/www.visit-ulcinj.com\/blog\/wp-content\/uploads\/2013\/10\/malesia_komunat_kadastrale_1955.jpg"}],"twitter_misc":{"Written by":"ulqini","Est. reading time":"1 minute"},"schema":{"@context":"https:\/\/schema.org","@graph":[{"@type":"WebSite","@id":"https:\/\/www.visit-ulcinj.com\/blog\/#website","url":"https:\/\/www.visit-ulcinj.com\/blog\/","name":"Lajme nga Ulqini","description":"Lajme,Vijesti,Ulqini,Ulqin,Crna Gora,Mali i Zi","potentialAction":[{"@type":"SearchAction","target":{"@type":"EntryPoint","urlTemplate":"https:\/\/www.visit-ulcinj.com\/blog\/?s={search_term_string}"},"query-input":"required name=search_term_string"}],"inLanguage":"en-US"},{"@type":"ImageObject","inLanguage":"en-US","@id":"https:\/\/www.visit-ulcinj.com\/blog\/2013\/10\/05\/kajoshaj-dhe-camaj-lidhur-me-komunen-e-kryeqytetit\/#primaryimage","url":"https:\/\/www.visit-ulcinj.com\/blog\/wp-content\/uploads\/2013\/10\/malesia_komunat_kadastrale_1955.jpg","contentUrl":"https:\/\/www.visit-ulcinj.com\/blog\/wp-content\/uploads\/2013\/10\/malesia_komunat_kadastrale_1955.jpg","width":809,"height":816},{"@type":"WebPage","@id":"https:\/\/www.visit-ulcinj.com\/blog\/2013\/10\/05\/kajoshaj-dhe-camaj-lidhur-me-komunen-e-kryeqytetit\/#webpage","url":"https:\/\/www.visit-ulcinj.com\/blog\/2013\/10\/05\/kajoshaj-dhe-camaj-lidhur-me-komunen-e-kryeqytetit\/","name":"Kajoshaj dhe Camaj lidhur me \u2018\u2019komunen e kryeqytetit\u2019\u2019 - Lajme nga Ulqini","isPartOf":{"@id":"https:\/\/www.visit-ulcinj.com\/blog\/#website"},"primaryImageOfPage":{"@id":"https:\/\/www.visit-ulcinj.com\/blog\/2013\/10\/05\/kajoshaj-dhe-camaj-lidhur-me-komunen-e-kryeqytetit\/#primaryimage"},"datePublished":"2013-10-05T11:20:10+00:00","dateModified":"2013-10-05T11:20:10+00:00","author":{"@id":"https:\/\/www.visit-ulcinj.com\/blog\/#\/schema\/person\/dcab619c614d3038751c63bc2aadc06d"},"description":"LDn\u00ebMZ dhe UDSH kund\u00ebr, shkruan \u2018\u2019Vjesti\u2019\u2019 Modeli sipas t\u00eb cilit Tuzi do t\u00eb kishte t\u00eb gjitha ingjirencat e komun\u00ebs p\u00ebrpos se do t\u00eb mbetet n\u00eb kufijt\u00eb","breadcrumb":{"@id":"https:\/\/www.visit-ulcinj.com\/blog\/2013\/10\/05\/kajoshaj-dhe-camaj-lidhur-me-komunen-e-kryeqytetit\/#breadcrumb"},"inLanguage":"en-US","potentialAction":[{"@type":"ReadAction","target":["https:\/\/www.visit-ulcinj.com\/blog\/2013\/10\/05\/kajoshaj-dhe-camaj-lidhur-me-komunen-e-kryeqytetit\/"]}]},{"@type":"BreadcrumbList","@id":"https:\/\/www.visit-ulcinj.com\/blog\/2013\/10\/05\/kajoshaj-dhe-camaj-lidhur-me-komunen-e-kryeqytetit\/#breadcrumb","itemListElement":[{"@type":"ListItem","position":1,"name":"Kajoshaj dhe Camaj lidhur me \u2018\u2019komunen e kryeqytetit\u2019\u2019"}]},{"@type":"Person","@id":"https:\/\/www.visit-ulcinj.com\/blog\/#\/schema\/person\/dcab619c614d3038751c63bc2aadc06d","name":"ulqini","sameAs":["http:\/\/www.visit-ulcinj.com"],"url":"https:\/\/www.visit-ulcinj.com\/blog\/author\/admin\/"}]}},"jetpack_featured_media_url":"","jetpack_sharing_enabled":true,"jetpack_shortlink":"https:\/\/wp.me\/pe6lTn-jwn","_links":{"self":[{"href":"https:\/\/www.visit-ulcinj.com\/blog\/wp-json\/wp\/v2\/posts\/75043"}],"collection":[{"href":"https:\/\/www.visit-ulcinj.com\/blog\/wp-json\/wp\/v2\/posts"}],"about":[{"href":"https:\/\/www.visit-ulcinj.com\/blog\/wp-json\/wp\/v2\/types\/post"}],"author":[{"embeddable":true,"href":"https:\/\/www.visit-ulcinj.com\/blog\/wp-json\/wp\/v2\/users\/1"}],"replies":[{"embeddable":true,"href":"https:\/\/www.visit-ulcinj.com\/blog\/wp-json\/wp\/v2\/comments?post=75043"}],"version-history":[{"count":1,"href":"https:\/\/www.visit-ulcinj.com\/blog\/wp-json\/wp\/v2\/posts\/75043\/revisions"}],"predecessor-version":[{"id":75045,"href":"https:\/\/www.visit-ulcinj.com\/blog\/wp-json\/wp\/v2\/posts\/75043\/revisions\/75045"}],"wp:attachment":[{"href":"https:\/\/www.visit-ulcinj.com\/blog\/wp-json\/wp\/v2\/media?parent=75043"}],"wp:term":[{"taxonomy":"category","embeddable":true,"href":"https:\/\/www.visit-ulcinj.com\/blog\/wp-json\/wp\/v2\/categories?post=75043"},{"taxonomy":"post_tag","embeddable":true,"href":"https:\/\/www.visit-ulcinj.com\/blog\/wp-json\/wp\/v2\/tags?post=75043"}],"curies":[{"name":"wp","href":"https:\/\/api.w.org\/{rel}","templated":true}]}}