{"id":75050,"date":"2013-10-05T17:40:13","date_gmt":"2013-10-05T16:40:13","guid":{"rendered":"http:\/\/www.visit-ulcinj.com\/blog\/?p=75050"},"modified":"2013-10-05T17:40:13","modified_gmt":"2013-10-05T16:40:13","slug":"mali-i-zi-serbia-dhe-maqedonia-nenshkruan-marreveshje-ne-sferen-e-tik","status":"publish","type":"post","link":"https:\/\/www.visit-ulcinj.com\/blog\/2013\/10\/05\/mali-i-zi-serbia-dhe-maqedonia-nenshkruan-marreveshje-ne-sferen-e-tik\/","title":{"rendered":"Mali i Zi, Serbia dhe Maqedonia n\u00ebnshkruan marr\u00ebveshje n\u00eb sfer\u00ebn e TIK"},"content":{"rendered":"<p><strong>Maqedonia, Mali i Zi dhe Serbia sot n\u00ebnshkruan marr\u00ebveshje p\u00ebr bashk\u00ebpunim n\u00eb sfer\u00ebn e teknologjive informatike-komunikuese.<br \/>\n<a href=\"http:\/\/www.visit-ulcinj.com\/blog\/wp-content\/uploads\/2013\/10\/Infofest-Budva-2013.jpg\"><img loading=\"lazy\" class=\"alignleft  wp-image-75051\" alt=\"Infofest Budva 2013\" src=\"http:\/\/www.visit-ulcinj.com\/blog\/wp-content\/uploads\/2013\/10\/Infofest-Budva-2013.jpg\" width=\"508\" height=\"352\" \/><\/a><br \/>\n<\/strong><\/p>\n<p>Marr\u00ebveshjen e n\u00ebnshkruan ministri i Maqedonis\u00eb i Shoq\u00ebris\u00eb Informatike dhe Administrat\u00ebs Ivo Ivanovski, z\u00ebvend\u00ebskryeministri dhe minist\u00ebr i Shoq\u00ebris\u00eb Informatike dhe Telekomunikimit i Malit t\u00eb Zi, Vjuica Lazaroviq dhe z\u00ebvend\u00ebskryeministri dhe minist\u00ebr i Tregtis\u00eb s\u00eb Jashtme dhe t\u00eb Brendshme t\u00eb Serbis\u00eb, Rasim Lajiq.<\/p>\n<p>Me marr\u00ebveshjen, qeverit\u00eb e tre shteteve do t\u00eb p\u00ebrpiqen p\u00ebr p\u00ebrparimin e bashk\u00ebpunimit trilateral n\u00eb sfer\u00ebn e teknologjive informatike dhe t\u00eb komunikimit, si dhe p\u00ebr krijimin e kushteve p\u00ebr investime dhe investime t\u00eb p\u00ebrbashk\u00ebta n\u00eb projekte nga interesi i p\u00ebrbashk\u00ebt.<\/p>\n<p>&#8220;Si vende p\u00ebrparojm\u00eb n\u00eb zhvillimin e internetit dhe alfabetizmit kompjuterik, nd\u00ebrsa n\u00eb Maqedoni p\u00ebrpiqemi me marrjen e shum\u00eb aktiviteteve q\u00eb interneti me shtrirje t\u00eb gjer\u00eb t\u00eb jet\u00eb qas\u00ebs deri te t\u00eb gjith\u00eb qytetar\u00ebt. N\u00eb periudh\u00ebn e ardhshme me Malin e Zi dhe me Serbin\u00eb do t\u00eb zbatojm\u00eb p\u00ebrvoja dhe ide t\u00eb p\u00ebrbashk\u00ebta, me q\u00ebllim t\u00eb p\u00ebrparojm\u00eb dhe t&#8217;i arrijm\u00eb vendet e zhvilluara per\u00ebndimore&#8221;, deklaroi Ivanovski pas n\u00ebnshkrimit t\u00eb marr\u00ebveshjes.<\/p>\n<p>Gjat\u00eb bisedave t\u00eb sotme, si\u00e7 theksoi, ka rrjedh\u00eb edhe iniciativa q\u00eb t\u00eb d\u00ebrgoj\u00eb apel deri te trupat rregullator p\u00ebr komunikime elektronike t\u00eb Malit t\u00eb Zi, Serbis\u00eb dhe t\u00eb Maqedonis\u00eb, ta shqyrtojn\u00eb mund\u00ebsin\u00eb q\u00eb qytetar\u00ebt e tre vendeve t\u00eb shfryt\u00ebzojn\u00eb roaming sh\u00ebrbime t\u00eb barabarta.<\/p>\n<p>Ivanovski, i cili merr pjes\u00eb p\u00ebr vizit\u00eb pune n\u00eb Mal t\u00eb Zi, kishte fjalim edhe n\u00eb sesionin ministror n\u00eb kuad\u00ebr t\u00eb Forumit nd\u00ebrkomb\u00ebtar p\u00ebr arritje informatike &#8220;Infofest&#8221;, q\u00eb mbahet n\u00eb Budv\u00eb.<\/p>\n<p><strong>Ylli Press<\/strong><\/p>\n<p><iframe loading=\"lazy\" width=\"508\" height=\"360\" src=\"\/\/www.youtube.com\/embed\/1A8ZyeSrwpA\" frameborder=\"0\" allowfullscreen><\/iframe><\/p>\n","protected":false},"excerpt":{"rendered":"<p>Maqedonia, Mali i Zi dhe Serbia sot n\u00ebnshkruan marr\u00ebveshje p\u00ebr bashk\u00ebpunim n\u00eb sfer\u00ebn e teknologjive informatike-komunikuese. Marr\u00ebveshjen e n\u00ebnshkruan ministri i Maqedonis\u00eb i Shoq\u00ebris\u00eb Informatike dhe Administrat\u00ebs Ivo Ivanovski, z\u00ebvend\u00ebskryeministri dhe minist\u00ebr i Shoq\u00ebris\u00eb Informatike dhe Telekomunikimit i Malit t\u00eb Zi, Vjuica Lazaroviq dhe z\u00ebvend\u00ebskryeministri dhe minist\u00ebr i Tregtis\u00eb s\u00eb Jashtme dhe t\u00eb Brendshme t\u00eb [&hellip;]<\/p>\n","protected":false},"author":1,"featured_media":0,"comment_status":"closed","ping_status":"closed","sticky":false,"template":"","format":"standard","meta":{"spay_email":"","jetpack_publicize_message":"","jetpack_is_tweetstorm":false,"jetpack_publicize_feature_enabled":true},"categories":[7],"tags":[],"jetpack_publicize_connections":[],"yoast_head":"<!-- This site is optimized with the Yoast SEO plugin v19.1 - https:\/\/yoast.com\/wordpress\/plugins\/seo\/ -->\n<title>Mali i Zi, Serbia dhe Maqedonia n\u00ebnshkruan marr\u00ebveshje n\u00eb sfer\u00ebn e TIK - Lajme nga Ulqini<\/title>\n<meta name=\"description\" content=\"Maqedonia, Mali i Zi dhe Serbia sot n\u00ebnshkruan marr\u00ebveshje p\u00ebr bashk\u00ebpunim n\u00eb sfer\u00ebn e teknologjive informatike-komunikuese. Marr\u00ebveshjen e n\u00ebnshkruan\" \/>\n<meta name=\"robots\" content=\"index, follow, max-snippet:-1, max-image-preview:large, max-video-preview:-1\" \/>\n<link rel=\"canonical\" href=\"https:\/\/www.visit-ulcinj.com\/blog\/2013\/10\/05\/mali-i-zi-serbia-dhe-maqedonia-nenshkruan-marreveshje-ne-sferen-e-tik\/\" \/>\n<meta property=\"og:locale\" content=\"en_US\" \/>\n<meta property=\"og:type\" content=\"article\" \/>\n<meta property=\"og:title\" content=\"Mali i Zi, Serbia dhe Maqedonia n\u00ebnshkruan marr\u00ebveshje n\u00eb sfer\u00ebn e TIK - Lajme nga Ulqini\" \/>\n<meta property=\"og:description\" content=\"Maqedonia, Mali i Zi dhe Serbia sot n\u00ebnshkruan marr\u00ebveshje p\u00ebr bashk\u00ebpunim n\u00eb sfer\u00ebn e teknologjive informatike-komunikuese. Marr\u00ebveshjen e n\u00ebnshkruan\" \/>\n<meta property=\"og:url\" content=\"https:\/\/www.visit-ulcinj.com\/blog\/2013\/10\/05\/mali-i-zi-serbia-dhe-maqedonia-nenshkruan-marreveshje-ne-sferen-e-tik\/\" \/>\n<meta property=\"og:site_name\" content=\"Lajme nga Ulqini\" \/>\n<meta property=\"article:published_time\" content=\"2013-10-05T16:40:13+00:00\" \/>\n<meta property=\"og:image\" content=\"http:\/\/www.visit-ulcinj.com\/blog\/wp-content\/uploads\/2013\/10\/Infofest-Budva-2013.jpg\" \/>\n<meta name=\"twitter:label1\" content=\"Written by\" \/>\n\t<meta name=\"twitter:data1\" content=\"ulqini\" \/>\n\t<meta name=\"twitter:label2\" content=\"Est. reading time\" \/>\n\t<meta name=\"twitter:data2\" content=\"1 minute\" \/>\n<script type=\"application\/ld+json\" class=\"yoast-schema-graph\">{\"@context\":\"https:\/\/schema.org\",\"@graph\":[{\"@type\":\"WebSite\",\"@id\":\"https:\/\/www.visit-ulcinj.com\/blog\/#website\",\"url\":\"https:\/\/www.visit-ulcinj.com\/blog\/\",\"name\":\"Lajme nga Ulqini\",\"description\":\"Lajme,Vijesti,Ulqini,Ulqin,Crna Gora,Mali i Zi\",\"potentialAction\":[{\"@type\":\"SearchAction\",\"target\":{\"@type\":\"EntryPoint\",\"urlTemplate\":\"https:\/\/www.visit-ulcinj.com\/blog\/?s={search_term_string}\"},\"query-input\":\"required name=search_term_string\"}],\"inLanguage\":\"en-US\"},{\"@type\":\"ImageObject\",\"inLanguage\":\"en-US\",\"@id\":\"https:\/\/www.visit-ulcinj.com\/blog\/2013\/10\/05\/mali-i-zi-serbia-dhe-maqedonia-nenshkruan-marreveshje-ne-sferen-e-tik\/#primaryimage\",\"url\":\"https:\/\/www.visit-ulcinj.com\/blog\/wp-content\/uploads\/2013\/10\/Infofest-Budva-2013.jpg\",\"contentUrl\":\"https:\/\/www.visit-ulcinj.com\/blog\/wp-content\/uploads\/2013\/10\/Infofest-Budva-2013.jpg\",\"width\":470,\"height\":352},{\"@type\":\"WebPage\",\"@id\":\"https:\/\/www.visit-ulcinj.com\/blog\/2013\/10\/05\/mali-i-zi-serbia-dhe-maqedonia-nenshkruan-marreveshje-ne-sferen-e-tik\/#webpage\",\"url\":\"https:\/\/www.visit-ulcinj.com\/blog\/2013\/10\/05\/mali-i-zi-serbia-dhe-maqedonia-nenshkruan-marreveshje-ne-sferen-e-tik\/\",\"name\":\"Mali i Zi, Serbia dhe Maqedonia n\u00ebnshkruan marr\u00ebveshje n\u00eb sfer\u00ebn e TIK - Lajme nga Ulqini\",\"isPartOf\":{\"@id\":\"https:\/\/www.visit-ulcinj.com\/blog\/#website\"},\"primaryImageOfPage\":{\"@id\":\"https:\/\/www.visit-ulcinj.com\/blog\/2013\/10\/05\/mali-i-zi-serbia-dhe-maqedonia-nenshkruan-marreveshje-ne-sferen-e-tik\/#primaryimage\"},\"datePublished\":\"2013-10-05T16:40:13+00:00\",\"dateModified\":\"2013-10-05T16:40:13+00:00\",\"author\":{\"@id\":\"https:\/\/www.visit-ulcinj.com\/blog\/#\/schema\/person\/dcab619c614d3038751c63bc2aadc06d\"},\"description\":\"Maqedonia, Mali i Zi dhe Serbia sot n\u00ebnshkruan marr\u00ebveshje p\u00ebr bashk\u00ebpunim n\u00eb sfer\u00ebn e teknologjive informatike-komunikuese. Marr\u00ebveshjen e n\u00ebnshkruan\",\"breadcrumb\":{\"@id\":\"https:\/\/www.visit-ulcinj.com\/blog\/2013\/10\/05\/mali-i-zi-serbia-dhe-maqedonia-nenshkruan-marreveshje-ne-sferen-e-tik\/#breadcrumb\"},\"inLanguage\":\"en-US\",\"potentialAction\":[{\"@type\":\"ReadAction\",\"target\":[\"https:\/\/www.visit-ulcinj.com\/blog\/2013\/10\/05\/mali-i-zi-serbia-dhe-maqedonia-nenshkruan-marreveshje-ne-sferen-e-tik\/\"]}]},{\"@type\":\"BreadcrumbList\",\"@id\":\"https:\/\/www.visit-ulcinj.com\/blog\/2013\/10\/05\/mali-i-zi-serbia-dhe-maqedonia-nenshkruan-marreveshje-ne-sferen-e-tik\/#breadcrumb\",\"itemListElement\":[{\"@type\":\"ListItem\",\"position\":1,\"name\":\"Mali i Zi, Serbia dhe Maqedonia n\u00ebnshkruan marr\u00ebveshje n\u00eb sfer\u00ebn e TIK\"}]},{\"@type\":\"Person\",\"@id\":\"https:\/\/www.visit-ulcinj.com\/blog\/#\/schema\/person\/dcab619c614d3038751c63bc2aadc06d\",\"name\":\"ulqini\",\"sameAs\":[\"http:\/\/www.visit-ulcinj.com\"],\"url\":\"https:\/\/www.visit-ulcinj.com\/blog\/author\/admin\/\"}]}<\/script>\n<!-- \/ Yoast SEO plugin. -->","yoast_head_json":{"title":"Mali i Zi, Serbia dhe Maqedonia n\u00ebnshkruan marr\u00ebveshje n\u00eb sfer\u00ebn e TIK - Lajme nga Ulqini","description":"Maqedonia, Mali i Zi dhe Serbia sot n\u00ebnshkruan marr\u00ebveshje p\u00ebr bashk\u00ebpunim n\u00eb sfer\u00ebn e teknologjive informatike-komunikuese. Marr\u00ebveshjen e n\u00ebnshkruan","robots":{"index":"index","follow":"follow","max-snippet":"max-snippet:-1","max-image-preview":"max-image-preview:large","max-video-preview":"max-video-preview:-1"},"canonical":"https:\/\/www.visit-ulcinj.com\/blog\/2013\/10\/05\/mali-i-zi-serbia-dhe-maqedonia-nenshkruan-marreveshje-ne-sferen-e-tik\/","og_locale":"en_US","og_type":"article","og_title":"Mali i Zi, Serbia dhe Maqedonia n\u00ebnshkruan marr\u00ebveshje n\u00eb sfer\u00ebn e TIK - Lajme nga Ulqini","og_description":"Maqedonia, Mali i Zi dhe Serbia sot n\u00ebnshkruan marr\u00ebveshje p\u00ebr bashk\u00ebpunim n\u00eb sfer\u00ebn e teknologjive informatike-komunikuese. Marr\u00ebveshjen e n\u00ebnshkruan","og_url":"https:\/\/www.visit-ulcinj.com\/blog\/2013\/10\/05\/mali-i-zi-serbia-dhe-maqedonia-nenshkruan-marreveshje-ne-sferen-e-tik\/","og_site_name":"Lajme nga Ulqini","article_published_time":"2013-10-05T16:40:13+00:00","og_image":[{"url":"http:\/\/www.visit-ulcinj.com\/blog\/wp-content\/uploads\/2013\/10\/Infofest-Budva-2013.jpg"}],"twitter_misc":{"Written by":"ulqini","Est. reading time":"1 minute"},"schema":{"@context":"https:\/\/schema.org","@graph":[{"@type":"WebSite","@id":"https:\/\/www.visit-ulcinj.com\/blog\/#website","url":"https:\/\/www.visit-ulcinj.com\/blog\/","name":"Lajme nga Ulqini","description":"Lajme,Vijesti,Ulqini,Ulqin,Crna Gora,Mali i Zi","potentialAction":[{"@type":"SearchAction","target":{"@type":"EntryPoint","urlTemplate":"https:\/\/www.visit-ulcinj.com\/blog\/?s={search_term_string}"},"query-input":"required name=search_term_string"}],"inLanguage":"en-US"},{"@type":"ImageObject","inLanguage":"en-US","@id":"https:\/\/www.visit-ulcinj.com\/blog\/2013\/10\/05\/mali-i-zi-serbia-dhe-maqedonia-nenshkruan-marreveshje-ne-sferen-e-tik\/#primaryimage","url":"https:\/\/www.visit-ulcinj.com\/blog\/wp-content\/uploads\/2013\/10\/Infofest-Budva-2013.jpg","contentUrl":"https:\/\/www.visit-ulcinj.com\/blog\/wp-content\/uploads\/2013\/10\/Infofest-Budva-2013.jpg","width":470,"height":352},{"@type":"WebPage","@id":"https:\/\/www.visit-ulcinj.com\/blog\/2013\/10\/05\/mali-i-zi-serbia-dhe-maqedonia-nenshkruan-marreveshje-ne-sferen-e-tik\/#webpage","url":"https:\/\/www.visit-ulcinj.com\/blog\/2013\/10\/05\/mali-i-zi-serbia-dhe-maqedonia-nenshkruan-marreveshje-ne-sferen-e-tik\/","name":"Mali i Zi, Serbia dhe Maqedonia n\u00ebnshkruan marr\u00ebveshje n\u00eb sfer\u00ebn e TIK - Lajme nga Ulqini","isPartOf":{"@id":"https:\/\/www.visit-ulcinj.com\/blog\/#website"},"primaryImageOfPage":{"@id":"https:\/\/www.visit-ulcinj.com\/blog\/2013\/10\/05\/mali-i-zi-serbia-dhe-maqedonia-nenshkruan-marreveshje-ne-sferen-e-tik\/#primaryimage"},"datePublished":"2013-10-05T16:40:13+00:00","dateModified":"2013-10-05T16:40:13+00:00","author":{"@id":"https:\/\/www.visit-ulcinj.com\/blog\/#\/schema\/person\/dcab619c614d3038751c63bc2aadc06d"},"description":"Maqedonia, Mali i Zi dhe Serbia sot n\u00ebnshkruan marr\u00ebveshje p\u00ebr bashk\u00ebpunim n\u00eb sfer\u00ebn e teknologjive informatike-komunikuese. Marr\u00ebveshjen e n\u00ebnshkruan","breadcrumb":{"@id":"https:\/\/www.visit-ulcinj.com\/blog\/2013\/10\/05\/mali-i-zi-serbia-dhe-maqedonia-nenshkruan-marreveshje-ne-sferen-e-tik\/#breadcrumb"},"inLanguage":"en-US","potentialAction":[{"@type":"ReadAction","target":["https:\/\/www.visit-ulcinj.com\/blog\/2013\/10\/05\/mali-i-zi-serbia-dhe-maqedonia-nenshkruan-marreveshje-ne-sferen-e-tik\/"]}]},{"@type":"BreadcrumbList","@id":"https:\/\/www.visit-ulcinj.com\/blog\/2013\/10\/05\/mali-i-zi-serbia-dhe-maqedonia-nenshkruan-marreveshje-ne-sferen-e-tik\/#breadcrumb","itemListElement":[{"@type":"ListItem","position":1,"name":"Mali i Zi, Serbia dhe Maqedonia n\u00ebnshkruan marr\u00ebveshje n\u00eb sfer\u00ebn e TIK"}]},{"@type":"Person","@id":"https:\/\/www.visit-ulcinj.com\/blog\/#\/schema\/person\/dcab619c614d3038751c63bc2aadc06d","name":"ulqini","sameAs":["http:\/\/www.visit-ulcinj.com"],"url":"https:\/\/www.visit-ulcinj.com\/blog\/author\/admin\/"}]}},"jetpack_featured_media_url":"","jetpack_sharing_enabled":true,"jetpack_shortlink":"https:\/\/wp.me\/pe6lTn-jwu","_links":{"self":[{"href":"https:\/\/www.visit-ulcinj.com\/blog\/wp-json\/wp\/v2\/posts\/75050"}],"collection":[{"href":"https:\/\/www.visit-ulcinj.com\/blog\/wp-json\/wp\/v2\/posts"}],"about":[{"href":"https:\/\/www.visit-ulcinj.com\/blog\/wp-json\/wp\/v2\/types\/post"}],"author":[{"embeddable":true,"href":"https:\/\/www.visit-ulcinj.com\/blog\/wp-json\/wp\/v2\/users\/1"}],"replies":[{"embeddable":true,"href":"https:\/\/www.visit-ulcinj.com\/blog\/wp-json\/wp\/v2\/comments?post=75050"}],"version-history":[{"count":1,"href":"https:\/\/www.visit-ulcinj.com\/blog\/wp-json\/wp\/v2\/posts\/75050\/revisions"}],"predecessor-version":[{"id":75052,"href":"https:\/\/www.visit-ulcinj.com\/blog\/wp-json\/wp\/v2\/posts\/75050\/revisions\/75052"}],"wp:attachment":[{"href":"https:\/\/www.visit-ulcinj.com\/blog\/wp-json\/wp\/v2\/media?parent=75050"}],"wp:term":[{"taxonomy":"category","embeddable":true,"href":"https:\/\/www.visit-ulcinj.com\/blog\/wp-json\/wp\/v2\/categories?post=75050"},{"taxonomy":"post_tag","embeddable":true,"href":"https:\/\/www.visit-ulcinj.com\/blog\/wp-json\/wp\/v2\/tags?post=75050"}],"curies":[{"name":"wp","href":"https:\/\/api.w.org\/{rel}","templated":true}]}}