{"id":75056,"date":"2013-10-05T17:55:09","date_gmt":"2013-10-05T16:55:09","guid":{"rendered":"http:\/\/www.visit-ulcinj.com\/blog\/?p=75056"},"modified":"2013-10-05T17:55:09","modified_gmt":"2013-10-05T16:55:09","slug":"skrelja-milu-albanci-nemaju-sto-zamjeriti","status":"publish","type":"post","link":"https:\/\/www.visit-ulcinj.com\/blog\/2013\/10\/05\/skrelja-milu-albanci-nemaju-sto-zamjeriti\/","title":{"rendered":"\u0160krelja: Milu Albanci nemaju \u0161to zamjeriti"},"content":{"rendered":"<p>Protesti Albanaca u Njujorku koji su organizovani zbog navodnih obe\u0107anja koje nije ispunio premijer i predsjednik DPS-a Milo \u0110ukanovi\u0107 potpuno su neopravdani, kazao je za Dan poslanik DPS-a Ljui\u0111 \u0160krelja. Grupa Albanaca protestovala je ispred sjedi\u0161ta UN-a u vrijeme dok je \u0110ukanovi\u0107 govorio na generalnoj debati.<br \/>\n<a href=\"http:\/\/www.visit-ulcinj.com\/blog\/wp-content\/uploads\/2012\/02\/LUIGJ-SHKRELA_ULQIN.jpg\"><img loading=\"lazy\" class=\"alignleft  wp-image-57116\" alt=\"LUIGJ-SHKRELA_ULQIN\" src=\"http:\/\/www.visit-ulcinj.com\/blog\/wp-content\/uploads\/2012\/02\/LUIGJ-SHKRELA_ULQIN.jpg\" width=\"508\" height=\"600\" \/><\/a><\/p>\n<p>&#8220;Protest nije opravdan i nezadovoljstvo je upu\u0107eno na pogre\u0161nu adresu. Ve\u0107ina Albanaca zna \u0110ukanovi\u0107a kao \u010dovjeka opredijeljenog za vo\u0111enja multietni\u010dke politike na ovim prostorima. To posebno va\u017ei kada su Albanci u pitanju. \u0110ukanovi\u0107u se, kada su u pitanju manjine, nema \u0161to zamjeriti. Svako ima pravo da protestuje, ali u ovom slu\u010daju radi se o grupici o stotinjak ljudi&#8221;, kazao je \u0160krelja.<\/p>\n<p>On je isti\u010de da ono \u0161to se moglo \u010duti na protestu, ne odra\u017eava stavove ve\u0107ine Albanaca koji \u017eive u Crnoj Gori.<\/p>\n<p>Protest u Njujorku organizovali su albansko-ameri\u010dka organizacija &#8220;Malesija e madhe&#8221;, fondacija Dede \u0110on Ljulji i Albansko-ameri\u010dki front. Optu\u017eili su \u0110ukanovi\u0107a da nije ispunio obe\u0107anja data Albancima u Crnoj Gori. Poru\u010deno je da Albanci ne\u0107e odustati od zahtjeva da Tuzi dobiju status op\u0161tine.<\/p>\n<p>\u0160krelja isti\u010de da nema neispunjenih obe\u0107anja ve\u0107 samo ona \u010dije je ispunjavanje u toku.<\/p>\n<p>&#8220;Nema obe\u0107anja koje se ne mo\u017ee izvr\u0161iti. Pretpostavljam da je najve\u0107e nezadovoljstvo u\u010desnika protesta vezano za pitanje punopravne op\u0161tine Tuzi. To pitanje ide ka kona\u010dnoj realizaciji i ubrza\u0107emo proceduru. Mislim da \u0107e i najve\u0107i skeptici i oni koji pri\u017eeljkuju da Crna Gora na bude multietni\u010dka i multikonfesionalna sredina, kada se to ostvari a ne\u0107e pro\u0107i mnogo vremena, izgubiti i taj adut&#8221;, poru\u010dio je \u0160krelja.<\/p>\n<p><strong>Izvor: RTCG<\/strong><\/p>\n","protected":false},"excerpt":{"rendered":"<p>Protesti Albanaca u Njujorku koji su organizovani zbog navodnih obe\u0107anja koje nije ispunio premijer i predsjednik DPS-a Milo \u0110ukanovi\u0107 potpuno su neopravdani, kazao je za Dan poslanik DPS-a Ljui\u0111 \u0160krelja. Grupa Albanaca protestovala je ispred sjedi\u0161ta UN-a u vrijeme dok je \u0110ukanovi\u0107 govorio na generalnoj debati. &#8220;Protest nije opravdan i nezadovoljstvo je upu\u0107eno na pogre\u0161nu [&hellip;]<\/p>\n","protected":false},"author":1,"featured_media":0,"comment_status":"closed","ping_status":"closed","sticky":false,"template":"","format":"standard","meta":{"spay_email":"","jetpack_publicize_message":"","jetpack_is_tweetstorm":false,"jetpack_publicize_feature_enabled":true},"categories":[6950],"tags":[],"jetpack_publicize_connections":[],"yoast_head":"<!-- This site is optimized with the Yoast SEO plugin v19.1 - https:\/\/yoast.com\/wordpress\/plugins\/seo\/ -->\n<title>\u0160krelja: Milu Albanci nemaju \u0161to zamjeriti - Lajme nga Ulqini<\/title>\n<meta name=\"description\" content=\"Protesti Albanaca u Njujorku koji su organizovani zbog navodnih obe\u0107anja koje nije ispunio premijer i predsjednik DPS-a Milo \u0110ukanovi\u0107 potpuno su\" \/>\n<meta name=\"robots\" content=\"index, follow, max-snippet:-1, max-image-preview:large, max-video-preview:-1\" \/>\n<link rel=\"canonical\" href=\"https:\/\/www.visit-ulcinj.com\/blog\/2013\/10\/05\/skrelja-milu-albanci-nemaju-sto-zamjeriti\/\" \/>\n<meta property=\"og:locale\" content=\"en_US\" \/>\n<meta property=\"og:type\" content=\"article\" \/>\n<meta property=\"og:title\" content=\"\u0160krelja: Milu Albanci nemaju \u0161to zamjeriti - Lajme nga Ulqini\" \/>\n<meta property=\"og:description\" content=\"Protesti Albanaca u Njujorku koji su organizovani zbog navodnih obe\u0107anja koje nije ispunio premijer i predsjednik DPS-a Milo \u0110ukanovi\u0107 potpuno su\" \/>\n<meta property=\"og:url\" content=\"https:\/\/www.visit-ulcinj.com\/blog\/2013\/10\/05\/skrelja-milu-albanci-nemaju-sto-zamjeriti\/\" \/>\n<meta property=\"og:site_name\" content=\"Lajme nga Ulqini\" \/>\n<meta property=\"article:published_time\" content=\"2013-10-05T16:55:09+00:00\" \/>\n<meta property=\"og:image\" content=\"http:\/\/www.visit-ulcinj.com\/blog\/wp-content\/uploads\/2012\/02\/LUIGJ-SHKRELA_ULQIN.jpg\" \/>\n<meta name=\"twitter:label1\" content=\"Written by\" \/>\n\t<meta name=\"twitter:data1\" content=\"ulqini\" \/>\n\t<meta name=\"twitter:label2\" content=\"Est. reading time\" \/>\n\t<meta name=\"twitter:data2\" content=\"1 minute\" \/>\n<script type=\"application\/ld+json\" class=\"yoast-schema-graph\">{\"@context\":\"https:\/\/schema.org\",\"@graph\":[{\"@type\":\"WebSite\",\"@id\":\"https:\/\/www.visit-ulcinj.com\/blog\/#website\",\"url\":\"https:\/\/www.visit-ulcinj.com\/blog\/\",\"name\":\"Lajme nga Ulqini\",\"description\":\"Lajme,Vijesti,Ulqini,Ulqin,Crna Gora,Mali i Zi\",\"potentialAction\":[{\"@type\":\"SearchAction\",\"target\":{\"@type\":\"EntryPoint\",\"urlTemplate\":\"https:\/\/www.visit-ulcinj.com\/blog\/?s={search_term_string}\"},\"query-input\":\"required name=search_term_string\"}],\"inLanguage\":\"en-US\"},{\"@type\":\"ImageObject\",\"inLanguage\":\"en-US\",\"@id\":\"https:\/\/www.visit-ulcinj.com\/blog\/2013\/10\/05\/skrelja-milu-albanci-nemaju-sto-zamjeriti\/#primaryimage\",\"url\":\"https:\/\/www.visit-ulcinj.com\/blog\/wp-content\/uploads\/2012\/02\/LUIGJ-SHKRELA_ULQIN.jpg\",\"contentUrl\":\"https:\/\/www.visit-ulcinj.com\/blog\/wp-content\/uploads\/2012\/02\/LUIGJ-SHKRELA_ULQIN.jpg\",\"width\":\"404\",\"height\":\"720\"},{\"@type\":\"WebPage\",\"@id\":\"https:\/\/www.visit-ulcinj.com\/blog\/2013\/10\/05\/skrelja-milu-albanci-nemaju-sto-zamjeriti\/#webpage\",\"url\":\"https:\/\/www.visit-ulcinj.com\/blog\/2013\/10\/05\/skrelja-milu-albanci-nemaju-sto-zamjeriti\/\",\"name\":\"\u0160krelja: Milu Albanci nemaju \u0161to zamjeriti - Lajme nga Ulqini\",\"isPartOf\":{\"@id\":\"https:\/\/www.visit-ulcinj.com\/blog\/#website\"},\"primaryImageOfPage\":{\"@id\":\"https:\/\/www.visit-ulcinj.com\/blog\/2013\/10\/05\/skrelja-milu-albanci-nemaju-sto-zamjeriti\/#primaryimage\"},\"datePublished\":\"2013-10-05T16:55:09+00:00\",\"dateModified\":\"2013-10-05T16:55:09+00:00\",\"author\":{\"@id\":\"https:\/\/www.visit-ulcinj.com\/blog\/#\/schema\/person\/dcab619c614d3038751c63bc2aadc06d\"},\"description\":\"Protesti Albanaca u Njujorku koji su organizovani zbog navodnih obe\u0107anja koje nije ispunio premijer i predsjednik DPS-a Milo \u0110ukanovi\u0107 potpuno su\",\"breadcrumb\":{\"@id\":\"https:\/\/www.visit-ulcinj.com\/blog\/2013\/10\/05\/skrelja-milu-albanci-nemaju-sto-zamjeriti\/#breadcrumb\"},\"inLanguage\":\"en-US\",\"potentialAction\":[{\"@type\":\"ReadAction\",\"target\":[\"https:\/\/www.visit-ulcinj.com\/blog\/2013\/10\/05\/skrelja-milu-albanci-nemaju-sto-zamjeriti\/\"]}]},{\"@type\":\"BreadcrumbList\",\"@id\":\"https:\/\/www.visit-ulcinj.com\/blog\/2013\/10\/05\/skrelja-milu-albanci-nemaju-sto-zamjeriti\/#breadcrumb\",\"itemListElement\":[{\"@type\":\"ListItem\",\"position\":1,\"name\":\"\u0160krelja: Milu Albanci nemaju \u0161to zamjeriti\"}]},{\"@type\":\"Person\",\"@id\":\"https:\/\/www.visit-ulcinj.com\/blog\/#\/schema\/person\/dcab619c614d3038751c63bc2aadc06d\",\"name\":\"ulqini\",\"sameAs\":[\"http:\/\/www.visit-ulcinj.com\"],\"url\":\"https:\/\/www.visit-ulcinj.com\/blog\/author\/admin\/\"}]}<\/script>\n<!-- \/ Yoast SEO plugin. -->","yoast_head_json":{"title":"\u0160krelja: Milu Albanci nemaju \u0161to zamjeriti - Lajme nga Ulqini","description":"Protesti Albanaca u Njujorku koji su organizovani zbog navodnih obe\u0107anja koje nije ispunio premijer i predsjednik DPS-a Milo \u0110ukanovi\u0107 potpuno su","robots":{"index":"index","follow":"follow","max-snippet":"max-snippet:-1","max-image-preview":"max-image-preview:large","max-video-preview":"max-video-preview:-1"},"canonical":"https:\/\/www.visit-ulcinj.com\/blog\/2013\/10\/05\/skrelja-milu-albanci-nemaju-sto-zamjeriti\/","og_locale":"en_US","og_type":"article","og_title":"\u0160krelja: Milu Albanci nemaju \u0161to zamjeriti - Lajme nga Ulqini","og_description":"Protesti Albanaca u Njujorku koji su organizovani zbog navodnih obe\u0107anja koje nije ispunio premijer i predsjednik DPS-a Milo \u0110ukanovi\u0107 potpuno su","og_url":"https:\/\/www.visit-ulcinj.com\/blog\/2013\/10\/05\/skrelja-milu-albanci-nemaju-sto-zamjeriti\/","og_site_name":"Lajme nga Ulqini","article_published_time":"2013-10-05T16:55:09+00:00","og_image":[{"url":"http:\/\/www.visit-ulcinj.com\/blog\/wp-content\/uploads\/2012\/02\/LUIGJ-SHKRELA_ULQIN.jpg"}],"twitter_misc":{"Written by":"ulqini","Est. reading time":"1 minute"},"schema":{"@context":"https:\/\/schema.org","@graph":[{"@type":"WebSite","@id":"https:\/\/www.visit-ulcinj.com\/blog\/#website","url":"https:\/\/www.visit-ulcinj.com\/blog\/","name":"Lajme nga Ulqini","description":"Lajme,Vijesti,Ulqini,Ulqin,Crna Gora,Mali i Zi","potentialAction":[{"@type":"SearchAction","target":{"@type":"EntryPoint","urlTemplate":"https:\/\/www.visit-ulcinj.com\/blog\/?s={search_term_string}"},"query-input":"required name=search_term_string"}],"inLanguage":"en-US"},{"@type":"ImageObject","inLanguage":"en-US","@id":"https:\/\/www.visit-ulcinj.com\/blog\/2013\/10\/05\/skrelja-milu-albanci-nemaju-sto-zamjeriti\/#primaryimage","url":"https:\/\/www.visit-ulcinj.com\/blog\/wp-content\/uploads\/2012\/02\/LUIGJ-SHKRELA_ULQIN.jpg","contentUrl":"https:\/\/www.visit-ulcinj.com\/blog\/wp-content\/uploads\/2012\/02\/LUIGJ-SHKRELA_ULQIN.jpg","width":"404","height":"720"},{"@type":"WebPage","@id":"https:\/\/www.visit-ulcinj.com\/blog\/2013\/10\/05\/skrelja-milu-albanci-nemaju-sto-zamjeriti\/#webpage","url":"https:\/\/www.visit-ulcinj.com\/blog\/2013\/10\/05\/skrelja-milu-albanci-nemaju-sto-zamjeriti\/","name":"\u0160krelja: Milu Albanci nemaju \u0161to zamjeriti - Lajme nga Ulqini","isPartOf":{"@id":"https:\/\/www.visit-ulcinj.com\/blog\/#website"},"primaryImageOfPage":{"@id":"https:\/\/www.visit-ulcinj.com\/blog\/2013\/10\/05\/skrelja-milu-albanci-nemaju-sto-zamjeriti\/#primaryimage"},"datePublished":"2013-10-05T16:55:09+00:00","dateModified":"2013-10-05T16:55:09+00:00","author":{"@id":"https:\/\/www.visit-ulcinj.com\/blog\/#\/schema\/person\/dcab619c614d3038751c63bc2aadc06d"},"description":"Protesti Albanaca u Njujorku koji su organizovani zbog navodnih obe\u0107anja koje nije ispunio premijer i predsjednik DPS-a Milo \u0110ukanovi\u0107 potpuno su","breadcrumb":{"@id":"https:\/\/www.visit-ulcinj.com\/blog\/2013\/10\/05\/skrelja-milu-albanci-nemaju-sto-zamjeriti\/#breadcrumb"},"inLanguage":"en-US","potentialAction":[{"@type":"ReadAction","target":["https:\/\/www.visit-ulcinj.com\/blog\/2013\/10\/05\/skrelja-milu-albanci-nemaju-sto-zamjeriti\/"]}]},{"@type":"BreadcrumbList","@id":"https:\/\/www.visit-ulcinj.com\/blog\/2013\/10\/05\/skrelja-milu-albanci-nemaju-sto-zamjeriti\/#breadcrumb","itemListElement":[{"@type":"ListItem","position":1,"name":"\u0160krelja: Milu Albanci nemaju \u0161to zamjeriti"}]},{"@type":"Person","@id":"https:\/\/www.visit-ulcinj.com\/blog\/#\/schema\/person\/dcab619c614d3038751c63bc2aadc06d","name":"ulqini","sameAs":["http:\/\/www.visit-ulcinj.com"],"url":"https:\/\/www.visit-ulcinj.com\/blog\/author\/admin\/"}]}},"jetpack_featured_media_url":"","jetpack_sharing_enabled":true,"jetpack_shortlink":"https:\/\/wp.me\/pe6lTn-jwA","_links":{"self":[{"href":"https:\/\/www.visit-ulcinj.com\/blog\/wp-json\/wp\/v2\/posts\/75056"}],"collection":[{"href":"https:\/\/www.visit-ulcinj.com\/blog\/wp-json\/wp\/v2\/posts"}],"about":[{"href":"https:\/\/www.visit-ulcinj.com\/blog\/wp-json\/wp\/v2\/types\/post"}],"author":[{"embeddable":true,"href":"https:\/\/www.visit-ulcinj.com\/blog\/wp-json\/wp\/v2\/users\/1"}],"replies":[{"embeddable":true,"href":"https:\/\/www.visit-ulcinj.com\/blog\/wp-json\/wp\/v2\/comments?post=75056"}],"version-history":[{"count":1,"href":"https:\/\/www.visit-ulcinj.com\/blog\/wp-json\/wp\/v2\/posts\/75056\/revisions"}],"predecessor-version":[{"id":75057,"href":"https:\/\/www.visit-ulcinj.com\/blog\/wp-json\/wp\/v2\/posts\/75056\/revisions\/75057"}],"wp:attachment":[{"href":"https:\/\/www.visit-ulcinj.com\/blog\/wp-json\/wp\/v2\/media?parent=75056"}],"wp:term":[{"taxonomy":"category","embeddable":true,"href":"https:\/\/www.visit-ulcinj.com\/blog\/wp-json\/wp\/v2\/categories?post=75056"},{"taxonomy":"post_tag","embeddable":true,"href":"https:\/\/www.visit-ulcinj.com\/blog\/wp-json\/wp\/v2\/tags?post=75056"}],"curies":[{"name":"wp","href":"https:\/\/api.w.org\/{rel}","templated":true}]}}