{"id":75058,"date":"2013-10-05T18:06:29","date_gmt":"2013-10-05T17:06:29","guid":{"rendered":"http:\/\/www.visit-ulcinj.com\/blog\/?p=75058"},"modified":"2013-10-05T18:06:29","modified_gmt":"2013-10-05T17:06:29","slug":"frrok-vukaj-reportazh-nga-ulqini","status":"publish","type":"post","link":"https:\/\/www.visit-ulcinj.com\/blog\/2013\/10\/05\/frrok-vukaj-reportazh-nga-ulqini\/","title":{"rendered":"Frrok Vukaj: Reportazh nga Ulqini"},"content":{"rendered":"<p><em><strong><a href=\"http:\/\/www.visit-ulcinj.com\/blog\/wp-content\/uploads\/2011\/06\/ulqini_limani_rana.jpg\"><img loading=\"lazy\" class=\"alignleft  wp-image-48230\" alt=\"ulqini_limani_rana\" src=\"http:\/\/www.visit-ulcinj.com\/blog\/wp-content\/uploads\/2011\/06\/ulqini_limani_rana.jpg\" width=\"508\" height=\"400\" \/><\/a>Mesazhe pune, bashk\u00ebpunimi dhe harmonie n\u00eb gjimnazin \u201cV\u00ebllaz\u00ebrim\u2013Bashkim\u201d. N\u00eb gjimnazin e Ulqinit punohet praktikisht \u00e7do dit\u00eb e m\u00eb shum\u00eb p\u00ebr edukimin me lirit\u00eb e t\u00eb drejtat e njeriut, por edhe p\u00ebr detyrat, p\u00ebr marr\u00ebdh\u00ebnie t\u00eb sh\u00ebndosha multi-etnike, p\u00ebr dashurin\u00eb p\u00ebr dijen, p\u00ebr pun\u00ebn, p\u00ebr civilizimin e p\u00ebrparimin.<\/strong><\/em><\/p>\n<p><span style=\"color: #000000;\"><strong>Ekskluzive nga Frrok Vukaj, Akademia Pedagogjike e Tiran\u00ebs<\/strong><\/span><\/p>\n<p><a href=\"http:\/\/www.visit-ulcinj.com\/blog\/wp-content\/uploads\/2013\/10\/Frrok-Vukaj.jpg\"><img loading=\"lazy\" class=\"alignleft size-full wp-image-75059\" alt=\"Frrok Vukaj\" src=\"http:\/\/www.visit-ulcinj.com\/blog\/wp-content\/uploads\/2013\/10\/Frrok-Vukaj.jpg\" width=\"263\" height=\"273\" \/><\/a>Ulqini \u00ebsht\u00eb nj\u00eb vend i bukur dhe i k\u00ebndsh\u00ebm jo vet\u00ebm p\u00ebr vendasit, por p\u00ebr \u00e7do vizitor. Jan\u00eb shum\u00eb gj\u00ebra q\u00eb e b\u00ebjn\u00eb t\u00eb mos t\u00eb ndahet vet\u00ebm me nj\u00eb vizit\u00eb. Para pak dit\u00ebsh, me Prof. dr e nderuar Musa Kraja, rektor i Akademis\u00eb Pedagogjike t\u00eb Tiran\u00ebs, b\u00ebm\u00eb nj\u00eb vizit\u00eb n\u00eb k\u00ebt\u00eb qytet.<\/p>\n<p>Kjo Akademi po b\u00ebn nj\u00eb pun\u00eb serioze e vizionare n\u00eb fush\u00ebn e arsimit\u00a0 jo vet\u00ebm brenda institucionit, por edhe m\u00eb gjer\u00eb. Ka marr\u00ebveshje bashk\u00ebpunimi brenda dhe jasht\u00eb vendit me disa institucione t\u00eb larta arsimore, por edhe shkencore. Koh\u00ebt e fundit po punon p\u00ebr t\u2019u lidhur dhe me institucione t\u00eb arsimit t\u00eb mes\u00ebm pasi p\u00ebrgatit punonj\u00ebs t\u00eb specializuar p\u00ebr k\u00ebt\u00eb fush\u00eb t\u00eb nivelit Bachelor p\u00ebr disa deg\u00eb, por edhe Master profesional e shkencor n\u00eb fush\u00ebn e m\u00ebsuesis\u00eb duke bashk\u00ebpunuar edhe p\u00ebr kualifikimin e m\u00ebsuesve t\u00eb arsimit 9 \u2013vje\u00e7ardhe t\u00eb mes\u00ebm. N\u00eb kuad\u00ebr u realizua dhe takimi yn\u00eb n\u00eb gjimnazin e Ulqinit, institucion arsimor q\u00eb daton prej vitit 1963 si paralele e ndar\u00eb e gjimnazit t\u00eb Tivarit. Dy vjet m\u00eb von\u00eb ngrihet gjimnazi i Ulqinit n\u00eb dy gjuh\u00eb, serbo \u2013 kroate e shqipe dhe deri n\u00eb vitin 1974 punon i pavarur. M\u00eb pas bashkohen gjimnazi e shkolla profesionale duke formuar shkoll\u00ebn e mesme t\u00eb bashkuar. Sot \u00ebsht\u00eb shkoll\u00eb e mesme e bashkuar\u00a0 (e vetmja\u00a0 e mesme shtet\u00ebrore n\u00eb Ulqin) shum\u00ebdeg\u00ebshe: gjimnaz i p\u00ebrgjithsh\u00ebm, teknik ekonomie, teknik turizmi, teknik marketingu e tregtie. Gjithsej shkolla ka 1100 nx\u00ebn\u00ebs me 40 paralele, 12 prej t\u00eb cilave me 400 nx\u00ebn\u00ebs q\u00eb m\u00ebsojn\u00eb n\u00eb gjuh\u00ebn malaziase.<\/p>\n<p>M\u00ebsojm\u00eb se kjo godin\u00eb \u00ebsht\u00eb dhurat\u00eb e popullit t\u00eb Bosnje-Hercegovin\u00ebs pas t\u00ebrmetit t\u00eb vitit 1968. Ndaj n\u00eb shenj\u00eb respekti shkolla vazhdon t\u00eb mbaj\u00eb emrin kuptimplot\u00eb \u201cV\u00ebllaz\u00ebrim \u2013 Bashkim\u201d. Qysh n\u00eb pamje t\u00eb par\u00eb na prezantohet nj\u00eb nd\u00ebrtes\u00eb disi e vjet\u00ebrsuar, ku bie n\u00eb sy edhe dora e p\u00ebrkujdesja e m\u00ebsuesve t\u00eb nx\u00ebn\u00ebsve p\u00ebr ta ruajtur e mir\u00ebmbajtur.\u00a0 Bie n\u00eb sy rregulli e disiplina. Tingujt e ziles na nd\u00ebrpresin dhe bisedat e ngrohta e miq\u00ebsore. Zbatimin e orarit e kan\u00eb gj\u00eb t\u00eb shenjt\u00eb e kjo flet shum\u00eb. N\u00eb k\u00ebt\u00eb hap\u00ebsire kohore na shoq\u00ebron drejtori e m\u00ebsuesit q\u00eb nuk kan\u00eb m\u00ebsim p\u00ebr momentin. P\u00ebrve\u00e7 pun\u00ebs s\u00eb palodhur t\u00eb m\u00ebsuesve dhe te nx\u00ebn\u00ebsve, drejtori t\u00eb jep p\u00ebrshtypjen e nj\u00eb gjeneratori t\u00eb fuqish\u00ebm q\u00eb ve n\u00eb l\u00ebvizje gjymtyr\u00ebt e k\u00ebtij organizmi&#8230; Nuk v\u00ebrejt\u00ebm tek ai asnj\u00eb shenj\u00eb nervozizmi e aq m\u00eb pak arrogance e mendjemadh\u00ebsie. Nj\u00eb p\u00ebrshtypje t\u00eb till\u00eb m\u00eb pohuan dhe koleg\u00ebt e tij. Bile, edhe n\u00eb bisedat disi t\u00ebve\u00e7uara e private, nuk d\u00ebgjova as lexova n\u00eb syt\u00eb e ndonj\u00ebrit t\u00eb kund\u00ebrt\u00ebn e saj, por fjal\u00ebt m\u00eb t\u00eb mira. Kuptuam se ishte nj\u00eb organizator dhe moderator i shk\u00eblqyer. N\u00eb fillim, disi u habita se nuk pata at\u00eb ndjesi, por m\u00eb von\u00eb kuptova nj\u00eb t\u00eb v\u00ebrtet\u00eb t\u00eb madhe. K\u00ebrkues, i lidhur me pun\u00ebn, bashk\u00ebpunues me koleg, nx\u00ebn\u00ebs e prind\u00ebr. M\u00eb befasojn\u00eb m\u00eb shum\u00eb vler\u00ebsimit q\u00eb ai p\u00ebrmend p\u00ebr komunitetin e biznesmen\u00ebt, p\u00ebr ndihm\u00ebn e pakursyer e t\u00eb painteres q\u00eb jepnin p\u00ebr nevojat e shkoll\u00ebs. E quajn\u00eb Hysen Katana por me afinitet i th\u00ebrrasin drejtor Ceni. 33 vite pune n\u00eb k\u00ebt\u00eb shkoll\u00eb, nj\u00eb p\u00ebrvoj\u00eb e gjat\u00eb dhe e vyer. Ngjitja e tij e but\u00eb, progresive dhe e motivuar. Fillimisht 6 vjet m\u00ebsues, m\u00eb von\u00eb 12 vite zv.drejtor e s\u00eb fundi 15 vite drejtor.<\/p>\n<p>Pasdite m\u00eb shoq\u00ebroi ndihm\u00ebsdrejtoresha, Majlinda Duraku nj\u00eb zonj\u00eb e nderuar dhe e respektuar, nj\u00eb anglisht fol\u00ebse e aft\u00eb dhe e pasionuar p\u00ebr pun\u00ebn. Mungesa e mjediseve t\u00eb bollshme m\u00eb pezmatoi disi, por d\u00ebgjova se n\u00eb vitin e ardhsh\u00ebm do t\u00eb nd\u00ebrtohej shkoll\u00eb e re e projektuar me parametra bashk\u00ebkohore e mjedise t\u00eb bollshme.\u00a0 Un\u00eb pata rastin e mir\u00eb t\u00eb takoja m\u00ebsues, nx\u00ebn\u00ebs e prind\u00ebr e t\u00eb vizitoja shum\u00eb mjedise t\u00eb shkoll\u00ebs deri palestr\u00ebn dhe bibliotek\u00ebn, por me hap\u00ebsira te vogla krahasuar me k\u00ebrkesat.<\/p>\n<p>N\u00eb k\u00ebt\u00eb palest\u00ebr me sip\u00ebrfaqe 1200 m katror e 1000 ul\u00ebse st\u00ebrviteshin edhe disa ekipe sportive t\u00eb Ulqinit. N\u00ebn drejtimin e ndihm\u00ebsdrejtorit, malaziasit Mijo Androvic, n\u00eb shkoll\u00eb jan\u00eb ngritur e funksionojn\u00eb disa ekipe, bile dhe me element cil\u00ebsore q\u00eb luajn\u00eb me ekipet e Ulqinit, apo t\u00eb tjer\u00eb ish-nx\u00ebn\u00ebs q\u00eb luajn\u00eb me ekipet e Malit t\u00eb Zi e Evrop\u00ebs.<\/p>\n<p>Bisedoj dhe si i thon\u00eb fjal\u00ebs \u201cku dh\u00ebmb dh\u00ebmbi vete gjuha\u201d , por shpejt e shpejt marr p\u00ebrgjigje q\u00eb nuk m\u00eb k\u00ebnaqin fort.<\/p>\n<p>N\u00eb paralelet me nx\u00ebn\u00ebs shqiptar\u00eb m\u00ebsohet shqip, por edhe gjuha zyrtare malaziase. Nd\u00ebrsa n\u00eb klasat e tjera m\u00ebsohet malaziase por jo gjuha shqipe. Sa do t\u00eb doja q\u00eb m\u00ebsimi i gjuh\u00ebve t\u00eb ishte i nd\u00ebrsjell\u00ebt, sepse k\u00ebshtu pal\u00ebt integrohen m\u00eb mir\u00eb n\u00eb jet\u00ebn ekonomiko-shoq\u00ebrore.<\/p>\n<p>Ve\u00e7 k\u00ebsaj, ku mund t\u00eb punohet dhe m\u00eb mir\u00eb, ku ka vend dhe p\u00ebr p\u00ebrmir\u00ebsime, nj\u00eb fakt tjet\u00ebr \u00ebsht\u00eb mbres\u00ebl\u00ebn\u00ebs. N\u00eb k\u00ebt\u00eb shkoll\u00eb japin m\u00ebsim prej 10 vitesh profesor\u00eb gjerman\u00eb, n\u00eb zbatim t\u00eb projektit gjerman \u201c Ndihm\u00eb p\u00ebr vendet e Ballkanit \u201c. Rezultatet jan\u00eb t\u00eb lavd\u00ebrueshme. Profesor\u00ebt Armir Shure, Berrn e Johan Galer shquhen p\u00ebr nj\u00eb pun\u00eb t\u00eb p\u00ebrkushtuar e cila u ka sjell\u00eb dhe k\u00ebnaq\u00ebsin\u00eb e suksesit. Nx\u00ebn\u00ebsit e tyre disa her\u00eb kan\u00eb z\u00ebn\u00eb vende t\u00eb para n\u00eb konkurse ballkanike, disa prej t\u00eb cil\u00ebve kan\u00eb vazhduar studimet n\u00eb Gjermani. Me shpenzimet e k\u00ebtij shteti sot studiojn\u00eb af\u00ebr 10 nx\u00ebn\u00ebs, nd\u00ebrkoh\u00eb 300 nx\u00ebn\u00ebs t\u00eb k\u00ebsaj shkolle kan\u00eb marr\u00eb diplom\u00eb gjermane me t\u00eb drejt\u00eb regjistrimi n\u00eb \u00e7do fakultet ku flitet e shkruhet gjermanisht.<\/p>\n<p>P\u00ebrve\u00e7 m\u00ebsimit t\u00eb gjuh\u00ebs shqipe e malaziase, \u00e7do nx\u00ebn\u00ebs duhet t\u00eb zgjedhe edhe dy gjuh\u00eb t\u00eb tjera (Anglisht , Gjermanisht , Fr\u00ebngjisht). N\u00eb shum\u00eb konkurse e gara kan\u00eb z\u00ebn\u00eb vende t\u00eb para n\u00eb Mal t\u00eb Zi duke p\u00ebrfaq\u00ebsuar shtetin n\u00eb veprimtarit\u00eb e organizuara p\u00ebr Ballkanin e Evrop\u00ebn .<\/p>\n<p>Nx\u00ebn\u00ebsit e k\u00ebsaj shkolle gjithashtu jan\u00eb dalluar p\u00ebr arritje t\u00eb mira n\u00eb veprimtarit\u00eb dhe garat sportive, ato t\u00eb matematik\u00ebs, artit, kimis\u00eb e biologjis\u00eb, etj.<\/p>\n<p>K\u00ebt\u00eb vit kan\u00eb z\u00ebn\u00eb vend t\u00eb par\u00eb n\u00eb ekonomi biznes e do t\u00eb p\u00ebrfaq\u00ebsojn\u00eb shtetin n\u00eb garat ballkanike q\u00eb do t\u00eb organizohen n\u00eb Beograd. Dritan Mara, 3 vjet rresht ka z\u00ebn\u00eb vend t\u00eb par\u00eb n\u00eb shkall\u00eb vendi, n\u00eb Budva p\u00ebr kuzhin\u00eb e kamerier.<\/p>\n<p>Duke qene se 4-5 deg\u00eb t\u00eb k\u00ebsaj shkoll\u00eb jan\u00eb profesionale u interesuam edhe p\u00ebr organizimin e praktikave. N\u00eb munges\u00eb t\u00eb mund\u00ebsive t\u00eb plota p\u00ebr t\u2019i organizuar n\u00eb shkoll\u00eb, drejtoria ka gjetur rrug\u00eb t\u00eb tjera efektive n\u00eb saj\u00eb t\u00eb lidhjeve e bashk\u00ebpunimit t\u00eb ngusht\u00eb me komunitetin.<\/p>\n<p>Me marr\u00ebveshje, n\u00eb rrug\u00eb planifikimi k\u00ebto praktika kryhen n\u00eb servise, hoteleri, agjenci turistike, nd\u00ebrmarrje private e shtet\u00ebrore etj. K\u00ebshtu ata p\u00ebrgatiten, p\u00ebrshtaten e m\u00ebsohen edhe me pun\u00ebn e tyre t\u00eb ardhshme. Kjo ka arritur edhe m\u00eb shum\u00eb interesin e nd\u00ebrsjell\u00ebt pun\u00ebmarr\u00ebs, prind\u00ebr, shkoll\u00eb. N\u00eb shkoll\u00eb n\u00eb funksion t\u00eb procesit m\u00ebsimor edukativ, \u00ebsht\u00eb krijuar edhe nj\u00eb tradit\u00eb e bukur dhe e guximshme . Them e guximshme se n\u00eb Shqip\u00ebri ka nj\u00eb frik\u00eb t\u00eb dukshme p\u00ebr organizimin e ekskursioneve m\u00ebsimore. K\u00ebto kan\u00eb vlera t\u00eb m\u00ebdha, t\u00eb gjithanshme dhe vlejn\u00eb shum\u00eb e m\u00eb shum\u00eb se dhjet\u00ebra or\u00eb m\u00ebsimi teorike n\u00eb klas\u00eb. Nx\u00ebn\u00ebsit duhet t\u00eb dalin jasht\u00eb mureve t\u00eb shkoll\u00ebs, por me nj\u00eb disiplin\u00eb e program rigoroz.<\/p>\n<p>N\u00eb Ulqin askush nuk i paragjykon ekskursionet. Vitet e para dhe t\u00eb dyta zakonisht vizitat i b\u00ebjn\u00eb brenda Malit t\u00eb Zi, n\u00eb Shqip\u00ebri e vende t\u00eb af\u00ebrta t\u00eb Ballkanit.<\/p>\n<p>Mbi 80% e maturant\u00ebve brenda planprogramit t\u00eb miratuar nga Ministria e Arsimit kan\u00eb organizuar vizita n\u00eb Turqi, Spanj\u00eb, Greqi, Itali, Hungari etj. T\u00eb suksesshme e me vler\u00eb jan\u00eb lidhjet e bashk\u00ebpunimit me nj\u00eb shkoll\u00eb hotelerie n\u00eb Vjen\u00eb dhe n\u00eb Frojdenshtant t\u00eb Gjermanis\u00eb.<\/p>\n<p>\u00c7do vit b\u00ebjn\u00eb vizita t\u00eb nd\u00ebrsjellat mbi 30 nx\u00ebn\u00ebs e m\u00ebsues nga dy jav\u00eb duke u strehuar tek familjet e njeri \u2013 tjetrit . N\u00eb k\u00ebto 10 vitet e fundit kan\u00eb shkuar mbi 500 nx\u00ebn\u00ebs q\u00eb kan\u00eb m\u00ebsuar nga p\u00ebrvoja e nj\u00ebri tjetrit duke forcuar edhe lidhjet miq\u00ebsore. Duke qen\u00eb se n\u00eb k\u00ebt\u00eb shkoll\u00eb \u00ebsht\u00eb nj\u00eb mjedis multi-etnik, kulturor, fetar etj. na b\u00ebri p\u00ebrshtypje pozitive bashk\u00ebpunimi dhe harmonia e nx\u00ebn\u00ebsve, por edhe e m\u00ebsuesve. Asnj\u00eb shenj\u00eb\u00a0\u00a0 diskriminimi, p\u00ebr\u00e7mimi dhe fyerjeje p\u00ebr t\u2019u sh\u00ebnuar apo shfaqje t\u00eb tjera t\u00eb k\u00ebsaj natyre. Integrimi \u00ebsht\u00eb i nd\u00ebrsjell\u00ebt n\u00eb jet\u00ebn politike, ekonomike, shoq\u00ebrore e n\u00eb veprimtarit\u00eb e shum\u00ebllojshme q\u00eb organizon shkolla.<\/p>\n<p>\u00cbsht\u00eb k\u00ebnaq\u00ebsi t\u00eb kujtojm\u00eb se pedagogu malazias, Magjister Vuksan Vuksanovic me d\u00ebshir\u00eb do t\u00eb referoj\u00eb n\u00eb nj\u00eb Konferenc\u00eb Nd\u00ebrkomb\u00ebtare q\u00eb do t\u00eb organozohet k\u00ebto dit\u00eb nga Akademia Pedagogjike e Tiran\u00ebs.<\/p>\n<p>N\u00eb gjimnazin e Ulqinit punohet praktikisht \u00e7do dit\u00eb e m\u00eb shum\u00eb p\u00ebr edukimin me lirit\u00eb e t\u00eb drejtat e njeriut, por edhe p\u00ebr detyrat, p\u00ebr marr\u00ebdh\u00ebnie t\u00eb sh\u00ebndosha multi-etnike, p\u00ebr dashurin\u00eb p\u00ebr dijen, p\u00ebr pun\u00ebn, p\u00ebr civilizimin e p\u00ebrparimin.<\/p>\n<p>Kjo ka b\u00ebr\u00eb t\u00eb mundur q\u00eb secili ta ndjehet mir\u00eb dhe m\u00eb i motivuar.\u00a0 Mendoj se k\u00ebtu \u00ebsht\u00eb baza e sukseseve, prandaj mbi 80 % e maturanteve vazhdojn\u00eb studimet e larta e dallojn\u00eb p\u00ebr arritje t\u00eb mira. K\u00ebsaj i sh\u00ebrben edhe baza material didaktike e mir\u00eb, funksionimi i disa kabineteve , p\u00ebrdorimi funksional i mbi 100 kompjuter\u00ebve e shum\u00eb video projektor\u00ebve e aparaturave q\u00eb i sh\u00ebrbejn\u00eb m\u00ebsimit.\u00a0 Revista \u201cFillimet\u201d n\u00eb dy gjuh\u00eb, organ i k\u00ebsaj shkolle \u00ebsht\u00eb tregues tjet\u00ebr q\u00eb sh\u00ebrben p\u00ebr shk\u00ebmbimin e p\u00ebrvoj\u00ebs, arritjeve t\u00eb shkoll\u00ebs e m\u00eb gjer\u00eb. K\u00ebto e shum\u00eb t\u00eb tjera q\u00eb nuk i tham\u00eb realizohen me pun\u00ebn e p\u00ebrkushtuar t\u00eb stafit pedagogjik i cili punon n\u00eb unitet e frontalisht. Po ve\u00e7ojm\u00eb disa prej tyre: Doktor\u00ebt e shkencave Nexhadin Avdiu e Maksut Haxhibrahim dhe pedagog\u00ebt Fatmira Molla, Hyrie Hoxha, Myzafet Gjoni, Nezir Gjecbritaj, Rasim Muja, Hava Perazic, Mijanovic Zdraviko, Lilana Rabrenovic, Senat Kocan, Valbona Dervishi, Naser Halili, Valdet Kurti, etj. disa prej t\u00eb cil\u00ebve do t\u00eb marrin pjes\u00eb me punimet e tyre n\u00eb konferenc\u00ebn Pedagogjike Nd\u00ebrkomb\u00ebtare q\u00eb p\u00ebrmend\u00ebm m\u00eb sip\u00ebr.<\/p>\n<p>Nuk mund t\u00eb harroj edhe nj\u00eb befasi t\u00eb k\u00ebndshme n\u00eb takimin me disa m\u00ebsues e nj\u00eb klase mature. U mundova t\u2019u kurseja koh\u00ebn duke folur sa m\u00eb shkurt e me argumente konkrete kur p\u00ebrmenda AP t\u00eb Tiran\u00ebs shp\u00ebrthyen me duartrokitje\u2026<\/p>\n<p>Pak m\u00eb von\u00eb kur u thash\u00eb se rektori i k\u00ebsaj akademie \u00ebsht\u00eb profesor Kraja u shtuan edhe m\u00eb shum\u00eb duartrokitjet. Kur pyeta m\u00eb shpjeguan se nx\u00ebn\u00ebsit e k\u00ebsaj klase jan\u00eb ulqinak\u00eb me prejardhje nga krahina e Kraj\u00ebs, e banuar me shqiptar\u00eb autokton\u00eb sot brenda kufirit administrativ t\u00eb shtetit malazes.<\/p>\n<p>M\u00eb bu\u00e7asin n\u00eb vesh\u00eb k\u00ebto duartrokitje duke i ndjer\u00eb si nj\u00eb simfoni t\u00eb bukur p\u00ebr Atdheun ton\u00eb t\u00eb p\u00ebrbashk\u00ebt.<\/p>\n<p>N\u00eb mbyllje edhe nj\u00eb sihariq p\u00ebr lexuesit e k\u00ebtij shkrimi. Loti i par\u00eb i zgjerimit e rikonstruksionit t\u00eb rrug\u00ebs s\u00eb makin\u00ebs nga dogana drejt Ulqinit po vazhdon me pun\u00eb intensive dhe do t\u00eb mbaroj\u00eb s\u00eb shpejti. M\u00eb von\u00eb jan\u00eb planifikuar edhe lot\u00ebt e tjera duke na afruar edhe m\u00eb shum\u00eb me Ulqinin.<\/p>\n<p><strong>Burimi:\u00a0 Zemrashqiptare.net<\/strong><\/p>\n","protected":false},"excerpt":{"rendered":"<p>Mesazhe pune, bashk\u00ebpunimi dhe harmonie n\u00eb gjimnazin \u201cV\u00ebllaz\u00ebrim\u2013Bashkim\u201d. N\u00eb gjimnazin e Ulqinit punohet praktikisht \u00e7do dit\u00eb e m\u00eb shum\u00eb p\u00ebr edukimin me lirit\u00eb e t\u00eb drejtat e njeriut, por edhe p\u00ebr detyrat, p\u00ebr marr\u00ebdh\u00ebnie t\u00eb sh\u00ebndosha multi-etnike, p\u00ebr dashurin\u00eb p\u00ebr dijen, p\u00ebr pun\u00ebn, p\u00ebr civilizimin e p\u00ebrparimin. Ekskluzive nga Frrok Vukaj, Akademia Pedagogjike e Tiran\u00ebs [&hellip;]<\/p>\n","protected":false},"author":1,"featured_media":0,"comment_status":"closed","ping_status":"closed","sticky":false,"template":"","format":"standard","meta":{"spay_email":"","jetpack_publicize_message":"","jetpack_is_tweetstorm":false,"jetpack_publicize_feature_enabled":true},"categories":[13],"tags":[],"jetpack_publicize_connections":[],"yoast_head":"<!-- This site is optimized with the Yoast SEO plugin v19.1 - https:\/\/yoast.com\/wordpress\/plugins\/seo\/ -->\n<title>Frrok Vukaj: Reportazh nga Ulqini - Lajme nga Ulqini<\/title>\n<meta name=\"description\" content=\"Mesazhe pune, bashk\u00ebpunimi dhe harmonie n\u00eb gjimnazin \u201cV\u00ebllaz\u00ebrim\u2013Bashkim\u201d. N\u00eb gjimnazin e Ulqinit punohet praktikisht \u00e7do dit\u00eb e m\u00eb shum\u00eb p\u00ebr edukimin me\" \/>\n<meta name=\"robots\" content=\"index, follow, max-snippet:-1, max-image-preview:large, max-video-preview:-1\" \/>\n<link rel=\"canonical\" href=\"https:\/\/www.visit-ulcinj.com\/blog\/2013\/10\/05\/frrok-vukaj-reportazh-nga-ulqini\/\" \/>\n<meta property=\"og:locale\" content=\"en_US\" \/>\n<meta property=\"og:type\" content=\"article\" \/>\n<meta property=\"og:title\" content=\"Frrok Vukaj: Reportazh nga Ulqini - Lajme nga Ulqini\" \/>\n<meta property=\"og:description\" content=\"Mesazhe pune, bashk\u00ebpunimi dhe harmonie n\u00eb gjimnazin \u201cV\u00ebllaz\u00ebrim\u2013Bashkim\u201d. N\u00eb gjimnazin e Ulqinit punohet praktikisht \u00e7do dit\u00eb e m\u00eb shum\u00eb p\u00ebr edukimin me\" \/>\n<meta property=\"og:url\" content=\"https:\/\/www.visit-ulcinj.com\/blog\/2013\/10\/05\/frrok-vukaj-reportazh-nga-ulqini\/\" \/>\n<meta property=\"og:site_name\" content=\"Lajme nga Ulqini\" \/>\n<meta property=\"article:published_time\" content=\"2013-10-05T17:06:29+00:00\" \/>\n<meta property=\"og:image\" content=\"http:\/\/www.visit-ulcinj.com\/blog\/wp-content\/uploads\/2011\/06\/ulqini_limani_rana.jpg\" \/>\n<meta name=\"twitter:label1\" content=\"Written by\" \/>\n\t<meta name=\"twitter:data1\" content=\"ulqini\" \/>\n\t<meta name=\"twitter:label2\" content=\"Est. reading time\" \/>\n\t<meta name=\"twitter:data2\" content=\"11 minutes\" \/>\n<script type=\"application\/ld+json\" class=\"yoast-schema-graph\">{\"@context\":\"https:\/\/schema.org\",\"@graph\":[{\"@type\":\"WebSite\",\"@id\":\"https:\/\/www.visit-ulcinj.com\/blog\/#website\",\"url\":\"https:\/\/www.visit-ulcinj.com\/blog\/\",\"name\":\"Lajme nga Ulqini\",\"description\":\"Lajme,Vijesti,Ulqini,Ulqin,Crna Gora,Mali i Zi\",\"potentialAction\":[{\"@type\":\"SearchAction\",\"target\":{\"@type\":\"EntryPoint\",\"urlTemplate\":\"https:\/\/www.visit-ulcinj.com\/blog\/?s={search_term_string}\"},\"query-input\":\"required name=search_term_string\"}],\"inLanguage\":\"en-US\"},{\"@type\":\"ImageObject\",\"inLanguage\":\"en-US\",\"@id\":\"https:\/\/www.visit-ulcinj.com\/blog\/2013\/10\/05\/frrok-vukaj-reportazh-nga-ulqini\/#primaryimage\",\"url\":\"https:\/\/www.visit-ulcinj.com\/blog\/wp-content\/uploads\/2011\/06\/ulqini_limani_rana.jpg\",\"contentUrl\":\"https:\/\/www.visit-ulcinj.com\/blog\/wp-content\/uploads\/2011\/06\/ulqini_limani_rana.jpg\",\"width\":\"640\",\"height\":\"628\"},{\"@type\":\"WebPage\",\"@id\":\"https:\/\/www.visit-ulcinj.com\/blog\/2013\/10\/05\/frrok-vukaj-reportazh-nga-ulqini\/#webpage\",\"url\":\"https:\/\/www.visit-ulcinj.com\/blog\/2013\/10\/05\/frrok-vukaj-reportazh-nga-ulqini\/\",\"name\":\"Frrok Vukaj: Reportazh nga Ulqini - Lajme nga Ulqini\",\"isPartOf\":{\"@id\":\"https:\/\/www.visit-ulcinj.com\/blog\/#website\"},\"primaryImageOfPage\":{\"@id\":\"https:\/\/www.visit-ulcinj.com\/blog\/2013\/10\/05\/frrok-vukaj-reportazh-nga-ulqini\/#primaryimage\"},\"datePublished\":\"2013-10-05T17:06:29+00:00\",\"dateModified\":\"2013-10-05T17:06:29+00:00\",\"author\":{\"@id\":\"https:\/\/www.visit-ulcinj.com\/blog\/#\/schema\/person\/dcab619c614d3038751c63bc2aadc06d\"},\"description\":\"Mesazhe pune, bashk\u00ebpunimi dhe harmonie n\u00eb gjimnazin \u201cV\u00ebllaz\u00ebrim\u2013Bashkim\u201d. N\u00eb gjimnazin e Ulqinit punohet praktikisht \u00e7do dit\u00eb e m\u00eb shum\u00eb p\u00ebr edukimin me\",\"breadcrumb\":{\"@id\":\"https:\/\/www.visit-ulcinj.com\/blog\/2013\/10\/05\/frrok-vukaj-reportazh-nga-ulqini\/#breadcrumb\"},\"inLanguage\":\"en-US\",\"potentialAction\":[{\"@type\":\"ReadAction\",\"target\":[\"https:\/\/www.visit-ulcinj.com\/blog\/2013\/10\/05\/frrok-vukaj-reportazh-nga-ulqini\/\"]}]},{\"@type\":\"BreadcrumbList\",\"@id\":\"https:\/\/www.visit-ulcinj.com\/blog\/2013\/10\/05\/frrok-vukaj-reportazh-nga-ulqini\/#breadcrumb\",\"itemListElement\":[{\"@type\":\"ListItem\",\"position\":1,\"name\":\"Frrok Vukaj: Reportazh nga Ulqini\"}]},{\"@type\":\"Person\",\"@id\":\"https:\/\/www.visit-ulcinj.com\/blog\/#\/schema\/person\/dcab619c614d3038751c63bc2aadc06d\",\"name\":\"ulqini\",\"sameAs\":[\"http:\/\/www.visit-ulcinj.com\"],\"url\":\"https:\/\/www.visit-ulcinj.com\/blog\/author\/admin\/\"}]}<\/script>\n<!-- \/ Yoast SEO plugin. -->","yoast_head_json":{"title":"Frrok Vukaj: Reportazh nga Ulqini - Lajme nga Ulqini","description":"Mesazhe pune, bashk\u00ebpunimi dhe harmonie n\u00eb gjimnazin \u201cV\u00ebllaz\u00ebrim\u2013Bashkim\u201d. N\u00eb gjimnazin e Ulqinit punohet praktikisht \u00e7do dit\u00eb e m\u00eb shum\u00eb p\u00ebr edukimin me","robots":{"index":"index","follow":"follow","max-snippet":"max-snippet:-1","max-image-preview":"max-image-preview:large","max-video-preview":"max-video-preview:-1"},"canonical":"https:\/\/www.visit-ulcinj.com\/blog\/2013\/10\/05\/frrok-vukaj-reportazh-nga-ulqini\/","og_locale":"en_US","og_type":"article","og_title":"Frrok Vukaj: Reportazh nga Ulqini - Lajme nga Ulqini","og_description":"Mesazhe pune, bashk\u00ebpunimi dhe harmonie n\u00eb gjimnazin \u201cV\u00ebllaz\u00ebrim\u2013Bashkim\u201d. N\u00eb gjimnazin e Ulqinit punohet praktikisht \u00e7do dit\u00eb e m\u00eb shum\u00eb p\u00ebr edukimin me","og_url":"https:\/\/www.visit-ulcinj.com\/blog\/2013\/10\/05\/frrok-vukaj-reportazh-nga-ulqini\/","og_site_name":"Lajme nga Ulqini","article_published_time":"2013-10-05T17:06:29+00:00","og_image":[{"url":"http:\/\/www.visit-ulcinj.com\/blog\/wp-content\/uploads\/2011\/06\/ulqini_limani_rana.jpg"}],"twitter_misc":{"Written by":"ulqini","Est. reading time":"11 minutes"},"schema":{"@context":"https:\/\/schema.org","@graph":[{"@type":"WebSite","@id":"https:\/\/www.visit-ulcinj.com\/blog\/#website","url":"https:\/\/www.visit-ulcinj.com\/blog\/","name":"Lajme nga Ulqini","description":"Lajme,Vijesti,Ulqini,Ulqin,Crna Gora,Mali i Zi","potentialAction":[{"@type":"SearchAction","target":{"@type":"EntryPoint","urlTemplate":"https:\/\/www.visit-ulcinj.com\/blog\/?s={search_term_string}"},"query-input":"required name=search_term_string"}],"inLanguage":"en-US"},{"@type":"ImageObject","inLanguage":"en-US","@id":"https:\/\/www.visit-ulcinj.com\/blog\/2013\/10\/05\/frrok-vukaj-reportazh-nga-ulqini\/#primaryimage","url":"https:\/\/www.visit-ulcinj.com\/blog\/wp-content\/uploads\/2011\/06\/ulqini_limani_rana.jpg","contentUrl":"https:\/\/www.visit-ulcinj.com\/blog\/wp-content\/uploads\/2011\/06\/ulqini_limani_rana.jpg","width":"640","height":"628"},{"@type":"WebPage","@id":"https:\/\/www.visit-ulcinj.com\/blog\/2013\/10\/05\/frrok-vukaj-reportazh-nga-ulqini\/#webpage","url":"https:\/\/www.visit-ulcinj.com\/blog\/2013\/10\/05\/frrok-vukaj-reportazh-nga-ulqini\/","name":"Frrok Vukaj: Reportazh nga Ulqini - Lajme nga Ulqini","isPartOf":{"@id":"https:\/\/www.visit-ulcinj.com\/blog\/#website"},"primaryImageOfPage":{"@id":"https:\/\/www.visit-ulcinj.com\/blog\/2013\/10\/05\/frrok-vukaj-reportazh-nga-ulqini\/#primaryimage"},"datePublished":"2013-10-05T17:06:29+00:00","dateModified":"2013-10-05T17:06:29+00:00","author":{"@id":"https:\/\/www.visit-ulcinj.com\/blog\/#\/schema\/person\/dcab619c614d3038751c63bc2aadc06d"},"description":"Mesazhe pune, bashk\u00ebpunimi dhe harmonie n\u00eb gjimnazin \u201cV\u00ebllaz\u00ebrim\u2013Bashkim\u201d. N\u00eb gjimnazin e Ulqinit punohet praktikisht \u00e7do dit\u00eb e m\u00eb shum\u00eb p\u00ebr edukimin me","breadcrumb":{"@id":"https:\/\/www.visit-ulcinj.com\/blog\/2013\/10\/05\/frrok-vukaj-reportazh-nga-ulqini\/#breadcrumb"},"inLanguage":"en-US","potentialAction":[{"@type":"ReadAction","target":["https:\/\/www.visit-ulcinj.com\/blog\/2013\/10\/05\/frrok-vukaj-reportazh-nga-ulqini\/"]}]},{"@type":"BreadcrumbList","@id":"https:\/\/www.visit-ulcinj.com\/blog\/2013\/10\/05\/frrok-vukaj-reportazh-nga-ulqini\/#breadcrumb","itemListElement":[{"@type":"ListItem","position":1,"name":"Frrok Vukaj: Reportazh nga Ulqini"}]},{"@type":"Person","@id":"https:\/\/www.visit-ulcinj.com\/blog\/#\/schema\/person\/dcab619c614d3038751c63bc2aadc06d","name":"ulqini","sameAs":["http:\/\/www.visit-ulcinj.com"],"url":"https:\/\/www.visit-ulcinj.com\/blog\/author\/admin\/"}]}},"jetpack_featured_media_url":"","jetpack_sharing_enabled":true,"jetpack_shortlink":"https:\/\/wp.me\/pe6lTn-jwC","_links":{"self":[{"href":"https:\/\/www.visit-ulcinj.com\/blog\/wp-json\/wp\/v2\/posts\/75058"}],"collection":[{"href":"https:\/\/www.visit-ulcinj.com\/blog\/wp-json\/wp\/v2\/posts"}],"about":[{"href":"https:\/\/www.visit-ulcinj.com\/blog\/wp-json\/wp\/v2\/types\/post"}],"author":[{"embeddable":true,"href":"https:\/\/www.visit-ulcinj.com\/blog\/wp-json\/wp\/v2\/users\/1"}],"replies":[{"embeddable":true,"href":"https:\/\/www.visit-ulcinj.com\/blog\/wp-json\/wp\/v2\/comments?post=75058"}],"version-history":[{"count":1,"href":"https:\/\/www.visit-ulcinj.com\/blog\/wp-json\/wp\/v2\/posts\/75058\/revisions"}],"predecessor-version":[{"id":75060,"href":"https:\/\/www.visit-ulcinj.com\/blog\/wp-json\/wp\/v2\/posts\/75058\/revisions\/75060"}],"wp:attachment":[{"href":"https:\/\/www.visit-ulcinj.com\/blog\/wp-json\/wp\/v2\/media?parent=75058"}],"wp:term":[{"taxonomy":"category","embeddable":true,"href":"https:\/\/www.visit-ulcinj.com\/blog\/wp-json\/wp\/v2\/categories?post=75058"},{"taxonomy":"post_tag","embeddable":true,"href":"https:\/\/www.visit-ulcinj.com\/blog\/wp-json\/wp\/v2\/tags?post=75058"}],"curies":[{"name":"wp","href":"https:\/\/api.w.org\/{rel}","templated":true}]}}