{"id":75061,"date":"2013-10-05T19:40:45","date_gmt":"2013-10-05T18:40:45","guid":{"rendered":"http:\/\/www.visit-ulcinj.com\/blog\/?p=75061"},"modified":"2013-10-05T19:40:45","modified_gmt":"2013-10-05T18:40:45","slug":"ngritja-e-flamurit-tone-kombetar-ne-ulqin-ne-vitin-1968","status":"publish","type":"post","link":"https:\/\/www.visit-ulcinj.com\/blog\/2013\/10\/05\/ngritja-e-flamurit-tone-kombetar-ne-ulqin-ne-vitin-1968\/","title":{"rendered":"Ngritja e flamurit ton\u00eb komb\u00ebtar n\u00eb Ulqin n\u00eb vitin 1968"},"content":{"rendered":"<p><strong><span style=\"color: #000000;\"><a href=\"http:\/\/www.visit-ulcinj.com\/blog\/wp-content\/uploads\/2013\/10\/kalaja-e-ulqinit.jpg\"><img loading=\"lazy\" class=\"alignleft  wp-image-75062\" alt=\"OLYMPUS DIGITAL CAMERA\" src=\"http:\/\/www.visit-ulcinj.com\/blog\/wp-content\/uploads\/2013\/10\/kalaja-e-ulqinit.jpg\" width=\"508\" height=\"360\" \/><\/a>Nga Gjek\u00eb Gjonaj, Ulqin<\/span><\/strong><\/p>\n<p><span style=\"color: #000000;\"><strong>Po, Ulqinin at\u00eb dit\u00eb e buz\u00ebqeshi fati. Ai kishte fest\u00eb. Ishte m\u00eb i bukur se kurr\u00eb. Dukej si nuse bukuroshe.Tundej e hidhej nga g\u00ebzimi. Sepse kudo n\u00eb qytet valonin flamujt kuqezi.Ngjyra q\u00eb flasin shum\u00eb. Sa bukur! Sa mrrekulli\u201d Sa krenari! Sa madh\u00ebshti!<\/strong><\/span><\/p>\n<p>Ulqinak\u00ebt guximtar\u00eb\u00a0 q\u00eb n\u00eb zem\u00ebr kishin dashurin\u00eb\u00a0 ndaj simboleve\u00a0 tona komb\u00ebtare\u00a0\u00a0 n\u00eb vitin 1968 ngrit\u00ebn\u00a0 maisivisht Flamurin ton\u00eb komb\u00ebtar.- Flamurin e Sk\u00ebnderbeut. Ideali\u00a0 i lart\u00eb i\u00a0 tyre p\u00ebr Flamurin kuq e zi, me shqiponj\u00ebn dykrer\u00ebshe, simbolin m\u00eb t\u00eb shtrejt\u00ebruar t\u00eb kombit shqiptar\u00a0 ngadh\u00ebnjeu mbi frik\u00ebn\u00a0 e deriat\u00ebhershme deri n\u00eb palc\u00ebn kurizore t\u00eb \u00e7do shqiptari n\u00eb ish-Jugosllavi.\u00a0 Ngritja e\u00a0 flamurit\u00a0 ton\u00eb komb\u00ebtar, sipas\u00a0\u00a0 pjes\u00ebmarr\u00ebsve t\u00eb drejtp\u00ebrdrejt\u00eb\u00a0 dhe\u00a0 d\u00ebshmitar\u00ebve okular\u00eb\u00a0\u00a0\u00a0 n\u00eb dyqanet dhe lokalet private\u00a0 n\u00eb Ulqin\u00a0 ndodhi\u00a0\u00a0 n\u00eb vigjilje t\u00eb\u00a0 1\u00a0 majit t\u00eb vitit 1968.<\/p>\n<p><b>Ngjarjet paraprake<\/b><\/p>\n<p>Dihet mir\u00ebfilli se Kosova ishte\u00a0 frym\u00ebzuesja kryesore p\u00ebr\u00a0 barazi\u00a0 dhe t\u00eb drejta\u00a0 t\u00eb shqiptar\u00ebve n\u00eb ish-Jugosllavi, n\u00ebn ombrell\u00ebn e kryetarit\u00a0 t\u00eb shtetit dhe\u00a0 kryetarit t\u00eb\u00a0 Partis\u00eb Komuniste t\u00eb Jugosllavis\u00eb\u00a0 ( m\u00eb pas Lidhjes Komuniste t\u00eb Jugosllavis\u00eb)\u00a0 Josip Broz Tito ). Periudha m\u00eb e err\u00ebt\u00a0 p\u00ebr shqiptar\u00ebt ishin vitet 1948-1966 ( e njohur n\u00eb popull\u00a0 si periudha e Aleksand\u00ebr Rankoviqit, sekretar i Komitetit Qendror t\u00eb LKJ-s\u00eb, minist\u00ebr i Pun\u00ebve t\u00eb Brendshme dhe n\u00ebnkryetar i Republik\u00ebs Socialiste\u00a0 Federative t\u00eb Jugosllavis\u00eb). Gjat\u00eb k\u00ebtyre viteteve\u00a0 shqiptar\u00ebt\u00a0\u00a0 n\u00eb Kosov\u00eb p\u00ebrballeshin me nj\u00eb fushat\u00eb t\u00eb eg\u00ebr shkomb\u00ebtarizimi e shp\u00ebrnguljeje masive nga trojet e tyre st\u00ebrgjyshore. Ata kontrolloheshin plot\u00ebsisht\u00a0 nga UDB-a ( Drejtoria e sigurimit t\u00eb shtetit)\u00a0 dhe statusi i tyre ishte mjaft i palakmuesh\u00ebm.<\/p>\n<p>Me kushtetut\u00ebn e\u00a0 vitit 1963\u00a0 Republika Federative Popullore e Jugosllavis\u00eb shnd\u00ebrrohet n\u00eb Republik\u00eb Socialiste Federative t\u00eb Jugosllavis\u00eb. Nd\u00ebrkaq Kosova\u00a0 shpallet Krahin\u00eb Autonome, kurse shqiptar\u00ebt nga nocioni \u201cpakic\u00eb komb\u00ebtare\u201c\u00a0 me k\u00ebt\u00eb Kushtetut\u00eb u definuan si \u201c komb\u00ebsi\u201d. Kjo kushtetut\u00eb\u00a0\u00a0 edhe pse nuk kishte sjellur ndonj\u00eb ndryshim esencial sa i p\u00ebrket trajtimit dhe pozit\u00ebs s\u00eb shqiptar\u00ebve, ajo megjithat\u00eb\u00a0 paralajm\u00ebroi dit\u00eb m\u00eb t\u00eb mira dhe ndryshime\u00a0 n\u00eb t\u00eb ardhmen.\u00a0 N\u00eb at\u00eb koh\u00eb\u00a0 ve\u00e7 kishin filluar\u00a0 edhe konfliktet e para n\u00eb mes t\u00eb forcave burokratike\u00a0 decentralizuese n\u00eb krye me Titon\u00a0 dhe atyre unitariste\u00a0 serbe, t\u00eb drejtuara nga\u00a0\u00a0 Rankoviqi.<\/p>\n<p>N\u00eb tetor t\u00eb vitit 1966 Komiteti Qendror i Lidhjes Komuniste t\u00eb Jugosllavis\u00eb n\u00eb Plenumin e Brionit e p\u00ebrjashtoi Aleksand\u00ebr Rankoviqin nga LKJ-ja.\u00a0 Tito-ja\u00a0\u00a0 fitoren e tij\u00a0 ndaj\u00a0 krahut shovinist serb\u00a0 t\u00eb Rankoviqit\u00a0\u00a0 n\u00eb diskutimet publike u p\u00ebrpoq ta arsyetoj\u00eb\u00a0 si fitore e t\u00eb gjitha\u00a0 komb\u00ebsive, duke u munduar\u00a0 q\u00eb ta thej\u00eb kompleksin e inferioritetit q\u00eb u ishte imponuar shqiptar\u00ebve.<\/p>\n<p>N\u00eb k\u00ebto rrethana edhe p\u00ebr shqiptar\u00ebt n\u00eb Malin e Zi\u00a0 u krijua nj\u00eb klim\u00eb paksa m\u00eb e relaksuar politike dhe duke e shfryt\u00ebzuar k\u00ebt\u00eb kriz\u00eb t\u00eb krijuar dhe\u00a0 nj\u00eb pjes\u00eb e intelegjenc\u00ebs shqiptare\u00a0 filluan t\u00eb flasin hapur p\u00ebr padrejt\u00ebsit\u00eb q\u00eb i b\u00ebheshin popullit shqiptar\u00eb n\u00eb arsim, kultur\u00eb dhe n\u00eb fusha tjera t\u00eb jet\u00ebs politike e shoq\u00ebrore.<\/p>\n<p>K\u00ebto hap\u00ebsira lirije\u00a0 filluan t\u00eb jet\u00ebsohen\u00a0 edhe n\u00eb komun\u00ebn e Ulqinit t\u00eb nxitura\u00a0\u00a0 dhe t\u00eb motivuara nga\u00a0 disa tubime publike dhe ngjarje\u00a0 t\u00eb r\u00ebnd\u00ebsishme n\u00eb Kosov\u00eb dhe n\u00eb Shqip\u00ebri, t\u00eb cilat tek shqiptar\u00ebt\u00a0 n\u00eb p\u00ebrgjith\u00ebsi ringjall\u00ebn dinjitetin dhe krenarin\u00eb\u00a0 komb\u00ebtare:<\/p>\n<p>1)\u00a0\u00a0\u00a0\u00a0\u00a0\u00a0\u00a0\u00a0 Konferenca Albanologjike e mbajtur n\u00eb Tiran\u00eb (17 janar 1968).<\/p>\n<p>2)\u00a0\u00a0\u00a0\u00a0\u00a0\u00a0\u00a0\u00a0 Simpoziumi shkencor i mbajtur\u00a0 n\u00eb Prishtin\u00eb (9-12 maj 1968), me rastin e 500 vjetorit\u00a0 t\u00eb vdekjes se kryetrimit Gjergj Kastriotit &#8211; Sk\u00ebnderbeut, ku mor\u00ebn pjes\u00eb studjues shqiptar\u00eb e t\u00eb huaj t\u00eb fushave t\u00eb historis\u00eb, t\u00eb let\u00ebrsis\u00eb, t\u00eb gjuh\u00ebsis\u00eb, t\u00eb folklorit dhe t\u00eb etnografis\u00eb, dhe<\/p>\n<p>3)\u00a0\u00a0\u00a0\u00a0\u00a0\u00a0\u00a0\u00a0 Konsulta e nj\u00ebsimit t\u00eb gjuh\u00ebs shqipe e mbajtur m\u00eb 22 &#8211; 23 prill 1968 n\u00eb Prishtin\u00eb, n\u00eb t\u00eb cil\u00ebn u konstatua se si \u201cgjuh\u00eb letrare e shqiptar\u00ebve n\u00eb Jugosllavi njihej nj\u00ebz\u00ebri\u00a0 gjuha letrare e shtetit am\u00eb (Shqip\u00ebris\u00eb)\u201d.<\/p>\n<p><b>Kushtrimi\u00a0 p\u00ebr mbrojtjen e flamurit<\/b><\/p>\n<p>Dit\u00ebt e fundit t\u00eb prillit t\u00eb vitit 1968\u00a0 p\u00ebr Ulqinin mbeten t\u00eb sh\u00ebnuara si ngjarje madhore t\u00eb k\u00ebtij qyteti. Pik\u00ebrisht ato dit\u00eb u ngrit\u00eb flamuri kuq e zi p\u00ebr t\u00eb cilin ishin burgosur shum\u00eb\u00a0 njer\u00ebz patriot\u00eb t\u00eb k\u00ebsaj\u00a0\u00a0 komun\u00eb dhe t\u00eb gjitha trevave tjera shqiptare n\u00eb\u00a0 Malin e Zi.<\/p>\n<p>Veprimtari i shquar i \u00e7\u00ebshtjes komb\u00ebtare , patrioti,\u00a0 ish i burgosuri politik, prof.doktor Bahri Brisku, i cili kaloi disa vite n\u00eb burgjet famkeqe t\u00eb sistemit barbar serbosllav,\u00a0 n\u00eb rr\u00ebfimin e tij sqaron\u00a0\u00a0\u00a0 se \u00e7far\u00eb ndodhi me k\u00ebt\u00eb rast.<\/p>\n<p>\u201c Nat\u00ebn e 30 prillit t\u00eb vitit 1968\u00a0 nj\u00eb grup qytetar\u00ebsh patriot\u00eb organizuan n\u00eb Ulqin nj\u00eb tubim\u00a0\u00a0 ( kushtrim) p\u00ebr mbrojtjen e flamujve shqiptar\u00eb, t\u00eb cil\u00ebt\u00a0 i kishim vendosur\u00a0 at\u00eb dit\u00eb, n\u00eb\u00a0 disa objekte e dyqane private n\u00eb\u00a0 qytet.\u00a0\u00a0 T\u00eb gjith\u00eb ishim t\u00eb bindur se heqjen e flamujve e kishte organizuar policia e asaj koh\u00eb, e\u00a0 bindur se ne nuk do t\u2019i rivendosim.\u00a0 T\u00eb pak\u00ebnaqur me k\u00ebt\u00eb veprim t\u00eb policis\u00eb ne\u00a0 v\u00ebndos\u00ebm q\u00eb \u00a0flamujt komb\u00ebtar\u00eb t\u2019i\u00a0\u00a0 ngrisim\u00a0 p\u00ebrs\u00ebri\u00a0\u00a0 n\u00eb t\u00eb gjitha pjes\u00ebt e qytetit. Flamurin n\u00eb Kala ( Qytetin e\u00a0 Vjet\u00ebr)\u00a0 e ngrit\u00ebn\u00a0 pa r\u00ebn\u00eb terri Jakup Nimanbegu dhe Zyhti Misheri,kurse n\u00eb Kull\u00ebn e sahatit e v\u00ebndos\u00ebn Hasan Bojku dhe Qemal Dervishi. Duke qen\u00eb t\u00eb bindur se\u00a0 pushtetar\u00ebt e asaj koh\u00eb do t\u00eb b\u00ebjn\u00eb\u00a0\u00a0 gjith\u00e7ka t\u00eb munden\u00a0 q\u00eb flamujt t\u2019i hjekin p\u00ebr\u00ebsri\u00a0\u00a0 ne v\u00ebndos\u00ebm q\u00eb t\u2019i ruajm\u00eb flamujt \u00e7do nat\u00eb.P\u00ebr k\u00ebt\u00eb q\u00ebllim u ftuan persona t\u00eb zgjedhur nga rrethi i Ulqinit,\u00a0 t\u00eb gjith\u00eb t\u00eb armatosur\u201d,thot\u00eb Brisku.<\/p>\n<p><b>Taktika e policis\u00eb<\/b><\/p>\n<p>Policia, si\u00e7 rr\u00ebfen Brisku,\u00a0\u00a0 p\u00ebr t\u2019ia\u00a0 arritur q\u00ebllimit\u00a0 t\u00eb\u00a0 vet &#8211; heqjen e flamujve shqiptar\u00eb nga\u00a0\u00a0 objektet\u00a0 ku ishin vendosur, p\u00ebrdori nj\u00eb\u00a0 taktik\u00eb t\u00eb re, t\u00eb papritshme\u00a0 dhe befasuese.\u00a0 \u201c Ajo\u00a0 msheftazi kishte ftuar Komand\u00ebn e ushtris\u00eb s\u00eb Tivarit, q\u00eb t\u00eb\u00a0 marr\u00eb masa ndaj popullat\u00ebs shqiptare\u00a0 t\u00eb Ulqinit e cila \u201c po\u00a0 kryente\u00a0 disa veprime kund\u00ebr pushtetit\u201d. Rreth or\u00ebs dy pasmesnate erdhi\u00a0 n\u00eb Ulqin nj\u00eb major ( p\u00ebr t\u00eb cilin von\u00eb m\u00ebsova nga nj\u00eb tivaras se\u00a0 quhej Beqir Husenbegoviq,i komb\u00ebsis\u00eb boshnjake)\u00a0 me dy ushtar\u00eb.\u00a0 Un\u00eb\u00a0 bashk\u00eb me\u00a0 an\u00ebtar\u00ebt e grupit mbikqyr\u00ebs\u00a0 t\u00eb k\u00ebtij tubimi protestues Elez Nikeziqi, Hasan Bojku, Esat Shkodra dhe\u00a0 Selatin Bajraktari ishim vendosur n\u00eb katin e dyt\u00eb t\u00eb nj\u00eb dyqani te\u00a0 Rrethi i sotsh\u00ebm.<\/p>\n<p><b>Biseda me majorin e Ushtris\u00eb Jugosllave<\/b><\/p>\n<p>Pas nj\u00eb bisede t\u00eb shkurt\u00ebr majori m\u00eb drejtohet me k\u00ebto fjal\u00eb:<\/p>\n<p>&#8211;\u00a0\u00a0\u00a0\u00a0\u00a0\u00a0\u00a0\u00a0\u00a0\u00a0 T\u00eb lutem m\u00eb tregoni shkakun e k\u00ebsaj\u00a0 proteste popullore\u00a0\u00a0 n\u00eb Ulqin ?<\/p>\n<p>&#8211;\u00a0\u00a0\u00a0\u00a0\u00a0\u00a0\u00a0\u00a0\u00a0\u00a0 Qytetar\u00ebt e Ulqinit\u00a0 jan\u00eb t\u00eb shqet\u00ebsuar\u00a0 shum\u00eb p\u00ebr\u00a0 arsye se policia n\u00eb m\u00ebnyr\u00eb t\u00eb padrejt\u00eb,\u00a0 kishte\u00a0 hequr dhe vjedhur flamujt ton\u00eb komb\u00ebtar\u00eb &#8211;\u00a0 u p\u00ebrgjigja.<\/p>\n<p>Dhe, p\u00ebr t\u00eb argumentuar fjal\u00ebn time nxora nga\u00a0 xhepi\u00a0\u00a0 gazet\u00ebn e p\u00ebrditshme \u201c Politika\u201d t\u00eb Beogradit, ku thuhej qart\u00eb se p\u00ebrdorimi i flamurit t\u00eb pakicave ishte i lir\u00eb n\u00eb krejt Jugosllavi.\u00a0 Protestuesit e tjer\u00eb shqiptar\u00eb\u00a0\u00a0 pranuan para majorit se\u00a0\u00a0 at\u00eb nat\u00eb jan\u00eb grumbulluar nj\u00eb num\u00ebr i madh qytetar\u00ebsh\u00a0 t\u00eb armatosur nga Ulqini me rrethin\u00eb\u00a0\u00a0 n\u00eb mbrojte t\u00eb flamujve shqiptar\u00eb . Ata u betuan para majorit se\u00a0 p\u00ebr s\u00eb gjalli nuk do t\u00eb lejojn\u00eb\u00a0 heqjen e flamujve shqiptar\u00eb nga vendet ku i kishin ngritur.<\/p>\n<p>&#8211;\u00a0\u00a0\u00a0\u00a0\u00a0\u00a0\u00a0\u00a0\u00a0\u00a0 Majori me z\u00eb t\u00eb zbutur\u00a0 m\u00eb tha:<\/p>\n<p>&#8211;\u00a0\u00a0\u00a0\u00a0\u00a0\u00a0\u00a0\u00a0\u00a0\u00a0 A ekziston mund\u00ebsia reale q\u00eb flamujt t\u2019i ken\u00eb hequr dikush tjet\u00ebr, e jo policia ?<\/p>\n<p>&#8211;\u00a0\u00a0\u00a0\u00a0\u00a0\u00a0\u00a0\u00a0\u00a0\u00a0 \u00cbsht\u00eb e mundur edhe kjo, q\u00eb thoni. Por opinioni publik\u00a0 i k\u00ebtush\u00ebm \u00ebsht\u00eb i bindur se k\u00ebt\u00eb veprim makab\u00ebr , e ka b\u00ebr\u00eb dikush\u00a0 i lidhur ngusht\u00eb me policin\u00eb \u2013 u p\u00ebrgjigja.<\/p>\n<p>Pas\u00a0 pak majori\u00a0 k\u00ebrkoi nga un\u00eb q\u00eb\u00a0 t\u00eb shkoj me t\u00eb.\u00a0 Megjith\u00ebq\u00eb e dija se nuk duhet besuar personit n\u00eb uniform\u00eb ,\u00a0\u00a0 pranova.<\/p>\n<p>&#8211;\u00a0\u00a0\u00a0\u00a0\u00a0\u00a0\u00a0\u00a0\u00a0\u00a0 Po vij\u00eb me ju,por\u00a0 me vete po i marr\u00eb edhe dy shok\u00eb!- i thash\u00eb<\/p>\n<p>&#8211;\u00a0\u00a0\u00a0\u00a0\u00a0\u00a0\u00a0\u00a0\u00a0\u00a0 Mir\u00eb, mir\u00eb.Ti merr me vete\u00a0 cilindo q\u00eb d\u00ebshiron \u2013 mu p\u00ebrgjigj majori.<\/p>\n<p>Me vete mora Elez Nikeziqin dhe Selatin Bajraktarin. Majori hypi n\u00eb xhipin e ushtris\u00eb, nd\u00ebrsa un\u00eb dhe shok\u00ebt e mi vazhduam pas tyre me autovetur\u00ebn time.\u00a0\u00a0 Kur mb\u00ebrrit\u00ebm n\u00eb nj\u00eb rerafshin\u00eb aty\u00a0 gjet\u00ebm t\u00eb parkuar dy kamion\u00eb plot me ushtar\u00eb.\u00a0\u00a0\u00a0 Natyrsiht se u shqet\u00ebsuam. Selatini fshehu\u00a0 revolen dhe nj\u00eb\u00a0 bomb\u00eb dore\u00a0 n\u00eb autovetur\u00ebn time. Dol\u00ebm jasht\u00eb.<\/p>\n<p><b>Pafaj\u00ebsia<\/b><\/p>\n<p>&#8211;\u00a0\u00a0\u00a0\u00a0\u00a0\u00a0\u00a0\u00a0\u00a0\u00a0 O, burra!\u00a0 Na falni shum\u00eb q\u00eb ju kemi shqet\u00ebsuar sonte. Mir\u00ebpo ne kishim informacion nga epror\u00ebt e policis\u00eb\u00a0 se\u00a0 situata poltike\u00a0 n\u00eb Ulqin \u00ebsht\u00eb shum\u00eb e r\u00ebnd\u00eb. Ne, tani u bind\u00ebm se nuk \u00ebsht\u00eb ashtu. Ju nuk jeni fajtor. Fajtor \u00ebsht\u00eb dikush tjet\u00ebr.\u00a0 Ju\u00a0 vazhdoni t\u00eb ruani qet\u00ebsin\u00eb n\u00eb qytet. Mos bini fli e provokimeve t\u00eb mundshme. Ruani gjakftoht\u00ebsin\u00eb! Sa p\u00ebr flamujt q\u00eb i keni ngritur, ata jan\u00eb t\u00eb lir\u00eb, por mos i keqp\u00ebrdorni. Vazhdoni t\u00eb luftoni p\u00ebr t\u00eb drejtat\u00a0 e juaja\u00a0 &#8211; na tha me dashamir\u00ebsi\u00a0\u00a0 majori, duke na lutur\u00a0 q\u00eb mos t\u00eb tregojm\u00eb se \u00e7far\u00eb fol\u00ebm.<\/p>\n<p><b>Ngaz\u00ebllimi<\/b><\/p>\n<p>\u201c T\u00eb befasuar k\u00ebndsh\u00ebm nga kjo sjellje\u00a0 njer\u00ebzore, korrekte dhe dashamir\u00ebse e\u00a0\u00a0 majorit t\u00eb ushtris\u00eb jugosllave e siguruam\u00a0 at\u00eb\u00a0 me bindje t\u00eb plot\u00eb se po qe se \u00ebsht\u00eb nevoja do t\u2019i mbrojm\u00eb t\u00eb gjith\u00eb ushtar\u00ebt\u00a0 e tij nga \u00e7do e keqe e mundshme q\u00eb munnd t\u00eb ndodhte at\u00eb nat\u00eb\u00a0 n\u00eb Ulqin.\u00a0\u00a0 Ushtar\u00ebt dhe majori\u00a0 na fal\u00ebnderuan p\u00ebr dashamir\u00ebsin\u00eb q\u00eb treguam ndaj tyre. Diku pak para\u00a0 se t\u00eb zbardh\u00eb dita\u00a0 u ndam\u00eb. Ata shkuan p\u00ebr Tivar, nd\u00ebrsa ne u kthyem n\u00eb qytet. Aty gjet\u00ebm protestuesit, respektivisht\u00a0 rojtar\u00ebt e flamujve, t\u00eb cil\u00ebt u k\u00ebnaq\u00ebn kur ne kaluam pa pasoja.\u00a0 T\u00eb nes\u00ebrmen\u00a0 flamujt\u00a0 shqiptar\u00eb valviteshin lirsh\u00ebm n\u00ebp\u00ebr qytet. Madje shum\u00eb f\u00ebmij\u00eb\u00a0 ulqinak\u00eb\u00a0\u00a0 vraponin t\u00eb g\u00ebzuar me flamuj t\u00eb vegj\u00ebl n\u00eb duar.Ishte ky nj\u00eb g\u00ebzim i madh p\u00ebr t\u00eb gjith\u00eb shqiptar\u00ebt\u00a0 e k\u00ebsaj komun\u00eb\u201d, pohon Brisku.<\/p>\n<p>Po, Ulqinin\u00a0 at\u00eb dit\u00eb e buz\u00ebqeshi fati. Ai\u00a0 kishte fest\u00eb. Ishte m\u00eb i bukur se kurr\u00eb. Dukej si nuse bukuroshe.Tundej e hidhej nga g\u00ebzimi.\u00a0 Sepse\u00a0 kudo n\u00eb qytet valonin flamujt kuqezi.Ngjyra q\u00eb flasin shum\u00eb. Sa bukur!\u00a0 Sa mrrekulli\u201d Sa krenari! Sa madh\u00ebshti!<\/p>\n<p><b>\u201c Napredaku \u201c i Gjakov\u00ebs, shitorja e vetme\u00a0 ku shitej flamuri shqiptar<\/b><\/p>\n<p>Objekti i vet\u00ebm ku\u00a0 shqiptar\u00ebt mund t\u00eb blenin\u00a0 simbolet\u00a0 tona komb\u00ebtare n\u00eb qytetin e Ulqinit asokohe ishte dyqani me mbishkrimin sllav\u201c Napredak\u201d nga Gjakova,\u00a0 n\u00eb rrug\u00ebn q\u00eb t\u00eb \u00e7on p\u00ebr\u00a0 n\u00eb Plazhin e Vog\u00ebl, ku sot ndodhet\u00a0 butiku \u201c Boos\u201d.\u00a0\u00a0 Edhe pse flamuri shqiptar\u00a0 asohere konsiderohej nga pushteti si\u00a0\u00a0\u00a0 mall \u201c i rreziksh\u00ebm\u201d\u00a0 k\u00ebtu shitej\u00a0 haptazi. Shit\u00ebsi i k\u00ebsaj shitore, Hysein\u00a0 Ceno\u00a0 Kapllanbegu , tani burr\u00eb tet\u00ebdhjet\u00eb vje\u00e7\u00a0 n\u00eb bised\u00ebn\u00a0 q\u00eb zhvilluam\u00a0 para pak muajsh n\u00eb nj\u00eb restorant n\u00eb Pristan apo\u00a0 Ran\u00eb, si\u00e7 e quajn\u00eb vendasit, n\u00eb shoq\u00ebrimin e\u00a0 Hajro\u00a0 Nimanbegut,\u00a0\u00a0\u00a0 evokoi\u00a0 koh\u00ebn kur n\u00eb dyqanin\u00a0 \u201c Napredak\u201d nd\u00ebr\u00a0 mallrat e tjer\u00eb shitej edhe flamuri shqiptar.<\/p>\n<p>\u201c Ishin\u00a0 ato koh\u00eb t\u00eb v\u00ebshtira. Popullata jon\u00eb kishte nj\u00eblloj frike nga pushteti. Kjo\u00a0 ndikoi tek ata\u00a0 q\u00eb t\u00eb mos shprehnin interesimin e vet publik\u00a0 p\u00ebr blerjen e simbolit\u00a0\u00a0 ton\u00eb komb\u00ebtar, edhe pse shumica e tyre i kishin\u00a0 n\u00eb zem\u00ebr. N\u00eb rrethanat e at\u00ebhershme shum\u00eb pak qytetar\u00eb t\u00eb Ulqinit me rrethin\u00eb blenin flamuj shqiptar\u00eb. Por kishte edhe t\u00eb atill\u00eb q\u00eb i blenin haptazi, ndon\u00ebse numri i tyre ishte simbolik\u201d, thot\u00eb Kapllanbegu. I pyetur se\u00a0 a ka patur\u00a0\u00a0 presion nga policia apo pushteti vendor\u00a0 i koh\u00ebs\u00a0 q\u00eb t\u2019i shes\u00eb flamujt shqiptar\u00eb ai\u00a0 p\u00ebrgjigjet\u00a0 prer\u00eb, jo. Kapllanbegu\u00a0 pohon se kurr\u00eb nuk i ka mshehur\u00a0 n\u00eb dyqan flamujt shqiptar\u00eb nga askush. Sipas tij ata kan\u00eb q\u00ebndruar t\u00eb ekspozuar\u00a0 n\u00eb vend t\u00eb duksh\u00ebm, si t\u00eb gjitha mallrat tjera t\u00eb tekstilit.<\/p>\n<p><b>Flaka e ndjenj\u00ebs atdhetare<\/b><\/p>\n<p>Me k\u00ebt\u00eb akt patriot\u00ebt\u00a0 shqiptar\u00eb t\u00eb komun\u00ebs s\u00eb Ulqinit\u00a0 d\u00ebshmuan se n\u00eb zemrat e tyre edhe n\u00eb sistemin komunist\u00a0 ka qen\u00eb e ndezur ndjenja atdhetare. Ata i treguan\u00a0 pushtetit\u00a0 dhe t\u00eb gjith\u00eb t\u00eb tjer\u00ebve se e duan simbolin e tyre komb\u00ebtar \u2013 Flamurin kuq e zi , duke respektuar t\u00eb drejt\u00ebn e t\u00eb gjith\u00eb popujve t\u00eb tjer\u00eb t\u2019i duan e t\u00eb nderojn\u00eb simbolet e veta komb\u00ebtare.\u00a0 Ngritja\u00a0 e Flamurit ton\u00eb komb\u00ebtar n\u00eb\u00a0\u00a0 Ulqin ishte nj\u00eb\u00a0 mesazh i qart\u00eb se ky qytet\u00a0 ishte dhe do t\u00eb mbetet\u00a0 qytet shqiptar. E si mund t\u00eb jet\u00eb ndryshe, kur n\u00eb k\u00ebt\u00eb\u00a0 Flamur jan\u00eb\u00a0 p\u00ebrmbledhur\u00a0 p\u00ebr mrrekulli mbi t\u00eb gjitha burr\u00ebria dhe sakrifica\u00a0 jon\u00eb shekullore p\u00ebr liri e pavar\u00ebsi.<\/p>\n<p><strong>Burimi: Zemrashqiptare.net<\/strong><\/p>\n","protected":false},"excerpt":{"rendered":"<p>Nga Gjek\u00eb Gjonaj, Ulqin Po, Ulqinin at\u00eb dit\u00eb e buz\u00ebqeshi fati. Ai kishte fest\u00eb. Ishte m\u00eb i bukur se kurr\u00eb. Dukej si nuse bukuroshe.Tundej e hidhej nga g\u00ebzimi. Sepse kudo n\u00eb qytet valonin flamujt kuqezi.Ngjyra q\u00eb flasin shum\u00eb. Sa bukur! Sa mrrekulli\u201d Sa krenari! Sa madh\u00ebshti! Ulqinak\u00ebt guximtar\u00eb\u00a0 q\u00eb n\u00eb zem\u00ebr kishin dashurin\u00eb\u00a0 ndaj simboleve\u00a0 [&hellip;]<\/p>\n","protected":false},"author":1,"featured_media":0,"comment_status":"closed","ping_status":"closed","sticky":false,"template":"","format":"standard","meta":{"spay_email":"","jetpack_publicize_message":"","jetpack_is_tweetstorm":false,"jetpack_publicize_feature_enabled":true},"categories":[5],"tags":[],"jetpack_publicize_connections":[],"yoast_head":"<!-- This site is optimized with the Yoast SEO plugin v19.1 - https:\/\/yoast.com\/wordpress\/plugins\/seo\/ -->\n<title>Ngritja e flamurit ton\u00eb komb\u00ebtar n\u00eb Ulqin n\u00eb vitin 1968 - Lajme nga Ulqini<\/title>\n<meta name=\"description\" content=\"Nga Gjek\u00eb Gjonaj, Ulqin Po, Ulqinin at\u00eb dit\u00eb e buz\u00ebqeshi fati. Ai kishte fest\u00eb. Ishte m\u00eb i bukur se kurr\u00eb. Dukej si nuse bukuroshe.Tundej e hidhej nga\" \/>\n<meta name=\"robots\" content=\"index, follow, max-snippet:-1, max-image-preview:large, max-video-preview:-1\" \/>\n<link rel=\"canonical\" href=\"https:\/\/www.visit-ulcinj.com\/blog\/2013\/10\/05\/ngritja-e-flamurit-tone-kombetar-ne-ulqin-ne-vitin-1968\/\" \/>\n<meta property=\"og:locale\" content=\"en_US\" \/>\n<meta property=\"og:type\" content=\"article\" \/>\n<meta property=\"og:title\" content=\"Ngritja e flamurit ton\u00eb komb\u00ebtar n\u00eb Ulqin n\u00eb vitin 1968 - Lajme nga Ulqini\" \/>\n<meta property=\"og:description\" content=\"Nga Gjek\u00eb Gjonaj, Ulqin Po, Ulqinin at\u00eb dit\u00eb e buz\u00ebqeshi fati. Ai kishte fest\u00eb. Ishte m\u00eb i bukur se kurr\u00eb. Dukej si nuse bukuroshe.Tundej e hidhej nga\" \/>\n<meta property=\"og:url\" content=\"https:\/\/www.visit-ulcinj.com\/blog\/2013\/10\/05\/ngritja-e-flamurit-tone-kombetar-ne-ulqin-ne-vitin-1968\/\" \/>\n<meta property=\"og:site_name\" content=\"Lajme nga Ulqini\" \/>\n<meta property=\"article:published_time\" content=\"2013-10-05T18:40:45+00:00\" \/>\n<meta property=\"og:image\" content=\"http:\/\/www.visit-ulcinj.com\/blog\/wp-content\/uploads\/2013\/10\/kalaja-e-ulqinit.jpg\" \/>\n<meta name=\"twitter:label1\" content=\"Written by\" \/>\n\t<meta name=\"twitter:data1\" content=\"ulqini\" \/>\n\t<meta name=\"twitter:label2\" content=\"Est. reading time\" \/>\n\t<meta name=\"twitter:data2\" content=\"11 minutes\" \/>\n<script type=\"application\/ld+json\" class=\"yoast-schema-graph\">{\"@context\":\"https:\/\/schema.org\",\"@graph\":[{\"@type\":\"WebSite\",\"@id\":\"https:\/\/www.visit-ulcinj.com\/blog\/#website\",\"url\":\"https:\/\/www.visit-ulcinj.com\/blog\/\",\"name\":\"Lajme nga Ulqini\",\"description\":\"Lajme,Vijesti,Ulqini,Ulqin,Crna Gora,Mali i Zi\",\"potentialAction\":[{\"@type\":\"SearchAction\",\"target\":{\"@type\":\"EntryPoint\",\"urlTemplate\":\"https:\/\/www.visit-ulcinj.com\/blog\/?s={search_term_string}\"},\"query-input\":\"required name=search_term_string\"}],\"inLanguage\":\"en-US\"},{\"@type\":\"ImageObject\",\"inLanguage\":\"en-US\",\"@id\":\"https:\/\/www.visit-ulcinj.com\/blog\/2013\/10\/05\/ngritja-e-flamurit-tone-kombetar-ne-ulqin-ne-vitin-1968\/#primaryimage\",\"url\":\"https:\/\/www.visit-ulcinj.com\/blog\/wp-content\/uploads\/2013\/10\/kalaja-e-ulqinit.jpg\",\"contentUrl\":\"https:\/\/www.visit-ulcinj.com\/blog\/wp-content\/uploads\/2013\/10\/kalaja-e-ulqinit.jpg\",\"width\":1024,\"height\":768},{\"@type\":\"WebPage\",\"@id\":\"https:\/\/www.visit-ulcinj.com\/blog\/2013\/10\/05\/ngritja-e-flamurit-tone-kombetar-ne-ulqin-ne-vitin-1968\/#webpage\",\"url\":\"https:\/\/www.visit-ulcinj.com\/blog\/2013\/10\/05\/ngritja-e-flamurit-tone-kombetar-ne-ulqin-ne-vitin-1968\/\",\"name\":\"Ngritja e flamurit ton\u00eb komb\u00ebtar n\u00eb Ulqin n\u00eb vitin 1968 - Lajme nga Ulqini\",\"isPartOf\":{\"@id\":\"https:\/\/www.visit-ulcinj.com\/blog\/#website\"},\"primaryImageOfPage\":{\"@id\":\"https:\/\/www.visit-ulcinj.com\/blog\/2013\/10\/05\/ngritja-e-flamurit-tone-kombetar-ne-ulqin-ne-vitin-1968\/#primaryimage\"},\"datePublished\":\"2013-10-05T18:40:45+00:00\",\"dateModified\":\"2013-10-05T18:40:45+00:00\",\"author\":{\"@id\":\"https:\/\/www.visit-ulcinj.com\/blog\/#\/schema\/person\/dcab619c614d3038751c63bc2aadc06d\"},\"description\":\"Nga Gjek\u00eb Gjonaj, Ulqin Po, Ulqinin at\u00eb dit\u00eb e buz\u00ebqeshi fati. Ai kishte fest\u00eb. Ishte m\u00eb i bukur se kurr\u00eb. Dukej si nuse bukuroshe.Tundej e hidhej nga\",\"breadcrumb\":{\"@id\":\"https:\/\/www.visit-ulcinj.com\/blog\/2013\/10\/05\/ngritja-e-flamurit-tone-kombetar-ne-ulqin-ne-vitin-1968\/#breadcrumb\"},\"inLanguage\":\"en-US\",\"potentialAction\":[{\"@type\":\"ReadAction\",\"target\":[\"https:\/\/www.visit-ulcinj.com\/blog\/2013\/10\/05\/ngritja-e-flamurit-tone-kombetar-ne-ulqin-ne-vitin-1968\/\"]}]},{\"@type\":\"BreadcrumbList\",\"@id\":\"https:\/\/www.visit-ulcinj.com\/blog\/2013\/10\/05\/ngritja-e-flamurit-tone-kombetar-ne-ulqin-ne-vitin-1968\/#breadcrumb\",\"itemListElement\":[{\"@type\":\"ListItem\",\"position\":1,\"name\":\"Ngritja e flamurit ton\u00eb komb\u00ebtar n\u00eb Ulqin n\u00eb vitin 1968\"}]},{\"@type\":\"Person\",\"@id\":\"https:\/\/www.visit-ulcinj.com\/blog\/#\/schema\/person\/dcab619c614d3038751c63bc2aadc06d\",\"name\":\"ulqini\",\"sameAs\":[\"http:\/\/www.visit-ulcinj.com\"],\"url\":\"https:\/\/www.visit-ulcinj.com\/blog\/author\/admin\/\"}]}<\/script>\n<!-- \/ Yoast SEO plugin. -->","yoast_head_json":{"title":"Ngritja e flamurit ton\u00eb komb\u00ebtar n\u00eb Ulqin n\u00eb vitin 1968 - Lajme nga Ulqini","description":"Nga Gjek\u00eb Gjonaj, Ulqin Po, Ulqinin at\u00eb dit\u00eb e buz\u00ebqeshi fati. Ai kishte fest\u00eb. Ishte m\u00eb i bukur se kurr\u00eb. Dukej si nuse bukuroshe.Tundej e hidhej nga","robots":{"index":"index","follow":"follow","max-snippet":"max-snippet:-1","max-image-preview":"max-image-preview:large","max-video-preview":"max-video-preview:-1"},"canonical":"https:\/\/www.visit-ulcinj.com\/blog\/2013\/10\/05\/ngritja-e-flamurit-tone-kombetar-ne-ulqin-ne-vitin-1968\/","og_locale":"en_US","og_type":"article","og_title":"Ngritja e flamurit ton\u00eb komb\u00ebtar n\u00eb Ulqin n\u00eb vitin 1968 - Lajme nga Ulqini","og_description":"Nga Gjek\u00eb Gjonaj, Ulqin Po, Ulqinin at\u00eb dit\u00eb e buz\u00ebqeshi fati. Ai kishte fest\u00eb. Ishte m\u00eb i bukur se kurr\u00eb. Dukej si nuse bukuroshe.Tundej e hidhej nga","og_url":"https:\/\/www.visit-ulcinj.com\/blog\/2013\/10\/05\/ngritja-e-flamurit-tone-kombetar-ne-ulqin-ne-vitin-1968\/","og_site_name":"Lajme nga Ulqini","article_published_time":"2013-10-05T18:40:45+00:00","og_image":[{"url":"http:\/\/www.visit-ulcinj.com\/blog\/wp-content\/uploads\/2013\/10\/kalaja-e-ulqinit.jpg"}],"twitter_misc":{"Written by":"ulqini","Est. reading time":"11 minutes"},"schema":{"@context":"https:\/\/schema.org","@graph":[{"@type":"WebSite","@id":"https:\/\/www.visit-ulcinj.com\/blog\/#website","url":"https:\/\/www.visit-ulcinj.com\/blog\/","name":"Lajme nga Ulqini","description":"Lajme,Vijesti,Ulqini,Ulqin,Crna Gora,Mali i Zi","potentialAction":[{"@type":"SearchAction","target":{"@type":"EntryPoint","urlTemplate":"https:\/\/www.visit-ulcinj.com\/blog\/?s={search_term_string}"},"query-input":"required name=search_term_string"}],"inLanguage":"en-US"},{"@type":"ImageObject","inLanguage":"en-US","@id":"https:\/\/www.visit-ulcinj.com\/blog\/2013\/10\/05\/ngritja-e-flamurit-tone-kombetar-ne-ulqin-ne-vitin-1968\/#primaryimage","url":"https:\/\/www.visit-ulcinj.com\/blog\/wp-content\/uploads\/2013\/10\/kalaja-e-ulqinit.jpg","contentUrl":"https:\/\/www.visit-ulcinj.com\/blog\/wp-content\/uploads\/2013\/10\/kalaja-e-ulqinit.jpg","width":1024,"height":768},{"@type":"WebPage","@id":"https:\/\/www.visit-ulcinj.com\/blog\/2013\/10\/05\/ngritja-e-flamurit-tone-kombetar-ne-ulqin-ne-vitin-1968\/#webpage","url":"https:\/\/www.visit-ulcinj.com\/blog\/2013\/10\/05\/ngritja-e-flamurit-tone-kombetar-ne-ulqin-ne-vitin-1968\/","name":"Ngritja e flamurit ton\u00eb komb\u00ebtar n\u00eb Ulqin n\u00eb vitin 1968 - Lajme nga Ulqini","isPartOf":{"@id":"https:\/\/www.visit-ulcinj.com\/blog\/#website"},"primaryImageOfPage":{"@id":"https:\/\/www.visit-ulcinj.com\/blog\/2013\/10\/05\/ngritja-e-flamurit-tone-kombetar-ne-ulqin-ne-vitin-1968\/#primaryimage"},"datePublished":"2013-10-05T18:40:45+00:00","dateModified":"2013-10-05T18:40:45+00:00","author":{"@id":"https:\/\/www.visit-ulcinj.com\/blog\/#\/schema\/person\/dcab619c614d3038751c63bc2aadc06d"},"description":"Nga Gjek\u00eb Gjonaj, Ulqin Po, Ulqinin at\u00eb dit\u00eb e buz\u00ebqeshi fati. Ai kishte fest\u00eb. Ishte m\u00eb i bukur se kurr\u00eb. Dukej si nuse bukuroshe.Tundej e hidhej nga","breadcrumb":{"@id":"https:\/\/www.visit-ulcinj.com\/blog\/2013\/10\/05\/ngritja-e-flamurit-tone-kombetar-ne-ulqin-ne-vitin-1968\/#breadcrumb"},"inLanguage":"en-US","potentialAction":[{"@type":"ReadAction","target":["https:\/\/www.visit-ulcinj.com\/blog\/2013\/10\/05\/ngritja-e-flamurit-tone-kombetar-ne-ulqin-ne-vitin-1968\/"]}]},{"@type":"BreadcrumbList","@id":"https:\/\/www.visit-ulcinj.com\/blog\/2013\/10\/05\/ngritja-e-flamurit-tone-kombetar-ne-ulqin-ne-vitin-1968\/#breadcrumb","itemListElement":[{"@type":"ListItem","position":1,"name":"Ngritja e flamurit ton\u00eb komb\u00ebtar n\u00eb Ulqin n\u00eb vitin 1968"}]},{"@type":"Person","@id":"https:\/\/www.visit-ulcinj.com\/blog\/#\/schema\/person\/dcab619c614d3038751c63bc2aadc06d","name":"ulqini","sameAs":["http:\/\/www.visit-ulcinj.com"],"url":"https:\/\/www.visit-ulcinj.com\/blog\/author\/admin\/"}]}},"jetpack_featured_media_url":"","jetpack_sharing_enabled":true,"jetpack_shortlink":"https:\/\/wp.me\/pe6lTn-jwF","_links":{"self":[{"href":"https:\/\/www.visit-ulcinj.com\/blog\/wp-json\/wp\/v2\/posts\/75061"}],"collection":[{"href":"https:\/\/www.visit-ulcinj.com\/blog\/wp-json\/wp\/v2\/posts"}],"about":[{"href":"https:\/\/www.visit-ulcinj.com\/blog\/wp-json\/wp\/v2\/types\/post"}],"author":[{"embeddable":true,"href":"https:\/\/www.visit-ulcinj.com\/blog\/wp-json\/wp\/v2\/users\/1"}],"replies":[{"embeddable":true,"href":"https:\/\/www.visit-ulcinj.com\/blog\/wp-json\/wp\/v2\/comments?post=75061"}],"version-history":[{"count":1,"href":"https:\/\/www.visit-ulcinj.com\/blog\/wp-json\/wp\/v2\/posts\/75061\/revisions"}],"predecessor-version":[{"id":75063,"href":"https:\/\/www.visit-ulcinj.com\/blog\/wp-json\/wp\/v2\/posts\/75061\/revisions\/75063"}],"wp:attachment":[{"href":"https:\/\/www.visit-ulcinj.com\/blog\/wp-json\/wp\/v2\/media?parent=75061"}],"wp:term":[{"taxonomy":"category","embeddable":true,"href":"https:\/\/www.visit-ulcinj.com\/blog\/wp-json\/wp\/v2\/categories?post=75061"},{"taxonomy":"post_tag","embeddable":true,"href":"https:\/\/www.visit-ulcinj.com\/blog\/wp-json\/wp\/v2\/tags?post=75061"}],"curies":[{"name":"wp","href":"https:\/\/api.w.org\/{rel}","templated":true}]}}