{"id":75084,"date":"2013-10-06T21:39:47","date_gmt":"2013-10-06T20:39:47","guid":{"rendered":"http:\/\/www.visit-ulcinj.com\/blog\/?p=75084"},"modified":"2013-10-06T21:39:47","modified_gmt":"2013-10-06T20:39:47","slug":"zeneli-knsh-pa-pjesetar-te-diaspores","status":"publish","type":"post","link":"https:\/\/www.visit-ulcinj.com\/blog\/2013\/10\/06\/zeneli-knsh-pa-pjesetar-te-diaspores\/","title":{"rendered":"Zeneli: KNSH, pa pjes\u00ebtar t\u00eb diaspor\u00ebs ?!"},"content":{"rendered":"<p><strong><a href=\"http:\/\/www.visit-ulcinj.com\/blog\/wp-content\/uploads\/2013\/02\/XheladinZeneli.jpg\"><img loading=\"lazy\" class=\"alignleft size-full wp-image-69344\" alt=\"XheladinZeneli\" src=\"http:\/\/www.visit-ulcinj.com\/blog\/wp-content\/uploads\/2013\/02\/XheladinZeneli.jpg\" width=\"165\" height=\"220\" \/><\/a>\u00a0 P\u00cbR NJ\u00cb P\u00cbRFAQ\u00cbSIM T\u00cb MIR\u00cbFILLT\u00cb T\u00cb DIASPOR\u00cbS\u00a0 \u00a0 \u00a0<\/strong><\/p>\n<p>( KNSH, pa pjes\u00ebtar t\u00eb diaspor\u00ebs ?! )<\/p>\n<p>Me 29 Shtator, 2013 u zhvilluan zgjedhjet e reja t\u00eb K\u00ebshillit Nacional t\u00eb Shqiptar\u00ebve n\u00eb Mal t\u00eb Zi, me \u00e7&#8217;rast u zgjodh\u00ebn edhe 16 an\u00ebtar\u00eb t\u00eb ri t\u00eb kuvendit t\u00eb elektor\u00ebve.Q\u00eb n\u00eb fillim, iu uroi zgjedhjen an\u00ebtar\u00ebve t\u00eb rinj t\u00eb KNSH-s\u00eb dhe iu d\u00ebshiroi \u00a0suksese n\u00eb pun\u00ebn e tyre n\u00eb realizimin e t\u00eb drejtave komb\u00ebtare t\u00eb shqiptar\u00ebve n\u00eb Mal t\u00eb Zi.<br \/>\nMegjithate, nuk mund dhe t\u00eb mos v\u00ebrehet nj\u00eb mang\u00ebsi n\u00eb p\u00ebrb\u00ebrjen e an\u00ebtar\u00ebsis\u00eb s\u00eb kuvendit t\u00eb elektor\u00ebve.Kjo mang\u00ebsi,sipas mendimit tim, \u00ebsht\u00eb se n\u00eb kuvendin e KNSH-s\u00eb nuk ka asnj\u00eb an\u00ebtar\u00eb apo p\u00ebrfaq\u00ebsues t\u00eb diaspor\u00ebs shqiptare(!?).<br \/>\nDiaspora shqiptare p\u00ebrb\u00ebn af\u00ebr gjysm\u00ebs s\u00eb popullsis\u00eb shqiptare n\u00eb Mal t\u00eb Zi ( kryesisht n\u00eb SHBA) dhe deri m\u00eb sot nuk \u00ebsht\u00eb e p\u00ebrfaq\u00ebsuar n\u00eb asnj\u00eb organ legjitim n\u00eb vendin e origjin\u00ebs s\u00eb vet. Pse gjith\u00eb ky anashkalim i diaspor\u00ebs n\u00eb aspektin e p\u00ebrfaq\u00ebsimit t\u00eb saj?<br \/>\nMendoi se t\u00eb gjith\u00eb pajtohemi me faktin se diaspora shqiptare , respektivisht diaspora shqiptare me prejardhje nga trojet e veta etnike n\u00eb Mal t\u00eb Zi, ka dh\u00ebn\u00eb dhe gjith\u00ebnj\u00eb vazhdon t\u00eb jap nj\u00eb kontribut t\u00eb \u00e7muar p\u00ebr atdheun dhe vendlindjen dhe \u00a0tashm\u00eb \u00ebsht\u00eb koha q\u00eb po e nj\u00ebjta diaspor\u00eb t\u00eb p\u00ebrfaq\u00ebsohet me dinjitet dhe t\u00eb jet\u00eb prezent me z\u00ebrin e vet n\u00eb proceset ku vendoset apo k\u00ebshillohet e ardhmja dhe fati i kombit,si pjes\u00eb e cilit esht\u00eb edhe vet\u00eb diaspora.<br \/>\nKNSH u themelu n\u00eb vitin 2008 n\u00eb p\u00ebrputhje me standardet eurupiane p\u00ebr drejtat e popujve pakic\u00eb dhe \u00ebsht\u00eb organi m\u00eb i lart\u00eb p\u00ebrfaq\u00ebsues i shqiptar\u00ebve n\u00eb Mal t\u00eb Zi i cili n\u00eb p\u00ebrb\u00ebrjen e vet ka, p\u00ebrve\u00e7 p\u00ebrfaq\u00ebsuesve t\u00eb faktorit politik edhe p\u00ebrfaq\u00ebsuses t\u00eb profileve t\u00eb ndryshme q\u00eb nga fusha e arsimit, informimit, artit e kultur\u00ebs e deri tek sektori joqeveritar dhe i pavarur.Njikoh\u00ebsisht n\u00eb K\u00ebshill\u00eb jan\u00eb t\u00eb p\u00ebrfaq\u00ebsuar pothuajse t\u00eb gjitha trevat shqiptare n\u00eb Mal t\u00eb Zi.<br \/>\nGjysma e elektor\u00ebve t\u00eb Kuvendit t\u00eb KNSH-s\u00eb (16 an\u00ebtar\u00eb ), sipas pozit\u00ebs dhe funksionit q\u00eb mbajn\u00eb n\u00eb sken\u00ebn politike shqiptare n\u00eb Mal t\u00eb Zi,me automatiz\u00ebm jan\u00eb pjes\u00eb e kuvendit t\u00eb elektor\u00ebve, k\u00ebshtu q\u00eb do t\u00eb ishte e udh\u00ebs q\u00eb ,gjithashtu me automatiz\u00ebm, disa an\u00ebtar\u00eb t\u00eb diaspor\u00ebs shqiptare t\u00eb jen\u00eb po ashtu pjes\u00eb e k\u00ebtij kuvendi.Kjo do ti sh\u00ebrbente marr\u00ebdhenieve t\u00eb mir\u00ebfillta n\u00eb mes diaspor\u00ebs dhe vendlindjes si dhe do t\u00eb d\u00ebshmonte respektin e merituar t\u00eb vendlindjes ndaj diaspor\u00ebs s\u00eb vet.P\u00ebrmes p\u00ebrfaq\u00ebsues\u00ebve t\u00eb vet diaspora shqiptare do t\u00eb ishte n\u00eb gjendje t\u00eb komunikonte drejt\u00eb p\u00ebr drejti \u00e7\u00ebshtjet q\u00eb n\u00eb rend t\u00eb par\u00eb preokupojn\u00eb vet\u00eb diaspor\u00ebn por njikoh\u00ebsisht edhe \u00e7\u00ebshtjet q\u00eb kan\u00eb t\u00eb b\u00ebjn\u00eb me statusin e shqiptar\u00ebve n\u00eb p\u00ebrgjith\u00ebsi n\u00eb Mal t\u00eb Zi.<br \/>\nVet\u00eb Statuti i KNSH-s\u00eb potencon bashk\u00ebpunimin me diaspor\u00ebn.N\u00eb pjes\u00ebn ku p\u00ebrshkruhen q\u00ebllimet e K\u00ebshillit ( neni 8), n\u00eb mes tjerash thuhet : &#8220;&#8230; Bashk\u00ebpunimi dhe avancimi i marr\u00ebdh\u00ebnieve me shqiptar\u00ebt n\u00eb diaspor\u00eb, me q\u00ebllim t\u00eb mbrojtjes s\u00eb t\u00eb drejtave t\u00eb tyre qytetare dhe politike, si dhe avancimi i identitetit t\u00eb tyre nacional, kulturor, gjuh\u00ebsor dhe fetar&#8230;&#8221;.Gjthashtu,n\u00eb kuad\u00ebr t\u00eb KNSH-s\u00eb egziston edhe &#8220;Komisioni p\u00ebr bashk\u00ebpunim me shqiptar\u00ebt n\u00eb vendet e tjera&#8221;.<br \/>\nPra, ky bashk\u00ebpunim dhe avancim i marr\u00ebdh\u00ebnieve me shqiptar\u00ebt e diaspor\u00ebs mund t\u00eb arrihet n\u00eb at\u00eb m\u00ebnyr\u00eb q\u00eb diaspora t\u00eb ken\u00eb p\u00ebrfaq\u00ebsuesit e vet n\u00eb KNSH. V\u00ebrtet\u00eb \u00a0q\u00eb KNSH \u00ebsht\u00eb vet\u00ebm organ k\u00ebshill\u00ebdh\u00ebn\u00ebs dhe nuk ka kompetenca vendim-marr\u00ebse, megjthate pjes\u00ebmarrja e diaspor\u00ebs n\u00eb kuvendin e k\u00ebtij K\u00ebshilli do t\u00eb ishte shum\u00eb dometh\u00ebn\u00ebse.<br \/>\nE kam cekur edhe n\u00eb shkrimet e m\u00ebparshme se \u00ebsht\u00eb \u00a0tep\u00ebr e r\u00ebnd\u00ebsishme q\u00eb diaspora mos t\u00eb shikohet ekskluzivisht si burim i ndihmave financiare ndaj vendlindjes ,por njokoh\u00ebsisht edhe si partner i v\u00ebrtet\u00eb n\u00eb marrjen e vendimeve t\u00eb p\u00ebrbashkta.Rruga e bashk\u00ebpunimit nuk duhet t\u00eb jet\u00eb rrug\u00eb nj\u00eb drejtimi por gjith\u00ebmon\u00eb rrug\u00eb dy drejtimesh. Inkuadrimi i diaspor\u00ebs shqiptare n\u00eb proceset vendim-marr\u00ebse p\u00ebr \u00e7\u00ebshtjet me r\u00ebnd\u00ebsi jetike p\u00ebr popullin shqiptar \u00ebsht\u00eb ,jo vet\u00ebm i nevojsh\u00ebm por edhe i domosdosh\u00ebm ,posa\u00e7\u00ebrisht tani kur pozita e shqiptar\u00ebve n\u00eb Mal t\u00eb Zi vazhdon gjith\u00ebnj\u00eb t\u00eb jet\u00eb e pafavorshme dhe k\u00ebrkohen forca dhe energji t\u00eb p\u00ebrbashkta n\u00eb angazhimin e zgjidhjes s\u00eb saj.<\/p>\n<p>Xheladin Zeneli<\/p>\n<p>6 Tetor 2013<br \/>\nNju Jork<\/p>\n","protected":false},"excerpt":{"rendered":"<p>\u00a0 P\u00cbR NJ\u00cb P\u00cbRFAQ\u00cbSIM T\u00cb MIR\u00cbFILLT\u00cb T\u00cb DIASPOR\u00cbS\u00a0 \u00a0 \u00a0 ( KNSH, pa pjes\u00ebtar t\u00eb diaspor\u00ebs ?! ) Me 29 Shtator, 2013 u zhvilluan zgjedhjet e reja t\u00eb K\u00ebshillit Nacional t\u00eb Shqiptar\u00ebve n\u00eb Mal t\u00eb Zi, me \u00e7&#8217;rast u zgjodh\u00ebn edhe 16 an\u00ebtar\u00eb t\u00eb ri t\u00eb kuvendit t\u00eb elektor\u00ebve.Q\u00eb n\u00eb fillim, iu uroi zgjedhjen an\u00ebtar\u00ebve [&hellip;]<\/p>\n","protected":false},"author":1,"featured_media":0,"comment_status":"closed","ping_status":"closed","sticky":false,"template":"","format":"standard","meta":{"spay_email":"","jetpack_publicize_message":"","jetpack_is_tweetstorm":false,"jetpack_publicize_feature_enabled":true},"categories":[14249],"tags":[],"jetpack_publicize_connections":[],"yoast_head":"<!-- This site is optimized with the Yoast SEO plugin v19.1 - https:\/\/yoast.com\/wordpress\/plugins\/seo\/ -->\n<title>Zeneli: KNSH, pa pjes\u00ebtar t\u00eb diaspor\u00ebs ?! - Lajme nga Ulqini<\/title>\n<meta name=\"description\" content=\"\u00a0 P\u00cbR NJ\u00cb P\u00cbRFAQ\u00cbSIM T\u00cb MIR\u00cbFILLT\u00cb T\u00cb DIASPOR\u00cbS\u00a0 \u00a0 \u00a0 ( KNSH, pa pjes\u00ebtar t\u00eb diaspor\u00ebs ?! ) Me 29 Shtator, 2013 u zhvilluan zgjedhjet e reja t\u00eb K\u00ebshillit\" \/>\n<meta name=\"robots\" content=\"index, follow, max-snippet:-1, max-image-preview:large, max-video-preview:-1\" \/>\n<link rel=\"canonical\" href=\"https:\/\/www.visit-ulcinj.com\/blog\/2013\/10\/06\/zeneli-knsh-pa-pjesetar-te-diaspores\/\" \/>\n<meta property=\"og:locale\" content=\"en_US\" \/>\n<meta property=\"og:type\" content=\"article\" \/>\n<meta property=\"og:title\" content=\"Zeneli: KNSH, pa pjes\u00ebtar t\u00eb diaspor\u00ebs ?! - Lajme nga Ulqini\" \/>\n<meta property=\"og:description\" content=\"\u00a0 P\u00cbR NJ\u00cb P\u00cbRFAQ\u00cbSIM T\u00cb MIR\u00cbFILLT\u00cb T\u00cb DIASPOR\u00cbS\u00a0 \u00a0 \u00a0 ( KNSH, pa pjes\u00ebtar t\u00eb diaspor\u00ebs ?! ) Me 29 Shtator, 2013 u zhvilluan zgjedhjet e reja t\u00eb K\u00ebshillit\" \/>\n<meta property=\"og:url\" content=\"https:\/\/www.visit-ulcinj.com\/blog\/2013\/10\/06\/zeneli-knsh-pa-pjesetar-te-diaspores\/\" \/>\n<meta property=\"og:site_name\" content=\"Lajme nga Ulqini\" \/>\n<meta property=\"article:published_time\" content=\"2013-10-06T20:39:47+00:00\" \/>\n<meta property=\"og:image\" content=\"http:\/\/www.visit-ulcinj.com\/blog\/wp-content\/uploads\/2013\/02\/XheladinZeneli.jpg\" \/>\n<meta name=\"twitter:label1\" content=\"Written by\" \/>\n\t<meta name=\"twitter:data1\" content=\"ulqini\" \/>\n\t<meta name=\"twitter:label2\" content=\"Est. reading time\" \/>\n\t<meta name=\"twitter:data2\" content=\"4 minutes\" \/>\n<script type=\"application\/ld+json\" class=\"yoast-schema-graph\">{\"@context\":\"https:\/\/schema.org\",\"@graph\":[{\"@type\":\"WebSite\",\"@id\":\"https:\/\/www.visit-ulcinj.com\/blog\/#website\",\"url\":\"https:\/\/www.visit-ulcinj.com\/blog\/\",\"name\":\"Lajme nga Ulqini\",\"description\":\"Lajme,Vijesti,Ulqini,Ulqin,Crna Gora,Mali i Zi\",\"potentialAction\":[{\"@type\":\"SearchAction\",\"target\":{\"@type\":\"EntryPoint\",\"urlTemplate\":\"https:\/\/www.visit-ulcinj.com\/blog\/?s={search_term_string}\"},\"query-input\":\"required name=search_term_string\"}],\"inLanguage\":\"en-US\"},{\"@type\":\"ImageObject\",\"inLanguage\":\"en-US\",\"@id\":\"https:\/\/www.visit-ulcinj.com\/blog\/2013\/10\/06\/zeneli-knsh-pa-pjesetar-te-diaspores\/#primaryimage\",\"url\":\"https:\/\/www.visit-ulcinj.com\/blog\/wp-content\/uploads\/2013\/02\/XheladinZeneli.jpg\",\"contentUrl\":\"https:\/\/www.visit-ulcinj.com\/blog\/wp-content\/uploads\/2013\/02\/XheladinZeneli.jpg\",\"width\":165,\"height\":220},{\"@type\":\"WebPage\",\"@id\":\"https:\/\/www.visit-ulcinj.com\/blog\/2013\/10\/06\/zeneli-knsh-pa-pjesetar-te-diaspores\/#webpage\",\"url\":\"https:\/\/www.visit-ulcinj.com\/blog\/2013\/10\/06\/zeneli-knsh-pa-pjesetar-te-diaspores\/\",\"name\":\"Zeneli: KNSH, pa pjes\u00ebtar t\u00eb diaspor\u00ebs ?! - Lajme nga Ulqini\",\"isPartOf\":{\"@id\":\"https:\/\/www.visit-ulcinj.com\/blog\/#website\"},\"primaryImageOfPage\":{\"@id\":\"https:\/\/www.visit-ulcinj.com\/blog\/2013\/10\/06\/zeneli-knsh-pa-pjesetar-te-diaspores\/#primaryimage\"},\"datePublished\":\"2013-10-06T20:39:47+00:00\",\"dateModified\":\"2013-10-06T20:39:47+00:00\",\"author\":{\"@id\":\"https:\/\/www.visit-ulcinj.com\/blog\/#\/schema\/person\/dcab619c614d3038751c63bc2aadc06d\"},\"description\":\"\u00a0 P\u00cbR NJ\u00cb P\u00cbRFAQ\u00cbSIM T\u00cb MIR\u00cbFILLT\u00cb T\u00cb DIASPOR\u00cbS\u00a0 \u00a0 \u00a0 ( KNSH, pa pjes\u00ebtar t\u00eb diaspor\u00ebs ?! ) Me 29 Shtator, 2013 u zhvilluan zgjedhjet e reja t\u00eb K\u00ebshillit\",\"breadcrumb\":{\"@id\":\"https:\/\/www.visit-ulcinj.com\/blog\/2013\/10\/06\/zeneli-knsh-pa-pjesetar-te-diaspores\/#breadcrumb\"},\"inLanguage\":\"en-US\",\"potentialAction\":[{\"@type\":\"ReadAction\",\"target\":[\"https:\/\/www.visit-ulcinj.com\/blog\/2013\/10\/06\/zeneli-knsh-pa-pjesetar-te-diaspores\/\"]}]},{\"@type\":\"BreadcrumbList\",\"@id\":\"https:\/\/www.visit-ulcinj.com\/blog\/2013\/10\/06\/zeneli-knsh-pa-pjesetar-te-diaspores\/#breadcrumb\",\"itemListElement\":[{\"@type\":\"ListItem\",\"position\":1,\"name\":\"Zeneli: KNSH, pa pjes\u00ebtar t\u00eb diaspor\u00ebs ?!\"}]},{\"@type\":\"Person\",\"@id\":\"https:\/\/www.visit-ulcinj.com\/blog\/#\/schema\/person\/dcab619c614d3038751c63bc2aadc06d\",\"name\":\"ulqini\",\"sameAs\":[\"http:\/\/www.visit-ulcinj.com\"],\"url\":\"https:\/\/www.visit-ulcinj.com\/blog\/author\/admin\/\"}]}<\/script>\n<!-- \/ Yoast SEO plugin. -->","yoast_head_json":{"title":"Zeneli: KNSH, pa pjes\u00ebtar t\u00eb diaspor\u00ebs ?! - Lajme nga Ulqini","description":"\u00a0 P\u00cbR NJ\u00cb P\u00cbRFAQ\u00cbSIM T\u00cb MIR\u00cbFILLT\u00cb T\u00cb DIASPOR\u00cbS\u00a0 \u00a0 \u00a0 ( KNSH, pa pjes\u00ebtar t\u00eb diaspor\u00ebs ?! ) Me 29 Shtator, 2013 u zhvilluan zgjedhjet e reja t\u00eb K\u00ebshillit","robots":{"index":"index","follow":"follow","max-snippet":"max-snippet:-1","max-image-preview":"max-image-preview:large","max-video-preview":"max-video-preview:-1"},"canonical":"https:\/\/www.visit-ulcinj.com\/blog\/2013\/10\/06\/zeneli-knsh-pa-pjesetar-te-diaspores\/","og_locale":"en_US","og_type":"article","og_title":"Zeneli: KNSH, pa pjes\u00ebtar t\u00eb diaspor\u00ebs ?! - Lajme nga Ulqini","og_description":"\u00a0 P\u00cbR NJ\u00cb P\u00cbRFAQ\u00cbSIM T\u00cb MIR\u00cbFILLT\u00cb T\u00cb DIASPOR\u00cbS\u00a0 \u00a0 \u00a0 ( KNSH, pa pjes\u00ebtar t\u00eb diaspor\u00ebs ?! ) Me 29 Shtator, 2013 u zhvilluan zgjedhjet e reja t\u00eb K\u00ebshillit","og_url":"https:\/\/www.visit-ulcinj.com\/blog\/2013\/10\/06\/zeneli-knsh-pa-pjesetar-te-diaspores\/","og_site_name":"Lajme nga Ulqini","article_published_time":"2013-10-06T20:39:47+00:00","og_image":[{"url":"http:\/\/www.visit-ulcinj.com\/blog\/wp-content\/uploads\/2013\/02\/XheladinZeneli.jpg"}],"twitter_misc":{"Written by":"ulqini","Est. reading time":"4 minutes"},"schema":{"@context":"https:\/\/schema.org","@graph":[{"@type":"WebSite","@id":"https:\/\/www.visit-ulcinj.com\/blog\/#website","url":"https:\/\/www.visit-ulcinj.com\/blog\/","name":"Lajme nga Ulqini","description":"Lajme,Vijesti,Ulqini,Ulqin,Crna Gora,Mali i Zi","potentialAction":[{"@type":"SearchAction","target":{"@type":"EntryPoint","urlTemplate":"https:\/\/www.visit-ulcinj.com\/blog\/?s={search_term_string}"},"query-input":"required name=search_term_string"}],"inLanguage":"en-US"},{"@type":"ImageObject","inLanguage":"en-US","@id":"https:\/\/www.visit-ulcinj.com\/blog\/2013\/10\/06\/zeneli-knsh-pa-pjesetar-te-diaspores\/#primaryimage","url":"https:\/\/www.visit-ulcinj.com\/blog\/wp-content\/uploads\/2013\/02\/XheladinZeneli.jpg","contentUrl":"https:\/\/www.visit-ulcinj.com\/blog\/wp-content\/uploads\/2013\/02\/XheladinZeneli.jpg","width":165,"height":220},{"@type":"WebPage","@id":"https:\/\/www.visit-ulcinj.com\/blog\/2013\/10\/06\/zeneli-knsh-pa-pjesetar-te-diaspores\/#webpage","url":"https:\/\/www.visit-ulcinj.com\/blog\/2013\/10\/06\/zeneli-knsh-pa-pjesetar-te-diaspores\/","name":"Zeneli: KNSH, pa pjes\u00ebtar t\u00eb diaspor\u00ebs ?! - Lajme nga Ulqini","isPartOf":{"@id":"https:\/\/www.visit-ulcinj.com\/blog\/#website"},"primaryImageOfPage":{"@id":"https:\/\/www.visit-ulcinj.com\/blog\/2013\/10\/06\/zeneli-knsh-pa-pjesetar-te-diaspores\/#primaryimage"},"datePublished":"2013-10-06T20:39:47+00:00","dateModified":"2013-10-06T20:39:47+00:00","author":{"@id":"https:\/\/www.visit-ulcinj.com\/blog\/#\/schema\/person\/dcab619c614d3038751c63bc2aadc06d"},"description":"\u00a0 P\u00cbR NJ\u00cb P\u00cbRFAQ\u00cbSIM T\u00cb MIR\u00cbFILLT\u00cb T\u00cb DIASPOR\u00cbS\u00a0 \u00a0 \u00a0 ( KNSH, pa pjes\u00ebtar t\u00eb diaspor\u00ebs ?! ) Me 29 Shtator, 2013 u zhvilluan zgjedhjet e reja t\u00eb K\u00ebshillit","breadcrumb":{"@id":"https:\/\/www.visit-ulcinj.com\/blog\/2013\/10\/06\/zeneli-knsh-pa-pjesetar-te-diaspores\/#breadcrumb"},"inLanguage":"en-US","potentialAction":[{"@type":"ReadAction","target":["https:\/\/www.visit-ulcinj.com\/blog\/2013\/10\/06\/zeneli-knsh-pa-pjesetar-te-diaspores\/"]}]},{"@type":"BreadcrumbList","@id":"https:\/\/www.visit-ulcinj.com\/blog\/2013\/10\/06\/zeneli-knsh-pa-pjesetar-te-diaspores\/#breadcrumb","itemListElement":[{"@type":"ListItem","position":1,"name":"Zeneli: KNSH, pa pjes\u00ebtar t\u00eb diaspor\u00ebs ?!"}]},{"@type":"Person","@id":"https:\/\/www.visit-ulcinj.com\/blog\/#\/schema\/person\/dcab619c614d3038751c63bc2aadc06d","name":"ulqini","sameAs":["http:\/\/www.visit-ulcinj.com"],"url":"https:\/\/www.visit-ulcinj.com\/blog\/author\/admin\/"}]}},"jetpack_featured_media_url":"","jetpack_sharing_enabled":true,"jetpack_shortlink":"https:\/\/wp.me\/pe6lTn-jx2","_links":{"self":[{"href":"https:\/\/www.visit-ulcinj.com\/blog\/wp-json\/wp\/v2\/posts\/75084"}],"collection":[{"href":"https:\/\/www.visit-ulcinj.com\/blog\/wp-json\/wp\/v2\/posts"}],"about":[{"href":"https:\/\/www.visit-ulcinj.com\/blog\/wp-json\/wp\/v2\/types\/post"}],"author":[{"embeddable":true,"href":"https:\/\/www.visit-ulcinj.com\/blog\/wp-json\/wp\/v2\/users\/1"}],"replies":[{"embeddable":true,"href":"https:\/\/www.visit-ulcinj.com\/blog\/wp-json\/wp\/v2\/comments?post=75084"}],"version-history":[{"count":2,"href":"https:\/\/www.visit-ulcinj.com\/blog\/wp-json\/wp\/v2\/posts\/75084\/revisions"}],"predecessor-version":[{"id":75086,"href":"https:\/\/www.visit-ulcinj.com\/blog\/wp-json\/wp\/v2\/posts\/75084\/revisions\/75086"}],"wp:attachment":[{"href":"https:\/\/www.visit-ulcinj.com\/blog\/wp-json\/wp\/v2\/media?parent=75084"}],"wp:term":[{"taxonomy":"category","embeddable":true,"href":"https:\/\/www.visit-ulcinj.com\/blog\/wp-json\/wp\/v2\/categories?post=75084"},{"taxonomy":"post_tag","embeddable":true,"href":"https:\/\/www.visit-ulcinj.com\/blog\/wp-json\/wp\/v2\/tags?post=75084"}],"curies":[{"name":"wp","href":"https:\/\/api.w.org\/{rel}","templated":true}]}}