{"id":75087,"date":"2013-10-06T21:43:08","date_gmt":"2013-10-06T20:43:08","guid":{"rendered":"http:\/\/www.visit-ulcinj.com\/blog\/?p=75087"},"modified":"2013-10-06T21:43:08","modified_gmt":"2013-10-06T20:43:08","slug":"realiteti-ne-ulqin","status":"publish","type":"post","link":"https:\/\/www.visit-ulcinj.com\/blog\/2013\/10\/06\/realiteti-ne-ulqin\/","title":{"rendered":"Realiteti n\u00eb Ulqin"},"content":{"rendered":"<div>\n<p><em><a href=\"http:\/\/www.visit-ulcinj.com\/blog\/wp-content\/uploads\/2013\/10\/Gazmend-SHAPTAFI.jpg\"><img loading=\"lazy\" class=\"alignleft  wp-image-75088\" alt=\"Gazmend SHAPTAFI\" src=\"http:\/\/www.visit-ulcinj.com\/blog\/wp-content\/uploads\/2013\/10\/Gazmend-SHAPTAFI.jpg\" width=\"508\" height=\"283\" \/><\/a>Shqiptar\u00ebt n\u00eb Ulqin\u2026 Ana e Malit.. Kraja\u2026jan\u00eb vendet m\u00eb t\u00eb diskriminuara sa i p\u00ebrket \u00e7\u00ebshtjes sociale\u2026jan\u00eb t\u00eb vetmet vende q\u00eb diskriminohen me pagat e tyre mujore q\u00eb me forc\u00ebn e mundin e tyre punojn\u00eb edhe mundohen p\u00ebr nj\u00eb ekonomi familjare normale ti mund\u00ebsojn\u00eb shkollimin e f\u00ebmij\u00ebve, luftojn p\u00ebr mbijetes\u00eb e p\u00ebr nj\u00eb jet\u00eb normale. K\u00ebto vende jan\u00eb t\u00eb vetmet q\u00eb diskriminohen 10 vitet e fundit nga pushtetar\u00ebt lokal\u2026 nga g\u00ebnjeshtrat nga premtimet boshe etj etj\u2026!\u00a0<\/em><\/p>\n<p>Shkruan:\u00a0<strong>Gazmend SHAPTAFI<\/strong><\/p>\n<p>Pra i vetmi vend n\u00eb bot\u00eb \u00ebsht\u00eb vendi jon\u00eb ku kemi lind e ku jemi rrit q\u00eb nuk njeh protesta paq\u00ebsore, protest\u00eb t\u00eb lir\u00eb p\u00ebr k\u00ebrkimin e t\u00eb drejtave t\u00eb tyre.<\/p>\n<p>Ka ndodh\u00eb q\u00eb njer\u00ebzit n\u00eb qytetin e Ulqinit t\u00eb mos marrin pagat e tyre me nga 12 muaj edhe asnj\u00eb protest apo nj\u00eb z\u00eb i lir\u00eb n\u00eb \u00e7do cep t\u00eb qytetit nuk \u00ebsht\u00eb nd\u00ebgjuar apo nuk \u00ebsht\u00eb realizuar.<\/p>\n<p>T\u00eb gjithe ankohen t\u00eb gjith\u00eb luftojn\u00eb t\u00eb gjith\u00eb shajn\u00eb pushtetet e pushtetar\u00ebt asnjeri i k\u00ebnaqur me ndryshimet q\u00eb shkojn\u00eb e vijn\u00eb n\u00eb komun\u00eb \u2026.heshtje e vet\u00ebm hejshte\u2026\u2026zhurm\u00eb e vet\u00ebm zhurm\u00eb n\u00eb kafene n\u00eb lokale n\u00eb restaurant.<\/p>\n<p>I gjith\u00eb zeri ngritet e t\u00eb gjitha protestat b\u00ebhen n\u00eb kafene, n\u00eb sht\u00ebpija e n\u00eb automjete \u2026.por asnj\u00eb protest apo nj\u00eb bashkim qytetar\u00ebsh nuk \u00ebsht\u00eb b\u00ebr\u00eb n\u00eb qytete.<\/p>\n<p>Nj\u00eb shkrim nj\u00eb ankes t\u00eb mbahet n\u00eb dor\u00eb nuk \u00ebsht\u00eb turp sepse kuptohet nj\u00ebrzit ton\u00eb kan\u00eb edhe komplekse njer\u00ebzore. Kompleksi e krimi e \u00e7oj Ulqinin jasht shinave!<\/p>\n<p>Ne jemi populli m\u00eb i urt\u00eb e me i but\u00eb n\u00eb ballkan\u2026k\u00ebshtu q\u00eb nuk jemi e keqja e askujt por e zeza e vetit..!<\/p>\n<p>Protesta \u00ebsht\u00eb Revolucionare protesta \u00ebsht\u00eb p\u00ebr di\u00e7ka m\u00eb t\u00eb mir\u00eb p\u00ebr nj\u00eb hap t\u00eb s\u00eb drejt\u00ebs njer\u00ebzore\u2026 ! Se kur vie puna p\u00ebr drejtat tona kombetare as q\u00eb b\u00ebhet fjal\u00eb p\u00ebr ndonj\u00eb protest e p\u00ebr drejtat tona!<\/p>\n<p>Kjo sjellje e qytetar\u00ebve ton\u00eb q\u00eb jan\u00eb kundra protestave e t\u00eb drejtave personale \u00ebsht\u00eb n\u00eb t\u00eb mir\u00ebn e politikan\u00ebve e nje hap p\u00ebr mashtrimet e tyre n\u00eb t\u00eb ardhmen.<\/p>\n<p>T\u00eb vetmit politikan n\u00eb bot\u00eb q\u00eb flejn rehat e q\u00eb nuk i lodh\u00eb nd\u00ebrgjegjja \u00a0e ndershm\u00ebria gjenden n\u00eb trojet tona !<br \/>\nT\u00eb nderuar politikan \u00e7kado q\u00eb t\u00eb b\u00ebni populli juve nuk ju prishen planet \u2026sepse populli e ka mir\u00eb kur juve jeni mir\u00eb\u2026 Nuk duam protesta por nuk duam as ekonomi m\u00eb t\u00eb mir\u00eb sepse t\u00eb b\u00ebn keq p\u00ebr sh\u00ebndetin\u2026 Rroft\u00eb pasiviteti qytetar \u2026 e lum optimizmi politikan.<\/p>\n<p><strong>infoglobi<\/strong><\/p>\n<\/div>\n","protected":false},"excerpt":{"rendered":"<p>Shqiptar\u00ebt n\u00eb Ulqin\u2026 Ana e Malit.. Kraja\u2026jan\u00eb vendet m\u00eb t\u00eb diskriminuara sa i p\u00ebrket \u00e7\u00ebshtjes sociale\u2026jan\u00eb t\u00eb vetmet vende q\u00eb diskriminohen me pagat e tyre mujore q\u00eb me forc\u00ebn e mundin e tyre punojn\u00eb edhe mundohen p\u00ebr nj\u00eb ekonomi familjare normale ti mund\u00ebsojn\u00eb shkollimin e f\u00ebmij\u00ebve, luftojn p\u00ebr mbijetes\u00eb e p\u00ebr nj\u00eb jet\u00eb normale. K\u00ebto [&hellip;]<\/p>\n","protected":false},"author":1,"featured_media":0,"comment_status":"closed","ping_status":"closed","sticky":false,"template":"","format":"standard","meta":{"spay_email":"","jetpack_publicize_message":"","jetpack_is_tweetstorm":false,"jetpack_publicize_feature_enabled":true},"categories":[13],"tags":[],"jetpack_publicize_connections":[],"yoast_head":"<!-- This site is optimized with the Yoast SEO plugin v19.1 - https:\/\/yoast.com\/wordpress\/plugins\/seo\/ -->\n<title>Realiteti n\u00eb Ulqin - Lajme nga Ulqini<\/title>\n<meta name=\"description\" content=\"Shqiptar\u00ebt n\u00eb Ulqin\u2026 Ana e Malit.. Kraja\u2026jan\u00eb vendet m\u00eb t\u00eb diskriminuara sa i p\u00ebrket \u00e7\u00ebshtjes sociale\u2026jan\u00eb t\u00eb vetmet vende q\u00eb diskriminohen me pagat e\" \/>\n<meta name=\"robots\" content=\"index, follow, max-snippet:-1, max-image-preview:large, max-video-preview:-1\" \/>\n<link rel=\"canonical\" href=\"https:\/\/www.visit-ulcinj.com\/blog\/2013\/10\/06\/realiteti-ne-ulqin\/\" \/>\n<meta property=\"og:locale\" content=\"en_US\" \/>\n<meta property=\"og:type\" content=\"article\" \/>\n<meta property=\"og:title\" content=\"Realiteti n\u00eb Ulqin - Lajme nga Ulqini\" \/>\n<meta property=\"og:description\" content=\"Shqiptar\u00ebt n\u00eb Ulqin\u2026 Ana e Malit.. Kraja\u2026jan\u00eb vendet m\u00eb t\u00eb diskriminuara sa i p\u00ebrket \u00e7\u00ebshtjes sociale\u2026jan\u00eb t\u00eb vetmet vende q\u00eb diskriminohen me pagat e\" \/>\n<meta property=\"og:url\" content=\"https:\/\/www.visit-ulcinj.com\/blog\/2013\/10\/06\/realiteti-ne-ulqin\/\" \/>\n<meta property=\"og:site_name\" content=\"Lajme nga Ulqini\" \/>\n<meta property=\"article:published_time\" content=\"2013-10-06T20:43:08+00:00\" \/>\n<meta property=\"og:image\" content=\"http:\/\/www.visit-ulcinj.com\/blog\/wp-content\/uploads\/2013\/10\/Gazmend-SHAPTAFI.jpg\" \/>\n<meta name=\"twitter:label1\" content=\"Written by\" \/>\n\t<meta name=\"twitter:data1\" content=\"ulqini\" \/>\n\t<meta name=\"twitter:label2\" content=\"Est. reading time\" \/>\n\t<meta name=\"twitter:data2\" content=\"2 minutes\" \/>\n<script type=\"application\/ld+json\" class=\"yoast-schema-graph\">{\"@context\":\"https:\/\/schema.org\",\"@graph\":[{\"@type\":\"WebSite\",\"@id\":\"https:\/\/www.visit-ulcinj.com\/blog\/#website\",\"url\":\"https:\/\/www.visit-ulcinj.com\/blog\/\",\"name\":\"Lajme nga Ulqini\",\"description\":\"Lajme,Vijesti,Ulqini,Ulqin,Crna Gora,Mali i Zi\",\"potentialAction\":[{\"@type\":\"SearchAction\",\"target\":{\"@type\":\"EntryPoint\",\"urlTemplate\":\"https:\/\/www.visit-ulcinj.com\/blog\/?s={search_term_string}\"},\"query-input\":\"required name=search_term_string\"}],\"inLanguage\":\"en-US\"},{\"@type\":\"ImageObject\",\"inLanguage\":\"en-US\",\"@id\":\"https:\/\/www.visit-ulcinj.com\/blog\/2013\/10\/06\/realiteti-ne-ulqin\/#primaryimage\",\"url\":\"https:\/\/www.visit-ulcinj.com\/blog\/wp-content\/uploads\/2013\/10\/Gazmend-SHAPTAFI.jpg\",\"contentUrl\":\"https:\/\/www.visit-ulcinj.com\/blog\/wp-content\/uploads\/2013\/10\/Gazmend-SHAPTAFI.jpg\",\"width\":529,\"height\":283},{\"@type\":\"WebPage\",\"@id\":\"https:\/\/www.visit-ulcinj.com\/blog\/2013\/10\/06\/realiteti-ne-ulqin\/#webpage\",\"url\":\"https:\/\/www.visit-ulcinj.com\/blog\/2013\/10\/06\/realiteti-ne-ulqin\/\",\"name\":\"Realiteti n\u00eb Ulqin - Lajme nga Ulqini\",\"isPartOf\":{\"@id\":\"https:\/\/www.visit-ulcinj.com\/blog\/#website\"},\"primaryImageOfPage\":{\"@id\":\"https:\/\/www.visit-ulcinj.com\/blog\/2013\/10\/06\/realiteti-ne-ulqin\/#primaryimage\"},\"datePublished\":\"2013-10-06T20:43:08+00:00\",\"dateModified\":\"2013-10-06T20:43:08+00:00\",\"author\":{\"@id\":\"https:\/\/www.visit-ulcinj.com\/blog\/#\/schema\/person\/dcab619c614d3038751c63bc2aadc06d\"},\"description\":\"Shqiptar\u00ebt n\u00eb Ulqin\u2026 Ana e Malit.. Kraja\u2026jan\u00eb vendet m\u00eb t\u00eb diskriminuara sa i p\u00ebrket \u00e7\u00ebshtjes sociale\u2026jan\u00eb t\u00eb vetmet vende q\u00eb diskriminohen me pagat e\",\"breadcrumb\":{\"@id\":\"https:\/\/www.visit-ulcinj.com\/blog\/2013\/10\/06\/realiteti-ne-ulqin\/#breadcrumb\"},\"inLanguage\":\"en-US\",\"potentialAction\":[{\"@type\":\"ReadAction\",\"target\":[\"https:\/\/www.visit-ulcinj.com\/blog\/2013\/10\/06\/realiteti-ne-ulqin\/\"]}]},{\"@type\":\"BreadcrumbList\",\"@id\":\"https:\/\/www.visit-ulcinj.com\/blog\/2013\/10\/06\/realiteti-ne-ulqin\/#breadcrumb\",\"itemListElement\":[{\"@type\":\"ListItem\",\"position\":1,\"name\":\"Realiteti n\u00eb Ulqin\"}]},{\"@type\":\"Person\",\"@id\":\"https:\/\/www.visit-ulcinj.com\/blog\/#\/schema\/person\/dcab619c614d3038751c63bc2aadc06d\",\"name\":\"ulqini\",\"sameAs\":[\"http:\/\/www.visit-ulcinj.com\"],\"url\":\"https:\/\/www.visit-ulcinj.com\/blog\/author\/admin\/\"}]}<\/script>\n<!-- \/ Yoast SEO plugin. -->","yoast_head_json":{"title":"Realiteti n\u00eb Ulqin - Lajme nga Ulqini","description":"Shqiptar\u00ebt n\u00eb Ulqin\u2026 Ana e Malit.. Kraja\u2026jan\u00eb vendet m\u00eb t\u00eb diskriminuara sa i p\u00ebrket \u00e7\u00ebshtjes sociale\u2026jan\u00eb t\u00eb vetmet vende q\u00eb diskriminohen me pagat e","robots":{"index":"index","follow":"follow","max-snippet":"max-snippet:-1","max-image-preview":"max-image-preview:large","max-video-preview":"max-video-preview:-1"},"canonical":"https:\/\/www.visit-ulcinj.com\/blog\/2013\/10\/06\/realiteti-ne-ulqin\/","og_locale":"en_US","og_type":"article","og_title":"Realiteti n\u00eb Ulqin - Lajme nga Ulqini","og_description":"Shqiptar\u00ebt n\u00eb Ulqin\u2026 Ana e Malit.. Kraja\u2026jan\u00eb vendet m\u00eb t\u00eb diskriminuara sa i p\u00ebrket \u00e7\u00ebshtjes sociale\u2026jan\u00eb t\u00eb vetmet vende q\u00eb diskriminohen me pagat e","og_url":"https:\/\/www.visit-ulcinj.com\/blog\/2013\/10\/06\/realiteti-ne-ulqin\/","og_site_name":"Lajme nga Ulqini","article_published_time":"2013-10-06T20:43:08+00:00","og_image":[{"url":"http:\/\/www.visit-ulcinj.com\/blog\/wp-content\/uploads\/2013\/10\/Gazmend-SHAPTAFI.jpg"}],"twitter_misc":{"Written by":"ulqini","Est. reading time":"2 minutes"},"schema":{"@context":"https:\/\/schema.org","@graph":[{"@type":"WebSite","@id":"https:\/\/www.visit-ulcinj.com\/blog\/#website","url":"https:\/\/www.visit-ulcinj.com\/blog\/","name":"Lajme nga Ulqini","description":"Lajme,Vijesti,Ulqini,Ulqin,Crna Gora,Mali i Zi","potentialAction":[{"@type":"SearchAction","target":{"@type":"EntryPoint","urlTemplate":"https:\/\/www.visit-ulcinj.com\/blog\/?s={search_term_string}"},"query-input":"required name=search_term_string"}],"inLanguage":"en-US"},{"@type":"ImageObject","inLanguage":"en-US","@id":"https:\/\/www.visit-ulcinj.com\/blog\/2013\/10\/06\/realiteti-ne-ulqin\/#primaryimage","url":"https:\/\/www.visit-ulcinj.com\/blog\/wp-content\/uploads\/2013\/10\/Gazmend-SHAPTAFI.jpg","contentUrl":"https:\/\/www.visit-ulcinj.com\/blog\/wp-content\/uploads\/2013\/10\/Gazmend-SHAPTAFI.jpg","width":529,"height":283},{"@type":"WebPage","@id":"https:\/\/www.visit-ulcinj.com\/blog\/2013\/10\/06\/realiteti-ne-ulqin\/#webpage","url":"https:\/\/www.visit-ulcinj.com\/blog\/2013\/10\/06\/realiteti-ne-ulqin\/","name":"Realiteti n\u00eb Ulqin - Lajme nga Ulqini","isPartOf":{"@id":"https:\/\/www.visit-ulcinj.com\/blog\/#website"},"primaryImageOfPage":{"@id":"https:\/\/www.visit-ulcinj.com\/blog\/2013\/10\/06\/realiteti-ne-ulqin\/#primaryimage"},"datePublished":"2013-10-06T20:43:08+00:00","dateModified":"2013-10-06T20:43:08+00:00","author":{"@id":"https:\/\/www.visit-ulcinj.com\/blog\/#\/schema\/person\/dcab619c614d3038751c63bc2aadc06d"},"description":"Shqiptar\u00ebt n\u00eb Ulqin\u2026 Ana e Malit.. Kraja\u2026jan\u00eb vendet m\u00eb t\u00eb diskriminuara sa i p\u00ebrket \u00e7\u00ebshtjes sociale\u2026jan\u00eb t\u00eb vetmet vende q\u00eb diskriminohen me pagat e","breadcrumb":{"@id":"https:\/\/www.visit-ulcinj.com\/blog\/2013\/10\/06\/realiteti-ne-ulqin\/#breadcrumb"},"inLanguage":"en-US","potentialAction":[{"@type":"ReadAction","target":["https:\/\/www.visit-ulcinj.com\/blog\/2013\/10\/06\/realiteti-ne-ulqin\/"]}]},{"@type":"BreadcrumbList","@id":"https:\/\/www.visit-ulcinj.com\/blog\/2013\/10\/06\/realiteti-ne-ulqin\/#breadcrumb","itemListElement":[{"@type":"ListItem","position":1,"name":"Realiteti n\u00eb Ulqin"}]},{"@type":"Person","@id":"https:\/\/www.visit-ulcinj.com\/blog\/#\/schema\/person\/dcab619c614d3038751c63bc2aadc06d","name":"ulqini","sameAs":["http:\/\/www.visit-ulcinj.com"],"url":"https:\/\/www.visit-ulcinj.com\/blog\/author\/admin\/"}]}},"jetpack_featured_media_url":"","jetpack_sharing_enabled":true,"jetpack_shortlink":"https:\/\/wp.me\/pe6lTn-jx5","_links":{"self":[{"href":"https:\/\/www.visit-ulcinj.com\/blog\/wp-json\/wp\/v2\/posts\/75087"}],"collection":[{"href":"https:\/\/www.visit-ulcinj.com\/blog\/wp-json\/wp\/v2\/posts"}],"about":[{"href":"https:\/\/www.visit-ulcinj.com\/blog\/wp-json\/wp\/v2\/types\/post"}],"author":[{"embeddable":true,"href":"https:\/\/www.visit-ulcinj.com\/blog\/wp-json\/wp\/v2\/users\/1"}],"replies":[{"embeddable":true,"href":"https:\/\/www.visit-ulcinj.com\/blog\/wp-json\/wp\/v2\/comments?post=75087"}],"version-history":[{"count":1,"href":"https:\/\/www.visit-ulcinj.com\/blog\/wp-json\/wp\/v2\/posts\/75087\/revisions"}],"predecessor-version":[{"id":75089,"href":"https:\/\/www.visit-ulcinj.com\/blog\/wp-json\/wp\/v2\/posts\/75087\/revisions\/75089"}],"wp:attachment":[{"href":"https:\/\/www.visit-ulcinj.com\/blog\/wp-json\/wp\/v2\/media?parent=75087"}],"wp:term":[{"taxonomy":"category","embeddable":true,"href":"https:\/\/www.visit-ulcinj.com\/blog\/wp-json\/wp\/v2\/categories?post=75087"},{"taxonomy":"post_tag","embeddable":true,"href":"https:\/\/www.visit-ulcinj.com\/blog\/wp-json\/wp\/v2\/tags?post=75087"}],"curies":[{"name":"wp","href":"https:\/\/api.w.org\/{rel}","templated":true}]}}