{"id":75097,"date":"2013-10-07T07:50:40","date_gmt":"2013-10-07T06:50:40","guid":{"rendered":"http:\/\/www.visit-ulcinj.com\/blog\/?p=75097"},"modified":"2013-10-07T16:49:22","modified_gmt":"2013-10-07T15:49:22","slug":"priten-demonstrata-te-shqiptareve-ne-mal-te-zi","status":"publish","type":"post","link":"https:\/\/www.visit-ulcinj.com\/blog\/2013\/10\/07\/priten-demonstrata-te-shqiptareve-ne-mal-te-zi\/","title":{"rendered":"Priten demonstrata t\u00eb shqiptar\u00ebve n\u00eb Mal t\u00eb Zi"},"content":{"rendered":"<p>Kryetari i Iniciativ\u00ebs Qytetare, Vasel Sinishtaj tha se shqiptar\u00ebt n\u00eb Mal t\u00eb Zi mund t\u00eb shprehin pak\u00ebnaq\u00ebsin\u00eb e tyre me protesta paq\u00ebsore apo bojkotim t\u00eb zgjedhjeve n\u00ebse, si\u00e7 theksoi ai, vazhdon praktika e autoriteteve malazeze p\u00ebr t\u00eb mos p\u00ebrmbushur premtimet, ve\u00e7an\u00ebrisht n\u00eb lidhje me statusin e komun\u00ebs s\u00eb Tuzit.<strong><\/strong><\/p>\n<p><a href=\"http:\/\/www.visit-ulcinj.com\/blog\/wp-content\/uploads\/2013\/10\/Malsia-Tuzi-Demostrata.jpg\"><img loading=\"lazy\" class=\"alignleft  wp-image-75098\" alt=\"Malsia-Tuzi-Demostrata\" src=\"http:\/\/www.visit-ulcinj.com\/blog\/wp-content\/uploads\/2013\/10\/Malsia-Tuzi-Demostrata.jpg\" width=\"508\" height=\"600\" \/><\/a> <strong>Foto: DAN<\/strong><\/p>\n<p>Si\u00e7 transmetojn\u00eb mediet e sotme n\u00eb Podgoric\u00eb, Sinishtaj e konsideron si t\u00eb justifikuar plot\u00ebsisht protestat e koh\u00ebve t\u00eb fundit nga ana e shqiptar\u00ebve n\u00eb Nju Jork kund\u00ebr politik\u00ebs s\u00eb Kryeministrit malazez Milo Gjukanovic.<\/p>\n<p>\u201cPak\u00ebnaq\u00ebsia e mjedisit transmetohet n\u00eb diaspor\u00ebn ton\u00eb, ku ka shum\u00eb organizata q\u00eb bashkojn\u00eb shqiptar\u00ebt. Shum\u00eb prej bashkatdhetar\u00ebve tan\u00eb q\u00eb ishin n\u00eb ver\u00eb n\u00eb Mal t\u00eb Zi pan\u00eb se nuk kishte bindje t\u00eb fuqishme se do t\u00eb ket\u00eb nj\u00eb referendumi konsultativ, edhe pse u premtua\u201d, tha Sinishtaj.<\/p>\n<p>Sipas tij, statusi i komun\u00ebs s\u00eb Tuzit duhet t\u00eb zgjidhet para zgjedhjeve lokale n\u00eb Podgoric\u00eb, q\u00eb do t\u00eb zhvillohen n\u00eb pranver\u00ebn e vitit t\u00eb ardhsh\u00ebm.<\/p>\n<p>Kryetari i Tuzit, Frano Lulgjuraj koh\u00eb m\u00eb par\u00eb dha dor\u00ebheqjen nga ky pozicion, duke e arsyetuar me faktin se deri n\u00eb fund t\u00eb shtatorit, nuk \u00ebsht\u00eb organizuar referendumi konsultativ p\u00ebr nj\u00eb komun\u00eb t\u00eb pavarur , sepse ajo duhet t\u00eb paraprihet nga nj\u00eb studim profesional q\u00eb do t\u00eb tregoj\u00eb n\u00ebse Tuzi si komun\u00eb e pavarur e pavarur, do t\u00eb ishte ekonomikisht e q\u00ebndrueshme.<\/p>\n<p><strong>Gazeta Express<\/strong><\/p>\n","protected":false},"excerpt":{"rendered":"<p>Kryetari i Iniciativ\u00ebs Qytetare, Vasel Sinishtaj tha se shqiptar\u00ebt n\u00eb Mal t\u00eb Zi mund t\u00eb shprehin pak\u00ebnaq\u00ebsin\u00eb e tyre me protesta paq\u00ebsore apo bojkotim t\u00eb zgjedhjeve n\u00ebse, si\u00e7 theksoi ai, vazhdon praktika e autoriteteve malazeze p\u00ebr t\u00eb mos p\u00ebrmbushur premtimet, ve\u00e7an\u00ebrisht n\u00eb lidhje me statusin e komun\u00ebs s\u00eb Tuzit. Foto: DAN Si\u00e7 transmetojn\u00eb mediet e [&hellip;]<\/p>\n","protected":false},"author":1,"featured_media":0,"comment_status":"closed","ping_status":"closed","sticky":false,"template":"","format":"standard","meta":{"spay_email":"","jetpack_publicize_message":"","jetpack_is_tweetstorm":false,"jetpack_publicize_feature_enabled":true},"categories":[14],"tags":[],"jetpack_publicize_connections":[],"yoast_head":"<!-- This site is optimized with the Yoast SEO plugin v19.1 - https:\/\/yoast.com\/wordpress\/plugins\/seo\/ -->\n<title>Priten demonstrata t\u00eb shqiptar\u00ebve n\u00eb Mal t\u00eb Zi - Lajme nga Ulqini<\/title>\n<meta name=\"description\" content=\"Kryetari i Iniciativ\u00ebs Qytetare, Vasel Sinishtaj tha se shqiptar\u00ebt n\u00eb Mal t\u00eb Zi mund t\u00eb shprehin pak\u00ebnaq\u00ebsin\u00eb e tyre me protesta paq\u00ebsore apo bojkotim t\u00eb\" \/>\n<meta name=\"robots\" content=\"index, follow, max-snippet:-1, max-image-preview:large, max-video-preview:-1\" \/>\n<link rel=\"canonical\" href=\"https:\/\/www.visit-ulcinj.com\/blog\/2013\/10\/07\/priten-demonstrata-te-shqiptareve-ne-mal-te-zi\/\" \/>\n<meta property=\"og:locale\" content=\"en_US\" \/>\n<meta property=\"og:type\" content=\"article\" \/>\n<meta property=\"og:title\" content=\"Priten demonstrata t\u00eb shqiptar\u00ebve n\u00eb Mal t\u00eb Zi - Lajme nga Ulqini\" \/>\n<meta property=\"og:description\" content=\"Kryetari i Iniciativ\u00ebs Qytetare, Vasel Sinishtaj tha se shqiptar\u00ebt n\u00eb Mal t\u00eb Zi mund t\u00eb shprehin pak\u00ebnaq\u00ebsin\u00eb e tyre me protesta paq\u00ebsore apo bojkotim t\u00eb\" \/>\n<meta property=\"og:url\" content=\"https:\/\/www.visit-ulcinj.com\/blog\/2013\/10\/07\/priten-demonstrata-te-shqiptareve-ne-mal-te-zi\/\" \/>\n<meta property=\"og:site_name\" content=\"Lajme nga Ulqini\" \/>\n<meta property=\"article:published_time\" content=\"2013-10-07T06:50:40+00:00\" \/>\n<meta property=\"article:modified_time\" content=\"2013-10-07T15:49:22+00:00\" \/>\n<meta property=\"og:image\" content=\"http:\/\/www.visit-ulcinj.com\/blog\/wp-content\/uploads\/2013\/10\/Malsia-Tuzi-Demostrata.jpg\" \/>\n<meta name=\"twitter:label1\" content=\"Written by\" \/>\n\t<meta name=\"twitter:data1\" content=\"ulqini\" \/>\n\t<meta name=\"twitter:label2\" content=\"Est. reading time\" \/>\n\t<meta name=\"twitter:data2\" content=\"1 minute\" \/>\n<script type=\"application\/ld+json\" class=\"yoast-schema-graph\">{\"@context\":\"https:\/\/schema.org\",\"@graph\":[{\"@type\":\"WebSite\",\"@id\":\"https:\/\/www.visit-ulcinj.com\/blog\/#website\",\"url\":\"https:\/\/www.visit-ulcinj.com\/blog\/\",\"name\":\"Lajme nga Ulqini\",\"description\":\"Lajme,Vijesti,Ulqini,Ulqin,Crna Gora,Mali i Zi\",\"potentialAction\":[{\"@type\":\"SearchAction\",\"target\":{\"@type\":\"EntryPoint\",\"urlTemplate\":\"https:\/\/www.visit-ulcinj.com\/blog\/?s={search_term_string}\"},\"query-input\":\"required name=search_term_string\"}],\"inLanguage\":\"en-US\"},{\"@type\":\"ImageObject\",\"inLanguage\":\"en-US\",\"@id\":\"https:\/\/www.visit-ulcinj.com\/blog\/2013\/10\/07\/priten-demonstrata-te-shqiptareve-ne-mal-te-zi\/#primaryimage\",\"url\":\"https:\/\/www.visit-ulcinj.com\/blog\/wp-content\/uploads\/2013\/10\/Malsia-Tuzi-Demostrata.jpg\",\"contentUrl\":\"https:\/\/www.visit-ulcinj.com\/blog\/wp-content\/uploads\/2013\/10\/Malsia-Tuzi-Demostrata.jpg\",\"width\":407,\"height\":637},{\"@type\":\"WebPage\",\"@id\":\"https:\/\/www.visit-ulcinj.com\/blog\/2013\/10\/07\/priten-demonstrata-te-shqiptareve-ne-mal-te-zi\/#webpage\",\"url\":\"https:\/\/www.visit-ulcinj.com\/blog\/2013\/10\/07\/priten-demonstrata-te-shqiptareve-ne-mal-te-zi\/\",\"name\":\"Priten demonstrata t\u00eb shqiptar\u00ebve n\u00eb Mal t\u00eb Zi - Lajme nga Ulqini\",\"isPartOf\":{\"@id\":\"https:\/\/www.visit-ulcinj.com\/blog\/#website\"},\"primaryImageOfPage\":{\"@id\":\"https:\/\/www.visit-ulcinj.com\/blog\/2013\/10\/07\/priten-demonstrata-te-shqiptareve-ne-mal-te-zi\/#primaryimage\"},\"datePublished\":\"2013-10-07T06:50:40+00:00\",\"dateModified\":\"2013-10-07T15:49:22+00:00\",\"author\":{\"@id\":\"https:\/\/www.visit-ulcinj.com\/blog\/#\/schema\/person\/dcab619c614d3038751c63bc2aadc06d\"},\"description\":\"Kryetari i Iniciativ\u00ebs Qytetare, Vasel Sinishtaj tha se shqiptar\u00ebt n\u00eb Mal t\u00eb Zi mund t\u00eb shprehin pak\u00ebnaq\u00ebsin\u00eb e tyre me protesta paq\u00ebsore apo bojkotim t\u00eb\",\"breadcrumb\":{\"@id\":\"https:\/\/www.visit-ulcinj.com\/blog\/2013\/10\/07\/priten-demonstrata-te-shqiptareve-ne-mal-te-zi\/#breadcrumb\"},\"inLanguage\":\"en-US\",\"potentialAction\":[{\"@type\":\"ReadAction\",\"target\":[\"https:\/\/www.visit-ulcinj.com\/blog\/2013\/10\/07\/priten-demonstrata-te-shqiptareve-ne-mal-te-zi\/\"]}]},{\"@type\":\"BreadcrumbList\",\"@id\":\"https:\/\/www.visit-ulcinj.com\/blog\/2013\/10\/07\/priten-demonstrata-te-shqiptareve-ne-mal-te-zi\/#breadcrumb\",\"itemListElement\":[{\"@type\":\"ListItem\",\"position\":1,\"name\":\"Priten demonstrata t\u00eb shqiptar\u00ebve n\u00eb Mal t\u00eb Zi\"}]},{\"@type\":\"Person\",\"@id\":\"https:\/\/www.visit-ulcinj.com\/blog\/#\/schema\/person\/dcab619c614d3038751c63bc2aadc06d\",\"name\":\"ulqini\",\"sameAs\":[\"http:\/\/www.visit-ulcinj.com\"],\"url\":\"https:\/\/www.visit-ulcinj.com\/blog\/author\/admin\/\"}]}<\/script>\n<!-- \/ Yoast SEO plugin. -->","yoast_head_json":{"title":"Priten demonstrata t\u00eb shqiptar\u00ebve n\u00eb Mal t\u00eb Zi - Lajme nga Ulqini","description":"Kryetari i Iniciativ\u00ebs Qytetare, Vasel Sinishtaj tha se shqiptar\u00ebt n\u00eb Mal t\u00eb Zi mund t\u00eb shprehin pak\u00ebnaq\u00ebsin\u00eb e tyre me protesta paq\u00ebsore apo bojkotim t\u00eb","robots":{"index":"index","follow":"follow","max-snippet":"max-snippet:-1","max-image-preview":"max-image-preview:large","max-video-preview":"max-video-preview:-1"},"canonical":"https:\/\/www.visit-ulcinj.com\/blog\/2013\/10\/07\/priten-demonstrata-te-shqiptareve-ne-mal-te-zi\/","og_locale":"en_US","og_type":"article","og_title":"Priten demonstrata t\u00eb shqiptar\u00ebve n\u00eb Mal t\u00eb Zi - Lajme nga Ulqini","og_description":"Kryetari i Iniciativ\u00ebs Qytetare, Vasel Sinishtaj tha se shqiptar\u00ebt n\u00eb Mal t\u00eb Zi mund t\u00eb shprehin pak\u00ebnaq\u00ebsin\u00eb e tyre me protesta paq\u00ebsore apo bojkotim t\u00eb","og_url":"https:\/\/www.visit-ulcinj.com\/blog\/2013\/10\/07\/priten-demonstrata-te-shqiptareve-ne-mal-te-zi\/","og_site_name":"Lajme nga Ulqini","article_published_time":"2013-10-07T06:50:40+00:00","article_modified_time":"2013-10-07T15:49:22+00:00","og_image":[{"url":"http:\/\/www.visit-ulcinj.com\/blog\/wp-content\/uploads\/2013\/10\/Malsia-Tuzi-Demostrata.jpg"}],"twitter_misc":{"Written by":"ulqini","Est. reading time":"1 minute"},"schema":{"@context":"https:\/\/schema.org","@graph":[{"@type":"WebSite","@id":"https:\/\/www.visit-ulcinj.com\/blog\/#website","url":"https:\/\/www.visit-ulcinj.com\/blog\/","name":"Lajme nga Ulqini","description":"Lajme,Vijesti,Ulqini,Ulqin,Crna Gora,Mali i Zi","potentialAction":[{"@type":"SearchAction","target":{"@type":"EntryPoint","urlTemplate":"https:\/\/www.visit-ulcinj.com\/blog\/?s={search_term_string}"},"query-input":"required name=search_term_string"}],"inLanguage":"en-US"},{"@type":"ImageObject","inLanguage":"en-US","@id":"https:\/\/www.visit-ulcinj.com\/blog\/2013\/10\/07\/priten-demonstrata-te-shqiptareve-ne-mal-te-zi\/#primaryimage","url":"https:\/\/www.visit-ulcinj.com\/blog\/wp-content\/uploads\/2013\/10\/Malsia-Tuzi-Demostrata.jpg","contentUrl":"https:\/\/www.visit-ulcinj.com\/blog\/wp-content\/uploads\/2013\/10\/Malsia-Tuzi-Demostrata.jpg","width":407,"height":637},{"@type":"WebPage","@id":"https:\/\/www.visit-ulcinj.com\/blog\/2013\/10\/07\/priten-demonstrata-te-shqiptareve-ne-mal-te-zi\/#webpage","url":"https:\/\/www.visit-ulcinj.com\/blog\/2013\/10\/07\/priten-demonstrata-te-shqiptareve-ne-mal-te-zi\/","name":"Priten demonstrata t\u00eb shqiptar\u00ebve n\u00eb Mal t\u00eb Zi - Lajme nga Ulqini","isPartOf":{"@id":"https:\/\/www.visit-ulcinj.com\/blog\/#website"},"primaryImageOfPage":{"@id":"https:\/\/www.visit-ulcinj.com\/blog\/2013\/10\/07\/priten-demonstrata-te-shqiptareve-ne-mal-te-zi\/#primaryimage"},"datePublished":"2013-10-07T06:50:40+00:00","dateModified":"2013-10-07T15:49:22+00:00","author":{"@id":"https:\/\/www.visit-ulcinj.com\/blog\/#\/schema\/person\/dcab619c614d3038751c63bc2aadc06d"},"description":"Kryetari i Iniciativ\u00ebs Qytetare, Vasel Sinishtaj tha se shqiptar\u00ebt n\u00eb Mal t\u00eb Zi mund t\u00eb shprehin pak\u00ebnaq\u00ebsin\u00eb e tyre me protesta paq\u00ebsore apo bojkotim t\u00eb","breadcrumb":{"@id":"https:\/\/www.visit-ulcinj.com\/blog\/2013\/10\/07\/priten-demonstrata-te-shqiptareve-ne-mal-te-zi\/#breadcrumb"},"inLanguage":"en-US","potentialAction":[{"@type":"ReadAction","target":["https:\/\/www.visit-ulcinj.com\/blog\/2013\/10\/07\/priten-demonstrata-te-shqiptareve-ne-mal-te-zi\/"]}]},{"@type":"BreadcrumbList","@id":"https:\/\/www.visit-ulcinj.com\/blog\/2013\/10\/07\/priten-demonstrata-te-shqiptareve-ne-mal-te-zi\/#breadcrumb","itemListElement":[{"@type":"ListItem","position":1,"name":"Priten demonstrata t\u00eb shqiptar\u00ebve n\u00eb Mal t\u00eb Zi"}]},{"@type":"Person","@id":"https:\/\/www.visit-ulcinj.com\/blog\/#\/schema\/person\/dcab619c614d3038751c63bc2aadc06d","name":"ulqini","sameAs":["http:\/\/www.visit-ulcinj.com"],"url":"https:\/\/www.visit-ulcinj.com\/blog\/author\/admin\/"}]}},"jetpack_featured_media_url":"","jetpack_sharing_enabled":true,"jetpack_shortlink":"https:\/\/wp.me\/pe6lTn-jxf","_links":{"self":[{"href":"https:\/\/www.visit-ulcinj.com\/blog\/wp-json\/wp\/v2\/posts\/75097"}],"collection":[{"href":"https:\/\/www.visit-ulcinj.com\/blog\/wp-json\/wp\/v2\/posts"}],"about":[{"href":"https:\/\/www.visit-ulcinj.com\/blog\/wp-json\/wp\/v2\/types\/post"}],"author":[{"embeddable":true,"href":"https:\/\/www.visit-ulcinj.com\/blog\/wp-json\/wp\/v2\/users\/1"}],"replies":[{"embeddable":true,"href":"https:\/\/www.visit-ulcinj.com\/blog\/wp-json\/wp\/v2\/comments?post=75097"}],"version-history":[{"count":2,"href":"https:\/\/www.visit-ulcinj.com\/blog\/wp-json\/wp\/v2\/posts\/75097\/revisions"}],"predecessor-version":[{"id":75107,"href":"https:\/\/www.visit-ulcinj.com\/blog\/wp-json\/wp\/v2\/posts\/75097\/revisions\/75107"}],"wp:attachment":[{"href":"https:\/\/www.visit-ulcinj.com\/blog\/wp-json\/wp\/v2\/media?parent=75097"}],"wp:term":[{"taxonomy":"category","embeddable":true,"href":"https:\/\/www.visit-ulcinj.com\/blog\/wp-json\/wp\/v2\/categories?post=75097"},{"taxonomy":"post_tag","embeddable":true,"href":"https:\/\/www.visit-ulcinj.com\/blog\/wp-json\/wp\/v2\/tags?post=75097"}],"curies":[{"name":"wp","href":"https:\/\/api.w.org\/{rel}","templated":true}]}}