{"id":75128,"date":"2013-10-08T15:41:18","date_gmt":"2013-10-08T14:41:18","guid":{"rendered":"http:\/\/www.visit-ulcinj.com\/blog\/?p=75128"},"modified":"2013-10-08T15:41:18","modified_gmt":"2013-10-08T14:41:18","slug":"the-guardian-pse-u-be-toni-bler-keshilltar-per-qeverine-e-shqiperise","status":"publish","type":"post","link":"https:\/\/www.visit-ulcinj.com\/blog\/2013\/10\/08\/the-guardian-pse-u-be-toni-bler-keshilltar-per-qeverine-e-shqiperise\/","title":{"rendered":"The Guardian: Pse u b\u00eb Toni Bler k\u00ebshilltar p\u00ebr qeverin\u00eb e Shqip\u00ebris\u00eb?"},"content":{"rendered":"<p><a href=\"http:\/\/www.visit-ulcinj.com\/blog\/wp-content\/uploads\/2013\/10\/Toni-Bler-si-k\u00ebshilltar-p\u00ebr-qeverin\u00eb-e-Shqip\u00ebris\u00eb.jpg\"><img loading=\"lazy\" class=\"alignleft  wp-image-75129\" alt=\"Toni Bler si k\u00ebshilltar p\u00ebr qeverin\u00eb e Shqip\u00ebris\u00eb\" src=\"http:\/\/www.visit-ulcinj.com\/blog\/wp-content\/uploads\/2013\/10\/Toni-Bler-si-k\u00ebshilltar-p\u00ebr-qeverin\u00eb-e-Shqip\u00ebris\u00eb.jpg\" width=\"508\" height=\"360\" \/><\/a>Gazeta prestigjioze britanike, \u201cThe Guardian\u201d i ka kushtuar nj\u00eb artikull me pyetje &amp; p\u00ebrgjigje, p\u00ebrzgjedhjes s\u00eb Toni Bler si k\u00ebshilltar p\u00ebr qeverin\u00eb e Shqip\u00ebris\u00eb.<\/p>\n<p><strong>Mosha:<\/strong> N\u00eb form\u00ebn aktuale, 100. \u00cbsht\u00eb formuar nga Traktati i Londr\u00ebs n\u00eb korrik 1913, q\u00eb e ndante nga zgjedha Osmane pas shum\u00eb shekujsh.<\/p>\n<p><strong>Sa shum\u00eb shekuj?<\/strong> Nuk e di. T\u00eb dh\u00ebnat n\u00eb Wikipedia jan\u00eb t\u00eb pamas\u00eb.<\/p>\n<p><strong>P\u00ebrvjetori tre muajt e kaluar:<\/strong> U frym\u00ebzua nga disa lajme t\u00eb fundit.<\/p>\n<p><strong>Shpresoj q\u00eb kjo do t\u00eb thot\u00eb se ai ka nd\u00ebrmend t\u00eb jetoj\u00eb atje:<\/strong> Tani p\u00ebr tani jo, por ai do t\u00eb ket\u00eb nj\u00eb zyr\u00eb n\u00eb Tiran\u00eb.<\/p>\n<p><strong>Ting\u00ebllon e kushtueshme. Sh\u00ebrbimet e Bler nuk jan\u00eb t\u00eb lira: <\/strong>Po tregohesh tep\u00ebr cinik. Ai nuk do t\u00eb paguhet dhe zyra do t\u00eb financohet nga nj\u00eb organizat\u00eb nd\u00ebrkomb\u00ebtare, emri i t\u00eb cil\u00ebs nuk b\u00ebhet i ditur.<\/p>\n<p><strong>P\u00ebr \u00e7\u2019arsye ndodhet Bleri atje? <\/strong>P\u00ebr t\u00eb mbrojtur trash\u00ebgimin\u00eb e tij. Shqip\u00ebria \u00ebsht\u00eb i vetmi vend ku Laburisti i Ri \u00ebsht\u00eb ende n\u00eb mod\u00eb. Nj\u00eb qeveri e modernizuar laburiste \u00ebsht\u00eb formuar nga ish-basketbollisti Edi Rama q\u00eb fitoi zgjedhjet k\u00ebt\u00eb ver\u00eb me ndihm\u00ebn e aleatin e vjet\u00ebr t\u00eb Blair n\u00eb Kryeministri, Alastair Campbell.<br \/>\n<a href=\"http:\/\/www.visit-ulcinj.com\/blog\/wp-content\/uploads\/2013\/10\/Toni-Bler-si-k\u00ebshilltar-p\u00ebr-qeverin\u00eb-e-Shqip\u00ebris\u00eb-1.jpg\"><img loading=\"lazy\" class=\"alignleft  wp-image-75130\" alt=\"Toni Bler si k\u00ebshilltar p\u00ebr qeverin\u00eb e Shqip\u00ebris\u00eb-1\" src=\"http:\/\/www.visit-ulcinj.com\/blog\/wp-content\/uploads\/2013\/10\/Toni-Bler-si-k\u00ebshilltar-p\u00ebr-qeverin\u00eb-e-Shqip\u00ebris\u00eb-1.jpg\" width=\"508\" height=\"360\" \/><\/a><\/p>\n<p>\u201cEdi i shikon Laburist\u00ebt e Rinj (New Labour i referohet nj\u00eb periudh\u00eb t\u00eb Partis\u00eb Laburiste n\u00eb Britani nga vitet 1990 deri n\u00eb vitet 2000, ku u udh\u00ebhoq nga Toni Bler dhe Gordon Braun) si nj\u00eb histori suksesi t\u00eb dit\u00ebve tona p\u00ebr qendr\u00ebn e s\u00eb majt\u00ebs n\u00eb Evrop\u00eb\u201d, thot\u00eb Kemb\u00ebll.<\/p>\n<p><strong>Dhe pse k\u00ebrkojn\u00eb ta ken\u00eb at\u00eb n\u00eb ekip?<\/strong> Ata mendojn\u00eb se ai mund t\u2019i ndihmoj\u00eb p\u00ebr t\u00eb integruar Shqip\u00ebrin\u00eb n\u00eb BE.<\/p>\n<p><strong>\u00c7far\u00eb thot\u00eb Bleri?<\/strong> \u201cDo t\u00eb d\u00ebshiroja ta shihja vendin t\u2019i bashkohej vendeve Evropiane.\u201d<\/p>\n<p><strong>E mahnitshme. Ata duhet ta adhurojn\u00eb at\u00eb:<\/strong> E v\u00ebrtet\u00eb! Ai ishte hero kur mb\u00ebshteti shqiptar\u00ebt e Kosov\u00ebs n\u00eb nj\u00eb prej luft\u00ebrave t\u00eb tij t\u00eb suksesshme. N\u00eb Tiran\u00eb ka shum\u00eb f\u00ebmij\u00eb q\u00eb mbajn\u00eb emrin Tonibler.<\/p>\n<p><strong>Sa bukur! Ndoshta ai mund t\u00eb b\u00ebhet president: <\/strong>Ka mund\u00ebsi. Vendi \u00ebsht\u00eb shum\u00eb anglofil dhe i kan\u00eb ofruar fronin lojtarit t\u00eb krikerit CB Fry n\u00eb vitet 1920.<br \/>\n<a href=\"http:\/\/www.visit-ulcinj.com\/blog\/wp-content\/uploads\/2013\/10\/Toni-Bler-si-k\u00ebshilltar-p\u00ebr-qeverin\u00eb-e-Shqip\u00ebris\u00eb-2.jpg\"><img loading=\"lazy\" class=\"alignleft  wp-image-75131\" alt=\"Toni Bler si k\u00ebshilltar p\u00ebr qeverin\u00eb e Shqip\u00ebris\u00eb-2\" src=\"http:\/\/www.visit-ulcinj.com\/blog\/wp-content\/uploads\/2013\/10\/Toni-Bler-si-k\u00ebshilltar-p\u00ebr-qeverin\u00eb-e-Shqip\u00ebris\u00eb-2.jpg\" width=\"508\" height=\"360\" \/><\/a><\/p>\n<p><strong>Nuk duhet ngat\u00ebrruar me: <\/strong>JP Morgan Chase, Zurich Financial Services, qeverin\u00eb e Kazakistanit apo 467-t\u00eb klient\u00ebt e tjer\u00eb t\u00eb Tony Bler.<\/p>\n<p><strong>Thuaj:<\/strong> \u201cG\u00ebzohem q\u00eb t\u00eb takova\u201d. (Ishte k\u00ebnaq\u00ebsi t\u00eb takoja\u201d n\u00eb shqip).<\/p>\n<p><strong>Mos thuaj: <\/strong>&#8220;Nigel Farage ka d\u00ebgjuar se Shqip\u00ebria mund t\u00eb bashkohet me BE-n\u00eb?&#8221; (&#8220;Ka th\u00ebn\u00eb ndonj\u00ebher\u00eb Nigel Farage se Shqip\u00ebria duhet t\u00eb hyj\u00eb n\u00eb BE?)<\/p>\n<p>&nbsp;<\/p>\n<p><strong>Marr\u00eb nga &#8220;The Guardian&#8221;<\/strong><\/p>\n<p><strong>Shekulli Online\/F.S.\/<br \/>\n<\/strong><\/p>\n","protected":false},"excerpt":{"rendered":"<p>Gazeta prestigjioze britanike, \u201cThe Guardian\u201d i ka kushtuar nj\u00eb artikull me pyetje &amp; p\u00ebrgjigje, p\u00ebrzgjedhjes s\u00eb Toni Bler si k\u00ebshilltar p\u00ebr qeverin\u00eb e Shqip\u00ebris\u00eb. Mosha: N\u00eb form\u00ebn aktuale, 100. \u00cbsht\u00eb formuar nga Traktati i Londr\u00ebs n\u00eb korrik 1913, q\u00eb e ndante nga zgjedha Osmane pas shum\u00eb shekujsh. Sa shum\u00eb shekuj? Nuk e di. T\u00eb dh\u00ebnat [&hellip;]<\/p>\n","protected":false},"author":1,"featured_media":0,"comment_status":"closed","ping_status":"closed","sticky":false,"template":"","format":"standard","meta":{"spay_email":"","jetpack_publicize_message":"","jetpack_is_tweetstorm":false,"jetpack_publicize_feature_enabled":true},"categories":[7],"tags":[],"jetpack_publicize_connections":[],"yoast_head":"<!-- This site is optimized with the Yoast SEO plugin v19.1 - https:\/\/yoast.com\/wordpress\/plugins\/seo\/ -->\n<title>The Guardian: Pse u b\u00eb Toni Bler k\u00ebshilltar p\u00ebr qeverin\u00eb e Shqip\u00ebris\u00eb? - Lajme nga Ulqini<\/title>\n<meta name=\"description\" content=\"Gazeta prestigjioze britanike, \u201cThe Guardian\u201d i ka kushtuar nj\u00eb artikull me pyetje &amp; p\u00ebrgjigje, p\u00ebrzgjedhjes s\u00eb Toni Bler si k\u00ebshilltar p\u00ebr qeverin\u00eb e\" \/>\n<meta name=\"robots\" content=\"index, follow, max-snippet:-1, max-image-preview:large, max-video-preview:-1\" \/>\n<link rel=\"canonical\" href=\"https:\/\/www.visit-ulcinj.com\/blog\/2013\/10\/08\/the-guardian-pse-u-be-toni-bler-keshilltar-per-qeverine-e-shqiperise\/\" \/>\n<meta property=\"og:locale\" content=\"en_US\" \/>\n<meta property=\"og:type\" content=\"article\" \/>\n<meta property=\"og:title\" content=\"The Guardian: Pse u b\u00eb Toni Bler k\u00ebshilltar p\u00ebr qeverin\u00eb e Shqip\u00ebris\u00eb? - Lajme nga Ulqini\" \/>\n<meta property=\"og:description\" content=\"Gazeta prestigjioze britanike, \u201cThe Guardian\u201d i ka kushtuar nj\u00eb artikull me pyetje &amp; p\u00ebrgjigje, p\u00ebrzgjedhjes s\u00eb Toni Bler si k\u00ebshilltar p\u00ebr qeverin\u00eb e\" \/>\n<meta property=\"og:url\" content=\"https:\/\/www.visit-ulcinj.com\/blog\/2013\/10\/08\/the-guardian-pse-u-be-toni-bler-keshilltar-per-qeverine-e-shqiperise\/\" \/>\n<meta property=\"og:site_name\" content=\"Lajme nga Ulqini\" \/>\n<meta property=\"article:published_time\" content=\"2013-10-08T14:41:18+00:00\" \/>\n<meta name=\"twitter:label1\" content=\"Written by\" \/>\n\t<meta name=\"twitter:data1\" content=\"ulqini\" \/>\n\t<meta name=\"twitter:label2\" content=\"Est. reading time\" \/>\n\t<meta name=\"twitter:data2\" content=\"2 minutes\" \/>\n<script type=\"application\/ld+json\" class=\"yoast-schema-graph\">{\"@context\":\"https:\/\/schema.org\",\"@graph\":[{\"@type\":\"WebSite\",\"@id\":\"https:\/\/www.visit-ulcinj.com\/blog\/#website\",\"url\":\"https:\/\/www.visit-ulcinj.com\/blog\/\",\"name\":\"Lajme nga Ulqini\",\"description\":\"Lajme,Vijesti,Ulqini,Ulqin,Crna Gora,Mali i Zi\",\"potentialAction\":[{\"@type\":\"SearchAction\",\"target\":{\"@type\":\"EntryPoint\",\"urlTemplate\":\"https:\/\/www.visit-ulcinj.com\/blog\/?s={search_term_string}\"},\"query-input\":\"required name=search_term_string\"}],\"inLanguage\":\"en-US\"},{\"@type\":\"WebPage\",\"@id\":\"https:\/\/www.visit-ulcinj.com\/blog\/2013\/10\/08\/the-guardian-pse-u-be-toni-bler-keshilltar-per-qeverine-e-shqiperise\/#webpage\",\"url\":\"https:\/\/www.visit-ulcinj.com\/blog\/2013\/10\/08\/the-guardian-pse-u-be-toni-bler-keshilltar-per-qeverine-e-shqiperise\/\",\"name\":\"The Guardian: Pse u b\u00eb Toni Bler k\u00ebshilltar p\u00ebr qeverin\u00eb e Shqip\u00ebris\u00eb? - Lajme nga Ulqini\",\"isPartOf\":{\"@id\":\"https:\/\/www.visit-ulcinj.com\/blog\/#website\"},\"datePublished\":\"2013-10-08T14:41:18+00:00\",\"dateModified\":\"2013-10-08T14:41:18+00:00\",\"author\":{\"@id\":\"https:\/\/www.visit-ulcinj.com\/blog\/#\/schema\/person\/dcab619c614d3038751c63bc2aadc06d\"},\"description\":\"Gazeta prestigjioze britanike, \u201cThe Guardian\u201d i ka kushtuar nj\u00eb artikull me pyetje &amp; p\u00ebrgjigje, p\u00ebrzgjedhjes s\u00eb Toni Bler si k\u00ebshilltar p\u00ebr qeverin\u00eb e\",\"breadcrumb\":{\"@id\":\"https:\/\/www.visit-ulcinj.com\/blog\/2013\/10\/08\/the-guardian-pse-u-be-toni-bler-keshilltar-per-qeverine-e-shqiperise\/#breadcrumb\"},\"inLanguage\":\"en-US\",\"potentialAction\":[{\"@type\":\"ReadAction\",\"target\":[\"https:\/\/www.visit-ulcinj.com\/blog\/2013\/10\/08\/the-guardian-pse-u-be-toni-bler-keshilltar-per-qeverine-e-shqiperise\/\"]}]},{\"@type\":\"BreadcrumbList\",\"@id\":\"https:\/\/www.visit-ulcinj.com\/blog\/2013\/10\/08\/the-guardian-pse-u-be-toni-bler-keshilltar-per-qeverine-e-shqiperise\/#breadcrumb\",\"itemListElement\":[{\"@type\":\"ListItem\",\"position\":1,\"name\":\"The Guardian: Pse u b\u00eb Toni Bler k\u00ebshilltar p\u00ebr qeverin\u00eb e Shqip\u00ebris\u00eb?\"}]},{\"@type\":\"Person\",\"@id\":\"https:\/\/www.visit-ulcinj.com\/blog\/#\/schema\/person\/dcab619c614d3038751c63bc2aadc06d\",\"name\":\"ulqini\",\"sameAs\":[\"http:\/\/www.visit-ulcinj.com\"],\"url\":\"https:\/\/www.visit-ulcinj.com\/blog\/author\/admin\/\"}]}<\/script>\n<!-- \/ Yoast SEO plugin. -->","yoast_head_json":{"title":"The Guardian: Pse u b\u00eb Toni Bler k\u00ebshilltar p\u00ebr qeverin\u00eb e Shqip\u00ebris\u00eb? - Lajme nga Ulqini","description":"Gazeta prestigjioze britanike, \u201cThe Guardian\u201d i ka kushtuar nj\u00eb artikull me pyetje &amp; p\u00ebrgjigje, p\u00ebrzgjedhjes s\u00eb Toni Bler si k\u00ebshilltar p\u00ebr qeverin\u00eb e","robots":{"index":"index","follow":"follow","max-snippet":"max-snippet:-1","max-image-preview":"max-image-preview:large","max-video-preview":"max-video-preview:-1"},"canonical":"https:\/\/www.visit-ulcinj.com\/blog\/2013\/10\/08\/the-guardian-pse-u-be-toni-bler-keshilltar-per-qeverine-e-shqiperise\/","og_locale":"en_US","og_type":"article","og_title":"The Guardian: Pse u b\u00eb Toni Bler k\u00ebshilltar p\u00ebr qeverin\u00eb e Shqip\u00ebris\u00eb? - Lajme nga Ulqini","og_description":"Gazeta prestigjioze britanike, \u201cThe Guardian\u201d i ka kushtuar nj\u00eb artikull me pyetje &amp; p\u00ebrgjigje, p\u00ebrzgjedhjes s\u00eb Toni Bler si k\u00ebshilltar p\u00ebr qeverin\u00eb e","og_url":"https:\/\/www.visit-ulcinj.com\/blog\/2013\/10\/08\/the-guardian-pse-u-be-toni-bler-keshilltar-per-qeverine-e-shqiperise\/","og_site_name":"Lajme nga Ulqini","article_published_time":"2013-10-08T14:41:18+00:00","twitter_misc":{"Written by":"ulqini","Est. reading time":"2 minutes"},"schema":{"@context":"https:\/\/schema.org","@graph":[{"@type":"WebSite","@id":"https:\/\/www.visit-ulcinj.com\/blog\/#website","url":"https:\/\/www.visit-ulcinj.com\/blog\/","name":"Lajme nga Ulqini","description":"Lajme,Vijesti,Ulqini,Ulqin,Crna Gora,Mali i Zi","potentialAction":[{"@type":"SearchAction","target":{"@type":"EntryPoint","urlTemplate":"https:\/\/www.visit-ulcinj.com\/blog\/?s={search_term_string}"},"query-input":"required name=search_term_string"}],"inLanguage":"en-US"},{"@type":"WebPage","@id":"https:\/\/www.visit-ulcinj.com\/blog\/2013\/10\/08\/the-guardian-pse-u-be-toni-bler-keshilltar-per-qeverine-e-shqiperise\/#webpage","url":"https:\/\/www.visit-ulcinj.com\/blog\/2013\/10\/08\/the-guardian-pse-u-be-toni-bler-keshilltar-per-qeverine-e-shqiperise\/","name":"The Guardian: Pse u b\u00eb Toni Bler k\u00ebshilltar p\u00ebr qeverin\u00eb e Shqip\u00ebris\u00eb? - Lajme nga Ulqini","isPartOf":{"@id":"https:\/\/www.visit-ulcinj.com\/blog\/#website"},"datePublished":"2013-10-08T14:41:18+00:00","dateModified":"2013-10-08T14:41:18+00:00","author":{"@id":"https:\/\/www.visit-ulcinj.com\/blog\/#\/schema\/person\/dcab619c614d3038751c63bc2aadc06d"},"description":"Gazeta prestigjioze britanike, \u201cThe Guardian\u201d i ka kushtuar nj\u00eb artikull me pyetje &amp; p\u00ebrgjigje, p\u00ebrzgjedhjes s\u00eb Toni Bler si k\u00ebshilltar p\u00ebr qeverin\u00eb e","breadcrumb":{"@id":"https:\/\/www.visit-ulcinj.com\/blog\/2013\/10\/08\/the-guardian-pse-u-be-toni-bler-keshilltar-per-qeverine-e-shqiperise\/#breadcrumb"},"inLanguage":"en-US","potentialAction":[{"@type":"ReadAction","target":["https:\/\/www.visit-ulcinj.com\/blog\/2013\/10\/08\/the-guardian-pse-u-be-toni-bler-keshilltar-per-qeverine-e-shqiperise\/"]}]},{"@type":"BreadcrumbList","@id":"https:\/\/www.visit-ulcinj.com\/blog\/2013\/10\/08\/the-guardian-pse-u-be-toni-bler-keshilltar-per-qeverine-e-shqiperise\/#breadcrumb","itemListElement":[{"@type":"ListItem","position":1,"name":"The Guardian: Pse u b\u00eb Toni Bler k\u00ebshilltar p\u00ebr qeverin\u00eb e Shqip\u00ebris\u00eb?"}]},{"@type":"Person","@id":"https:\/\/www.visit-ulcinj.com\/blog\/#\/schema\/person\/dcab619c614d3038751c63bc2aadc06d","name":"ulqini","sameAs":["http:\/\/www.visit-ulcinj.com"],"url":"https:\/\/www.visit-ulcinj.com\/blog\/author\/admin\/"}]}},"jetpack_featured_media_url":"","jetpack_sharing_enabled":true,"jetpack_shortlink":"https:\/\/wp.me\/pe6lTn-jxK","_links":{"self":[{"href":"https:\/\/www.visit-ulcinj.com\/blog\/wp-json\/wp\/v2\/posts\/75128"}],"collection":[{"href":"https:\/\/www.visit-ulcinj.com\/blog\/wp-json\/wp\/v2\/posts"}],"about":[{"href":"https:\/\/www.visit-ulcinj.com\/blog\/wp-json\/wp\/v2\/types\/post"}],"author":[{"embeddable":true,"href":"https:\/\/www.visit-ulcinj.com\/blog\/wp-json\/wp\/v2\/users\/1"}],"replies":[{"embeddable":true,"href":"https:\/\/www.visit-ulcinj.com\/blog\/wp-json\/wp\/v2\/comments?post=75128"}],"version-history":[{"count":1,"href":"https:\/\/www.visit-ulcinj.com\/blog\/wp-json\/wp\/v2\/posts\/75128\/revisions"}],"predecessor-version":[{"id":75132,"href":"https:\/\/www.visit-ulcinj.com\/blog\/wp-json\/wp\/v2\/posts\/75128\/revisions\/75132"}],"wp:attachment":[{"href":"https:\/\/www.visit-ulcinj.com\/blog\/wp-json\/wp\/v2\/media?parent=75128"}],"wp:term":[{"taxonomy":"category","embeddable":true,"href":"https:\/\/www.visit-ulcinj.com\/blog\/wp-json\/wp\/v2\/categories?post=75128"},{"taxonomy":"post_tag","embeddable":true,"href":"https:\/\/www.visit-ulcinj.com\/blog\/wp-json\/wp\/v2\/tags?post=75128"}],"curies":[{"name":"wp","href":"https:\/\/api.w.org\/{rel}","templated":true}]}}