{"id":75137,"date":"2013-10-08T20:42:58","date_gmt":"2013-10-08T19:42:58","guid":{"rendered":"http:\/\/www.visit-ulcinj.com\/blog\/?p=75137"},"modified":"2013-10-09T21:31:02","modified_gmt":"2013-10-09T20:31:02","slug":"panari-nderkombetar-per-investimene-mynih-expo-real-2013-dita-e-dyte","status":"publish","type":"post","link":"https:\/\/www.visit-ulcinj.com\/blog\/2013\/10\/08\/panari-nderkombetar-per-investimene-mynih-expo-real-2013-dita-e-dyte\/","title":{"rendered":"Panari nd\u00ebrkomb\u00ebtar p\u00ebr investimen\u00eb Mynih &#8211; Expo Real 2013 dita e dyt\u00eb + Foto"},"content":{"rendered":"<p><strong><a href=\"http:\/\/www.visit-ulcinj.com\/blog\/wp-content\/uploads\/2013\/10\/Expo-Real-Munich-Ulqini-Ulcinj-8.jpg\"><img loading=\"lazy\" class=\"alignleft  wp-image-75161\" alt=\"Expo Real -Munich-Ulqini-Ulcinj-8\" src=\"http:\/\/www.visit-ulcinj.com\/blog\/wp-content\/uploads\/2013\/10\/Expo-Real-Munich-Ulqini-Ulcinj-8.jpg\" width=\"508\" height=\"360\" \/><\/a>Dita e dyt\u00eb n\u00eb Panarin nd\u00ebrkomb\u00ebtar p\u00ebr investime dhe patund\u00ebshm\u00ebri n\u00eb Mynih &#8211; Expo Real 2013<\/strong><\/p>\n<p>Sot ishte dita e dyt\u00eb e panairit p\u00ebr investime dhe patund\u00ebshmeri Expo Real 2013 q\u00eb po mbahet n\u00eb Mynih t\u00eb gjermanis\u00eb ku delegacioni i Ulqinit i kryesuar nga kryetari i komun\u00ebs Nazif Cungu s\u00eb bashku me p\u00ebrfaq\u00ebsuesit e qeveris\u00eb s\u00eb Malit t\u00eb Zi, ministrin e turizmit dhe zhvillimit t\u00eb qendruesh\u00ebm Branimir Gvozdenoviq, sekretarin p\u00ebr projekte zhvillimore Nebojsha Popoviq si dhe k\u00ebshilltarin e kryeministrit p\u00ebr investime Aleksander Ti\u00e7iq kan\u00eb realizuar nj\u00eb ser\u00eb takimesh n\u00eb t\u00eb cilat mori pjes\u00eb edhe konsuli malazez n\u00eb Mynih Velko Milonjiq.<br \/>\nTakimet sot u zhvilluan me: Ministrin\u00eb e Ekonomis\u00eb, Infrastruktur\u00ebs, Transportit dhe Teknologjis\u00eb s\u00eb Bavaris\u00eb; investitor\u00ebt turq nga kompania Rixos; p\u00ebrfaq\u00ebsuesit e EIRE &#8211; Expo Italia Real Estate, nga t\u00eb cil\u00ebt mori ftes\u00eb p\u00ebr pjes\u00ebmarrje n\u00eb k\u00ebt\u00eb panair t\u00eb investimeve q\u00eb mbahet n\u00eb qershor t\u00eb vitit t\u00eb ardhshem n\u00eb Milano t\u00eb Italis\u00eb.<\/p>\n<p>Poashtu p\u00ebrfaq\u00ebsuesit e komun\u00ebs s\u00eb Ulqinit mor\u00ebn pjes\u00eb n\u00eb nj\u00eb prezentim p\u00ebr energjin\u00eb q\u00eb u mbajt n\u00eb kuader t\u00eb panairit Expo Real nga Ministria e Ekonomis\u00eb s\u00eb Bavaris\u00eb.<br \/>\nP\u00ebrfaq\u00ebsuesit e komun\u00ebs s\u00eb Ulqinit si dhe qeveris\u00eb s\u00eb Malit t\u00eb Zi takimet e sotme i konsideruan si takime shum\u00eb t\u00eb r\u00ebnd\u00ebsishme p\u00ebr hapjen e mund\u00ebsive t\u00eb reja p\u00ebr bashkpunime dhe projekte me r\u00ebnd\u00ebsi p\u00ebr qytetin e Ulqinit.<\/p>\n<p><a href=\"http:\/\/www.visit-ulcinj.com\/blog\/wp-content\/uploads\/2013\/10\/Expo-Real-Munich-Ulqini-Ulcinj-9.jpg\"><img loading=\"lazy\" class=\"alignleft  wp-image-75162\" alt=\"Expo Real -Munich-Ulqini-Ulcinj-9\" src=\"http:\/\/www.visit-ulcinj.com\/blog\/wp-content\/uploads\/2013\/10\/Expo-Real-Munich-Ulqini-Ulcinj-9.jpg\" width=\"508\" height=\"360\" \/><\/a> <a href=\"http:\/\/www.visit-ulcinj.com\/blog\/wp-content\/uploads\/2013\/10\/Expo-Real-Munich-Ulqini-Ulcinj-10.jpg\"><img loading=\"lazy\" class=\"alignleft  wp-image-75163\" alt=\"Expo Real -Munich-Ulqini-Ulcinj-10\" src=\"http:\/\/www.visit-ulcinj.com\/blog\/wp-content\/uploads\/2013\/10\/Expo-Real-Munich-Ulqini-Ulcinj-10.jpg\" width=\"508\" height=\"360\" \/><\/a> <a href=\"http:\/\/www.visit-ulcinj.com\/blog\/wp-content\/uploads\/2013\/10\/Expo-Real-Munich-Ulqini-Ulcinj-11.jpg\"><img loading=\"lazy\" class=\"alignleft  wp-image-75164\" alt=\"Expo Real -Munich-Ulqini-Ulcinj-11\" src=\"http:\/\/www.visit-ulcinj.com\/blog\/wp-content\/uploads\/2013\/10\/Expo-Real-Munich-Ulqini-Ulcinj-11.jpg\" width=\"508\" height=\"600\" \/><\/a> <a href=\"http:\/\/www.visit-ulcinj.com\/blog\/wp-content\/uploads\/2013\/10\/Expo-Real-Munich-Ulqini-Ulcinj-12.jpg\"><img loading=\"lazy\" class=\"alignleft  wp-image-75165\" alt=\"Expo Real -Munich-Ulqini-Ulcinj-12\" src=\"http:\/\/www.visit-ulcinj.com\/blog\/wp-content\/uploads\/2013\/10\/Expo-Real-Munich-Ulqini-Ulcinj-12.jpg\" width=\"508\" height=\"360\" \/><\/a> <a href=\"http:\/\/www.visit-ulcinj.com\/blog\/wp-content\/uploads\/2013\/10\/Expo-Real-Munich-Ulqini-Ulcinj-13.jpg\"><img loading=\"lazy\" class=\"alignleft  wp-image-75166\" alt=\"Expo Real -Munich-Ulqini-Ulcinj-13\" src=\"http:\/\/www.visit-ulcinj.com\/blog\/wp-content\/uploads\/2013\/10\/Expo-Real-Munich-Ulqini-Ulcinj-13.jpg\" width=\"508\" height=\"360\" \/><\/a> <a href=\"http:\/\/www.visit-ulcinj.com\/blog\/wp-content\/uploads\/2013\/10\/Expo-Real-Munich-Ulqini-Ulcinj-14.jpg\"><img loading=\"lazy\" class=\"alignleft  wp-image-75167\" alt=\"Expo Real -Munich-Ulqini-Ulcinj-14\" src=\"http:\/\/www.visit-ulcinj.com\/blog\/wp-content\/uploads\/2013\/10\/Expo-Real-Munich-Ulqini-Ulcinj-14.jpg\" width=\"508\" height=\"360\" \/><\/a> <a href=\"http:\/\/www.visit-ulcinj.com\/blog\/wp-content\/uploads\/2013\/10\/Expo-Real-Munich-Ulqini-Ulcinj-15.jpg\"><img loading=\"lazy\" class=\"alignleft  wp-image-75168\" alt=\"Expo Real -Munich-Ulqini-Ulcinj-15\" src=\"http:\/\/www.visit-ulcinj.com\/blog\/wp-content\/uploads\/2013\/10\/Expo-Real-Munich-Ulqini-Ulcinj-15.jpg\" width=\"508\" height=\"360\" \/><\/a> <a href=\"http:\/\/www.visit-ulcinj.com\/blog\/wp-content\/uploads\/2013\/10\/Expo-Real-Munich-Ulqini-Ulcinj-16.jpg\"><img loading=\"lazy\" class=\"alignleft  wp-image-75169\" alt=\"Expo Real -Munich-Ulqini-Ulcinj-16\" src=\"http:\/\/www.visit-ulcinj.com\/blog\/wp-content\/uploads\/2013\/10\/Expo-Real-Munich-Ulqini-Ulcinj-16.jpg\" width=\"508\" height=\"360\" \/><\/a> <a href=\"http:\/\/www.visit-ulcinj.com\/blog\/wp-content\/uploads\/2013\/10\/Expo-Real-Munich-Ulqini-Ulcinj-17.jpg\"><img loading=\"lazy\" class=\"alignleft  wp-image-75170\" alt=\"Expo Real -Munich-Ulqini-Ulcinj-17\" src=\"http:\/\/www.visit-ulcinj.com\/blog\/wp-content\/uploads\/2013\/10\/Expo-Real-Munich-Ulqini-Ulcinj-17.jpg\" width=\"508\" height=\"600\" \/><\/a> <a href=\"http:\/\/www.visit-ulcinj.com\/blog\/wp-content\/uploads\/2013\/10\/Expo-Real-Munich-Ulqini-Ulcinj-18.jpg\"><img loading=\"lazy\" class=\"alignleft  wp-image-75171\" alt=\"Expo Real -Munich-Ulqini-Ulcinj-18\" src=\"http:\/\/www.visit-ulcinj.com\/blog\/wp-content\/uploads\/2013\/10\/Expo-Real-Munich-Ulqini-Ulcinj-18.jpg\" width=\"508\" height=\"360\" \/><\/a><\/p>\n\n\t\t<style type=\"text\/css\">\n\t\t\t#gallery-1 {\n\t\t\t\tmargin: auto;\n\t\t\t}\n\t\t\t#gallery-1 .gallery-item {\n\t\t\t\tfloat: left;\n\t\t\t\tmargin-top: 10px;\n\t\t\t\ttext-align: center;\n\t\t\t\twidth: 33%;\n\t\t\t}\n\t\t\t#gallery-1 img {\n\t\t\t\tborder: 2px solid #cfcfcf;\n\t\t\t}\n\t\t\t#gallery-1 .gallery-caption {\n\t\t\t\tmargin-left: 0;\n\t\t\t}\n\t\t\t\/* see gallery_shortcode() in wp-includes\/media.php *\/\n\t\t<\/style>\n\t\t<div id='gallery-1' class='gallery galleryid-75137 gallery-columns-3 gallery-size-thumbnail'><dl class='gallery-item'>\n\t\t\t<dt class='gallery-icon portrait'>\n\t\t\t\t<a href='https:\/\/www.visit-ulcinj.com\/blog\/2013\/10\/08\/panari-nderkombetar-per-investimene-mynih-expo-real-2013-dita-e-dyte\/expo-real-munich-ulqini-ulcinj\/'><img width=\"150\" height=\"150\" src=\"https:\/\/www.visit-ulcinj.com\/blog\/wp-content\/uploads\/2013\/10\/Expo-Real-Munich-Ulqini-Ulcinj-150x150.jpg\" class=\"attachment-thumbnail size-thumbnail\" alt=\"\" loading=\"lazy\" \/><\/a>\n\t\t\t<\/dt><\/dl><dl class='gallery-item'>\n\t\t\t<dt class='gallery-icon landscape'>\n\t\t\t\t<a href='https:\/\/www.visit-ulcinj.com\/blog\/2013\/10\/08\/panari-nderkombetar-per-investimene-mynih-expo-real-2013-dita-e-dyte\/expo-real-munich-ulqini-ulcinj-1\/'><img width=\"150\" height=\"150\" src=\"https:\/\/www.visit-ulcinj.com\/blog\/wp-content\/uploads\/2013\/10\/Expo-Real-Munich-Ulqini-Ulcinj-1-150x150.jpg\" class=\"attachment-thumbnail size-thumbnail\" alt=\"\" loading=\"lazy\" \/><\/a>\n\t\t\t<\/dt><\/dl><dl class='gallery-item'>\n\t\t\t<dt class='gallery-icon portrait'>\n\t\t\t\t<a href='https:\/\/www.visit-ulcinj.com\/blog\/2013\/10\/08\/panari-nderkombetar-per-investimene-mynih-expo-real-2013-dita-e-dyte\/expo-real-munich-ulqini-ulcinj-2\/'><img width=\"150\" height=\"150\" src=\"https:\/\/www.visit-ulcinj.com\/blog\/wp-content\/uploads\/2013\/10\/Expo-Real-Munich-Ulqini-Ulcinj-2-150x150.jpg\" class=\"attachment-thumbnail size-thumbnail\" alt=\"\" loading=\"lazy\" \/><\/a>\n\t\t\t<\/dt><\/dl><br style=\"clear: both\" \/><dl class='gallery-item'>\n\t\t\t<dt class='gallery-icon landscape'>\n\t\t\t\t<a href='https:\/\/www.visit-ulcinj.com\/blog\/2013\/10\/08\/panari-nderkombetar-per-investimene-mynih-expo-real-2013-dita-e-dyte\/expo-real-munich-ulqini-ulcinj-4\/'><img width=\"150\" height=\"150\" src=\"https:\/\/www.visit-ulcinj.com\/blog\/wp-content\/uploads\/2013\/10\/Expo-Real-Munich-Ulqini-Ulcinj-4-150x150.jpg\" class=\"attachment-thumbnail size-thumbnail\" alt=\"\" loading=\"lazy\" \/><\/a>\n\t\t\t<\/dt><\/dl><dl class='gallery-item'>\n\t\t\t<dt class='gallery-icon landscape'>\n\t\t\t\t<a href='https:\/\/www.visit-ulcinj.com\/blog\/2013\/10\/08\/panari-nderkombetar-per-investimene-mynih-expo-real-2013-dita-e-dyte\/expo-real-munich-ulqini-ulcinj-5\/'><img width=\"150\" height=\"150\" src=\"https:\/\/www.visit-ulcinj.com\/blog\/wp-content\/uploads\/2013\/10\/Expo-Real-Munich-Ulqini-Ulcinj-5-150x150.jpg\" class=\"attachment-thumbnail size-thumbnail\" alt=\"\" loading=\"lazy\" \/><\/a>\n\t\t\t<\/dt><\/dl><dl class='gallery-item'>\n\t\t\t<dt class='gallery-icon portrait'>\n\t\t\t\t<a href='https:\/\/www.visit-ulcinj.com\/blog\/2013\/10\/08\/panari-nderkombetar-per-investimene-mynih-expo-real-2013-dita-e-dyte\/expo-real-munich-ulqini-ulcinj-6\/'><img width=\"150\" height=\"150\" src=\"https:\/\/www.visit-ulcinj.com\/blog\/wp-content\/uploads\/2013\/10\/Expo-Real-Munich-Ulqini-Ulcinj-6-150x150.jpg\" class=\"attachment-thumbnail size-thumbnail\" alt=\"\" loading=\"lazy\" \/><\/a>\n\t\t\t<\/dt><\/dl><br style=\"clear: both\" \/><dl class='gallery-item'>\n\t\t\t<dt class='gallery-icon portrait'>\n\t\t\t\t<a href='https:\/\/www.visit-ulcinj.com\/blog\/2013\/10\/08\/panari-nderkombetar-per-investimene-mynih-expo-real-2013-dita-e-dyte\/nazif-cungu-expo-real-2013-munich\/'><img width=\"150\" height=\"150\" src=\"https:\/\/www.visit-ulcinj.com\/blog\/wp-content\/uploads\/2013\/10\/nazif-cungu-Expo-Real-2013-munich-150x150.jpg\" class=\"attachment-thumbnail size-thumbnail\" alt=\"\" loading=\"lazy\" \/><\/a>\n\t\t\t<\/dt><\/dl><dl class='gallery-item'>\n\t\t\t<dt class='gallery-icon portrait'>\n\t\t\t\t<a href='https:\/\/www.visit-ulcinj.com\/blog\/2013\/10\/08\/panari-nderkombetar-per-investimene-mynih-expo-real-2013-dita-e-dyte\/nazif-cungu-expo-real-2013-munich-1\/'><img width=\"150\" height=\"150\" src=\"https:\/\/www.visit-ulcinj.com\/blog\/wp-content\/uploads\/2013\/10\/nazif-cungu-Expo-Real-2013-munich-1-150x150.jpg\" class=\"attachment-thumbnail size-thumbnail\" alt=\"\" loading=\"lazy\" \/><\/a>\n\t\t\t<\/dt><\/dl><dl class='gallery-item'>\n\t\t\t<dt class='gallery-icon landscape'>\n\t\t\t\t<a href='https:\/\/www.visit-ulcinj.com\/blog\/2013\/10\/08\/panari-nderkombetar-per-investimene-mynih-expo-real-2013-dita-e-dyte\/expo-real-munich-ulqini-ulcinj-7\/'><img width=\"150\" height=\"150\" src=\"https:\/\/www.visit-ulcinj.com\/blog\/wp-content\/uploads\/2013\/10\/Expo-Real-Munich-Ulqini-Ulcinj-7-150x150.jpg\" class=\"attachment-thumbnail size-thumbnail\" alt=\"\" loading=\"lazy\" \/><\/a>\n\t\t\t<\/dt><\/dl><br style=\"clear: both\" \/>\n\t\t<\/div>\n\n","protected":false},"excerpt":{"rendered":"<p>Dita e dyt\u00eb n\u00eb Panarin nd\u00ebrkomb\u00ebtar p\u00ebr investime dhe patund\u00ebshm\u00ebri n\u00eb Mynih &#8211; Expo Real 2013 Sot ishte dita e dyt\u00eb e panairit p\u00ebr investime dhe patund\u00ebshmeri Expo Real 2013 q\u00eb po mbahet n\u00eb Mynih t\u00eb gjermanis\u00eb ku delegacioni i Ulqinit i kryesuar nga kryetari i komun\u00ebs Nazif Cungu s\u00eb bashku me p\u00ebrfaq\u00ebsuesit e qeveris\u00eb [&hellip;]<\/p>\n","protected":false},"author":1,"featured_media":0,"comment_status":"closed","ping_status":"closed","sticky":false,"template":"","format":"standard","meta":{"spay_email":"","jetpack_publicize_message":"","jetpack_is_tweetstorm":false,"jetpack_publicize_feature_enabled":true},"categories":[1,6950],"tags":[],"jetpack_publicize_connections":[],"yoast_head":"<!-- This site is optimized with the Yoast SEO plugin v19.1 - https:\/\/yoast.com\/wordpress\/plugins\/seo\/ -->\n<title>Panari nd\u00ebrkomb\u00ebtar p\u00ebr investimen\u00eb Mynih - Expo Real 2013 dita e dyt\u00eb + Foto - Lajme nga Ulqini<\/title>\n<meta name=\"description\" content=\"Dita e dyt\u00eb n\u00eb Panarin nd\u00ebrkomb\u00ebtar p\u00ebr investime dhe patund\u00ebshm\u00ebri n\u00eb Mynih - Expo Real 2013 Sot ishte dita e dyt\u00eb e panairit p\u00ebr investime dhe\" \/>\n<meta name=\"robots\" content=\"index, follow, max-snippet:-1, max-image-preview:large, max-video-preview:-1\" \/>\n<link rel=\"canonical\" href=\"https:\/\/www.visit-ulcinj.com\/blog\/2013\/10\/08\/panari-nderkombetar-per-investimene-mynih-expo-real-2013-dita-e-dyte\/\" \/>\n<meta property=\"og:locale\" content=\"en_US\" \/>\n<meta property=\"og:type\" content=\"article\" \/>\n<meta property=\"og:title\" content=\"Panari nd\u00ebrkomb\u00ebtar p\u00ebr investimen\u00eb Mynih - Expo Real 2013 dita e dyt\u00eb + Foto - Lajme nga Ulqini\" \/>\n<meta property=\"og:description\" content=\"Dita e dyt\u00eb n\u00eb Panarin nd\u00ebrkomb\u00ebtar p\u00ebr investime dhe patund\u00ebshm\u00ebri n\u00eb Mynih - Expo Real 2013 Sot ishte dita e dyt\u00eb e panairit p\u00ebr investime dhe\" \/>\n<meta property=\"og:url\" content=\"https:\/\/www.visit-ulcinj.com\/blog\/2013\/10\/08\/panari-nderkombetar-per-investimene-mynih-expo-real-2013-dita-e-dyte\/\" \/>\n<meta property=\"og:site_name\" content=\"Lajme nga Ulqini\" \/>\n<meta property=\"article:published_time\" content=\"2013-10-08T19:42:58+00:00\" \/>\n<meta property=\"article:modified_time\" content=\"2013-10-09T20:31:02+00:00\" \/>\n<meta property=\"og:image\" content=\"https:\/\/www.visit-ulcinj.com\/blog\/wp-content\/uploads\/2013\/10\/Expo-Real-Munich-Ulqini-Ulcinj-150x150.jpg\" \/>\n<meta name=\"twitter:label1\" content=\"Written by\" \/>\n\t<meta name=\"twitter:data1\" content=\"ulqini\" \/>\n\t<meta name=\"twitter:label2\" content=\"Est. reading time\" \/>\n\t<meta name=\"twitter:data2\" content=\"1 minute\" \/>\n<script type=\"application\/ld+json\" class=\"yoast-schema-graph\">{\"@context\":\"https:\/\/schema.org\",\"@graph\":[{\"@type\":\"WebSite\",\"@id\":\"https:\/\/www.visit-ulcinj.com\/blog\/#website\",\"url\":\"https:\/\/www.visit-ulcinj.com\/blog\/\",\"name\":\"Lajme nga Ulqini\",\"description\":\"Lajme,Vijesti,Ulqini,Ulqin,Crna Gora,Mali i Zi\",\"potentialAction\":[{\"@type\":\"SearchAction\",\"target\":{\"@type\":\"EntryPoint\",\"urlTemplate\":\"https:\/\/www.visit-ulcinj.com\/blog\/?s={search_term_string}\"},\"query-input\":\"required name=search_term_string\"}],\"inLanguage\":\"en-US\"},{\"@type\":\"ImageObject\",\"inLanguage\":\"en-US\",\"@id\":\"https:\/\/www.visit-ulcinj.com\/blog\/2013\/10\/08\/panari-nderkombetar-per-investimene-mynih-expo-real-2013-dita-e-dyte\/#primaryimage\",\"url\":\"https:\/\/www.visit-ulcinj.com\/blog\/wp-content\/uploads\/2013\/10\/Expo-Real-Munich-Ulqini-Ulcinj-8.jpg\",\"contentUrl\":\"https:\/\/www.visit-ulcinj.com\/blog\/wp-content\/uploads\/2013\/10\/Expo-Real-Munich-Ulqini-Ulcinj-8.jpg\",\"width\":960,\"height\":720},{\"@type\":\"WebPage\",\"@id\":\"https:\/\/www.visit-ulcinj.com\/blog\/2013\/10\/08\/panari-nderkombetar-per-investimene-mynih-expo-real-2013-dita-e-dyte\/#webpage\",\"url\":\"https:\/\/www.visit-ulcinj.com\/blog\/2013\/10\/08\/panari-nderkombetar-per-investimene-mynih-expo-real-2013-dita-e-dyte\/\",\"name\":\"Panari nd\u00ebrkomb\u00ebtar p\u00ebr investimen\u00eb Mynih - Expo Real 2013 dita e dyt\u00eb + Foto - Lajme nga Ulqini\",\"isPartOf\":{\"@id\":\"https:\/\/www.visit-ulcinj.com\/blog\/#website\"},\"primaryImageOfPage\":{\"@id\":\"https:\/\/www.visit-ulcinj.com\/blog\/2013\/10\/08\/panari-nderkombetar-per-investimene-mynih-expo-real-2013-dita-e-dyte\/#primaryimage\"},\"datePublished\":\"2013-10-08T19:42:58+00:00\",\"dateModified\":\"2013-10-09T20:31:02+00:00\",\"author\":{\"@id\":\"https:\/\/www.visit-ulcinj.com\/blog\/#\/schema\/person\/dcab619c614d3038751c63bc2aadc06d\"},\"description\":\"Dita e dyt\u00eb n\u00eb Panarin nd\u00ebrkomb\u00ebtar p\u00ebr investime dhe patund\u00ebshm\u00ebri n\u00eb Mynih - Expo Real 2013 Sot ishte dita e dyt\u00eb e panairit p\u00ebr investime dhe\",\"breadcrumb\":{\"@id\":\"https:\/\/www.visit-ulcinj.com\/blog\/2013\/10\/08\/panari-nderkombetar-per-investimene-mynih-expo-real-2013-dita-e-dyte\/#breadcrumb\"},\"inLanguage\":\"en-US\",\"potentialAction\":[{\"@type\":\"ReadAction\",\"target\":[\"https:\/\/www.visit-ulcinj.com\/blog\/2013\/10\/08\/panari-nderkombetar-per-investimene-mynih-expo-real-2013-dita-e-dyte\/\"]}]},{\"@type\":\"BreadcrumbList\",\"@id\":\"https:\/\/www.visit-ulcinj.com\/blog\/2013\/10\/08\/panari-nderkombetar-per-investimene-mynih-expo-real-2013-dita-e-dyte\/#breadcrumb\",\"itemListElement\":[{\"@type\":\"ListItem\",\"position\":1,\"name\":\"Panari nd\u00ebrkomb\u00ebtar p\u00ebr investimen\u00eb Mynih &#8211; Expo Real 2013 dita e dyt\u00eb + Foto\"}]},{\"@type\":\"Person\",\"@id\":\"https:\/\/www.visit-ulcinj.com\/blog\/#\/schema\/person\/dcab619c614d3038751c63bc2aadc06d\",\"name\":\"ulqini\",\"sameAs\":[\"http:\/\/www.visit-ulcinj.com\"],\"url\":\"https:\/\/www.visit-ulcinj.com\/blog\/author\/admin\/\"}]}<\/script>\n<!-- \/ Yoast SEO plugin. -->","yoast_head_json":{"title":"Panari nd\u00ebrkomb\u00ebtar p\u00ebr investimen\u00eb Mynih - Expo Real 2013 dita e dyt\u00eb + Foto - Lajme nga Ulqini","description":"Dita e dyt\u00eb n\u00eb Panarin nd\u00ebrkomb\u00ebtar p\u00ebr investime dhe patund\u00ebshm\u00ebri n\u00eb Mynih - Expo Real 2013 Sot ishte dita e dyt\u00eb e panairit p\u00ebr investime dhe","robots":{"index":"index","follow":"follow","max-snippet":"max-snippet:-1","max-image-preview":"max-image-preview:large","max-video-preview":"max-video-preview:-1"},"canonical":"https:\/\/www.visit-ulcinj.com\/blog\/2013\/10\/08\/panari-nderkombetar-per-investimene-mynih-expo-real-2013-dita-e-dyte\/","og_locale":"en_US","og_type":"article","og_title":"Panari nd\u00ebrkomb\u00ebtar p\u00ebr investimen\u00eb Mynih - Expo Real 2013 dita e dyt\u00eb + Foto - Lajme nga Ulqini","og_description":"Dita e dyt\u00eb n\u00eb Panarin nd\u00ebrkomb\u00ebtar p\u00ebr investime dhe patund\u00ebshm\u00ebri n\u00eb Mynih - Expo Real 2013 Sot ishte dita e dyt\u00eb e panairit p\u00ebr investime dhe","og_url":"https:\/\/www.visit-ulcinj.com\/blog\/2013\/10\/08\/panari-nderkombetar-per-investimene-mynih-expo-real-2013-dita-e-dyte\/","og_site_name":"Lajme nga Ulqini","article_published_time":"2013-10-08T19:42:58+00:00","article_modified_time":"2013-10-09T20:31:02+00:00","og_image":[{"url":"https:\/\/www.visit-ulcinj.com\/blog\/wp-content\/uploads\/2013\/10\/Expo-Real-Munich-Ulqini-Ulcinj-150x150.jpg"}],"twitter_misc":{"Written by":"ulqini","Est. reading time":"1 minute"},"schema":{"@context":"https:\/\/schema.org","@graph":[{"@type":"WebSite","@id":"https:\/\/www.visit-ulcinj.com\/blog\/#website","url":"https:\/\/www.visit-ulcinj.com\/blog\/","name":"Lajme nga Ulqini","description":"Lajme,Vijesti,Ulqini,Ulqin,Crna Gora,Mali i Zi","potentialAction":[{"@type":"SearchAction","target":{"@type":"EntryPoint","urlTemplate":"https:\/\/www.visit-ulcinj.com\/blog\/?s={search_term_string}"},"query-input":"required name=search_term_string"}],"inLanguage":"en-US"},{"@type":"ImageObject","inLanguage":"en-US","@id":"https:\/\/www.visit-ulcinj.com\/blog\/2013\/10\/08\/panari-nderkombetar-per-investimene-mynih-expo-real-2013-dita-e-dyte\/#primaryimage","url":"https:\/\/www.visit-ulcinj.com\/blog\/wp-content\/uploads\/2013\/10\/Expo-Real-Munich-Ulqini-Ulcinj-8.jpg","contentUrl":"https:\/\/www.visit-ulcinj.com\/blog\/wp-content\/uploads\/2013\/10\/Expo-Real-Munich-Ulqini-Ulcinj-8.jpg","width":960,"height":720},{"@type":"WebPage","@id":"https:\/\/www.visit-ulcinj.com\/blog\/2013\/10\/08\/panari-nderkombetar-per-investimene-mynih-expo-real-2013-dita-e-dyte\/#webpage","url":"https:\/\/www.visit-ulcinj.com\/blog\/2013\/10\/08\/panari-nderkombetar-per-investimene-mynih-expo-real-2013-dita-e-dyte\/","name":"Panari nd\u00ebrkomb\u00ebtar p\u00ebr investimen\u00eb Mynih - Expo Real 2013 dita e dyt\u00eb + Foto - Lajme nga Ulqini","isPartOf":{"@id":"https:\/\/www.visit-ulcinj.com\/blog\/#website"},"primaryImageOfPage":{"@id":"https:\/\/www.visit-ulcinj.com\/blog\/2013\/10\/08\/panari-nderkombetar-per-investimene-mynih-expo-real-2013-dita-e-dyte\/#primaryimage"},"datePublished":"2013-10-08T19:42:58+00:00","dateModified":"2013-10-09T20:31:02+00:00","author":{"@id":"https:\/\/www.visit-ulcinj.com\/blog\/#\/schema\/person\/dcab619c614d3038751c63bc2aadc06d"},"description":"Dita e dyt\u00eb n\u00eb Panarin nd\u00ebrkomb\u00ebtar p\u00ebr investime dhe patund\u00ebshm\u00ebri n\u00eb Mynih - Expo Real 2013 Sot ishte dita e dyt\u00eb e panairit p\u00ebr investime dhe","breadcrumb":{"@id":"https:\/\/www.visit-ulcinj.com\/blog\/2013\/10\/08\/panari-nderkombetar-per-investimene-mynih-expo-real-2013-dita-e-dyte\/#breadcrumb"},"inLanguage":"en-US","potentialAction":[{"@type":"ReadAction","target":["https:\/\/www.visit-ulcinj.com\/blog\/2013\/10\/08\/panari-nderkombetar-per-investimene-mynih-expo-real-2013-dita-e-dyte\/"]}]},{"@type":"BreadcrumbList","@id":"https:\/\/www.visit-ulcinj.com\/blog\/2013\/10\/08\/panari-nderkombetar-per-investimene-mynih-expo-real-2013-dita-e-dyte\/#breadcrumb","itemListElement":[{"@type":"ListItem","position":1,"name":"Panari nd\u00ebrkomb\u00ebtar p\u00ebr investimen\u00eb Mynih &#8211; Expo Real 2013 dita e dyt\u00eb + Foto"}]},{"@type":"Person","@id":"https:\/\/www.visit-ulcinj.com\/blog\/#\/schema\/person\/dcab619c614d3038751c63bc2aadc06d","name":"ulqini","sameAs":["http:\/\/www.visit-ulcinj.com"],"url":"https:\/\/www.visit-ulcinj.com\/blog\/author\/admin\/"}]}},"jetpack_featured_media_url":"","jetpack_sharing_enabled":true,"jetpack_shortlink":"https:\/\/wp.me\/pe6lTn-jxT","_links":{"self":[{"href":"https:\/\/www.visit-ulcinj.com\/blog\/wp-json\/wp\/v2\/posts\/75137"}],"collection":[{"href":"https:\/\/www.visit-ulcinj.com\/blog\/wp-json\/wp\/v2\/posts"}],"about":[{"href":"https:\/\/www.visit-ulcinj.com\/blog\/wp-json\/wp\/v2\/types\/post"}],"author":[{"embeddable":true,"href":"https:\/\/www.visit-ulcinj.com\/blog\/wp-json\/wp\/v2\/users\/1"}],"replies":[{"embeddable":true,"href":"https:\/\/www.visit-ulcinj.com\/blog\/wp-json\/wp\/v2\/comments?post=75137"}],"version-history":[{"count":14,"href":"https:\/\/www.visit-ulcinj.com\/blog\/wp-json\/wp\/v2\/posts\/75137\/revisions"}],"predecessor-version":[{"id":75199,"href":"https:\/\/www.visit-ulcinj.com\/blog\/wp-json\/wp\/v2\/posts\/75137\/revisions\/75199"}],"wp:attachment":[{"href":"https:\/\/www.visit-ulcinj.com\/blog\/wp-json\/wp\/v2\/media?parent=75137"}],"wp:term":[{"taxonomy":"category","embeddable":true,"href":"https:\/\/www.visit-ulcinj.com\/blog\/wp-json\/wp\/v2\/categories?post=75137"},{"taxonomy":"post_tag","embeddable":true,"href":"https:\/\/www.visit-ulcinj.com\/blog\/wp-json\/wp\/v2\/tags?post=75137"}],"curies":[{"name":"wp","href":"https:\/\/api.w.org\/{rel}","templated":true}]}}