{"id":75175,"date":"2013-10-09T14:19:09","date_gmt":"2013-10-09T13:19:09","guid":{"rendered":"http:\/\/www.visit-ulcinj.com\/blog\/?p=75175"},"modified":"2013-10-10T15:05:00","modified_gmt":"2013-10-10T14:05:00","slug":"interviste-me-kengetaren-egzona-salaj","status":"publish","type":"post","link":"https:\/\/www.visit-ulcinj.com\/blog\/2013\/10\/09\/interviste-me-kengetaren-egzona-salaj\/","title":{"rendered":"Interviste me kengetaren Egzona Salaj"},"content":{"rendered":"<p><strong><a href=\"http:\/\/www.visit-ulcinj.com\/blog\/wp-content\/uploads\/2013\/10\/Egzona-Salaj-1.jpg\"><img loading=\"lazy\" class=\"alignleft  wp-image-75176\" alt=\"Egzona Salaj-1\" src=\"http:\/\/www.visit-ulcinj.com\/blog\/wp-content\/uploads\/2013\/10\/Egzona-Salaj-1.jpg\" width=\"508\" height=\"600\" \/><\/a>Egzona Salaj: Arti \u00ebsht\u00eb nj\u00eb gj\u00eb q\u00eb i jep ngjyr\u00eb jet\u00ebs<\/strong><\/p>\n<p>Besoj se te gjithe e njihni kengetarin e mjeshtruar te muzikes Shkodrane dhe asaj Ulqinake Gezim Salaj. Kengetar i spikatur i muzikes popullore i cili eshte dekoruar me shume \u00e7mime, si mjeshter i muzikes popullore&#8230; Tani ne kemi kenaqesine te ju prezantojme me vajzen e tij Egzonen e cila ndjek me shume krenari profesionin e babait te saj. Egzona eshte nje vajze jashtezakonisht e talentuar, me nje te embel e fantastik.<\/p>\n<p><b>&#8211; Fillimisht Egzona te falenderojme shume per pranimin e fteses per nje interviste nga stafi yne!<\/b><\/p>\n<p><b>\u00a0 <\/b>Asgje! Kenaqesia ishte e imja!<\/p>\n<p><b>&#8211; Le te mos humbim kohe dhe te vazhdojme me pyetjen e pare&#8230;<br \/>\nSi ka lindur deshira per tu bere kengetare?\u00a0<\/b><\/p>\n<p>Deshira ime per te qene kengetare lindi qe ne moshe te vogel. Gjithmone ne familjen time degjohej kenge, meqe edhe babain e kam kengetar. Fillova te kendoja ne koncertet qe mbaheshin ne shkolle, pastaj u formua shoqeria kulturore artistike &#8220;Tradita&#8221; dhe fillova te marr pjese ne kete shoqeri, pastaj performova ne koncertin e babit &#8220;Gezim Salaj Show&#8221;, kurse tani jam ne shkollen e mesme artistike &#8220;Prenke Jakova&#8221; ne degen kanto ne vit te pare.<\/p>\n<p>&#8211; <b>Si ka ndikuar tek ti paraqitja e kenges se pare, dhe si ishte te performoje ne show-in e babit tend?Pse zgjodhe pikerisht ate per te provuar veten?<\/b><\/p>\n<p><b> <\/b>Nuk mund ta quaj &#8221;kenga ime&#8221; sepse ajo eshte nje kenge e vjeter popullore e kenduar nga shume kengetare te tjere por une mendova ta sillja ne menyren time.Kenga ime e pare ka ndikuar shume mire. Personat te cilet per pelqejne kengen time jane me shume ata qe jane te dhene pas muzikes popullore pasi edhe ajo eshte ne ate zhaner. Muzike popullore si fillim por pastaj nuk i dihet&#8230; Persa i perket show-it te babit tim ishte nje emocion i teper i madh. Ishte shume bukur teksa shihje te tjeteret duke duartrokitur per ty. Ishte nje nate madheshtore me shume atmosfere.<\/p>\n<p><b><a href=\"http:\/\/www.visit-ulcinj.com\/blog\/wp-content\/uploads\/2013\/10\/Egzona-Salaj.jpg\"><img loading=\"lazy\" class=\"alignleft  wp-image-75177\" alt=\"Egzona Salaj\" src=\"http:\/\/www.visit-ulcinj.com\/blog\/wp-content\/uploads\/2013\/10\/Egzona-Salaj.jpg\" width=\"508\" height=\"600\" \/><\/a>-Normalisht ne e dime tashme qe ti e ke zerin te trashiguar nga babai yt dhe jemi te sigurt qe ai ju mbeshtet&#8230; Po persa i perket pjestareve te tjere te familjes?<\/b><\/p>\n<p><b> <\/b><b> <\/b>Po eshte e vertete. Babi ime me jep nje perkrahje te madhe dhe une jam shume krenare qe do ndjek hapat e tij dhe sigurisht mendoj qe edhe ai ndjehet krenar per kete gje. Kjo ishte aryeja , te bej familjen time krenare. Gjithashtu edhe pjestaret e tjere te familjes me mbeshtesin shume , por me se shumti eshte babai.<\/p>\n<p><b>&#8211; Perve\u00e7 muzikes eshte di\u00e7ka tjeter qe te pelqen ta besh? <\/b><b> <\/b><\/p>\n<p>Pervec muzikes me pelqejn shume gjera, me pelqen shume te lexoj, te kaloj kohe me shoqeri, poashtu nje nga hobit e mi eshte edhe piktura.<\/p>\n<p><b>&#8211; Si mund te na perkufizosh me nje fjale &#8221;artin&#8221;? <\/b><\/p>\n<p>Per mua arti eshte nje gje qe i jep ngjyre jetes, bota pa art do te ishe bardh e zi.<br \/>\n<a href=\"http:\/\/www.visit-ulcinj.com\/blog\/wp-content\/uploads\/2013\/10\/Gezim-Salaj-me-vajzen.jpg\"><img loading=\"lazy\" class=\"alignleft  wp-image-75204\" alt=\"Gezim-Salaj-me vajzen\" src=\"http:\/\/www.visit-ulcinj.com\/blog\/wp-content\/uploads\/2013\/10\/Gezim-Salaj-me-vajzen.jpg\" width=\"508\" height=\"360\" \/><\/a><\/p>\n<p><b>&#8211; Muziken dhe te kenduarit e sheh si profesion qe te ndihmon me financa apo nje gje qe e ben per qejf? <\/b><\/p>\n<p>Tani per tani, muziken dhe te kenduarit e shoh si di\u00e7ka qe e bej per qejf, me vone do ta shoh edhe si profesion qe te jep financa, pse jo.<\/p>\n<p><b>&#8211; A keni ndermend te beni ndonje kenge te re? <\/b><\/p>\n<p>Tani synimi im me i madh esht shkolla me vone do te vij me kenge te reja. Nuk do te ju zhgenjej. Ju falenderoj edhe nje here per kete interviste. Ju pershendes te gjitheve!!!<\/p>\n<p><strong>Burimi: AlbaMagazine<\/strong><\/p>\n<p><iframe loading=\"lazy\" src=\"\/\/www.youtube.com\/embed\/JxgvPLOdmVM\" height=\"360\" width=\"508\" allowfullscreen=\"\" frameborder=\"0\"><\/iframe><\/p>\n","protected":false},"excerpt":{"rendered":"<p>Egzona Salaj: Arti \u00ebsht\u00eb nj\u00eb gj\u00eb q\u00eb i jep ngjyr\u00eb jet\u00ebs Besoj se te gjithe e njihni kengetarin e mjeshtruar te muzikes Shkodrane dhe asaj Ulqinake Gezim Salaj. Kengetar i spikatur i muzikes popullore i cili eshte dekoruar me shume \u00e7mime, si mjeshter i muzikes popullore&#8230; Tani ne kemi kenaqesine te ju prezantojme me vajzen [&hellip;]<\/p>\n","protected":false},"author":1,"featured_media":0,"comment_status":"closed","ping_status":"closed","sticky":false,"template":"","format":"standard","meta":{"spay_email":"","jetpack_publicize_message":"","jetpack_is_tweetstorm":false,"jetpack_publicize_feature_enabled":true},"categories":[5],"tags":[],"jetpack_publicize_connections":[],"yoast_head":"<!-- This site is optimized with the Yoast SEO plugin v19.1 - https:\/\/yoast.com\/wordpress\/plugins\/seo\/ -->\n<title>Interviste me kengetaren Egzona Salaj - Lajme nga Ulqini<\/title>\n<meta name=\"description\" content=\"Egzona Salaj: Arti \u00ebsht\u00eb nj\u00eb gj\u00eb q\u00eb i jep ngjyr\u00eb jet\u00ebs Besoj se te gjithe e njihni kengetarin e mjeshtruar te muzikes Shkodrane dhe asaj Ulqinake Gezim\" \/>\n<meta name=\"robots\" content=\"index, follow, max-snippet:-1, max-image-preview:large, max-video-preview:-1\" \/>\n<link rel=\"canonical\" href=\"https:\/\/www.visit-ulcinj.com\/blog\/2013\/10\/09\/interviste-me-kengetaren-egzona-salaj\/\" \/>\n<meta property=\"og:locale\" content=\"en_US\" \/>\n<meta property=\"og:type\" content=\"article\" \/>\n<meta property=\"og:title\" content=\"Interviste me kengetaren Egzona Salaj - Lajme nga Ulqini\" \/>\n<meta property=\"og:description\" content=\"Egzona Salaj: Arti \u00ebsht\u00eb nj\u00eb gj\u00eb q\u00eb i jep ngjyr\u00eb jet\u00ebs Besoj se te gjithe e njihni kengetarin e mjeshtruar te muzikes Shkodrane dhe asaj Ulqinake Gezim\" \/>\n<meta property=\"og:url\" content=\"https:\/\/www.visit-ulcinj.com\/blog\/2013\/10\/09\/interviste-me-kengetaren-egzona-salaj\/\" \/>\n<meta property=\"og:site_name\" content=\"Lajme nga Ulqini\" \/>\n<meta property=\"article:published_time\" content=\"2013-10-09T13:19:09+00:00\" \/>\n<meta property=\"article:modified_time\" content=\"2013-10-10T14:05:00+00:00\" \/>\n<meta property=\"og:image\" content=\"http:\/\/www.visit-ulcinj.com\/blog\/wp-content\/uploads\/2013\/10\/Egzona-Salaj-1.jpg\" \/>\n<meta name=\"twitter:label1\" content=\"Written by\" \/>\n\t<meta name=\"twitter:data1\" content=\"ulqini\" \/>\n\t<meta name=\"twitter:label2\" content=\"Est. reading time\" \/>\n\t<meta name=\"twitter:data2\" content=\"3 minutes\" \/>\n<script type=\"application\/ld+json\" class=\"yoast-schema-graph\">{\"@context\":\"https:\/\/schema.org\",\"@graph\":[{\"@type\":\"WebSite\",\"@id\":\"https:\/\/www.visit-ulcinj.com\/blog\/#website\",\"url\":\"https:\/\/www.visit-ulcinj.com\/blog\/\",\"name\":\"Lajme nga Ulqini\",\"description\":\"Lajme,Vijesti,Ulqini,Ulqin,Crna Gora,Mali i Zi\",\"potentialAction\":[{\"@type\":\"SearchAction\",\"target\":{\"@type\":\"EntryPoint\",\"urlTemplate\":\"https:\/\/www.visit-ulcinj.com\/blog\/?s={search_term_string}\"},\"query-input\":\"required name=search_term_string\"}],\"inLanguage\":\"en-US\"},{\"@type\":\"ImageObject\",\"inLanguage\":\"en-US\",\"@id\":\"https:\/\/www.visit-ulcinj.com\/blog\/2013\/10\/09\/interviste-me-kengetaren-egzona-salaj\/#primaryimage\",\"url\":\"https:\/\/www.visit-ulcinj.com\/blog\/wp-content\/uploads\/2013\/10\/Egzona-Salaj-1.jpg\",\"contentUrl\":\"https:\/\/www.visit-ulcinj.com\/blog\/wp-content\/uploads\/2013\/10\/Egzona-Salaj-1.jpg\",\"width\":720,\"height\":960},{\"@type\":\"WebPage\",\"@id\":\"https:\/\/www.visit-ulcinj.com\/blog\/2013\/10\/09\/interviste-me-kengetaren-egzona-salaj\/#webpage\",\"url\":\"https:\/\/www.visit-ulcinj.com\/blog\/2013\/10\/09\/interviste-me-kengetaren-egzona-salaj\/\",\"name\":\"Interviste me kengetaren Egzona Salaj - Lajme nga Ulqini\",\"isPartOf\":{\"@id\":\"https:\/\/www.visit-ulcinj.com\/blog\/#website\"},\"primaryImageOfPage\":{\"@id\":\"https:\/\/www.visit-ulcinj.com\/blog\/2013\/10\/09\/interviste-me-kengetaren-egzona-salaj\/#primaryimage\"},\"datePublished\":\"2013-10-09T13:19:09+00:00\",\"dateModified\":\"2013-10-10T14:05:00+00:00\",\"author\":{\"@id\":\"https:\/\/www.visit-ulcinj.com\/blog\/#\/schema\/person\/dcab619c614d3038751c63bc2aadc06d\"},\"description\":\"Egzona Salaj: Arti \u00ebsht\u00eb nj\u00eb gj\u00eb q\u00eb i jep ngjyr\u00eb jet\u00ebs Besoj se te gjithe e njihni kengetarin e mjeshtruar te muzikes Shkodrane dhe asaj Ulqinake Gezim\",\"breadcrumb\":{\"@id\":\"https:\/\/www.visit-ulcinj.com\/blog\/2013\/10\/09\/interviste-me-kengetaren-egzona-salaj\/#breadcrumb\"},\"inLanguage\":\"en-US\",\"potentialAction\":[{\"@type\":\"ReadAction\",\"target\":[\"https:\/\/www.visit-ulcinj.com\/blog\/2013\/10\/09\/interviste-me-kengetaren-egzona-salaj\/\"]}]},{\"@type\":\"BreadcrumbList\",\"@id\":\"https:\/\/www.visit-ulcinj.com\/blog\/2013\/10\/09\/interviste-me-kengetaren-egzona-salaj\/#breadcrumb\",\"itemListElement\":[{\"@type\":\"ListItem\",\"position\":1,\"name\":\"Interviste me kengetaren Egzona Salaj\"}]},{\"@type\":\"Person\",\"@id\":\"https:\/\/www.visit-ulcinj.com\/blog\/#\/schema\/person\/dcab619c614d3038751c63bc2aadc06d\",\"name\":\"ulqini\",\"sameAs\":[\"http:\/\/www.visit-ulcinj.com\"],\"url\":\"https:\/\/www.visit-ulcinj.com\/blog\/author\/admin\/\"}]}<\/script>\n<!-- \/ Yoast SEO plugin. -->","yoast_head_json":{"title":"Interviste me kengetaren Egzona Salaj - Lajme nga Ulqini","description":"Egzona Salaj: Arti \u00ebsht\u00eb nj\u00eb gj\u00eb q\u00eb i jep ngjyr\u00eb jet\u00ebs Besoj se te gjithe e njihni kengetarin e mjeshtruar te muzikes Shkodrane dhe asaj Ulqinake Gezim","robots":{"index":"index","follow":"follow","max-snippet":"max-snippet:-1","max-image-preview":"max-image-preview:large","max-video-preview":"max-video-preview:-1"},"canonical":"https:\/\/www.visit-ulcinj.com\/blog\/2013\/10\/09\/interviste-me-kengetaren-egzona-salaj\/","og_locale":"en_US","og_type":"article","og_title":"Interviste me kengetaren Egzona Salaj - Lajme nga Ulqini","og_description":"Egzona Salaj: Arti \u00ebsht\u00eb nj\u00eb gj\u00eb q\u00eb i jep ngjyr\u00eb jet\u00ebs Besoj se te gjithe e njihni kengetarin e mjeshtruar te muzikes Shkodrane dhe asaj Ulqinake Gezim","og_url":"https:\/\/www.visit-ulcinj.com\/blog\/2013\/10\/09\/interviste-me-kengetaren-egzona-salaj\/","og_site_name":"Lajme nga Ulqini","article_published_time":"2013-10-09T13:19:09+00:00","article_modified_time":"2013-10-10T14:05:00+00:00","og_image":[{"url":"http:\/\/www.visit-ulcinj.com\/blog\/wp-content\/uploads\/2013\/10\/Egzona-Salaj-1.jpg"}],"twitter_misc":{"Written by":"ulqini","Est. reading time":"3 minutes"},"schema":{"@context":"https:\/\/schema.org","@graph":[{"@type":"WebSite","@id":"https:\/\/www.visit-ulcinj.com\/blog\/#website","url":"https:\/\/www.visit-ulcinj.com\/blog\/","name":"Lajme nga Ulqini","description":"Lajme,Vijesti,Ulqini,Ulqin,Crna Gora,Mali i Zi","potentialAction":[{"@type":"SearchAction","target":{"@type":"EntryPoint","urlTemplate":"https:\/\/www.visit-ulcinj.com\/blog\/?s={search_term_string}"},"query-input":"required name=search_term_string"}],"inLanguage":"en-US"},{"@type":"ImageObject","inLanguage":"en-US","@id":"https:\/\/www.visit-ulcinj.com\/blog\/2013\/10\/09\/interviste-me-kengetaren-egzona-salaj\/#primaryimage","url":"https:\/\/www.visit-ulcinj.com\/blog\/wp-content\/uploads\/2013\/10\/Egzona-Salaj-1.jpg","contentUrl":"https:\/\/www.visit-ulcinj.com\/blog\/wp-content\/uploads\/2013\/10\/Egzona-Salaj-1.jpg","width":720,"height":960},{"@type":"WebPage","@id":"https:\/\/www.visit-ulcinj.com\/blog\/2013\/10\/09\/interviste-me-kengetaren-egzona-salaj\/#webpage","url":"https:\/\/www.visit-ulcinj.com\/blog\/2013\/10\/09\/interviste-me-kengetaren-egzona-salaj\/","name":"Interviste me kengetaren Egzona Salaj - Lajme nga Ulqini","isPartOf":{"@id":"https:\/\/www.visit-ulcinj.com\/blog\/#website"},"primaryImageOfPage":{"@id":"https:\/\/www.visit-ulcinj.com\/blog\/2013\/10\/09\/interviste-me-kengetaren-egzona-salaj\/#primaryimage"},"datePublished":"2013-10-09T13:19:09+00:00","dateModified":"2013-10-10T14:05:00+00:00","author":{"@id":"https:\/\/www.visit-ulcinj.com\/blog\/#\/schema\/person\/dcab619c614d3038751c63bc2aadc06d"},"description":"Egzona Salaj: Arti \u00ebsht\u00eb nj\u00eb gj\u00eb q\u00eb i jep ngjyr\u00eb jet\u00ebs Besoj se te gjithe e njihni kengetarin e mjeshtruar te muzikes Shkodrane dhe asaj Ulqinake Gezim","breadcrumb":{"@id":"https:\/\/www.visit-ulcinj.com\/blog\/2013\/10\/09\/interviste-me-kengetaren-egzona-salaj\/#breadcrumb"},"inLanguage":"en-US","potentialAction":[{"@type":"ReadAction","target":["https:\/\/www.visit-ulcinj.com\/blog\/2013\/10\/09\/interviste-me-kengetaren-egzona-salaj\/"]}]},{"@type":"BreadcrumbList","@id":"https:\/\/www.visit-ulcinj.com\/blog\/2013\/10\/09\/interviste-me-kengetaren-egzona-salaj\/#breadcrumb","itemListElement":[{"@type":"ListItem","position":1,"name":"Interviste me kengetaren Egzona Salaj"}]},{"@type":"Person","@id":"https:\/\/www.visit-ulcinj.com\/blog\/#\/schema\/person\/dcab619c614d3038751c63bc2aadc06d","name":"ulqini","sameAs":["http:\/\/www.visit-ulcinj.com"],"url":"https:\/\/www.visit-ulcinj.com\/blog\/author\/admin\/"}]}},"jetpack_featured_media_url":"","jetpack_sharing_enabled":true,"jetpack_shortlink":"https:\/\/wp.me\/pe6lTn-jyv","_links":{"self":[{"href":"https:\/\/www.visit-ulcinj.com\/blog\/wp-json\/wp\/v2\/posts\/75175"}],"collection":[{"href":"https:\/\/www.visit-ulcinj.com\/blog\/wp-json\/wp\/v2\/posts"}],"about":[{"href":"https:\/\/www.visit-ulcinj.com\/blog\/wp-json\/wp\/v2\/types\/post"}],"author":[{"embeddable":true,"href":"https:\/\/www.visit-ulcinj.com\/blog\/wp-json\/wp\/v2\/users\/1"}],"replies":[{"embeddable":true,"href":"https:\/\/www.visit-ulcinj.com\/blog\/wp-json\/wp\/v2\/comments?post=75175"}],"version-history":[{"count":3,"href":"https:\/\/www.visit-ulcinj.com\/blog\/wp-json\/wp\/v2\/posts\/75175\/revisions"}],"predecessor-version":[{"id":75205,"href":"https:\/\/www.visit-ulcinj.com\/blog\/wp-json\/wp\/v2\/posts\/75175\/revisions\/75205"}],"wp:attachment":[{"href":"https:\/\/www.visit-ulcinj.com\/blog\/wp-json\/wp\/v2\/media?parent=75175"}],"wp:term":[{"taxonomy":"category","embeddable":true,"href":"https:\/\/www.visit-ulcinj.com\/blog\/wp-json\/wp\/v2\/categories?post=75175"},{"taxonomy":"post_tag","embeddable":true,"href":"https:\/\/www.visit-ulcinj.com\/blog\/wp-json\/wp\/v2\/tags?post=75175"}],"curies":[{"name":"wp","href":"https:\/\/api.w.org\/{rel}","templated":true}]}}