{"id":7518,"date":"2008-12-20T08:52:49","date_gmt":"2008-12-20T07:52:49","guid":{"rendered":"http:\/\/www.visit-ulcinj.com\/blog\/?p=7518"},"modified":"2008-12-20T08:58:13","modified_gmt":"2008-12-20T07:58:13","slug":"mali-i-zi-duam-statusin-e-vendit-kandidat-per-ne-be","status":"publish","type":"post","link":"https:\/\/www.visit-ulcinj.com\/blog\/2008\/12\/20\/mali-i-zi-duam-statusin-e-vendit-kandidat-per-ne-be\/","title":{"rendered":"Mali i Zi: Duam statusin e vendit-kandidat per ne BE"},"content":{"rendered":"<p><img loading=\"lazy\" class=\"alignleft size-medium wp-image-7520\" title=\"mali-i-zi-kandidat-per-ne-be1\" src=\"http:\/\/www.visit-ulcinj.com\/blog\/wp-content\/uploads\/2008\/12\/mali-i-zi-kandidat-per-ne-be1-300x200.jpg\" alt=\"mali-i-zi-kandidat-per-ne-be1\" width=\"344\" height=\"229\" \/><\/p>\n<p>Edhe pse Franca nuk e ka n\u00eb axhend\u00ebn e saj Ballkanin Per\u00ebndimor, gjat\u00eb kryesimit t\u00eb saj t\u00eb radh\u00ebs t\u00eb BE-s\u00eb, dhe kjo i \u00ebsht\u00eb b\u00ebr\u00eb e qart\u00eb edhe Malit t\u00eb Zi, ky i fundit, sidoqoft\u00eb, ka paralajm\u00ebruar se do ta paraqes\u00eb k\u00ebrkes\u00ebn p\u00ebr statusin e vendit-kandidat p\u00ebr n\u00eb BE, deri n\u00eb fund t\u00eb k\u00ebtij viti. N\u00eb fakt, i vetmi vend q\u00eb i mb\u00ebshtet hapur aspiratat e Malit t\u00eb Zi n\u00eb k\u00ebt\u00eb drejtim, \u00ebsht\u00eb Sllovenia. Lider\u00ebt e Malit t\u00eb Zi kan\u00eb disa koh\u00eb q\u00eb thon\u00eb se do t\u00eb paraqesin k\u00ebrkes\u00ebn p\u00ebr statusin e venditkandidat p\u00ebr n\u00eb BE, pavar\u00ebsisht se i nj\u00ebjti entuziaz\u00ebm nuk ekziston edhe n\u00eb Bruksel, sidomos nga ana e Franc\u00ebs, kryesuese e radh\u00ebs t\u00eb BE-s\u00eb, s\u00eb cil\u00ebs do t\u2018i paraqitet k\u00ebrkesa. \u201cKa shum\u00eb kritere q\u00eb duhet t\u00eb p\u00ebrmbushen, dhe ka t\u00eb ngjar\u00eb, q\u00eb Mali i Zi nuk do t\u00eb jet\u00eb n\u00eb gjendje t\u2018i p\u00ebrmbush\u00eb t\u00eb gjitha ato\u201d, paralajm\u00ebroi koh\u00ebt e fundit z\u00ebdh\u00ebn\u00ebsja e kryesis\u00eb franceze t\u00eb BE-s\u00eb, Marijan de Karne, duke shtuar, n\u00eb form\u00eb pyetjeje: \u201cNuk e di, a \u00ebsht\u00eb mir\u00eb, n\u00ebse parashtron nj\u00eb k\u00ebrkes\u00eb, nd\u00ebrkoh\u00eb q\u00eb nuk je i sigurt se ajo do t\u00eb pranohet? Por, p\u00ebr k\u00ebt\u00eb i takon t\u00eb vendos\u00eb vet\u00eb Malit t\u00eb Zi\u201d, tha ajo. Kryesia franceze, qysh nga fillimi, e ka b\u00ebr\u00eb t\u00eb ditur se, n\u00eb qoft\u00eb se nuk do t\u00eb ket\u00eb ndonj\u00eb zhvillim pozitiv lidhur me Serbin\u00eb, i gjith\u00eb Ballkani Per\u00ebndimor do t\u00eb lihet m\u00ebnjan\u00eb gjat\u00eb mandatit t\u00eb saj (Franc\u00ebs). Diplomat\u00eb t\u00eb ndrysh\u00ebm t\u00eb BE-s\u00eb shpjegojn\u00eb se \u201cstanjacioni\u201d i Serbis\u00eb lidhur me procesin evropian t\u00eb saj, \u00ebsht\u00eb nj\u00eb nga shkaqet se p\u00ebrse Franca nuk \u00ebsht\u00eb shum\u00eb e \u201clumtur\u201d nga k\u00ebrkesa e paralajm\u00ebruar e Malit t\u00eb Zi p\u00ebr statusin e vendit-kandidat p\u00ebr n\u00eb BE. Serbia e ka n\u00ebnshkruar, qysh n\u00eb prill t\u00eb k\u00ebtij viti, MSAn\u00eb (Marr\u00ebveshja e Stabilizim-Asociimit) me BE-n\u00eb, por disa vende-an\u00ebtare t\u00eb saj (BE-s\u00eb) nuk e kan\u00eb ratifikuar at\u00eb, duke qen\u00eb se ratifikimi \u00ebsht\u00eb i kusht\u00ebzuar nga bashk\u00ebpunimi i saj (Serbis\u00eb) me Gjykat\u00ebn e Hag\u00ebs. Mali i Zi, nga ana e tij, e ka n\u00ebnshkruar MSA-n\u00eb me BE-n\u00eb, afro nj\u00eb vit, para Serbis\u00eb dhe zbatimi i saj tashm\u00eb ka filluar. Por, sidoqoft\u00eb, Brukseli, sikurse thon\u00eb burime t\u00eb mirinformuara, e ka paralajm\u00ebruar, madje hapur, Podgoric\u00ebn q\u00eb t\u00eb mos e nd\u00ebrmarr\u00eb nj\u00eb hap t\u00eb till\u00eb gjat\u00eb kryesimit t\u00eb BE-s\u00eb nga ana e Franc\u00ebs. \u201cParisi nuk e do Ballkanin Per\u00ebndimor n\u00eb axhend\u00ebn e vet\u00eb gjat\u00eb kryesimit t\u00eb BE-s\u00eb dhe k\u00ebt\u00eb u ka b\u00ebr\u00eb t\u00eb qart\u00eb edhe malazez\u00ebve. U kemi l\u00ebn\u00eb atyre t\u00eb kuptohet qart\u00eb se, n\u00eb qoft\u00eb nuk e merrni parasysh \u2018k\u00ebshill\u00ebn\u2018 ton\u00eb dhe vendosni, sidoqoft\u00eb, ta paraqisni k\u00ebrkes\u00ebn tuaj, ne do ta konsiderojm\u00eb k\u00ebt\u00eb si nj\u00eb lloj shpalljeje lufte\u201d, vuri n\u00eb dukje, k\u00ebto dit\u00eb, nj\u00eb diplomat i lart\u00eb francez q\u00eb donte t\u00eb mbetej anonim, n\u00eb Bruksel. Diplomat\u00eb per\u00ebndimor\u00eb n\u00eb BE kan\u00eb paralajm\u00ebruar se ato vende-an\u00ebtare t\u00eb saj (BE-s\u00eb), t\u00eb cil\u00ebve nuk u p\u00eblqen ideja e Malit t\u00eb Zi q\u00eb t\u00eb b\u00ebhet vend-kandidat p\u00ebr n\u00eb BE para Serbis\u00eb, do ta ken\u00eb t\u00eb leht\u00eb t\u00eb gjejn\u00eb ndonj\u00eb justifikim ose shkak q\u00eb ta shtyjn\u00eb shqyrtimin e k\u00ebrkes\u00ebs. Ata (diplomat\u00ebt) thon\u00eb se, si justifikim t\u00eb par\u00eb p\u00ebr nj\u00eb vendim t\u00eb till\u00eb, vendet e lartp\u00ebrmendura do t\u00eb shfryt\u00ebzojn\u00eb raportin e fundit t\u00eb KE-s\u00eb, n\u00eb t\u00eb cilin thuhet se Mali i Zi ende nuk e ka mbaruar procesin e zbatimit t\u00eb MSA-s\u00eb. I vetmi vend q\u00eb e mb\u00ebshtet hapur Malin e Zi, \u00ebsht\u00eb Sllovenia, por, sikurse thuhet, \u201cpranvera nuk vjen vet\u00ebm m\u00eb nj\u00eb dall\u00ebndyshe\u201d.<\/p>\n<p><strong>Gazeta Shqip<\/strong><\/p>\n<p><strong>\n\t\t<style type=\"text\/css\">\n\t\t\t#gallery-1 {\n\t\t\t\tmargin: auto;\n\t\t\t}\n\t\t\t#gallery-1 .gallery-item {\n\t\t\t\tfloat: left;\n\t\t\t\tmargin-top: 10px;\n\t\t\t\ttext-align: center;\n\t\t\t\twidth: 33%;\n\t\t\t}\n\t\t\t#gallery-1 img {\n\t\t\t\tborder: 2px solid #cfcfcf;\n\t\t\t}\n\t\t\t#gallery-1 .gallery-caption {\n\t\t\t\tmargin-left: 0;\n\t\t\t}\n\t\t\t\/* see gallery_shortcode() in wp-includes\/media.php *\/\n\t\t<\/style>\n\t\t<div id='gallery-1' class='gallery galleryid-7518 gallery-columns-3 gallery-size-thumbnail'><dl class='gallery-item'>\n\t\t\t<dt class='gallery-icon '>\n\t\t\t\t<a href='https:\/\/www.visit-ulcinj.com\/blog\/wp-content\/uploads\/2008\/12\/mali-i-zi-kandidat-per-ne-be.jpg'><img width=\"1\" height=\"1\" src=\"https:\/\/www.visit-ulcinj.com\/blog\/wp-content\/uploads\/2008\/12\/mali-i-zi-kandidat-per-ne-be.jpg\" class=\"attachment-thumbnail size-thumbnail\" alt=\"\" loading=\"lazy\" \/><\/a>\n\t\t\t<\/dt><\/dl><dl class='gallery-item'>\n\t\t\t<dt class='gallery-icon '>\n\t\t\t\t<a href='https:\/\/www.visit-ulcinj.com\/blog\/wp-content\/uploads\/2008\/12\/mali-i-zi-kandidat-per-ne-be1.jpg'><img width=\"1\" height=\"1\" src=\"https:\/\/www.visit-ulcinj.com\/blog\/wp-content\/uploads\/2008\/12\/mali-i-zi-kandidat-per-ne-be1.jpg\" class=\"attachment-thumbnail size-thumbnail\" alt=\"\" loading=\"lazy\" \/><\/a>\n\t\t\t<\/dt><\/dl><dl class='gallery-item'>\n\t\t\t<dt class='gallery-icon landscape'>\n\t\t\t\t<a href='https:\/\/www.visit-ulcinj.com\/blog\/wp-content\/uploads\/2008\/12\/mali-i-zi-kandidat-per-ne-be_.jpg'><img width=\"150\" height=\"150\" src=\"https:\/\/www.visit-ulcinj.com\/blog\/wp-content\/uploads\/2008\/12\/mali-i-zi-kandidat-per-ne-be_-150x150.jpg\" class=\"attachment-thumbnail size-thumbnail\" alt=\"\" loading=\"lazy\" \/><\/a>\n\t\t\t<\/dt><\/dl><br style=\"clear: both\" \/>\n\t\t<\/div>\n<\/p>\n<p><\/strong><\/p>\n<p><strong><\/strong><\/p>\n<p><strong><!--YouTube Error: bad URL entered--><br \/>\n<\/strong><\/p>\n","protected":false},"excerpt":{"rendered":"<p>Edhe pse Franca nuk e ka n\u00eb axhend\u00ebn e saj Ballkanin Per\u00ebndimor, gjat\u00eb kryesimit t\u00eb saj t\u00eb radh\u00ebs t\u00eb BE-s\u00eb, dhe kjo i \u00ebsht\u00eb b\u00ebr\u00eb e qart\u00eb edhe Malit t\u00eb Zi, ky i fundit, sidoqoft\u00eb, ka paralajm\u00ebruar se do ta paraqes\u00eb k\u00ebrkes\u00ebn p\u00ebr statusin e vendit-kandidat p\u00ebr n\u00eb BE, deri n\u00eb fund t\u00eb k\u00ebtij viti. [&hellip;]<\/p>\n","protected":false},"author":1,"featured_media":0,"comment_status":"open","ping_status":"closed","sticky":false,"template":"","format":"standard","meta":{"spay_email":"","jetpack_publicize_message":"","jetpack_is_tweetstorm":false,"jetpack_publicize_feature_enabled":true},"categories":[12],"tags":[],"jetpack_publicize_connections":[],"yoast_head":"<!-- This site is optimized with the Yoast SEO plugin v19.1 - https:\/\/yoast.com\/wordpress\/plugins\/seo\/ -->\n<title>Mali i Zi: Duam statusin e vendit-kandidat per ne BE - Lajme nga Ulqini<\/title>\n<meta name=\"description\" content=\"Edhe pse Franca nuk e ka n\u00eb axhend\u00ebn e saj Ballkanin Per\u00ebndimor, gjat\u00eb kryesimit t\u00eb saj t\u00eb radh\u00ebs t\u00eb BE-s\u00eb, dhe kjo i \u00ebsht\u00eb b\u00ebr\u00eb e qart\u00eb edhe Malit t\u00eb Zi,\" \/>\n<meta name=\"robots\" content=\"index, follow, max-snippet:-1, max-image-preview:large, max-video-preview:-1\" \/>\n<link rel=\"canonical\" href=\"https:\/\/www.visit-ulcinj.com\/blog\/2008\/12\/20\/mali-i-zi-duam-statusin-e-vendit-kandidat-per-ne-be\/\" \/>\n<meta property=\"og:locale\" content=\"en_US\" \/>\n<meta property=\"og:type\" content=\"article\" \/>\n<meta property=\"og:title\" content=\"Mali i Zi: Duam statusin e vendit-kandidat per ne BE - Lajme nga Ulqini\" \/>\n<meta property=\"og:description\" content=\"Edhe pse Franca nuk e ka n\u00eb axhend\u00ebn e saj Ballkanin Per\u00ebndimor, gjat\u00eb kryesimit t\u00eb saj t\u00eb radh\u00ebs t\u00eb BE-s\u00eb, dhe kjo i \u00ebsht\u00eb b\u00ebr\u00eb e qart\u00eb edhe Malit t\u00eb Zi,\" \/>\n<meta property=\"og:url\" content=\"https:\/\/www.visit-ulcinj.com\/blog\/2008\/12\/20\/mali-i-zi-duam-statusin-e-vendit-kandidat-per-ne-be\/\" \/>\n<meta property=\"og:site_name\" content=\"Lajme nga Ulqini\" \/>\n<meta property=\"article:published_time\" content=\"2008-12-20T07:52:49+00:00\" \/>\n<meta property=\"article:modified_time\" content=\"2008-12-20T07:58:13+00:00\" \/>\n<meta property=\"og:image\" content=\"https:\/\/www.visit-ulcinj.com\/blog\/wp-content\/uploads\/2008\/12\/mali-i-zi-kandidat-per-ne-be.jpg\" \/>\n<meta name=\"twitter:label1\" content=\"Written by\" \/>\n\t<meta name=\"twitter:data1\" content=\"ulqini\" \/>\n\t<meta name=\"twitter:label2\" content=\"Est. reading time\" \/>\n\t<meta name=\"twitter:data2\" content=\"3 minutes\" \/>\n<script type=\"application\/ld+json\" class=\"yoast-schema-graph\">{\"@context\":\"https:\/\/schema.org\",\"@graph\":[{\"@type\":\"WebSite\",\"@id\":\"https:\/\/www.visit-ulcinj.com\/blog\/#website\",\"url\":\"https:\/\/www.visit-ulcinj.com\/blog\/\",\"name\":\"Lajme nga Ulqini\",\"description\":\"Lajme,Vijesti,Ulqini,Ulqin,Crna Gora,Mali i Zi\",\"potentialAction\":[{\"@type\":\"SearchAction\",\"target\":{\"@type\":\"EntryPoint\",\"urlTemplate\":\"https:\/\/www.visit-ulcinj.com\/blog\/?s={search_term_string}\"},\"query-input\":\"required name=search_term_string\"}],\"inLanguage\":\"en-US\"},{\"@type\":\"ImageObject\",\"inLanguage\":\"en-US\",\"@id\":\"https:\/\/www.visit-ulcinj.com\/blog\/2008\/12\/20\/mali-i-zi-duam-statusin-e-vendit-kandidat-per-ne-be\/#primaryimage\",\"url\":\"https:\/\/www.visit-ulcinj.com\/blog\/wp-content\/uploads\/2008\/12\/mali-i-zi-kandidat-per-ne-be1.jpg\",\"contentUrl\":\"https:\/\/www.visit-ulcinj.com\/blog\/wp-content\/uploads\/2008\/12\/mali-i-zi-kandidat-per-ne-be1.jpg\"},{\"@type\":\"WebPage\",\"@id\":\"https:\/\/www.visit-ulcinj.com\/blog\/2008\/12\/20\/mali-i-zi-duam-statusin-e-vendit-kandidat-per-ne-be\/#webpage\",\"url\":\"https:\/\/www.visit-ulcinj.com\/blog\/2008\/12\/20\/mali-i-zi-duam-statusin-e-vendit-kandidat-per-ne-be\/\",\"name\":\"Mali i Zi: Duam statusin e vendit-kandidat per ne BE - Lajme nga Ulqini\",\"isPartOf\":{\"@id\":\"https:\/\/www.visit-ulcinj.com\/blog\/#website\"},\"primaryImageOfPage\":{\"@id\":\"https:\/\/www.visit-ulcinj.com\/blog\/2008\/12\/20\/mali-i-zi-duam-statusin-e-vendit-kandidat-per-ne-be\/#primaryimage\"},\"datePublished\":\"2008-12-20T07:52:49+00:00\",\"dateModified\":\"2008-12-20T07:58:13+00:00\",\"author\":{\"@id\":\"https:\/\/www.visit-ulcinj.com\/blog\/#\/schema\/person\/dcab619c614d3038751c63bc2aadc06d\"},\"description\":\"Edhe pse Franca nuk e ka n\u00eb axhend\u00ebn e saj Ballkanin Per\u00ebndimor, gjat\u00eb kryesimit t\u00eb saj t\u00eb radh\u00ebs t\u00eb BE-s\u00eb, dhe kjo i \u00ebsht\u00eb b\u00ebr\u00eb e qart\u00eb edhe Malit t\u00eb Zi,\",\"breadcrumb\":{\"@id\":\"https:\/\/www.visit-ulcinj.com\/blog\/2008\/12\/20\/mali-i-zi-duam-statusin-e-vendit-kandidat-per-ne-be\/#breadcrumb\"},\"inLanguage\":\"en-US\",\"potentialAction\":[{\"@type\":\"ReadAction\",\"target\":[\"https:\/\/www.visit-ulcinj.com\/blog\/2008\/12\/20\/mali-i-zi-duam-statusin-e-vendit-kandidat-per-ne-be\/\"]}]},{\"@type\":\"BreadcrumbList\",\"@id\":\"https:\/\/www.visit-ulcinj.com\/blog\/2008\/12\/20\/mali-i-zi-duam-statusin-e-vendit-kandidat-per-ne-be\/#breadcrumb\",\"itemListElement\":[{\"@type\":\"ListItem\",\"position\":1,\"name\":\"Mali i Zi: Duam statusin e vendit-kandidat per ne BE\"}]},{\"@type\":\"Person\",\"@id\":\"https:\/\/www.visit-ulcinj.com\/blog\/#\/schema\/person\/dcab619c614d3038751c63bc2aadc06d\",\"name\":\"ulqini\",\"sameAs\":[\"http:\/\/www.visit-ulcinj.com\"],\"url\":\"https:\/\/www.visit-ulcinj.com\/blog\/author\/admin\/\"}]}<\/script>\n<!-- \/ Yoast SEO plugin. -->","yoast_head_json":{"title":"Mali i Zi: Duam statusin e vendit-kandidat per ne BE - Lajme nga Ulqini","description":"Edhe pse Franca nuk e ka n\u00eb axhend\u00ebn e saj Ballkanin Per\u00ebndimor, gjat\u00eb kryesimit t\u00eb saj t\u00eb radh\u00ebs t\u00eb BE-s\u00eb, dhe kjo i \u00ebsht\u00eb b\u00ebr\u00eb e qart\u00eb edhe Malit t\u00eb Zi,","robots":{"index":"index","follow":"follow","max-snippet":"max-snippet:-1","max-image-preview":"max-image-preview:large","max-video-preview":"max-video-preview:-1"},"canonical":"https:\/\/www.visit-ulcinj.com\/blog\/2008\/12\/20\/mali-i-zi-duam-statusin-e-vendit-kandidat-per-ne-be\/","og_locale":"en_US","og_type":"article","og_title":"Mali i Zi: Duam statusin e vendit-kandidat per ne BE - Lajme nga Ulqini","og_description":"Edhe pse Franca nuk e ka n\u00eb axhend\u00ebn e saj Ballkanin Per\u00ebndimor, gjat\u00eb kryesimit t\u00eb saj t\u00eb radh\u00ebs t\u00eb BE-s\u00eb, dhe kjo i \u00ebsht\u00eb b\u00ebr\u00eb e qart\u00eb edhe Malit t\u00eb Zi,","og_url":"https:\/\/www.visit-ulcinj.com\/blog\/2008\/12\/20\/mali-i-zi-duam-statusin-e-vendit-kandidat-per-ne-be\/","og_site_name":"Lajme nga Ulqini","article_published_time":"2008-12-20T07:52:49+00:00","article_modified_time":"2008-12-20T07:58:13+00:00","og_image":[{"url":"https:\/\/www.visit-ulcinj.com\/blog\/wp-content\/uploads\/2008\/12\/mali-i-zi-kandidat-per-ne-be.jpg"}],"twitter_misc":{"Written by":"ulqini","Est. reading time":"3 minutes"},"schema":{"@context":"https:\/\/schema.org","@graph":[{"@type":"WebSite","@id":"https:\/\/www.visit-ulcinj.com\/blog\/#website","url":"https:\/\/www.visit-ulcinj.com\/blog\/","name":"Lajme nga Ulqini","description":"Lajme,Vijesti,Ulqini,Ulqin,Crna Gora,Mali i Zi","potentialAction":[{"@type":"SearchAction","target":{"@type":"EntryPoint","urlTemplate":"https:\/\/www.visit-ulcinj.com\/blog\/?s={search_term_string}"},"query-input":"required name=search_term_string"}],"inLanguage":"en-US"},{"@type":"ImageObject","inLanguage":"en-US","@id":"https:\/\/www.visit-ulcinj.com\/blog\/2008\/12\/20\/mali-i-zi-duam-statusin-e-vendit-kandidat-per-ne-be\/#primaryimage","url":"https:\/\/www.visit-ulcinj.com\/blog\/wp-content\/uploads\/2008\/12\/mali-i-zi-kandidat-per-ne-be1.jpg","contentUrl":"https:\/\/www.visit-ulcinj.com\/blog\/wp-content\/uploads\/2008\/12\/mali-i-zi-kandidat-per-ne-be1.jpg"},{"@type":"WebPage","@id":"https:\/\/www.visit-ulcinj.com\/blog\/2008\/12\/20\/mali-i-zi-duam-statusin-e-vendit-kandidat-per-ne-be\/#webpage","url":"https:\/\/www.visit-ulcinj.com\/blog\/2008\/12\/20\/mali-i-zi-duam-statusin-e-vendit-kandidat-per-ne-be\/","name":"Mali i Zi: Duam statusin e vendit-kandidat per ne BE - Lajme nga Ulqini","isPartOf":{"@id":"https:\/\/www.visit-ulcinj.com\/blog\/#website"},"primaryImageOfPage":{"@id":"https:\/\/www.visit-ulcinj.com\/blog\/2008\/12\/20\/mali-i-zi-duam-statusin-e-vendit-kandidat-per-ne-be\/#primaryimage"},"datePublished":"2008-12-20T07:52:49+00:00","dateModified":"2008-12-20T07:58:13+00:00","author":{"@id":"https:\/\/www.visit-ulcinj.com\/blog\/#\/schema\/person\/dcab619c614d3038751c63bc2aadc06d"},"description":"Edhe pse Franca nuk e ka n\u00eb axhend\u00ebn e saj Ballkanin Per\u00ebndimor, gjat\u00eb kryesimit t\u00eb saj t\u00eb radh\u00ebs t\u00eb BE-s\u00eb, dhe kjo i \u00ebsht\u00eb b\u00ebr\u00eb e qart\u00eb edhe Malit t\u00eb Zi,","breadcrumb":{"@id":"https:\/\/www.visit-ulcinj.com\/blog\/2008\/12\/20\/mali-i-zi-duam-statusin-e-vendit-kandidat-per-ne-be\/#breadcrumb"},"inLanguage":"en-US","potentialAction":[{"@type":"ReadAction","target":["https:\/\/www.visit-ulcinj.com\/blog\/2008\/12\/20\/mali-i-zi-duam-statusin-e-vendit-kandidat-per-ne-be\/"]}]},{"@type":"BreadcrumbList","@id":"https:\/\/www.visit-ulcinj.com\/blog\/2008\/12\/20\/mali-i-zi-duam-statusin-e-vendit-kandidat-per-ne-be\/#breadcrumb","itemListElement":[{"@type":"ListItem","position":1,"name":"Mali i Zi: Duam statusin e vendit-kandidat per ne BE"}]},{"@type":"Person","@id":"https:\/\/www.visit-ulcinj.com\/blog\/#\/schema\/person\/dcab619c614d3038751c63bc2aadc06d","name":"ulqini","sameAs":["http:\/\/www.visit-ulcinj.com"],"url":"https:\/\/www.visit-ulcinj.com\/blog\/author\/admin\/"}]}},"jetpack_featured_media_url":"","jetpack_sharing_enabled":true,"jetpack_shortlink":"https:\/\/wp.me\/pe6lTn-1Xg","_links":{"self":[{"href":"https:\/\/www.visit-ulcinj.com\/blog\/wp-json\/wp\/v2\/posts\/7518"}],"collection":[{"href":"https:\/\/www.visit-ulcinj.com\/blog\/wp-json\/wp\/v2\/posts"}],"about":[{"href":"https:\/\/www.visit-ulcinj.com\/blog\/wp-json\/wp\/v2\/types\/post"}],"author":[{"embeddable":true,"href":"https:\/\/www.visit-ulcinj.com\/blog\/wp-json\/wp\/v2\/users\/1"}],"replies":[{"embeddable":true,"href":"https:\/\/www.visit-ulcinj.com\/blog\/wp-json\/wp\/v2\/comments?post=7518"}],"version-history":[{"count":0,"href":"https:\/\/www.visit-ulcinj.com\/blog\/wp-json\/wp\/v2\/posts\/7518\/revisions"}],"wp:attachment":[{"href":"https:\/\/www.visit-ulcinj.com\/blog\/wp-json\/wp\/v2\/media?parent=7518"}],"wp:term":[{"taxonomy":"category","embeddable":true,"href":"https:\/\/www.visit-ulcinj.com\/blog\/wp-json\/wp\/v2\/categories?post=7518"},{"taxonomy":"post_tag","embeddable":true,"href":"https:\/\/www.visit-ulcinj.com\/blog\/wp-json\/wp\/v2\/tags?post=7518"}],"curies":[{"name":"wp","href":"https:\/\/api.w.org\/{rel}","templated":true}]}}