{"id":75186,"date":"2013-10-09T14:44:32","date_gmt":"2013-10-09T13:44:32","guid":{"rendered":"http:\/\/www.visit-ulcinj.com\/blog\/?p=75186"},"modified":"2013-10-09T16:42:29","modified_gmt":"2013-10-09T15:42:29","slug":"opstina-ulcinj-predstavljena-na-sajmu-investicija-u-mnihenu","status":"publish","type":"post","link":"https:\/\/www.visit-ulcinj.com\/blog\/2013\/10\/09\/opstina-ulcinj-predstavljena-na-sajmu-investicija-u-mnihenu\/","title":{"rendered":"Op\u0161tina Ulcinj predstavljena na sajmu investicija u Minhenu"},"content":{"rendered":"<p><strong><a href=\"http:\/\/www.visit-ulcinj.com\/blog\/wp-content\/uploads\/2013\/10\/Expo-Real-Munich-Ulqini-Ulcinj-12.jpg\"><img loading=\"lazy\" class=\"alignleft  wp-image-75165\" alt=\"Expo Real -Munich-Ulqini-Ulcinj-12\" src=\"http:\/\/www.visit-ulcinj.com\/blog\/wp-content\/uploads\/2013\/10\/Expo-Real-Munich-Ulqini-Ulcinj-12.jpg\" width=\"508\" height=\"360\" \/><\/a>ULCINJ \u2013 Op\u0161tina Ulcinj prvi put u\u010destvuje na Me\u0111unarodnom sajmu za investicije i nekretnine u Minhenu \u2013 \u201eEkspo real 2013.\u201c Na najzna\u010dajnijem sajmu ove vrste u Evropi, koji se odr\u017eava od 7. do 9. oktobra, u\u010destvuje oko 1.700 izlaga\u010da.<\/strong><\/p>\n<p>Osim delegacije iz Ulcinja, koju predvodi predsjednik op\u0161tine Nazif Cungu, u Minhenu su i ministar turizma i odr\u017eivog razvoja Branimir Gvozdenovi\u0107, sekretar za razvojne projekte Neboj\u0161a Popovi\u0107 i savjetnik predsjednika Vlade za investicije Aleksandar Ti\u010di\u0107.<\/p>\n<p>Kako bi privukla \u0161to ve\u0107u pa\u017enju investitora, op\u0161tina Ulcinj na ovom sajmu predstavila je zajedni\u010dke projekte sa kompanijama \u201eStar of Montenegro\u201c, \u201eInverakva\u201c, \u201eSi-tera propertis\u201c, \u201eRok\u0161ped\u201c i \u201eDolcinjo perl\u201c. Rije\u010d je o velikom hotelu Palas, hotelskom kompleksu \u201eJadran\u201c (hotel Valdorf Astoria), hotelu \u201eGaleb\u201c i velikom kompleksu sa medicinskim, SPA i rekreacionim sadr\u017eajima.<\/p>\n<p>Crnogorska delegacija imala je nekoliko sastanaka, izme\u0111u ostalih sa ministrom ekonomije Ujedinjenih Emirata Saudijske Arabije, ekspertima za ugostiteljstvo PKF, kompanijom za investicije \u201eInvest Finland\u201c, \u201eTriGranit\u201c, \u201eTaurus\u201c, kao i sa drugim konsultantskim kompanijama specijalizovanim za turizam i nekretnine, uglavnom iz Njema\u010dke, SAD, Austrije i Dubaija.<\/p>\n<p><em><strong>A.\u017d.<\/strong><\/em><\/p>\n<p><strong>Izvor: Pobjeda<\/strong><\/p>\n<p><strong>Drugi dan sajma za investicije i nekretnine u Minhenu \u2013 Expo Real 2013<\/strong><\/p>\n<p>Danas je drugi dan sajma za investicije i nekretnine Expo Real 2013 koji se odr\u017eava u Minhenu i delegacija iz Ulcinja predvo\u0111ena do strane Predsjedna op\u0161tine Nazifa Cungu zajedno sa predstavnicima Vlade Crne Gore, Ministrom turizma i odr\u017eivog razvoja Branimirom Gvozdenovi\u0107, Sekretarom za razvojne projekte Neboj\u0161om Popovi\u0107 kao i savjetnikom predsjednika Vlade za investicije Aleksandarom Ti\u010di\u0107,. realizovali su niz sastanaka na kojima je tako\u0111e u\u010destvovao i crnogorski konzul u Minhenu Veljko Milonji\u0107.<\/p>\n<p>Saastanci su realizovani sa: Ministarstvom ekonomije, infrastrukture, saobra\u0107aja i tehnologije Bavarske; turskim investitorima &#8211; kompanijom Rixos; predstavnicima EIRE &#8211; Expo Italia Real Estate, koji su delegaciju iz Ulcinja pozvali na sajmu investicija koji \u0107e se u junu idu\u0107e godine odr\u017eati u Milano.<br \/>\nU sklopu sajma Expo Real predstavnici op\u0161tine su tako\u0111e u\u010destvovali na prezentaciji o energetici u organizaciji Ministarstva ekonomije Bavarske.<br \/>\nPredstavnici op\u0161tine kao i predstavnici Vlade Crne Gore su dana\u0161nje sastanke ocijenili kao klju\u010dne za otvaranje mogu\u0107nosti za budu\u0107e saradnje u zna\u010dajnim projektima za Ulcinj.<\/p>\n<p><strong>Opstina Ulcinj<\/strong><\/p>\n","protected":false},"excerpt":{"rendered":"<p>ULCINJ \u2013 Op\u0161tina Ulcinj prvi put u\u010destvuje na Me\u0111unarodnom sajmu za investicije i nekretnine u Minhenu \u2013 \u201eEkspo real 2013.\u201c Na najzna\u010dajnijem sajmu ove vrste u Evropi, koji se odr\u017eava od 7. do 9. oktobra, u\u010destvuje oko 1.700 izlaga\u010da. Osim delegacije iz Ulcinja, koju predvodi predsjednik op\u0161tine Nazif Cungu, u Minhenu su i ministar turizma [&hellip;]<\/p>\n","protected":false},"author":1,"featured_media":0,"comment_status":"closed","ping_status":"closed","sticky":false,"template":"","format":"standard","meta":{"spay_email":"","jetpack_publicize_message":"","jetpack_is_tweetstorm":false,"jetpack_publicize_feature_enabled":true},"categories":[6950],"tags":[],"jetpack_publicize_connections":[],"yoast_head":"<!-- This site is optimized with the Yoast SEO plugin v19.1 - https:\/\/yoast.com\/wordpress\/plugins\/seo\/ -->\n<title>Op\u0161tina Ulcinj predstavljena na sajmu investicija u Minhenu - Lajme nga Ulqini<\/title>\n<meta name=\"description\" content=\"ULCINJ \u2013 Op\u0161tina Ulcinj prvi put u\u010destvuje na Me\u0111unarodnom sajmu za investicije i nekretnine u Minhenu \u2013 \u201eEkspo real 2013.\u201c Na najzna\u010dajnijem sajmu ove\" \/>\n<meta name=\"robots\" content=\"index, follow, max-snippet:-1, max-image-preview:large, max-video-preview:-1\" \/>\n<link rel=\"canonical\" href=\"https:\/\/www.visit-ulcinj.com\/blog\/2013\/10\/09\/opstina-ulcinj-predstavljena-na-sajmu-investicija-u-mnihenu\/\" \/>\n<meta property=\"og:locale\" content=\"en_US\" \/>\n<meta property=\"og:type\" content=\"article\" \/>\n<meta property=\"og:title\" content=\"Op\u0161tina Ulcinj predstavljena na sajmu investicija u Minhenu - Lajme nga Ulqini\" \/>\n<meta property=\"og:description\" content=\"ULCINJ \u2013 Op\u0161tina Ulcinj prvi put u\u010destvuje na Me\u0111unarodnom sajmu za investicije i nekretnine u Minhenu \u2013 \u201eEkspo real 2013.\u201c Na najzna\u010dajnijem sajmu ove\" \/>\n<meta property=\"og:url\" content=\"https:\/\/www.visit-ulcinj.com\/blog\/2013\/10\/09\/opstina-ulcinj-predstavljena-na-sajmu-investicija-u-mnihenu\/\" \/>\n<meta property=\"og:site_name\" content=\"Lajme nga Ulqini\" \/>\n<meta property=\"article:published_time\" content=\"2013-10-09T13:44:32+00:00\" \/>\n<meta property=\"article:modified_time\" content=\"2013-10-09T15:42:29+00:00\" \/>\n<meta property=\"og:image\" content=\"http:\/\/www.visit-ulcinj.com\/blog\/wp-content\/uploads\/2013\/10\/Expo-Real-Munich-Ulqini-Ulcinj-12.jpg\" \/>\n<meta name=\"twitter:label1\" content=\"Written by\" \/>\n\t<meta name=\"twitter:data1\" content=\"ulqini\" \/>\n\t<meta name=\"twitter:label2\" content=\"Est. reading time\" \/>\n\t<meta name=\"twitter:data2\" content=\"2 minutes\" \/>\n<script type=\"application\/ld+json\" class=\"yoast-schema-graph\">{\"@context\":\"https:\/\/schema.org\",\"@graph\":[{\"@type\":\"WebSite\",\"@id\":\"https:\/\/www.visit-ulcinj.com\/blog\/#website\",\"url\":\"https:\/\/www.visit-ulcinj.com\/blog\/\",\"name\":\"Lajme nga Ulqini\",\"description\":\"Lajme,Vijesti,Ulqini,Ulqin,Crna Gora,Mali i Zi\",\"potentialAction\":[{\"@type\":\"SearchAction\",\"target\":{\"@type\":\"EntryPoint\",\"urlTemplate\":\"https:\/\/www.visit-ulcinj.com\/blog\/?s={search_term_string}\"},\"query-input\":\"required name=search_term_string\"}],\"inLanguage\":\"en-US\"},{\"@type\":\"ImageObject\",\"inLanguage\":\"en-US\",\"@id\":\"https:\/\/www.visit-ulcinj.com\/blog\/2013\/10\/09\/opstina-ulcinj-predstavljena-na-sajmu-investicija-u-mnihenu\/#primaryimage\",\"url\":\"https:\/\/www.visit-ulcinj.com\/blog\/wp-content\/uploads\/2013\/10\/Expo-Real-Munich-Ulqini-Ulcinj-12.jpg\",\"contentUrl\":\"https:\/\/www.visit-ulcinj.com\/blog\/wp-content\/uploads\/2013\/10\/Expo-Real-Munich-Ulqini-Ulcinj-12.jpg\",\"width\":960,\"height\":720},{\"@type\":\"WebPage\",\"@id\":\"https:\/\/www.visit-ulcinj.com\/blog\/2013\/10\/09\/opstina-ulcinj-predstavljena-na-sajmu-investicija-u-mnihenu\/#webpage\",\"url\":\"https:\/\/www.visit-ulcinj.com\/blog\/2013\/10\/09\/opstina-ulcinj-predstavljena-na-sajmu-investicija-u-mnihenu\/\",\"name\":\"Op\u0161tina Ulcinj predstavljena na sajmu investicija u Minhenu - Lajme nga Ulqini\",\"isPartOf\":{\"@id\":\"https:\/\/www.visit-ulcinj.com\/blog\/#website\"},\"primaryImageOfPage\":{\"@id\":\"https:\/\/www.visit-ulcinj.com\/blog\/2013\/10\/09\/opstina-ulcinj-predstavljena-na-sajmu-investicija-u-mnihenu\/#primaryimage\"},\"datePublished\":\"2013-10-09T13:44:32+00:00\",\"dateModified\":\"2013-10-09T15:42:29+00:00\",\"author\":{\"@id\":\"https:\/\/www.visit-ulcinj.com\/blog\/#\/schema\/person\/dcab619c614d3038751c63bc2aadc06d\"},\"description\":\"ULCINJ \u2013 Op\u0161tina Ulcinj prvi put u\u010destvuje na Me\u0111unarodnom sajmu za investicije i nekretnine u Minhenu \u2013 \u201eEkspo real 2013.\u201c Na najzna\u010dajnijem sajmu ove\",\"breadcrumb\":{\"@id\":\"https:\/\/www.visit-ulcinj.com\/blog\/2013\/10\/09\/opstina-ulcinj-predstavljena-na-sajmu-investicija-u-mnihenu\/#breadcrumb\"},\"inLanguage\":\"en-US\",\"potentialAction\":[{\"@type\":\"ReadAction\",\"target\":[\"https:\/\/www.visit-ulcinj.com\/blog\/2013\/10\/09\/opstina-ulcinj-predstavljena-na-sajmu-investicija-u-mnihenu\/\"]}]},{\"@type\":\"BreadcrumbList\",\"@id\":\"https:\/\/www.visit-ulcinj.com\/blog\/2013\/10\/09\/opstina-ulcinj-predstavljena-na-sajmu-investicija-u-mnihenu\/#breadcrumb\",\"itemListElement\":[{\"@type\":\"ListItem\",\"position\":1,\"name\":\"Op\u0161tina Ulcinj predstavljena na sajmu investicija u Minhenu\"}]},{\"@type\":\"Person\",\"@id\":\"https:\/\/www.visit-ulcinj.com\/blog\/#\/schema\/person\/dcab619c614d3038751c63bc2aadc06d\",\"name\":\"ulqini\",\"sameAs\":[\"http:\/\/www.visit-ulcinj.com\"],\"url\":\"https:\/\/www.visit-ulcinj.com\/blog\/author\/admin\/\"}]}<\/script>\n<!-- \/ Yoast SEO plugin. -->","yoast_head_json":{"title":"Op\u0161tina Ulcinj predstavljena na sajmu investicija u Minhenu - Lajme nga Ulqini","description":"ULCINJ \u2013 Op\u0161tina Ulcinj prvi put u\u010destvuje na Me\u0111unarodnom sajmu za investicije i nekretnine u Minhenu \u2013 \u201eEkspo real 2013.\u201c Na najzna\u010dajnijem sajmu ove","robots":{"index":"index","follow":"follow","max-snippet":"max-snippet:-1","max-image-preview":"max-image-preview:large","max-video-preview":"max-video-preview:-1"},"canonical":"https:\/\/www.visit-ulcinj.com\/blog\/2013\/10\/09\/opstina-ulcinj-predstavljena-na-sajmu-investicija-u-mnihenu\/","og_locale":"en_US","og_type":"article","og_title":"Op\u0161tina Ulcinj predstavljena na sajmu investicija u Minhenu - Lajme nga Ulqini","og_description":"ULCINJ \u2013 Op\u0161tina Ulcinj prvi put u\u010destvuje na Me\u0111unarodnom sajmu za investicije i nekretnine u Minhenu \u2013 \u201eEkspo real 2013.\u201c Na najzna\u010dajnijem sajmu ove","og_url":"https:\/\/www.visit-ulcinj.com\/blog\/2013\/10\/09\/opstina-ulcinj-predstavljena-na-sajmu-investicija-u-mnihenu\/","og_site_name":"Lajme nga Ulqini","article_published_time":"2013-10-09T13:44:32+00:00","article_modified_time":"2013-10-09T15:42:29+00:00","og_image":[{"url":"http:\/\/www.visit-ulcinj.com\/blog\/wp-content\/uploads\/2013\/10\/Expo-Real-Munich-Ulqini-Ulcinj-12.jpg"}],"twitter_misc":{"Written by":"ulqini","Est. reading time":"2 minutes"},"schema":{"@context":"https:\/\/schema.org","@graph":[{"@type":"WebSite","@id":"https:\/\/www.visit-ulcinj.com\/blog\/#website","url":"https:\/\/www.visit-ulcinj.com\/blog\/","name":"Lajme nga Ulqini","description":"Lajme,Vijesti,Ulqini,Ulqin,Crna Gora,Mali i Zi","potentialAction":[{"@type":"SearchAction","target":{"@type":"EntryPoint","urlTemplate":"https:\/\/www.visit-ulcinj.com\/blog\/?s={search_term_string}"},"query-input":"required name=search_term_string"}],"inLanguage":"en-US"},{"@type":"ImageObject","inLanguage":"en-US","@id":"https:\/\/www.visit-ulcinj.com\/blog\/2013\/10\/09\/opstina-ulcinj-predstavljena-na-sajmu-investicija-u-mnihenu\/#primaryimage","url":"https:\/\/www.visit-ulcinj.com\/blog\/wp-content\/uploads\/2013\/10\/Expo-Real-Munich-Ulqini-Ulcinj-12.jpg","contentUrl":"https:\/\/www.visit-ulcinj.com\/blog\/wp-content\/uploads\/2013\/10\/Expo-Real-Munich-Ulqini-Ulcinj-12.jpg","width":960,"height":720},{"@type":"WebPage","@id":"https:\/\/www.visit-ulcinj.com\/blog\/2013\/10\/09\/opstina-ulcinj-predstavljena-na-sajmu-investicija-u-mnihenu\/#webpage","url":"https:\/\/www.visit-ulcinj.com\/blog\/2013\/10\/09\/opstina-ulcinj-predstavljena-na-sajmu-investicija-u-mnihenu\/","name":"Op\u0161tina Ulcinj predstavljena na sajmu investicija u Minhenu - Lajme nga Ulqini","isPartOf":{"@id":"https:\/\/www.visit-ulcinj.com\/blog\/#website"},"primaryImageOfPage":{"@id":"https:\/\/www.visit-ulcinj.com\/blog\/2013\/10\/09\/opstina-ulcinj-predstavljena-na-sajmu-investicija-u-mnihenu\/#primaryimage"},"datePublished":"2013-10-09T13:44:32+00:00","dateModified":"2013-10-09T15:42:29+00:00","author":{"@id":"https:\/\/www.visit-ulcinj.com\/blog\/#\/schema\/person\/dcab619c614d3038751c63bc2aadc06d"},"description":"ULCINJ \u2013 Op\u0161tina Ulcinj prvi put u\u010destvuje na Me\u0111unarodnom sajmu za investicije i nekretnine u Minhenu \u2013 \u201eEkspo real 2013.\u201c Na najzna\u010dajnijem sajmu ove","breadcrumb":{"@id":"https:\/\/www.visit-ulcinj.com\/blog\/2013\/10\/09\/opstina-ulcinj-predstavljena-na-sajmu-investicija-u-mnihenu\/#breadcrumb"},"inLanguage":"en-US","potentialAction":[{"@type":"ReadAction","target":["https:\/\/www.visit-ulcinj.com\/blog\/2013\/10\/09\/opstina-ulcinj-predstavljena-na-sajmu-investicija-u-mnihenu\/"]}]},{"@type":"BreadcrumbList","@id":"https:\/\/www.visit-ulcinj.com\/blog\/2013\/10\/09\/opstina-ulcinj-predstavljena-na-sajmu-investicija-u-mnihenu\/#breadcrumb","itemListElement":[{"@type":"ListItem","position":1,"name":"Op\u0161tina Ulcinj predstavljena na sajmu investicija u Minhenu"}]},{"@type":"Person","@id":"https:\/\/www.visit-ulcinj.com\/blog\/#\/schema\/person\/dcab619c614d3038751c63bc2aadc06d","name":"ulqini","sameAs":["http:\/\/www.visit-ulcinj.com"],"url":"https:\/\/www.visit-ulcinj.com\/blog\/author\/admin\/"}]}},"jetpack_featured_media_url":"","jetpack_sharing_enabled":true,"jetpack_shortlink":"https:\/\/wp.me\/pe6lTn-jyG","_links":{"self":[{"href":"https:\/\/www.visit-ulcinj.com\/blog\/wp-json\/wp\/v2\/posts\/75186"}],"collection":[{"href":"https:\/\/www.visit-ulcinj.com\/blog\/wp-json\/wp\/v2\/posts"}],"about":[{"href":"https:\/\/www.visit-ulcinj.com\/blog\/wp-json\/wp\/v2\/types\/post"}],"author":[{"embeddable":true,"href":"https:\/\/www.visit-ulcinj.com\/blog\/wp-json\/wp\/v2\/users\/1"}],"replies":[{"embeddable":true,"href":"https:\/\/www.visit-ulcinj.com\/blog\/wp-json\/wp\/v2\/comments?post=75186"}],"version-history":[{"count":3,"href":"https:\/\/www.visit-ulcinj.com\/blog\/wp-json\/wp\/v2\/posts\/75186\/revisions"}],"predecessor-version":[{"id":75193,"href":"https:\/\/www.visit-ulcinj.com\/blog\/wp-json\/wp\/v2\/posts\/75186\/revisions\/75193"}],"wp:attachment":[{"href":"https:\/\/www.visit-ulcinj.com\/blog\/wp-json\/wp\/v2\/media?parent=75186"}],"wp:term":[{"taxonomy":"category","embeddable":true,"href":"https:\/\/www.visit-ulcinj.com\/blog\/wp-json\/wp\/v2\/categories?post=75186"},{"taxonomy":"post_tag","embeddable":true,"href":"https:\/\/www.visit-ulcinj.com\/blog\/wp-json\/wp\/v2\/tags?post=75186"}],"curies":[{"name":"wp","href":"https:\/\/api.w.org\/{rel}","templated":true}]}}