{"id":75189,"date":"2013-10-09T14:52:12","date_gmt":"2013-10-09T13:52:12","guid":{"rendered":"http:\/\/www.visit-ulcinj.com\/blog\/?p=75189"},"modified":"2013-10-09T14:52:12","modified_gmt":"2013-10-09T13:52:12","slug":"ulcinj-opoziciji-se-ne-zuri-ceka-redovne-izbore","status":"publish","type":"post","link":"https:\/\/www.visit-ulcinj.com\/blog\/2013\/10\/09\/ulcinj-opoziciji-se-ne-zuri-ceka-redovne-izbore\/","title":{"rendered":"Ulcinj: Opoziciji se ne \u017euri, \u010deka redovne izbore"},"content":{"rendered":"<p><a href=\"http:\/\/www.visit-ulcinj.com\/blog\/wp-content\/uploads\/2013\/10\/luigj-shkrela.jpg\"><img loading=\"lazy\" class=\"alignleft  wp-image-75190\" alt=\"luigj-shkrela\" src=\"http:\/\/www.visit-ulcinj.com\/blog\/wp-content\/uploads\/2013\/10\/luigj-shkrela.jpg\" width=\"508\" height=\"600\" \/><\/a>Kriza vlasti koja potresa Ulcinj ve\u0107 nekoliko mjeseci mogla bi da se nastavi do vremena odr\u017eavanja novih izbora, jer kako sada stvari stoje, niko nije zainteresovan za vanredne izbore.<\/p>\n<p>Iako se u prethodnom periodu spekulisalo da \u0107e do\u0107i do prekompozicije vlasti, gdje bi DPS postala dio vlasti, uz Forcu, takvih naznaka je sve manje. Poslanik DPS Lui\u0111 \u0160krelja kazao je Dnevnim novinama da \u0107e njegova partija nastaviti da bude opozicija u Ulcinju.<\/p>\n<p>&#8220;Sva krivica za aktuelno stanje u Ulcinju pada na koaliciju koja vr\u0161i vlast. DPS je spremna da iza\u0111e u susret svemu onome \u0161to je u interesu gra\u0111ana Ulcinja, ali nijesmo mi krivi \u0161to ne funcioni\u0161e aktuelna vlast. Predla\u017eem da nastavimo da budemo konstruktivna i sna\u017ena opozicija, da se pripremamo za izbore, bili oni prijevremeni ili u roku. Bez obzira na sve, mi ne mo\u017eemo da izbjegnemo septembar 2014. godine, i za\u0161to se ti izbori ne bi odr\u017eali na prolje\u0107e, kada su planirani izbori u vi\u0161e crnogorskih op\u0161tina. I tada da poka\u017eemo svi svoju snagu i formiramo zdravu vlast koja \u0107e da radi u interesu gra\u0111ana, a ne kao ova do sada, koja na na\u010din kako je do\u0161la zaslu\u017euje i da ode tako&#8221;, kazao je \u0160krelja, iz \u010dije se izjave mo\u017ee zaklju\u010diti da \u0107e te\u0161ko do\u0107i do saradnje Force i DPS prije novih izbora.<\/p>\n<p>U Pozitivnoj Crnoj Gori smatraju da je krizu koja potresa ulcinjski parlament trebalo rije\u0161iti raspisivanjem izbora u isto vrijeme kada su raspisani izbori u Petnjici, Mojkovcu i na Cetinju, ali kada nijesu ve\u0107 raspisani, onda ih treba o\u010dekivati na prolje\u0107e.<\/p>\n<p>Redovni izbori u Ulcinju, po\u0161tuju\u0107i zakon, trebali bi se odr\u017eati najkasnije u oktobru 2013. godine, ali kako je jasno da se skup\u0161tinska ve\u0107ina raspala u julu, \u0161to je potvr\u0111eno i tokom septembra, jasno je da \u0107e se desiti prijevremeni izbori, saop\u0161teno je iz Force.<\/p>\n<p>\u201cDosada\u0161nja koalicija suo\u010dena sa brojnim naslije\u0111enim problemima, kao i sve izra\u017eenijim uskopartijskim interesima manjih \u010dlanica koalicije nije uspjela da ostvari politi\u010dku saglasnost. Svakako je najbolje da se madat vrati gra\u0111anima, pa da oni jasno odlu\u010de kome treba dati mandat i povjerenje za vr\u0161enje lokalne vlasti&#8221;, saop\u0161teno je iz Force.<\/p>\n<p><strong>Izvor: Dnevne novine,CdM<br \/>\nAnalitika &#8211; Informativni Portal<br \/>\n<\/strong><\/p>\n","protected":false},"excerpt":{"rendered":"<p>Kriza vlasti koja potresa Ulcinj ve\u0107 nekoliko mjeseci mogla bi da se nastavi do vremena odr\u017eavanja novih izbora, jer kako sada stvari stoje, niko nije zainteresovan za vanredne izbore. Iako se u prethodnom periodu spekulisalo da \u0107e do\u0107i do prekompozicije vlasti, gdje bi DPS postala dio vlasti, uz Forcu, takvih naznaka je sve manje. Poslanik [&hellip;]<\/p>\n","protected":false},"author":1,"featured_media":0,"comment_status":"closed","ping_status":"closed","sticky":false,"template":"","format":"standard","meta":{"spay_email":"","jetpack_publicize_message":"","jetpack_is_tweetstorm":false,"jetpack_publicize_feature_enabled":true},"categories":[6950],"tags":[],"jetpack_publicize_connections":[],"yoast_head":"<!-- This site is optimized with the Yoast SEO plugin v19.1 - https:\/\/yoast.com\/wordpress\/plugins\/seo\/ -->\n<title>Ulcinj: Opoziciji se ne \u017euri, \u010deka redovne izbore - Lajme nga Ulqini<\/title>\n<meta name=\"description\" content=\"Kriza vlasti koja potresa Ulcinj ve\u0107 nekoliko mjeseci mogla bi da se nastavi do vremena odr\u017eavanja novih izbora, jer kako sada stvari stoje, niko nije\" \/>\n<meta name=\"robots\" content=\"index, follow, max-snippet:-1, max-image-preview:large, max-video-preview:-1\" \/>\n<link rel=\"canonical\" href=\"https:\/\/www.visit-ulcinj.com\/blog\/2013\/10\/09\/ulcinj-opoziciji-se-ne-zuri-ceka-redovne-izbore\/\" \/>\n<meta property=\"og:locale\" content=\"en_US\" \/>\n<meta property=\"og:type\" content=\"article\" \/>\n<meta property=\"og:title\" content=\"Ulcinj: Opoziciji se ne \u017euri, \u010deka redovne izbore - Lajme nga Ulqini\" \/>\n<meta property=\"og:description\" content=\"Kriza vlasti koja potresa Ulcinj ve\u0107 nekoliko mjeseci mogla bi da se nastavi do vremena odr\u017eavanja novih izbora, jer kako sada stvari stoje, niko nije\" \/>\n<meta property=\"og:url\" content=\"https:\/\/www.visit-ulcinj.com\/blog\/2013\/10\/09\/ulcinj-opoziciji-se-ne-zuri-ceka-redovne-izbore\/\" \/>\n<meta property=\"og:site_name\" content=\"Lajme nga Ulqini\" \/>\n<meta property=\"article:published_time\" content=\"2013-10-09T13:52:12+00:00\" \/>\n<meta property=\"og:image\" content=\"http:\/\/www.visit-ulcinj.com\/blog\/wp-content\/uploads\/2013\/10\/luigj-shkrela.jpg\" \/>\n<meta name=\"twitter:label1\" content=\"Written by\" \/>\n\t<meta name=\"twitter:data1\" content=\"ulqini\" \/>\n\t<meta name=\"twitter:label2\" content=\"Est. reading time\" \/>\n\t<meta name=\"twitter:data2\" content=\"2 minutes\" \/>\n<script type=\"application\/ld+json\" class=\"yoast-schema-graph\">{\"@context\":\"https:\/\/schema.org\",\"@graph\":[{\"@type\":\"WebSite\",\"@id\":\"https:\/\/www.visit-ulcinj.com\/blog\/#website\",\"url\":\"https:\/\/www.visit-ulcinj.com\/blog\/\",\"name\":\"Lajme nga Ulqini\",\"description\":\"Lajme,Vijesti,Ulqini,Ulqin,Crna Gora,Mali i Zi\",\"potentialAction\":[{\"@type\":\"SearchAction\",\"target\":{\"@type\":\"EntryPoint\",\"urlTemplate\":\"https:\/\/www.visit-ulcinj.com\/blog\/?s={search_term_string}\"},\"query-input\":\"required name=search_term_string\"}],\"inLanguage\":\"en-US\"},{\"@type\":\"ImageObject\",\"inLanguage\":\"en-US\",\"@id\":\"https:\/\/www.visit-ulcinj.com\/blog\/2013\/10\/09\/ulcinj-opoziciji-se-ne-zuri-ceka-redovne-izbore\/#primaryimage\",\"url\":\"https:\/\/www.visit-ulcinj.com\/blog\/wp-content\/uploads\/2013\/10\/luigj-shkrela.jpg\",\"contentUrl\":\"https:\/\/www.visit-ulcinj.com\/blog\/wp-content\/uploads\/2013\/10\/luigj-shkrela.jpg\",\"width\":720,\"height\":960},{\"@type\":\"WebPage\",\"@id\":\"https:\/\/www.visit-ulcinj.com\/blog\/2013\/10\/09\/ulcinj-opoziciji-se-ne-zuri-ceka-redovne-izbore\/#webpage\",\"url\":\"https:\/\/www.visit-ulcinj.com\/blog\/2013\/10\/09\/ulcinj-opoziciji-se-ne-zuri-ceka-redovne-izbore\/\",\"name\":\"Ulcinj: Opoziciji se ne \u017euri, \u010deka redovne izbore - Lajme nga Ulqini\",\"isPartOf\":{\"@id\":\"https:\/\/www.visit-ulcinj.com\/blog\/#website\"},\"primaryImageOfPage\":{\"@id\":\"https:\/\/www.visit-ulcinj.com\/blog\/2013\/10\/09\/ulcinj-opoziciji-se-ne-zuri-ceka-redovne-izbore\/#primaryimage\"},\"datePublished\":\"2013-10-09T13:52:12+00:00\",\"dateModified\":\"2013-10-09T13:52:12+00:00\",\"author\":{\"@id\":\"https:\/\/www.visit-ulcinj.com\/blog\/#\/schema\/person\/dcab619c614d3038751c63bc2aadc06d\"},\"description\":\"Kriza vlasti koja potresa Ulcinj ve\u0107 nekoliko mjeseci mogla bi da se nastavi do vremena odr\u017eavanja novih izbora, jer kako sada stvari stoje, niko nije\",\"breadcrumb\":{\"@id\":\"https:\/\/www.visit-ulcinj.com\/blog\/2013\/10\/09\/ulcinj-opoziciji-se-ne-zuri-ceka-redovne-izbore\/#breadcrumb\"},\"inLanguage\":\"en-US\",\"potentialAction\":[{\"@type\":\"ReadAction\",\"target\":[\"https:\/\/www.visit-ulcinj.com\/blog\/2013\/10\/09\/ulcinj-opoziciji-se-ne-zuri-ceka-redovne-izbore\/\"]}]},{\"@type\":\"BreadcrumbList\",\"@id\":\"https:\/\/www.visit-ulcinj.com\/blog\/2013\/10\/09\/ulcinj-opoziciji-se-ne-zuri-ceka-redovne-izbore\/#breadcrumb\",\"itemListElement\":[{\"@type\":\"ListItem\",\"position\":1,\"name\":\"Ulcinj: Opoziciji se ne \u017euri, \u010deka redovne izbore\"}]},{\"@type\":\"Person\",\"@id\":\"https:\/\/www.visit-ulcinj.com\/blog\/#\/schema\/person\/dcab619c614d3038751c63bc2aadc06d\",\"name\":\"ulqini\",\"sameAs\":[\"http:\/\/www.visit-ulcinj.com\"],\"url\":\"https:\/\/www.visit-ulcinj.com\/blog\/author\/admin\/\"}]}<\/script>\n<!-- \/ Yoast SEO plugin. -->","yoast_head_json":{"title":"Ulcinj: Opoziciji se ne \u017euri, \u010deka redovne izbore - Lajme nga Ulqini","description":"Kriza vlasti koja potresa Ulcinj ve\u0107 nekoliko mjeseci mogla bi da se nastavi do vremena odr\u017eavanja novih izbora, jer kako sada stvari stoje, niko nije","robots":{"index":"index","follow":"follow","max-snippet":"max-snippet:-1","max-image-preview":"max-image-preview:large","max-video-preview":"max-video-preview:-1"},"canonical":"https:\/\/www.visit-ulcinj.com\/blog\/2013\/10\/09\/ulcinj-opoziciji-se-ne-zuri-ceka-redovne-izbore\/","og_locale":"en_US","og_type":"article","og_title":"Ulcinj: Opoziciji se ne \u017euri, \u010deka redovne izbore - Lajme nga Ulqini","og_description":"Kriza vlasti koja potresa Ulcinj ve\u0107 nekoliko mjeseci mogla bi da se nastavi do vremena odr\u017eavanja novih izbora, jer kako sada stvari stoje, niko nije","og_url":"https:\/\/www.visit-ulcinj.com\/blog\/2013\/10\/09\/ulcinj-opoziciji-se-ne-zuri-ceka-redovne-izbore\/","og_site_name":"Lajme nga Ulqini","article_published_time":"2013-10-09T13:52:12+00:00","og_image":[{"url":"http:\/\/www.visit-ulcinj.com\/blog\/wp-content\/uploads\/2013\/10\/luigj-shkrela.jpg"}],"twitter_misc":{"Written by":"ulqini","Est. reading time":"2 minutes"},"schema":{"@context":"https:\/\/schema.org","@graph":[{"@type":"WebSite","@id":"https:\/\/www.visit-ulcinj.com\/blog\/#website","url":"https:\/\/www.visit-ulcinj.com\/blog\/","name":"Lajme nga Ulqini","description":"Lajme,Vijesti,Ulqini,Ulqin,Crna Gora,Mali i Zi","potentialAction":[{"@type":"SearchAction","target":{"@type":"EntryPoint","urlTemplate":"https:\/\/www.visit-ulcinj.com\/blog\/?s={search_term_string}"},"query-input":"required name=search_term_string"}],"inLanguage":"en-US"},{"@type":"ImageObject","inLanguage":"en-US","@id":"https:\/\/www.visit-ulcinj.com\/blog\/2013\/10\/09\/ulcinj-opoziciji-se-ne-zuri-ceka-redovne-izbore\/#primaryimage","url":"https:\/\/www.visit-ulcinj.com\/blog\/wp-content\/uploads\/2013\/10\/luigj-shkrela.jpg","contentUrl":"https:\/\/www.visit-ulcinj.com\/blog\/wp-content\/uploads\/2013\/10\/luigj-shkrela.jpg","width":720,"height":960},{"@type":"WebPage","@id":"https:\/\/www.visit-ulcinj.com\/blog\/2013\/10\/09\/ulcinj-opoziciji-se-ne-zuri-ceka-redovne-izbore\/#webpage","url":"https:\/\/www.visit-ulcinj.com\/blog\/2013\/10\/09\/ulcinj-opoziciji-se-ne-zuri-ceka-redovne-izbore\/","name":"Ulcinj: Opoziciji se ne \u017euri, \u010deka redovne izbore - Lajme nga Ulqini","isPartOf":{"@id":"https:\/\/www.visit-ulcinj.com\/blog\/#website"},"primaryImageOfPage":{"@id":"https:\/\/www.visit-ulcinj.com\/blog\/2013\/10\/09\/ulcinj-opoziciji-se-ne-zuri-ceka-redovne-izbore\/#primaryimage"},"datePublished":"2013-10-09T13:52:12+00:00","dateModified":"2013-10-09T13:52:12+00:00","author":{"@id":"https:\/\/www.visit-ulcinj.com\/blog\/#\/schema\/person\/dcab619c614d3038751c63bc2aadc06d"},"description":"Kriza vlasti koja potresa Ulcinj ve\u0107 nekoliko mjeseci mogla bi da se nastavi do vremena odr\u017eavanja novih izbora, jer kako sada stvari stoje, niko nije","breadcrumb":{"@id":"https:\/\/www.visit-ulcinj.com\/blog\/2013\/10\/09\/ulcinj-opoziciji-se-ne-zuri-ceka-redovne-izbore\/#breadcrumb"},"inLanguage":"en-US","potentialAction":[{"@type":"ReadAction","target":["https:\/\/www.visit-ulcinj.com\/blog\/2013\/10\/09\/ulcinj-opoziciji-se-ne-zuri-ceka-redovne-izbore\/"]}]},{"@type":"BreadcrumbList","@id":"https:\/\/www.visit-ulcinj.com\/blog\/2013\/10\/09\/ulcinj-opoziciji-se-ne-zuri-ceka-redovne-izbore\/#breadcrumb","itemListElement":[{"@type":"ListItem","position":1,"name":"Ulcinj: Opoziciji se ne \u017euri, \u010deka redovne izbore"}]},{"@type":"Person","@id":"https:\/\/www.visit-ulcinj.com\/blog\/#\/schema\/person\/dcab619c614d3038751c63bc2aadc06d","name":"ulqini","sameAs":["http:\/\/www.visit-ulcinj.com"],"url":"https:\/\/www.visit-ulcinj.com\/blog\/author\/admin\/"}]}},"jetpack_featured_media_url":"","jetpack_sharing_enabled":true,"jetpack_shortlink":"https:\/\/wp.me\/pe6lTn-jyJ","_links":{"self":[{"href":"https:\/\/www.visit-ulcinj.com\/blog\/wp-json\/wp\/v2\/posts\/75189"}],"collection":[{"href":"https:\/\/www.visit-ulcinj.com\/blog\/wp-json\/wp\/v2\/posts"}],"about":[{"href":"https:\/\/www.visit-ulcinj.com\/blog\/wp-json\/wp\/v2\/types\/post"}],"author":[{"embeddable":true,"href":"https:\/\/www.visit-ulcinj.com\/blog\/wp-json\/wp\/v2\/users\/1"}],"replies":[{"embeddable":true,"href":"https:\/\/www.visit-ulcinj.com\/blog\/wp-json\/wp\/v2\/comments?post=75189"}],"version-history":[{"count":1,"href":"https:\/\/www.visit-ulcinj.com\/blog\/wp-json\/wp\/v2\/posts\/75189\/revisions"}],"predecessor-version":[{"id":75191,"href":"https:\/\/www.visit-ulcinj.com\/blog\/wp-json\/wp\/v2\/posts\/75189\/revisions\/75191"}],"wp:attachment":[{"href":"https:\/\/www.visit-ulcinj.com\/blog\/wp-json\/wp\/v2\/media?parent=75189"}],"wp:term":[{"taxonomy":"category","embeddable":true,"href":"https:\/\/www.visit-ulcinj.com\/blog\/wp-json\/wp\/v2\/categories?post=75189"},{"taxonomy":"post_tag","embeddable":true,"href":"https:\/\/www.visit-ulcinj.com\/blog\/wp-json\/wp\/v2\/tags?post=75189"}],"curies":[{"name":"wp","href":"https:\/\/api.w.org\/{rel}","templated":true}]}}