{"id":75194,"date":"2013-10-09T21:28:03","date_gmt":"2013-10-09T20:28:03","guid":{"rendered":"http:\/\/www.visit-ulcinj.com\/blog\/?p=75194"},"modified":"2013-10-11T09:41:36","modified_gmt":"2013-10-11T08:41:36","slug":"panairi-nderkombetar-per-investime-dhe-patundeshmeri-ne-mynih-expo-real-2013-dita-e-trete","status":"publish","type":"post","link":"https:\/\/www.visit-ulcinj.com\/blog\/2013\/10\/09\/panairi-nderkombetar-per-investime-dhe-patundeshmeri-ne-mynih-expo-real-2013-dita-e-trete\/","title":{"rendered":"Panairi nd\u00ebrkomb\u00ebtar p\u00ebr investime dhe patund\u00ebshm\u00ebri n\u00eb Mynih &#8211; Expo Real 2013 &#8211; Dita e tret\u00eb"},"content":{"rendered":"<p><strong><a href=\"http:\/\/www.visit-ulcinj.com\/blog\/wp-content\/uploads\/2013\/10\/Mynih-Expo-Real-2013-ulqini.jpg\"><img loading=\"lazy\" class=\"alignleft  wp-image-75195\" alt=\"Mynih - Expo Real 2013-ulqini\" src=\"http:\/\/www.visit-ulcinj.com\/blog\/wp-content\/uploads\/2013\/10\/Mynih-Expo-Real-2013-ulqini.jpg\" width=\"508\" height=\"360\" \/><\/a>Dita e tret\u00eb n\u00eb Panairin nd\u00ebrkomb\u00ebtar p\u00ebr investime dhe patund\u00ebshm\u00ebri n\u00eb Mynih &#8211; Expo Real 2013<\/strong><\/p>\n<p>U p\u00ebrmbyll sot panairi Expo Real M\u00fcnchen 2013 ku Komuna e Ulqinit p\u00ebr her\u00eb mori pjes\u00eb me stenden e vet.<br \/>\nN\u00eb diten e tret\u00eb t\u00eb panairit, Komuna e Ulqinit vazhdoi takimet e saja me disa kompani t\u00eb r\u00ebnd\u00ebsishme si ajo sllovene Protim Rzisnik Perc, me t\u00eb cil\u00ebt \u00ebsht\u00eb diskutuar n\u00eb lidhje me punimin e projekteve p\u00ebr infrastruktur\u00eb n\u00eb qytetin e Ulqinit, p\u00ebr nj\u00eb sip\u00ebrfaqe prej 110ha n\u00eb zonen e fush\u00ebs s\u00eb Ulqinit.<br \/>\nGjithashtu, u zhvilluan takime me p\u00ebrfaq\u00ebsuesit e Hyatt Hotels Corporation, t\u00eb cil\u00ebt kan\u00eb shprehur njohje dhe interesim p\u00ebr qytetin e Ulqinit, si dhe me p\u00ebrfaq\u00ebsuesit e zinxhiri Martin Hotels nga Gjermania.<br \/>\nP\u00ebrfaq\u00ebsuesit e komun\u00ebs s\u00eb Ulqinit sot kan\u00eb pasur bisedime edhe n\u00eb lidhje me nd\u00ebrtimin e nj\u00eb Aquaparku n\u00eb qytetin e Ulqinit.<br \/>\nN\u00eb anen tjeter, ka patur oferta nga kompania Palmerson nga Britania e Madhe p\u00ebr nd\u00ebrtimin e nj\u00eb qendre golfi n\u00eb k\u00ebt\u00eb qytet.<br \/>\nShum\u00eb pjesemarr\u00ebs n\u00eb k\u00ebt\u00eb panair kan\u00eb shprehur njohuri p\u00ebr Kite Surfing n\u00eb Ulqin, me \u00e7&#8217;rast kuptohet se duhet fokusuar n\u00eb k\u00ebt\u00eb sport atraktiv i cili duhet t\u00eb percillet me nj\u00eb akomodim hotelerik adekuat.<br \/>\nKomuna e Ulqinit ka krijuar mjaft kontakte n\u00eb panairin Expo Real 2013 dhe tashme ka nj\u00eb databaz\u00eb t\u00eb dh\u00ebnash e cila premton p\u00ebr zhvillimin e projekteve investuese n\u00eb sferen e turizmit.<br \/>\nM\u00eb e r\u00ebnd\u00ebsishme \u00ebsht\u00eb se n\u00eb panairin e Mynihut nuk \u00ebsht\u00eb flolur p\u00ebr kriz\u00eb por p\u00ebr investime, dhe fakti q\u00eb Komuna e Ulqinit tashm\u00eb \u00ebshte pjes\u00eb e k\u00ebtij panairi, na jap\u00eb t\u00eb gjitheve nj\u00eb optimizem t\u00eb qart\u00eb p\u00ebr zhvillimin e k\u00ebtij qyteti.<\/p>\n<p><strong>Komuna e Ulqinit<\/strong><\/p>\n","protected":false},"excerpt":{"rendered":"<p>Dita e tret\u00eb n\u00eb Panairin nd\u00ebrkomb\u00ebtar p\u00ebr investime dhe patund\u00ebshm\u00ebri n\u00eb Mynih &#8211; Expo Real 2013 U p\u00ebrmbyll sot panairi Expo Real M\u00fcnchen 2013 ku Komuna e Ulqinit p\u00ebr her\u00eb mori pjes\u00eb me stenden e vet. N\u00eb diten e tret\u00eb t\u00eb panairit, Komuna e Ulqinit vazhdoi takimet e saja me disa kompani t\u00eb r\u00ebnd\u00ebsishme si [&hellip;]<\/p>\n","protected":false},"author":1,"featured_media":0,"comment_status":"closed","ping_status":"closed","sticky":false,"template":"","format":"standard","meta":{"spay_email":"","jetpack_publicize_message":"","jetpack_is_tweetstorm":false,"jetpack_publicize_feature_enabled":true},"categories":[1,11],"tags":[],"jetpack_publicize_connections":[],"yoast_head":"<!-- This site is optimized with the Yoast SEO plugin v19.1 - https:\/\/yoast.com\/wordpress\/plugins\/seo\/ -->\n<title>Panairi nd\u00ebrkomb\u00ebtar p\u00ebr investime dhe patund\u00ebshm\u00ebri n\u00eb Mynih - Expo Real 2013 - Dita e tret\u00eb - Lajme nga Ulqini<\/title>\n<meta name=\"description\" content=\"Dita e tret\u00eb n\u00eb Panairin nd\u00ebrkomb\u00ebtar p\u00ebr investime dhe patund\u00ebshm\u00ebri n\u00eb Mynih - Expo Real 2013 U p\u00ebrmbyll sot panairi Expo Real M\u00fcnchen 2013 ku Komuna e\" \/>\n<meta name=\"robots\" content=\"index, follow, max-snippet:-1, max-image-preview:large, max-video-preview:-1\" \/>\n<link rel=\"canonical\" href=\"https:\/\/www.visit-ulcinj.com\/blog\/2013\/10\/09\/panairi-nderkombetar-per-investime-dhe-patundeshmeri-ne-mynih-expo-real-2013-dita-e-trete\/\" \/>\n<meta property=\"og:locale\" content=\"en_US\" \/>\n<meta property=\"og:type\" content=\"article\" \/>\n<meta property=\"og:title\" content=\"Panairi nd\u00ebrkomb\u00ebtar p\u00ebr investime dhe patund\u00ebshm\u00ebri n\u00eb Mynih - Expo Real 2013 - Dita e tret\u00eb - Lajme nga Ulqini\" \/>\n<meta property=\"og:description\" content=\"Dita e tret\u00eb n\u00eb Panairin nd\u00ebrkomb\u00ebtar p\u00ebr investime dhe patund\u00ebshm\u00ebri n\u00eb Mynih - Expo Real 2013 U p\u00ebrmbyll sot panairi Expo Real M\u00fcnchen 2013 ku Komuna e\" \/>\n<meta property=\"og:url\" content=\"https:\/\/www.visit-ulcinj.com\/blog\/2013\/10\/09\/panairi-nderkombetar-per-investime-dhe-patundeshmeri-ne-mynih-expo-real-2013-dita-e-trete\/\" \/>\n<meta property=\"og:site_name\" content=\"Lajme nga Ulqini\" \/>\n<meta property=\"article:published_time\" content=\"2013-10-09T20:28:03+00:00\" \/>\n<meta property=\"article:modified_time\" content=\"2013-10-11T08:41:36+00:00\" \/>\n<meta property=\"og:image\" content=\"http:\/\/www.visit-ulcinj.com\/blog\/wp-content\/uploads\/2013\/10\/Mynih-Expo-Real-2013-ulqini.jpg\" \/>\n<meta name=\"twitter:label1\" content=\"Written by\" \/>\n\t<meta name=\"twitter:data1\" content=\"ulqini\" \/>\n\t<meta name=\"twitter:label2\" content=\"Est. reading time\" \/>\n\t<meta name=\"twitter:data2\" content=\"2 minutes\" \/>\n<script type=\"application\/ld+json\" class=\"yoast-schema-graph\">{\"@context\":\"https:\/\/schema.org\",\"@graph\":[{\"@type\":\"WebSite\",\"@id\":\"https:\/\/www.visit-ulcinj.com\/blog\/#website\",\"url\":\"https:\/\/www.visit-ulcinj.com\/blog\/\",\"name\":\"Lajme nga Ulqini\",\"description\":\"Lajme,Vijesti,Ulqini,Ulqin,Crna Gora,Mali i Zi\",\"potentialAction\":[{\"@type\":\"SearchAction\",\"target\":{\"@type\":\"EntryPoint\",\"urlTemplate\":\"https:\/\/www.visit-ulcinj.com\/blog\/?s={search_term_string}\"},\"query-input\":\"required name=search_term_string\"}],\"inLanguage\":\"en-US\"},{\"@type\":\"ImageObject\",\"inLanguage\":\"en-US\",\"@id\":\"https:\/\/www.visit-ulcinj.com\/blog\/2013\/10\/09\/panairi-nderkombetar-per-investime-dhe-patundeshmeri-ne-mynih-expo-real-2013-dita-e-trete\/#primaryimage\",\"url\":\"https:\/\/www.visit-ulcinj.com\/blog\/wp-content\/uploads\/2013\/10\/Mynih-Expo-Real-2013-ulqini.jpg\",\"contentUrl\":\"https:\/\/www.visit-ulcinj.com\/blog\/wp-content\/uploads\/2013\/10\/Mynih-Expo-Real-2013-ulqini.jpg\",\"width\":768,\"height\":574},{\"@type\":\"WebPage\",\"@id\":\"https:\/\/www.visit-ulcinj.com\/blog\/2013\/10\/09\/panairi-nderkombetar-per-investime-dhe-patundeshmeri-ne-mynih-expo-real-2013-dita-e-trete\/#webpage\",\"url\":\"https:\/\/www.visit-ulcinj.com\/blog\/2013\/10\/09\/panairi-nderkombetar-per-investime-dhe-patundeshmeri-ne-mynih-expo-real-2013-dita-e-trete\/\",\"name\":\"Panairi nd\u00ebrkomb\u00ebtar p\u00ebr investime dhe patund\u00ebshm\u00ebri n\u00eb Mynih - Expo Real 2013 - Dita e tret\u00eb - Lajme nga Ulqini\",\"isPartOf\":{\"@id\":\"https:\/\/www.visit-ulcinj.com\/blog\/#website\"},\"primaryImageOfPage\":{\"@id\":\"https:\/\/www.visit-ulcinj.com\/blog\/2013\/10\/09\/panairi-nderkombetar-per-investime-dhe-patundeshmeri-ne-mynih-expo-real-2013-dita-e-trete\/#primaryimage\"},\"datePublished\":\"2013-10-09T20:28:03+00:00\",\"dateModified\":\"2013-10-11T08:41:36+00:00\",\"author\":{\"@id\":\"https:\/\/www.visit-ulcinj.com\/blog\/#\/schema\/person\/dcab619c614d3038751c63bc2aadc06d\"},\"description\":\"Dita e tret\u00eb n\u00eb Panairin nd\u00ebrkomb\u00ebtar p\u00ebr investime dhe patund\u00ebshm\u00ebri n\u00eb Mynih - Expo Real 2013 U p\u00ebrmbyll sot panairi Expo Real M\u00fcnchen 2013 ku Komuna e\",\"breadcrumb\":{\"@id\":\"https:\/\/www.visit-ulcinj.com\/blog\/2013\/10\/09\/panairi-nderkombetar-per-investime-dhe-patundeshmeri-ne-mynih-expo-real-2013-dita-e-trete\/#breadcrumb\"},\"inLanguage\":\"en-US\",\"potentialAction\":[{\"@type\":\"ReadAction\",\"target\":[\"https:\/\/www.visit-ulcinj.com\/blog\/2013\/10\/09\/panairi-nderkombetar-per-investime-dhe-patundeshmeri-ne-mynih-expo-real-2013-dita-e-trete\/\"]}]},{\"@type\":\"BreadcrumbList\",\"@id\":\"https:\/\/www.visit-ulcinj.com\/blog\/2013\/10\/09\/panairi-nderkombetar-per-investime-dhe-patundeshmeri-ne-mynih-expo-real-2013-dita-e-trete\/#breadcrumb\",\"itemListElement\":[{\"@type\":\"ListItem\",\"position\":1,\"name\":\"Panairi nd\u00ebrkomb\u00ebtar p\u00ebr investime dhe patund\u00ebshm\u00ebri n\u00eb Mynih &#8211; Expo Real 2013 &#8211; Dita e tret\u00eb\"}]},{\"@type\":\"Person\",\"@id\":\"https:\/\/www.visit-ulcinj.com\/blog\/#\/schema\/person\/dcab619c614d3038751c63bc2aadc06d\",\"name\":\"ulqini\",\"sameAs\":[\"http:\/\/www.visit-ulcinj.com\"],\"url\":\"https:\/\/www.visit-ulcinj.com\/blog\/author\/admin\/\"}]}<\/script>\n<!-- \/ Yoast SEO plugin. -->","yoast_head_json":{"title":"Panairi nd\u00ebrkomb\u00ebtar p\u00ebr investime dhe patund\u00ebshm\u00ebri n\u00eb Mynih - Expo Real 2013 - Dita e tret\u00eb - Lajme nga Ulqini","description":"Dita e tret\u00eb n\u00eb Panairin nd\u00ebrkomb\u00ebtar p\u00ebr investime dhe patund\u00ebshm\u00ebri n\u00eb Mynih - Expo Real 2013 U p\u00ebrmbyll sot panairi Expo Real M\u00fcnchen 2013 ku Komuna e","robots":{"index":"index","follow":"follow","max-snippet":"max-snippet:-1","max-image-preview":"max-image-preview:large","max-video-preview":"max-video-preview:-1"},"canonical":"https:\/\/www.visit-ulcinj.com\/blog\/2013\/10\/09\/panairi-nderkombetar-per-investime-dhe-patundeshmeri-ne-mynih-expo-real-2013-dita-e-trete\/","og_locale":"en_US","og_type":"article","og_title":"Panairi nd\u00ebrkomb\u00ebtar p\u00ebr investime dhe patund\u00ebshm\u00ebri n\u00eb Mynih - Expo Real 2013 - Dita e tret\u00eb - Lajme nga Ulqini","og_description":"Dita e tret\u00eb n\u00eb Panairin nd\u00ebrkomb\u00ebtar p\u00ebr investime dhe patund\u00ebshm\u00ebri n\u00eb Mynih - Expo Real 2013 U p\u00ebrmbyll sot panairi Expo Real M\u00fcnchen 2013 ku Komuna e","og_url":"https:\/\/www.visit-ulcinj.com\/blog\/2013\/10\/09\/panairi-nderkombetar-per-investime-dhe-patundeshmeri-ne-mynih-expo-real-2013-dita-e-trete\/","og_site_name":"Lajme nga Ulqini","article_published_time":"2013-10-09T20:28:03+00:00","article_modified_time":"2013-10-11T08:41:36+00:00","og_image":[{"url":"http:\/\/www.visit-ulcinj.com\/blog\/wp-content\/uploads\/2013\/10\/Mynih-Expo-Real-2013-ulqini.jpg"}],"twitter_misc":{"Written by":"ulqini","Est. reading time":"2 minutes"},"schema":{"@context":"https:\/\/schema.org","@graph":[{"@type":"WebSite","@id":"https:\/\/www.visit-ulcinj.com\/blog\/#website","url":"https:\/\/www.visit-ulcinj.com\/blog\/","name":"Lajme nga Ulqini","description":"Lajme,Vijesti,Ulqini,Ulqin,Crna Gora,Mali i Zi","potentialAction":[{"@type":"SearchAction","target":{"@type":"EntryPoint","urlTemplate":"https:\/\/www.visit-ulcinj.com\/blog\/?s={search_term_string}"},"query-input":"required name=search_term_string"}],"inLanguage":"en-US"},{"@type":"ImageObject","inLanguage":"en-US","@id":"https:\/\/www.visit-ulcinj.com\/blog\/2013\/10\/09\/panairi-nderkombetar-per-investime-dhe-patundeshmeri-ne-mynih-expo-real-2013-dita-e-trete\/#primaryimage","url":"https:\/\/www.visit-ulcinj.com\/blog\/wp-content\/uploads\/2013\/10\/Mynih-Expo-Real-2013-ulqini.jpg","contentUrl":"https:\/\/www.visit-ulcinj.com\/blog\/wp-content\/uploads\/2013\/10\/Mynih-Expo-Real-2013-ulqini.jpg","width":768,"height":574},{"@type":"WebPage","@id":"https:\/\/www.visit-ulcinj.com\/blog\/2013\/10\/09\/panairi-nderkombetar-per-investime-dhe-patundeshmeri-ne-mynih-expo-real-2013-dita-e-trete\/#webpage","url":"https:\/\/www.visit-ulcinj.com\/blog\/2013\/10\/09\/panairi-nderkombetar-per-investime-dhe-patundeshmeri-ne-mynih-expo-real-2013-dita-e-trete\/","name":"Panairi nd\u00ebrkomb\u00ebtar p\u00ebr investime dhe patund\u00ebshm\u00ebri n\u00eb Mynih - Expo Real 2013 - Dita e tret\u00eb - Lajme nga Ulqini","isPartOf":{"@id":"https:\/\/www.visit-ulcinj.com\/blog\/#website"},"primaryImageOfPage":{"@id":"https:\/\/www.visit-ulcinj.com\/blog\/2013\/10\/09\/panairi-nderkombetar-per-investime-dhe-patundeshmeri-ne-mynih-expo-real-2013-dita-e-trete\/#primaryimage"},"datePublished":"2013-10-09T20:28:03+00:00","dateModified":"2013-10-11T08:41:36+00:00","author":{"@id":"https:\/\/www.visit-ulcinj.com\/blog\/#\/schema\/person\/dcab619c614d3038751c63bc2aadc06d"},"description":"Dita e tret\u00eb n\u00eb Panairin nd\u00ebrkomb\u00ebtar p\u00ebr investime dhe patund\u00ebshm\u00ebri n\u00eb Mynih - Expo Real 2013 U p\u00ebrmbyll sot panairi Expo Real M\u00fcnchen 2013 ku Komuna e","breadcrumb":{"@id":"https:\/\/www.visit-ulcinj.com\/blog\/2013\/10\/09\/panairi-nderkombetar-per-investime-dhe-patundeshmeri-ne-mynih-expo-real-2013-dita-e-trete\/#breadcrumb"},"inLanguage":"en-US","potentialAction":[{"@type":"ReadAction","target":["https:\/\/www.visit-ulcinj.com\/blog\/2013\/10\/09\/panairi-nderkombetar-per-investime-dhe-patundeshmeri-ne-mynih-expo-real-2013-dita-e-trete\/"]}]},{"@type":"BreadcrumbList","@id":"https:\/\/www.visit-ulcinj.com\/blog\/2013\/10\/09\/panairi-nderkombetar-per-investime-dhe-patundeshmeri-ne-mynih-expo-real-2013-dita-e-trete\/#breadcrumb","itemListElement":[{"@type":"ListItem","position":1,"name":"Panairi nd\u00ebrkomb\u00ebtar p\u00ebr investime dhe patund\u00ebshm\u00ebri n\u00eb Mynih &#8211; Expo Real 2013 &#8211; Dita e tret\u00eb"}]},{"@type":"Person","@id":"https:\/\/www.visit-ulcinj.com\/blog\/#\/schema\/person\/dcab619c614d3038751c63bc2aadc06d","name":"ulqini","sameAs":["http:\/\/www.visit-ulcinj.com"],"url":"https:\/\/www.visit-ulcinj.com\/blog\/author\/admin\/"}]}},"jetpack_featured_media_url":"","jetpack_sharing_enabled":true,"jetpack_shortlink":"https:\/\/wp.me\/pe6lTn-jyO","_links":{"self":[{"href":"https:\/\/www.visit-ulcinj.com\/blog\/wp-json\/wp\/v2\/posts\/75194"}],"collection":[{"href":"https:\/\/www.visit-ulcinj.com\/blog\/wp-json\/wp\/v2\/posts"}],"about":[{"href":"https:\/\/www.visit-ulcinj.com\/blog\/wp-json\/wp\/v2\/types\/post"}],"author":[{"embeddable":true,"href":"https:\/\/www.visit-ulcinj.com\/blog\/wp-json\/wp\/v2\/users\/1"}],"replies":[{"embeddable":true,"href":"https:\/\/www.visit-ulcinj.com\/blog\/wp-json\/wp\/v2\/comments?post=75194"}],"version-history":[{"count":5,"href":"https:\/\/www.visit-ulcinj.com\/blog\/wp-json\/wp\/v2\/posts\/75194\/revisions"}],"predecessor-version":[{"id":75237,"href":"https:\/\/www.visit-ulcinj.com\/blog\/wp-json\/wp\/v2\/posts\/75194\/revisions\/75237"}],"wp:attachment":[{"href":"https:\/\/www.visit-ulcinj.com\/blog\/wp-json\/wp\/v2\/media?parent=75194"}],"wp:term":[{"taxonomy":"category","embeddable":true,"href":"https:\/\/www.visit-ulcinj.com\/blog\/wp-json\/wp\/v2\/categories?post=75194"},{"taxonomy":"post_tag","embeddable":true,"href":"https:\/\/www.visit-ulcinj.com\/blog\/wp-json\/wp\/v2\/tags?post=75194"}],"curies":[{"name":"wp","href":"https:\/\/api.w.org\/{rel}","templated":true}]}}