{"id":75206,"date":"2013-10-10T17:36:15","date_gmt":"2013-10-10T16:36:15","guid":{"rendered":"http:\/\/www.visit-ulcinj.com\/blog\/?p=75206"},"modified":"2013-10-10T17:36:15","modified_gmt":"2013-10-10T16:36:15","slug":"albanac-iz-skadra-nozem-ranio-ulcinjanina","status":"publish","type":"post","link":"https:\/\/www.visit-ulcinj.com\/blog\/2013\/10\/10\/albanac-iz-skadra-nozem-ranio-ulcinjanina\/","title":{"rendered":"Albanac iz Skadra no\u017eem ranio Ulcinjanina"},"content":{"rendered":"<p><a href=\"http:\/\/www.visit-ulcinj.com\/blog\/wp-content\/uploads\/2010\/10\/Ulcinjska-policija.jpg\"><img loading=\"lazy\" class=\"alignleft size-full wp-image-38019\" alt=\"Ulcinjska policija\" src=\"http:\/\/www.visit-ulcinj.com\/blog\/wp-content\/uploads\/2010\/10\/Ulcinjska-policija.jpg\" width=\"282\" height=\"340\" srcset=\"https:\/\/www.visit-ulcinj.com\/blog\/wp-content\/uploads\/2010\/10\/Ulcinjska-policija.jpg 282w, https:\/\/www.visit-ulcinj.com\/blog\/wp-content\/uploads\/2010\/10\/Ulcinjska-policija-248x300.jpg 248w\" sizes=\"(max-width: 282px) 100vw, 282px\" \/><\/a>Ulcinjska policija je uhapsila ju\u010de albanskog dr\u017eavljanina A.K. (22) iz Skadra, zbog osnovane sumnje da je po\u010dinio krivi\u010dno djelo ubistvo u poku\u0161aju.<\/p>\n<div>\n<p>Prema informacijama policije, A.K je ju\u010de oko 00,20 \u010dasova u ugostiteljskom objektu \u201cLong pub Charlie\u201d u Ulcinju, nakon sva\u0111e i fizi\u010dkog sukoba sa J.P. (21) i G.S. (24), oba iz Ulcinja, no\u017eem nanio povredu J.P. u predjelu stomaka, nakon \u010dega je pobjegao.<\/p>\n<p>Povrije\u0111eni J.P. je hospitalizovan.<\/p>\n<p>\u201cSlu\u017ebenici Odjeljenja bezbjednosti Ulcinj su odmah po saznanju za doga\u0111aj iza\u0161li na lice mjesta, obavijestili Vi\u0161e dr\u017eavno tu\u017eila\u0161tvo u Podgorici, izvr\u0161ili uvi\u0111aj i identifikovali A.K, a potom obavijestili sve centre i odjeljenja bezbjednosti Uprave policije \u2013 Ministarstva unutra\u0161njih poslova u cilju pronala\u017eenja A.K\u201d, isti\u010du u Pravi policije.<\/p>\n<p>A.K je uhap\u0161en \u00a0u blizini zajedni\u010dkog grani\u010dnog prelaza sa Albanijom, Sukobin \u2013 Muri\u0107ani.<\/p>\n<p>\u201cA.K. je nakon po\u010dinjenog krivi\u010dnog djela za koje se sumnji\u010di namjeravao da pobjegne u Albaniju, ali je u tome osuje\u0107en od strane policijskih slu\u017ebenika\u201c, isti\u010du u policiji.<\/p>\n<p>Policija je prona\u0161la i no\u017e kojim je A.K. nanio povredu J.P.<\/p>\n<p>Protiv A.K. je podnijeta krivi\u010dna prijava zbog osnovane sumnje da je po\u010dinio krivi\u010dno djelo ubistvo u poku\u0161aju.<\/p>\n<p>Nakon hap\u0161enja A.K. je, u zakonskom roku, uz krivi\u010dnu prijavu, sproveden nadle\u017enom dr\u017eavnom tu\u017eiocu, koji mu je donio Rje\u0161enje o zadr\u017eavanju.<\/p>\n<p>Protiv J.P. i G.S. podnijet je Zahtjev za pokretanje prekr\u0161ajnog postupka, zbog osnovane sumnje da su po\u010dinili prekr\u0161aj iz Zakona o javnom redu i miru.<\/p>\n<p><strong>Izvor: CDM<\/strong><\/p>\n<\/div>\n","protected":false},"excerpt":{"rendered":"<p>Ulcinjska policija je uhapsila ju\u010de albanskog dr\u017eavljanina A.K. (22) iz Skadra, zbog osnovane sumnje da je po\u010dinio krivi\u010dno djelo ubistvo u poku\u0161aju. Prema informacijama policije, A.K je ju\u010de oko 00,20 \u010dasova u ugostiteljskom objektu \u201cLong pub Charlie\u201d u Ulcinju, nakon sva\u0111e i fizi\u010dkog sukoba sa J.P. (21) i G.S. (24), oba iz Ulcinja, no\u017eem nanio [&hellip;]<\/p>\n","protected":false},"author":1,"featured_media":0,"comment_status":"closed","ping_status":"closed","sticky":false,"template":"","format":"standard","meta":{"spay_email":"","jetpack_publicize_message":"","jetpack_is_tweetstorm":false,"jetpack_publicize_feature_enabled":true},"categories":[8337],"tags":[],"jetpack_publicize_connections":[],"yoast_head":"<!-- This site is optimized with the Yoast SEO plugin v19.1 - https:\/\/yoast.com\/wordpress\/plugins\/seo\/ -->\n<title>Albanac iz Skadra no\u017eem ranio Ulcinjanina - Lajme nga Ulqini<\/title>\n<meta name=\"description\" content=\"Ulcinjska policija je uhapsila ju\u010de albanskog dr\u017eavljanina A.K. (22) iz Skadra, zbog osnovane sumnje da je po\u010dinio krivi\u010dno djelo ubistvo u poku\u0161aju.\" \/>\n<meta name=\"robots\" content=\"index, follow, max-snippet:-1, max-image-preview:large, max-video-preview:-1\" \/>\n<link rel=\"canonical\" href=\"https:\/\/www.visit-ulcinj.com\/blog\/2013\/10\/10\/albanac-iz-skadra-nozem-ranio-ulcinjanina\/\" \/>\n<meta property=\"og:locale\" content=\"en_US\" \/>\n<meta property=\"og:type\" content=\"article\" \/>\n<meta property=\"og:title\" content=\"Albanac iz Skadra no\u017eem ranio Ulcinjanina - Lajme nga Ulqini\" \/>\n<meta property=\"og:description\" content=\"Ulcinjska policija je uhapsila ju\u010de albanskog dr\u017eavljanina A.K. (22) iz Skadra, zbog osnovane sumnje da je po\u010dinio krivi\u010dno djelo ubistvo u poku\u0161aju.\" \/>\n<meta property=\"og:url\" content=\"https:\/\/www.visit-ulcinj.com\/blog\/2013\/10\/10\/albanac-iz-skadra-nozem-ranio-ulcinjanina\/\" \/>\n<meta property=\"og:site_name\" content=\"Lajme nga Ulqini\" \/>\n<meta property=\"article:published_time\" content=\"2013-10-10T16:36:15+00:00\" \/>\n<meta property=\"og:image\" content=\"http:\/\/www.visit-ulcinj.com\/blog\/wp-content\/uploads\/2010\/10\/Ulcinjska-policija.jpg\" \/>\n<meta name=\"twitter:label1\" content=\"Written by\" \/>\n\t<meta name=\"twitter:data1\" content=\"ulqini\" \/>\n\t<meta name=\"twitter:label2\" content=\"Est. reading time\" \/>\n\t<meta name=\"twitter:data2\" content=\"1 minute\" \/>\n<script type=\"application\/ld+json\" class=\"yoast-schema-graph\">{\"@context\":\"https:\/\/schema.org\",\"@graph\":[{\"@type\":\"WebSite\",\"@id\":\"https:\/\/www.visit-ulcinj.com\/blog\/#website\",\"url\":\"https:\/\/www.visit-ulcinj.com\/blog\/\",\"name\":\"Lajme nga Ulqini\",\"description\":\"Lajme,Vijesti,Ulqini,Ulqin,Crna Gora,Mali i Zi\",\"potentialAction\":[{\"@type\":\"SearchAction\",\"target\":{\"@type\":\"EntryPoint\",\"urlTemplate\":\"https:\/\/www.visit-ulcinj.com\/blog\/?s={search_term_string}\"},\"query-input\":\"required name=search_term_string\"}],\"inLanguage\":\"en-US\"},{\"@type\":\"ImageObject\",\"inLanguage\":\"en-US\",\"@id\":\"https:\/\/www.visit-ulcinj.com\/blog\/2013\/10\/10\/albanac-iz-skadra-nozem-ranio-ulcinjanina\/#primaryimage\",\"url\":\"https:\/\/www.visit-ulcinj.com\/blog\/wp-content\/uploads\/2010\/10\/Ulcinjska-policija.jpg\",\"contentUrl\":\"https:\/\/www.visit-ulcinj.com\/blog\/wp-content\/uploads\/2010\/10\/Ulcinjska-policija.jpg\",\"width\":\"282\",\"height\":\"340\"},{\"@type\":\"WebPage\",\"@id\":\"https:\/\/www.visit-ulcinj.com\/blog\/2013\/10\/10\/albanac-iz-skadra-nozem-ranio-ulcinjanina\/#webpage\",\"url\":\"https:\/\/www.visit-ulcinj.com\/blog\/2013\/10\/10\/albanac-iz-skadra-nozem-ranio-ulcinjanina\/\",\"name\":\"Albanac iz Skadra no\u017eem ranio Ulcinjanina - Lajme nga Ulqini\",\"isPartOf\":{\"@id\":\"https:\/\/www.visit-ulcinj.com\/blog\/#website\"},\"primaryImageOfPage\":{\"@id\":\"https:\/\/www.visit-ulcinj.com\/blog\/2013\/10\/10\/albanac-iz-skadra-nozem-ranio-ulcinjanina\/#primaryimage\"},\"datePublished\":\"2013-10-10T16:36:15+00:00\",\"dateModified\":\"2013-10-10T16:36:15+00:00\",\"author\":{\"@id\":\"https:\/\/www.visit-ulcinj.com\/blog\/#\/schema\/person\/dcab619c614d3038751c63bc2aadc06d\"},\"description\":\"Ulcinjska policija je uhapsila ju\u010de albanskog dr\u017eavljanina A.K. (22) iz Skadra, zbog osnovane sumnje da je po\u010dinio krivi\u010dno djelo ubistvo u poku\u0161aju.\",\"breadcrumb\":{\"@id\":\"https:\/\/www.visit-ulcinj.com\/blog\/2013\/10\/10\/albanac-iz-skadra-nozem-ranio-ulcinjanina\/#breadcrumb\"},\"inLanguage\":\"en-US\",\"potentialAction\":[{\"@type\":\"ReadAction\",\"target\":[\"https:\/\/www.visit-ulcinj.com\/blog\/2013\/10\/10\/albanac-iz-skadra-nozem-ranio-ulcinjanina\/\"]}]},{\"@type\":\"BreadcrumbList\",\"@id\":\"https:\/\/www.visit-ulcinj.com\/blog\/2013\/10\/10\/albanac-iz-skadra-nozem-ranio-ulcinjanina\/#breadcrumb\",\"itemListElement\":[{\"@type\":\"ListItem\",\"position\":1,\"name\":\"Albanac iz Skadra no\u017eem ranio Ulcinjanina\"}]},{\"@type\":\"Person\",\"@id\":\"https:\/\/www.visit-ulcinj.com\/blog\/#\/schema\/person\/dcab619c614d3038751c63bc2aadc06d\",\"name\":\"ulqini\",\"sameAs\":[\"http:\/\/www.visit-ulcinj.com\"],\"url\":\"https:\/\/www.visit-ulcinj.com\/blog\/author\/admin\/\"}]}<\/script>\n<!-- \/ Yoast SEO plugin. -->","yoast_head_json":{"title":"Albanac iz Skadra no\u017eem ranio Ulcinjanina - Lajme nga Ulqini","description":"Ulcinjska policija je uhapsila ju\u010de albanskog dr\u017eavljanina A.K. (22) iz Skadra, zbog osnovane sumnje da je po\u010dinio krivi\u010dno djelo ubistvo u poku\u0161aju.","robots":{"index":"index","follow":"follow","max-snippet":"max-snippet:-1","max-image-preview":"max-image-preview:large","max-video-preview":"max-video-preview:-1"},"canonical":"https:\/\/www.visit-ulcinj.com\/blog\/2013\/10\/10\/albanac-iz-skadra-nozem-ranio-ulcinjanina\/","og_locale":"en_US","og_type":"article","og_title":"Albanac iz Skadra no\u017eem ranio Ulcinjanina - Lajme nga Ulqini","og_description":"Ulcinjska policija je uhapsila ju\u010de albanskog dr\u017eavljanina A.K. (22) iz Skadra, zbog osnovane sumnje da je po\u010dinio krivi\u010dno djelo ubistvo u poku\u0161aju.","og_url":"https:\/\/www.visit-ulcinj.com\/blog\/2013\/10\/10\/albanac-iz-skadra-nozem-ranio-ulcinjanina\/","og_site_name":"Lajme nga Ulqini","article_published_time":"2013-10-10T16:36:15+00:00","og_image":[{"url":"http:\/\/www.visit-ulcinj.com\/blog\/wp-content\/uploads\/2010\/10\/Ulcinjska-policija.jpg"}],"twitter_misc":{"Written by":"ulqini","Est. reading time":"1 minute"},"schema":{"@context":"https:\/\/schema.org","@graph":[{"@type":"WebSite","@id":"https:\/\/www.visit-ulcinj.com\/blog\/#website","url":"https:\/\/www.visit-ulcinj.com\/blog\/","name":"Lajme nga Ulqini","description":"Lajme,Vijesti,Ulqini,Ulqin,Crna Gora,Mali i Zi","potentialAction":[{"@type":"SearchAction","target":{"@type":"EntryPoint","urlTemplate":"https:\/\/www.visit-ulcinj.com\/blog\/?s={search_term_string}"},"query-input":"required name=search_term_string"}],"inLanguage":"en-US"},{"@type":"ImageObject","inLanguage":"en-US","@id":"https:\/\/www.visit-ulcinj.com\/blog\/2013\/10\/10\/albanac-iz-skadra-nozem-ranio-ulcinjanina\/#primaryimage","url":"https:\/\/www.visit-ulcinj.com\/blog\/wp-content\/uploads\/2010\/10\/Ulcinjska-policija.jpg","contentUrl":"https:\/\/www.visit-ulcinj.com\/blog\/wp-content\/uploads\/2010\/10\/Ulcinjska-policija.jpg","width":"282","height":"340"},{"@type":"WebPage","@id":"https:\/\/www.visit-ulcinj.com\/blog\/2013\/10\/10\/albanac-iz-skadra-nozem-ranio-ulcinjanina\/#webpage","url":"https:\/\/www.visit-ulcinj.com\/blog\/2013\/10\/10\/albanac-iz-skadra-nozem-ranio-ulcinjanina\/","name":"Albanac iz Skadra no\u017eem ranio Ulcinjanina - Lajme nga Ulqini","isPartOf":{"@id":"https:\/\/www.visit-ulcinj.com\/blog\/#website"},"primaryImageOfPage":{"@id":"https:\/\/www.visit-ulcinj.com\/blog\/2013\/10\/10\/albanac-iz-skadra-nozem-ranio-ulcinjanina\/#primaryimage"},"datePublished":"2013-10-10T16:36:15+00:00","dateModified":"2013-10-10T16:36:15+00:00","author":{"@id":"https:\/\/www.visit-ulcinj.com\/blog\/#\/schema\/person\/dcab619c614d3038751c63bc2aadc06d"},"description":"Ulcinjska policija je uhapsila ju\u010de albanskog dr\u017eavljanina A.K. (22) iz Skadra, zbog osnovane sumnje da je po\u010dinio krivi\u010dno djelo ubistvo u poku\u0161aju.","breadcrumb":{"@id":"https:\/\/www.visit-ulcinj.com\/blog\/2013\/10\/10\/albanac-iz-skadra-nozem-ranio-ulcinjanina\/#breadcrumb"},"inLanguage":"en-US","potentialAction":[{"@type":"ReadAction","target":["https:\/\/www.visit-ulcinj.com\/blog\/2013\/10\/10\/albanac-iz-skadra-nozem-ranio-ulcinjanina\/"]}]},{"@type":"BreadcrumbList","@id":"https:\/\/www.visit-ulcinj.com\/blog\/2013\/10\/10\/albanac-iz-skadra-nozem-ranio-ulcinjanina\/#breadcrumb","itemListElement":[{"@type":"ListItem","position":1,"name":"Albanac iz Skadra no\u017eem ranio Ulcinjanina"}]},{"@type":"Person","@id":"https:\/\/www.visit-ulcinj.com\/blog\/#\/schema\/person\/dcab619c614d3038751c63bc2aadc06d","name":"ulqini","sameAs":["http:\/\/www.visit-ulcinj.com"],"url":"https:\/\/www.visit-ulcinj.com\/blog\/author\/admin\/"}]}},"jetpack_featured_media_url":"","jetpack_sharing_enabled":true,"jetpack_shortlink":"https:\/\/wp.me\/pe6lTn-jz0","_links":{"self":[{"href":"https:\/\/www.visit-ulcinj.com\/blog\/wp-json\/wp\/v2\/posts\/75206"}],"collection":[{"href":"https:\/\/www.visit-ulcinj.com\/blog\/wp-json\/wp\/v2\/posts"}],"about":[{"href":"https:\/\/www.visit-ulcinj.com\/blog\/wp-json\/wp\/v2\/types\/post"}],"author":[{"embeddable":true,"href":"https:\/\/www.visit-ulcinj.com\/blog\/wp-json\/wp\/v2\/users\/1"}],"replies":[{"embeddable":true,"href":"https:\/\/www.visit-ulcinj.com\/blog\/wp-json\/wp\/v2\/comments?post=75206"}],"version-history":[{"count":1,"href":"https:\/\/www.visit-ulcinj.com\/blog\/wp-json\/wp\/v2\/posts\/75206\/revisions"}],"predecessor-version":[{"id":75207,"href":"https:\/\/www.visit-ulcinj.com\/blog\/wp-json\/wp\/v2\/posts\/75206\/revisions\/75207"}],"wp:attachment":[{"href":"https:\/\/www.visit-ulcinj.com\/blog\/wp-json\/wp\/v2\/media?parent=75206"}],"wp:term":[{"taxonomy":"category","embeddable":true,"href":"https:\/\/www.visit-ulcinj.com\/blog\/wp-json\/wp\/v2\/categories?post=75206"},{"taxonomy":"post_tag","embeddable":true,"href":"https:\/\/www.visit-ulcinj.com\/blog\/wp-json\/wp\/v2\/tags?post=75206"}],"curies":[{"name":"wp","href":"https:\/\/api.w.org\/{rel}","templated":true}]}}