{"id":75208,"date":"2013-10-10T17:57:40","date_gmt":"2013-10-10T16:57:40","guid":{"rendered":"http:\/\/www.visit-ulcinj.com\/blog\/?p=75208"},"modified":"2013-10-10T17:58:05","modified_gmt":"2013-10-10T16:58:05","slug":"ulcinjski-dps-najbolje-ici-na-izbore","status":"publish","type":"post","link":"https:\/\/www.visit-ulcinj.com\/blog\/2013\/10\/10\/ulcinjski-dps-najbolje-ici-na-izbore\/","title":{"rendered":"Ulcinjski DPS: Najbolje i\u0107i na izbore"},"content":{"rendered":"<p><strong><a href=\"http:\/\/www.visit-ulcinj.com\/blog\/wp-content\/uploads\/2013\/10\/DPS-ULCINJ.jpg\"><img loading=\"lazy\" class=\"alignleft  wp-image-75209\" alt=\"DPS-ULCINJ\" src=\"http:\/\/www.visit-ulcinj.com\/blog\/wp-content\/uploads\/2013\/10\/DPS-ULCINJ.jpg\" width=\"508\" height=\"360\" \/><\/a>ULCINJ \u2013 Na sjednici op\u0161tinskog izvr\u0161nog odbora DPS-a, odr\u017eanoj u srijedu, jednoglasno je odlu\u010deno da se jo\u0161 jednom pozovu druge politi\u010dke partije koje imaju odbornike u lokalnom parlamentu kako bi zajedno preuzeli odgovornost oko upravljanja gradom.<\/strong><\/p>\n<p>&#8211; U suprotnom, DPS je donio odluku da se raspi\u0161u novi izbori na kojima bi gra\u0111ani Ulcinja izabrali i odlu\u010dili koji politi\u010dki subjekti mogu da rje\u0161avaju odre\u0111ena pitanja u njihovo ime \u2013 navodi se u saop\u0161tenju Ljora Nreki\u0107a, \u0161efa ulcinjskog DPS-a.<\/p>\n<p>U DPS-u predla\u017eu da, ako nije mogu\u0107e \u0161to prije posti\u0107i politi\u010dki dogovor, potrebno je hitno zakazati sjednicu lokalnog parlamenta na kojoj \u0107e se donijeti odluka o skra\u0107enju mandata i zakazivanju novih izbora. Na sjednici je razmotrena politi\u010dka situacija u Ulcinju za koju je ocijenjeno da je \u010dine me\u0111usobna neslaganja i nefunkcionisanje lokalne samouprave.<\/p>\n<p>&#8211; DPS je u posljednje tri godine u statusu opozicione politi\u010dke partije, jer su tako htjele pojedine politi\u010dke stranke, a ne gra\u0111ani Ulcinja. Ulcinjska vlast se mo\u017ee konstituisati bez DPS-a, ali progresa u Ulcinju nema ako DPS nije dio vlasti \u2013 saop\u0161tio je Ljoro Nreki\u0107.<\/p>\n<p><strong>Raspad koalicije<\/strong><\/p>\n<p>Da u vladaju\u0107oj koaliciji u Ulcinju, koju \u010dine partije Forca, SDP, Perspektiva i Demokratska partija, sve ne \u0161tima, javnosti je jasno od jula\u00a0 kada je na zasijedanju lokalnog parlamenta vladaju\u0107a Forca napravila kvorum sa opozicionom DPS. Prethodno je iz Demokratske partije Fatmira \u0110eke nagovije\u0161teno da njihovi odbornici ne\u0107e podr\u017eati usvajanje izvje\u0161taja o radu predsjednika op\u0161tine Nazifa Cungua. Ubrzo je do\u0161lo i do te\u0161kih optu\u017ebi izme\u0111u \u010delnika Force Nazifa Cungua i predsjednika ulcinjskog SDP-a Selima Resulbegovi\u0107a.<\/p>\n<p><strong>\u00a0Stavovi drugih partija<\/strong><\/p>\n<p>Da je najbolje rje\u0161enje raspisivanje novih izbora, i to \u0161to prije, odavno su saglasni u partijama SDP kao i u Demokratskoj partiji Fatmira \u0110eke.<\/p>\n<p>U Forci nijesu bili za raspisivanje prijevremenih izbora. Donedavno su se vodili pregovori oko prekompozicije vlasti bez izbora i pravljenju koalicije izme\u0111u DPS-a i Force, no nije postignut nikakav dogovor. \u201eEvidentno je da nemamo parlamentarnu ve\u0107inu u Ulcinju i da smo sve bli\u017ei izborima. Zvani\u010dan stav Force bi\u0107e poznat za nekoliko dana \u2013 rekao je Genci Nimanbegu, poslanik Force u Skup\u0161tini CG.<\/p>\n<p><em><strong>A. \u017divanovi\u0107<\/strong><\/em><\/p>\n<p><strong>Izvor: POBJEDA<\/strong><\/p>\n","protected":false},"excerpt":{"rendered":"<p>ULCINJ \u2013 Na sjednici op\u0161tinskog izvr\u0161nog odbora DPS-a, odr\u017eanoj u srijedu, jednoglasno je odlu\u010deno da se jo\u0161 jednom pozovu druge politi\u010dke partije koje imaju odbornike u lokalnom parlamentu kako bi zajedno preuzeli odgovornost oko upravljanja gradom. &#8211; U suprotnom, DPS je donio odluku da se raspi\u0161u novi izbori na kojima bi gra\u0111ani Ulcinja izabrali i [&hellip;]<\/p>\n","protected":false},"author":1,"featured_media":0,"comment_status":"closed","ping_status":"closed","sticky":false,"template":"","format":"standard","meta":{"spay_email":"","jetpack_publicize_message":"","jetpack_is_tweetstorm":false,"jetpack_publicize_feature_enabled":true},"categories":[8337],"tags":[],"jetpack_publicize_connections":[],"yoast_head":"<!-- This site is optimized with the Yoast SEO plugin v19.1 - https:\/\/yoast.com\/wordpress\/plugins\/seo\/ -->\n<title>Ulcinjski DPS: Najbolje i\u0107i na izbore - Lajme nga Ulqini<\/title>\n<meta name=\"description\" content=\"ULCINJ \u2013 Na sjednici op\u0161tinskog izvr\u0161nog odbora DPS-a, odr\u017eanoj u srijedu, jednoglasno je odlu\u010deno da se jo\u0161 jednom pozovu druge politi\u010dke partije koje\" \/>\n<meta name=\"robots\" content=\"index, follow, max-snippet:-1, max-image-preview:large, max-video-preview:-1\" \/>\n<link rel=\"canonical\" href=\"https:\/\/www.visit-ulcinj.com\/blog\/2013\/10\/10\/ulcinjski-dps-najbolje-ici-na-izbore\/\" \/>\n<meta property=\"og:locale\" content=\"en_US\" \/>\n<meta property=\"og:type\" content=\"article\" \/>\n<meta property=\"og:title\" content=\"Ulcinjski DPS: Najbolje i\u0107i na izbore - Lajme nga Ulqini\" \/>\n<meta property=\"og:description\" content=\"ULCINJ \u2013 Na sjednici op\u0161tinskog izvr\u0161nog odbora DPS-a, odr\u017eanoj u srijedu, jednoglasno je odlu\u010deno da se jo\u0161 jednom pozovu druge politi\u010dke partije koje\" \/>\n<meta property=\"og:url\" content=\"https:\/\/www.visit-ulcinj.com\/blog\/2013\/10\/10\/ulcinjski-dps-najbolje-ici-na-izbore\/\" \/>\n<meta property=\"og:site_name\" content=\"Lajme nga Ulqini\" \/>\n<meta property=\"article:published_time\" content=\"2013-10-10T16:57:40+00:00\" \/>\n<meta property=\"article:modified_time\" content=\"2013-10-10T16:58:05+00:00\" \/>\n<meta property=\"og:image\" content=\"http:\/\/www.visit-ulcinj.com\/blog\/wp-content\/uploads\/2013\/10\/DPS-ULCINJ.jpg\" \/>\n<meta name=\"twitter:label1\" content=\"Written by\" \/>\n\t<meta name=\"twitter:data1\" content=\"ulqini\" \/>\n\t<meta name=\"twitter:label2\" content=\"Est. reading time\" \/>\n\t<meta name=\"twitter:data2\" content=\"2 minutes\" \/>\n<script type=\"application\/ld+json\" class=\"yoast-schema-graph\">{\"@context\":\"https:\/\/schema.org\",\"@graph\":[{\"@type\":\"WebSite\",\"@id\":\"https:\/\/www.visit-ulcinj.com\/blog\/#website\",\"url\":\"https:\/\/www.visit-ulcinj.com\/blog\/\",\"name\":\"Lajme nga Ulqini\",\"description\":\"Lajme,Vijesti,Ulqini,Ulqin,Crna Gora,Mali i Zi\",\"potentialAction\":[{\"@type\":\"SearchAction\",\"target\":{\"@type\":\"EntryPoint\",\"urlTemplate\":\"https:\/\/www.visit-ulcinj.com\/blog\/?s={search_term_string}\"},\"query-input\":\"required name=search_term_string\"}],\"inLanguage\":\"en-US\"},{\"@type\":\"ImageObject\",\"inLanguage\":\"en-US\",\"@id\":\"https:\/\/www.visit-ulcinj.com\/blog\/2013\/10\/10\/ulcinjski-dps-najbolje-ici-na-izbore\/#primaryimage\",\"url\":\"https:\/\/www.visit-ulcinj.com\/blog\/wp-content\/uploads\/2013\/10\/DPS-ULCINJ.jpg\",\"contentUrl\":\"https:\/\/www.visit-ulcinj.com\/blog\/wp-content\/uploads\/2013\/10\/DPS-ULCINJ.jpg\",\"width\":720,\"height\":480},{\"@type\":\"WebPage\",\"@id\":\"https:\/\/www.visit-ulcinj.com\/blog\/2013\/10\/10\/ulcinjski-dps-najbolje-ici-na-izbore\/#webpage\",\"url\":\"https:\/\/www.visit-ulcinj.com\/blog\/2013\/10\/10\/ulcinjski-dps-najbolje-ici-na-izbore\/\",\"name\":\"Ulcinjski DPS: Najbolje i\u0107i na izbore - Lajme nga Ulqini\",\"isPartOf\":{\"@id\":\"https:\/\/www.visit-ulcinj.com\/blog\/#website\"},\"primaryImageOfPage\":{\"@id\":\"https:\/\/www.visit-ulcinj.com\/blog\/2013\/10\/10\/ulcinjski-dps-najbolje-ici-na-izbore\/#primaryimage\"},\"datePublished\":\"2013-10-10T16:57:40+00:00\",\"dateModified\":\"2013-10-10T16:58:05+00:00\",\"author\":{\"@id\":\"https:\/\/www.visit-ulcinj.com\/blog\/#\/schema\/person\/dcab619c614d3038751c63bc2aadc06d\"},\"description\":\"ULCINJ \u2013 Na sjednici op\u0161tinskog izvr\u0161nog odbora DPS-a, odr\u017eanoj u srijedu, jednoglasno je odlu\u010deno da se jo\u0161 jednom pozovu druge politi\u010dke partije koje\",\"breadcrumb\":{\"@id\":\"https:\/\/www.visit-ulcinj.com\/blog\/2013\/10\/10\/ulcinjski-dps-najbolje-ici-na-izbore\/#breadcrumb\"},\"inLanguage\":\"en-US\",\"potentialAction\":[{\"@type\":\"ReadAction\",\"target\":[\"https:\/\/www.visit-ulcinj.com\/blog\/2013\/10\/10\/ulcinjski-dps-najbolje-ici-na-izbore\/\"]}]},{\"@type\":\"BreadcrumbList\",\"@id\":\"https:\/\/www.visit-ulcinj.com\/blog\/2013\/10\/10\/ulcinjski-dps-najbolje-ici-na-izbore\/#breadcrumb\",\"itemListElement\":[{\"@type\":\"ListItem\",\"position\":1,\"name\":\"Ulcinjski DPS: Najbolje i\u0107i na izbore\"}]},{\"@type\":\"Person\",\"@id\":\"https:\/\/www.visit-ulcinj.com\/blog\/#\/schema\/person\/dcab619c614d3038751c63bc2aadc06d\",\"name\":\"ulqini\",\"sameAs\":[\"http:\/\/www.visit-ulcinj.com\"],\"url\":\"https:\/\/www.visit-ulcinj.com\/blog\/author\/admin\/\"}]}<\/script>\n<!-- \/ Yoast SEO plugin. -->","yoast_head_json":{"title":"Ulcinjski DPS: Najbolje i\u0107i na izbore - Lajme nga Ulqini","description":"ULCINJ \u2013 Na sjednici op\u0161tinskog izvr\u0161nog odbora DPS-a, odr\u017eanoj u srijedu, jednoglasno je odlu\u010deno da se jo\u0161 jednom pozovu druge politi\u010dke partije koje","robots":{"index":"index","follow":"follow","max-snippet":"max-snippet:-1","max-image-preview":"max-image-preview:large","max-video-preview":"max-video-preview:-1"},"canonical":"https:\/\/www.visit-ulcinj.com\/blog\/2013\/10\/10\/ulcinjski-dps-najbolje-ici-na-izbore\/","og_locale":"en_US","og_type":"article","og_title":"Ulcinjski DPS: Najbolje i\u0107i na izbore - Lajme nga Ulqini","og_description":"ULCINJ \u2013 Na sjednici op\u0161tinskog izvr\u0161nog odbora DPS-a, odr\u017eanoj u srijedu, jednoglasno je odlu\u010deno da se jo\u0161 jednom pozovu druge politi\u010dke partije koje","og_url":"https:\/\/www.visit-ulcinj.com\/blog\/2013\/10\/10\/ulcinjski-dps-najbolje-ici-na-izbore\/","og_site_name":"Lajme nga Ulqini","article_published_time":"2013-10-10T16:57:40+00:00","article_modified_time":"2013-10-10T16:58:05+00:00","og_image":[{"url":"http:\/\/www.visit-ulcinj.com\/blog\/wp-content\/uploads\/2013\/10\/DPS-ULCINJ.jpg"}],"twitter_misc":{"Written by":"ulqini","Est. reading time":"2 minutes"},"schema":{"@context":"https:\/\/schema.org","@graph":[{"@type":"WebSite","@id":"https:\/\/www.visit-ulcinj.com\/blog\/#website","url":"https:\/\/www.visit-ulcinj.com\/blog\/","name":"Lajme nga Ulqini","description":"Lajme,Vijesti,Ulqini,Ulqin,Crna Gora,Mali i Zi","potentialAction":[{"@type":"SearchAction","target":{"@type":"EntryPoint","urlTemplate":"https:\/\/www.visit-ulcinj.com\/blog\/?s={search_term_string}"},"query-input":"required name=search_term_string"}],"inLanguage":"en-US"},{"@type":"ImageObject","inLanguage":"en-US","@id":"https:\/\/www.visit-ulcinj.com\/blog\/2013\/10\/10\/ulcinjski-dps-najbolje-ici-na-izbore\/#primaryimage","url":"https:\/\/www.visit-ulcinj.com\/blog\/wp-content\/uploads\/2013\/10\/DPS-ULCINJ.jpg","contentUrl":"https:\/\/www.visit-ulcinj.com\/blog\/wp-content\/uploads\/2013\/10\/DPS-ULCINJ.jpg","width":720,"height":480},{"@type":"WebPage","@id":"https:\/\/www.visit-ulcinj.com\/blog\/2013\/10\/10\/ulcinjski-dps-najbolje-ici-na-izbore\/#webpage","url":"https:\/\/www.visit-ulcinj.com\/blog\/2013\/10\/10\/ulcinjski-dps-najbolje-ici-na-izbore\/","name":"Ulcinjski DPS: Najbolje i\u0107i na izbore - Lajme nga Ulqini","isPartOf":{"@id":"https:\/\/www.visit-ulcinj.com\/blog\/#website"},"primaryImageOfPage":{"@id":"https:\/\/www.visit-ulcinj.com\/blog\/2013\/10\/10\/ulcinjski-dps-najbolje-ici-na-izbore\/#primaryimage"},"datePublished":"2013-10-10T16:57:40+00:00","dateModified":"2013-10-10T16:58:05+00:00","author":{"@id":"https:\/\/www.visit-ulcinj.com\/blog\/#\/schema\/person\/dcab619c614d3038751c63bc2aadc06d"},"description":"ULCINJ \u2013 Na sjednici op\u0161tinskog izvr\u0161nog odbora DPS-a, odr\u017eanoj u srijedu, jednoglasno je odlu\u010deno da se jo\u0161 jednom pozovu druge politi\u010dke partije koje","breadcrumb":{"@id":"https:\/\/www.visit-ulcinj.com\/blog\/2013\/10\/10\/ulcinjski-dps-najbolje-ici-na-izbore\/#breadcrumb"},"inLanguage":"en-US","potentialAction":[{"@type":"ReadAction","target":["https:\/\/www.visit-ulcinj.com\/blog\/2013\/10\/10\/ulcinjski-dps-najbolje-ici-na-izbore\/"]}]},{"@type":"BreadcrumbList","@id":"https:\/\/www.visit-ulcinj.com\/blog\/2013\/10\/10\/ulcinjski-dps-najbolje-ici-na-izbore\/#breadcrumb","itemListElement":[{"@type":"ListItem","position":1,"name":"Ulcinjski DPS: Najbolje i\u0107i na izbore"}]},{"@type":"Person","@id":"https:\/\/www.visit-ulcinj.com\/blog\/#\/schema\/person\/dcab619c614d3038751c63bc2aadc06d","name":"ulqini","sameAs":["http:\/\/www.visit-ulcinj.com"],"url":"https:\/\/www.visit-ulcinj.com\/blog\/author\/admin\/"}]}},"jetpack_featured_media_url":"","jetpack_sharing_enabled":true,"jetpack_shortlink":"https:\/\/wp.me\/pe6lTn-jz2","_links":{"self":[{"href":"https:\/\/www.visit-ulcinj.com\/blog\/wp-json\/wp\/v2\/posts\/75208"}],"collection":[{"href":"https:\/\/www.visit-ulcinj.com\/blog\/wp-json\/wp\/v2\/posts"}],"about":[{"href":"https:\/\/www.visit-ulcinj.com\/blog\/wp-json\/wp\/v2\/types\/post"}],"author":[{"embeddable":true,"href":"https:\/\/www.visit-ulcinj.com\/blog\/wp-json\/wp\/v2\/users\/1"}],"replies":[{"embeddable":true,"href":"https:\/\/www.visit-ulcinj.com\/blog\/wp-json\/wp\/v2\/comments?post=75208"}],"version-history":[{"count":2,"href":"https:\/\/www.visit-ulcinj.com\/blog\/wp-json\/wp\/v2\/posts\/75208\/revisions"}],"predecessor-version":[{"id":75211,"href":"https:\/\/www.visit-ulcinj.com\/blog\/wp-json\/wp\/v2\/posts\/75208\/revisions\/75211"}],"wp:attachment":[{"href":"https:\/\/www.visit-ulcinj.com\/blog\/wp-json\/wp\/v2\/media?parent=75208"}],"wp:term":[{"taxonomy":"category","embeddable":true,"href":"https:\/\/www.visit-ulcinj.com\/blog\/wp-json\/wp\/v2\/categories?post=75208"},{"taxonomy":"post_tag","embeddable":true,"href":"https:\/\/www.visit-ulcinj.com\/blog\/wp-json\/wp\/v2\/tags?post=75208"}],"curies":[{"name":"wp","href":"https:\/\/api.w.org\/{rel}","templated":true}]}}