{"id":75212,"date":"2013-10-10T18:02:11","date_gmt":"2013-10-10T17:02:11","guid":{"rendered":"http:\/\/www.visit-ulcinj.com\/blog\/?p=75212"},"modified":"2013-10-10T18:02:11","modified_gmt":"2013-10-10T17:02:11","slug":"u-minhen-investitori-ohrabreni-progresom-u-crnogoskom-turizmu","status":"publish","type":"post","link":"https:\/\/www.visit-ulcinj.com\/blog\/2013\/10\/10\/u-minhen-investitori-ohrabreni-progresom-u-crnogoskom-turizmu\/","title":{"rendered":"U Minhen investitori ohrabreni progresom u crnogoskom turizmu"},"content":{"rendered":"<p><strong><a href=\"http:\/\/www.visit-ulcinj.com\/blog\/wp-content\/uploads\/2013\/10\/Expo-Real-Munich-Ulqini-Ulcinj-18.jpg\"><img loading=\"lazy\" class=\"alignleft  wp-image-75171\" alt=\"Expo Real -Munich-Ulqini-Ulcinj-18\" src=\"http:\/\/www.visit-ulcinj.com\/blog\/wp-content\/uploads\/2013\/10\/Expo-Real-Munich-Ulqini-Ulcinj-18.jpg\" width=\"508\" height=\"360\" \/><\/a>,,Aktivnosti i mjere koje Vlada Crne Gore sprovodi u cilju podsticaja investicija i razvoja turizma, rezultiraju zna\u010dajnim interesovanjem investitora za ulaganja u Crnu Goru, u \u0161ta sam se uvjerio tokom u\u010de\u0161\u0107a na sajmu nekretnina Expo Real, kao i tokom Be\u010dkih ekonomskih razgovora&#8221;, izjavio je ministar odr\u017eivog razvoja i turizma Branimir Gvozdenovi\u0107 u Minhenu, nakon u\u010de\u0161\u0107a na sajmu nekretnina Expo real. <\/strong><\/p>\n<p>Ministar Gvozdenovi\u0107 je boravio na sajmu nekretnina Expo Real koji je odr\u017ean u Minhenu, a Crnu Goru na ovom sajmu predstavljala je Op\u0161tina Ulcinj kao i nekoliko privatnih kompanija, uz podr\u0161ku Ministarstva odr\u017eivog razvoja i turizma i Sekretarijata za razvojne projekte Vlade Crne Gore. Na sajmu su posebno predstavljeni potencijalni projekti vezani za Op\u0161tinu Ulcinj, za koje je u prethodnom periodu usvojena prostorno-planska dokumentacija uz koordinaciju i finansijsku podr\u0161ku Vlade Crne Gore.<\/p>\n<p><em>,,Investitori sa kojima smo razgovarali ohrabreni su progresom koji se posljednjih godina ostvaruje u crnogorskom turizmu. Uglavnom su upoznati sa ve\u0107inom projekata koji se realizuju u na\u0161oj zemlji, a tako\u0111e i sa zakonskom regulativom i ambijentom za ulaganja&#8221;,<\/em> istakao je ministar Gvozdenovi\u0107.<\/p>\n<p>Osim predstavljanja investicionih projekata, prisustvo na sajmu nekretnina i boravak u najve\u0107oj njema\u010dkoj dr\u017eavi &#8211; Bavarskoj, iskori\u0161\u0107en je i za niz sastanaka na temu saradnje u oblasti turizma. S tim u vezi, ministar Gvozdenovi\u0107 se susreo sa pomo\u0107nikom ministra privrede Bavarske zadu\u017eenim za oblast turizma <strong>Hermanom Lukom<\/strong>, nakon \u010dega je ocijenjeno da postoji obostrana zainteresovanost za razmjenu iskustava, kao i za intenziviranje saradnje Crne Gore i Bavarske na polju turizma. Ministar Gvozdenovi\u0107 se sastao i sa <strong>Rupertom Simonerom<\/strong>, regionalnim potpredsjednikom kompanije Kempinski, koja je jedna od najve\u0107ih hotelskih kompanija u svijetu, a na sastanku je razmatrana mogu\u0107nost dovo\u0111enju brenda Kempinski u Crnu Goru, s obzirom na obostrano interesovanje i aktivnosti sprovedene u prethodnom periodu.<\/p>\n<p>Tako\u0111e, ministar Gvozdenovi\u0107 susreo se i sa rukovodstvom minhenskog sajma: sa generalnim direktorom sajma, <strong>Eugenom Egetenmajerom<\/strong>, kao i sa direktoricom sajma turizma u Minhenu FREE <strong>Barbarom Miler<\/strong> i direktoricom sajma nekretnina Expo Real <strong>Klaudijom Bojmans<\/strong>. Sastanci su bili od posebnog zna\u010daja kako zbog razmatranja u\u010de\u0161\u0107a Crne Gore na narednim sajmovima, tako i zbog aktivne uloge Crne Gore kad je u pitanju razvoj sajamskog turizma u cilju produ\u017eenja sezone, prije svega kroz organizaciju sajamskih manifestacija.<\/p>\n<p>Ministar Gvozdenovi\u0107 odr\u017eao je sastanak i sa predstavnicima nekoliko privatnih kompanija, koje su pokazale interesovanje za ulaganje u rizorte na primorju, prije svega na teritoriji Op\u0161tine Ulcinj.<\/p>\n<p>Sajam nekretnina Expo Real jedna je od najpresti\u017enijih i najposje\u0107enijih manifestacija ovog tipa u svijetu, a ove godine je odr\u017ean u periodu od 7. do 9. oktobra u Minhenu, uz u\u010de\u0161\u0107e oko 40000 u\u010desnika i 1700 izlaga\u010da iz 71 zemlje.<\/p>\n<p><strong>Izvor: . Vlada Crne Gore<\/strong><\/p>\n","protected":false},"excerpt":{"rendered":"<p>,,Aktivnosti i mjere koje Vlada Crne Gore sprovodi u cilju podsticaja investicija i razvoja turizma, rezultiraju zna\u010dajnim interesovanjem investitora za ulaganja u Crnu Goru, u \u0161ta sam se uvjerio tokom u\u010de\u0161\u0107a na sajmu nekretnina Expo Real, kao i tokom Be\u010dkih ekonomskih razgovora&#8221;, izjavio je ministar odr\u017eivog razvoja i turizma Branimir Gvozdenovi\u0107 u Minhenu, nakon u\u010de\u0161\u0107a [&hellip;]<\/p>\n","protected":false},"author":1,"featured_media":0,"comment_status":"closed","ping_status":"closed","sticky":false,"template":"","format":"standard","meta":{"spay_email":"","jetpack_publicize_message":"","jetpack_is_tweetstorm":false,"jetpack_publicize_feature_enabled":true},"categories":[6950],"tags":[],"jetpack_publicize_connections":[],"yoast_head":"<!-- This site is optimized with the Yoast SEO plugin v19.1 - https:\/\/yoast.com\/wordpress\/plugins\/seo\/ -->\n<title>U Minhen investitori ohrabreni progresom u crnogoskom turizmu - Lajme nga Ulqini<\/title>\n<meta name=\"description\" content=\",,Aktivnosti i mjere koje Vlada Crne Gore sprovodi u cilju podsticaja investicija i razvoja turizma, rezultiraju zna\u010dajnim interesovanjem investitora za\" \/>\n<meta name=\"robots\" content=\"index, follow, max-snippet:-1, max-image-preview:large, max-video-preview:-1\" \/>\n<link rel=\"canonical\" href=\"https:\/\/www.visit-ulcinj.com\/blog\/2013\/10\/10\/u-minhen-investitori-ohrabreni-progresom-u-crnogoskom-turizmu\/\" \/>\n<meta property=\"og:locale\" content=\"en_US\" \/>\n<meta property=\"og:type\" content=\"article\" \/>\n<meta property=\"og:title\" content=\"U Minhen investitori ohrabreni progresom u crnogoskom turizmu - Lajme nga Ulqini\" \/>\n<meta property=\"og:description\" content=\",,Aktivnosti i mjere koje Vlada Crne Gore sprovodi u cilju podsticaja investicija i razvoja turizma, rezultiraju zna\u010dajnim interesovanjem investitora za\" \/>\n<meta property=\"og:url\" content=\"https:\/\/www.visit-ulcinj.com\/blog\/2013\/10\/10\/u-minhen-investitori-ohrabreni-progresom-u-crnogoskom-turizmu\/\" \/>\n<meta property=\"og:site_name\" content=\"Lajme nga Ulqini\" \/>\n<meta property=\"article:published_time\" content=\"2013-10-10T17:02:11+00:00\" \/>\n<meta property=\"og:image\" content=\"http:\/\/www.visit-ulcinj.com\/blog\/wp-content\/uploads\/2013\/10\/Expo-Real-Munich-Ulqini-Ulcinj-18.jpg\" \/>\n<meta name=\"twitter:label1\" content=\"Written by\" \/>\n\t<meta name=\"twitter:data1\" content=\"ulqini\" \/>\n\t<meta name=\"twitter:label2\" content=\"Est. reading time\" \/>\n\t<meta name=\"twitter:data2\" content=\"2 minutes\" \/>\n<script type=\"application\/ld+json\" class=\"yoast-schema-graph\">{\"@context\":\"https:\/\/schema.org\",\"@graph\":[{\"@type\":\"WebSite\",\"@id\":\"https:\/\/www.visit-ulcinj.com\/blog\/#website\",\"url\":\"https:\/\/www.visit-ulcinj.com\/blog\/\",\"name\":\"Lajme nga Ulqini\",\"description\":\"Lajme,Vijesti,Ulqini,Ulqin,Crna Gora,Mali i Zi\",\"potentialAction\":[{\"@type\":\"SearchAction\",\"target\":{\"@type\":\"EntryPoint\",\"urlTemplate\":\"https:\/\/www.visit-ulcinj.com\/blog\/?s={search_term_string}\"},\"query-input\":\"required name=search_term_string\"}],\"inLanguage\":\"en-US\"},{\"@type\":\"ImageObject\",\"inLanguage\":\"en-US\",\"@id\":\"https:\/\/www.visit-ulcinj.com\/blog\/2013\/10\/10\/u-minhen-investitori-ohrabreni-progresom-u-crnogoskom-turizmu\/#primaryimage\",\"url\":\"https:\/\/www.visit-ulcinj.com\/blog\/wp-content\/uploads\/2013\/10\/Expo-Real-Munich-Ulqini-Ulcinj-18.jpg\",\"contentUrl\":\"https:\/\/www.visit-ulcinj.com\/blog\/wp-content\/uploads\/2013\/10\/Expo-Real-Munich-Ulqini-Ulcinj-18.jpg\",\"width\":960,\"height\":720},{\"@type\":\"WebPage\",\"@id\":\"https:\/\/www.visit-ulcinj.com\/blog\/2013\/10\/10\/u-minhen-investitori-ohrabreni-progresom-u-crnogoskom-turizmu\/#webpage\",\"url\":\"https:\/\/www.visit-ulcinj.com\/blog\/2013\/10\/10\/u-minhen-investitori-ohrabreni-progresom-u-crnogoskom-turizmu\/\",\"name\":\"U Minhen investitori ohrabreni progresom u crnogoskom turizmu - Lajme nga Ulqini\",\"isPartOf\":{\"@id\":\"https:\/\/www.visit-ulcinj.com\/blog\/#website\"},\"primaryImageOfPage\":{\"@id\":\"https:\/\/www.visit-ulcinj.com\/blog\/2013\/10\/10\/u-minhen-investitori-ohrabreni-progresom-u-crnogoskom-turizmu\/#primaryimage\"},\"datePublished\":\"2013-10-10T17:02:11+00:00\",\"dateModified\":\"2013-10-10T17:02:11+00:00\",\"author\":{\"@id\":\"https:\/\/www.visit-ulcinj.com\/blog\/#\/schema\/person\/dcab619c614d3038751c63bc2aadc06d\"},\"description\":\",,Aktivnosti i mjere koje Vlada Crne Gore sprovodi u cilju podsticaja investicija i razvoja turizma, rezultiraju zna\u010dajnim interesovanjem investitora za\",\"breadcrumb\":{\"@id\":\"https:\/\/www.visit-ulcinj.com\/blog\/2013\/10\/10\/u-minhen-investitori-ohrabreni-progresom-u-crnogoskom-turizmu\/#breadcrumb\"},\"inLanguage\":\"en-US\",\"potentialAction\":[{\"@type\":\"ReadAction\",\"target\":[\"https:\/\/www.visit-ulcinj.com\/blog\/2013\/10\/10\/u-minhen-investitori-ohrabreni-progresom-u-crnogoskom-turizmu\/\"]}]},{\"@type\":\"BreadcrumbList\",\"@id\":\"https:\/\/www.visit-ulcinj.com\/blog\/2013\/10\/10\/u-minhen-investitori-ohrabreni-progresom-u-crnogoskom-turizmu\/#breadcrumb\",\"itemListElement\":[{\"@type\":\"ListItem\",\"position\":1,\"name\":\"U Minhen investitori ohrabreni progresom u crnogoskom turizmu\"}]},{\"@type\":\"Person\",\"@id\":\"https:\/\/www.visit-ulcinj.com\/blog\/#\/schema\/person\/dcab619c614d3038751c63bc2aadc06d\",\"name\":\"ulqini\",\"sameAs\":[\"http:\/\/www.visit-ulcinj.com\"],\"url\":\"https:\/\/www.visit-ulcinj.com\/blog\/author\/admin\/\"}]}<\/script>\n<!-- \/ Yoast SEO plugin. -->","yoast_head_json":{"title":"U Minhen investitori ohrabreni progresom u crnogoskom turizmu - Lajme nga Ulqini","description":",,Aktivnosti i mjere koje Vlada Crne Gore sprovodi u cilju podsticaja investicija i razvoja turizma, rezultiraju zna\u010dajnim interesovanjem investitora za","robots":{"index":"index","follow":"follow","max-snippet":"max-snippet:-1","max-image-preview":"max-image-preview:large","max-video-preview":"max-video-preview:-1"},"canonical":"https:\/\/www.visit-ulcinj.com\/blog\/2013\/10\/10\/u-minhen-investitori-ohrabreni-progresom-u-crnogoskom-turizmu\/","og_locale":"en_US","og_type":"article","og_title":"U Minhen investitori ohrabreni progresom u crnogoskom turizmu - Lajme nga Ulqini","og_description":",,Aktivnosti i mjere koje Vlada Crne Gore sprovodi u cilju podsticaja investicija i razvoja turizma, rezultiraju zna\u010dajnim interesovanjem investitora za","og_url":"https:\/\/www.visit-ulcinj.com\/blog\/2013\/10\/10\/u-minhen-investitori-ohrabreni-progresom-u-crnogoskom-turizmu\/","og_site_name":"Lajme nga Ulqini","article_published_time":"2013-10-10T17:02:11+00:00","og_image":[{"url":"http:\/\/www.visit-ulcinj.com\/blog\/wp-content\/uploads\/2013\/10\/Expo-Real-Munich-Ulqini-Ulcinj-18.jpg"}],"twitter_misc":{"Written by":"ulqini","Est. reading time":"2 minutes"},"schema":{"@context":"https:\/\/schema.org","@graph":[{"@type":"WebSite","@id":"https:\/\/www.visit-ulcinj.com\/blog\/#website","url":"https:\/\/www.visit-ulcinj.com\/blog\/","name":"Lajme nga Ulqini","description":"Lajme,Vijesti,Ulqini,Ulqin,Crna Gora,Mali i Zi","potentialAction":[{"@type":"SearchAction","target":{"@type":"EntryPoint","urlTemplate":"https:\/\/www.visit-ulcinj.com\/blog\/?s={search_term_string}"},"query-input":"required name=search_term_string"}],"inLanguage":"en-US"},{"@type":"ImageObject","inLanguage":"en-US","@id":"https:\/\/www.visit-ulcinj.com\/blog\/2013\/10\/10\/u-minhen-investitori-ohrabreni-progresom-u-crnogoskom-turizmu\/#primaryimage","url":"https:\/\/www.visit-ulcinj.com\/blog\/wp-content\/uploads\/2013\/10\/Expo-Real-Munich-Ulqini-Ulcinj-18.jpg","contentUrl":"https:\/\/www.visit-ulcinj.com\/blog\/wp-content\/uploads\/2013\/10\/Expo-Real-Munich-Ulqini-Ulcinj-18.jpg","width":960,"height":720},{"@type":"WebPage","@id":"https:\/\/www.visit-ulcinj.com\/blog\/2013\/10\/10\/u-minhen-investitori-ohrabreni-progresom-u-crnogoskom-turizmu\/#webpage","url":"https:\/\/www.visit-ulcinj.com\/blog\/2013\/10\/10\/u-minhen-investitori-ohrabreni-progresom-u-crnogoskom-turizmu\/","name":"U Minhen investitori ohrabreni progresom u crnogoskom turizmu - Lajme nga Ulqini","isPartOf":{"@id":"https:\/\/www.visit-ulcinj.com\/blog\/#website"},"primaryImageOfPage":{"@id":"https:\/\/www.visit-ulcinj.com\/blog\/2013\/10\/10\/u-minhen-investitori-ohrabreni-progresom-u-crnogoskom-turizmu\/#primaryimage"},"datePublished":"2013-10-10T17:02:11+00:00","dateModified":"2013-10-10T17:02:11+00:00","author":{"@id":"https:\/\/www.visit-ulcinj.com\/blog\/#\/schema\/person\/dcab619c614d3038751c63bc2aadc06d"},"description":",,Aktivnosti i mjere koje Vlada Crne Gore sprovodi u cilju podsticaja investicija i razvoja turizma, rezultiraju zna\u010dajnim interesovanjem investitora za","breadcrumb":{"@id":"https:\/\/www.visit-ulcinj.com\/blog\/2013\/10\/10\/u-minhen-investitori-ohrabreni-progresom-u-crnogoskom-turizmu\/#breadcrumb"},"inLanguage":"en-US","potentialAction":[{"@type":"ReadAction","target":["https:\/\/www.visit-ulcinj.com\/blog\/2013\/10\/10\/u-minhen-investitori-ohrabreni-progresom-u-crnogoskom-turizmu\/"]}]},{"@type":"BreadcrumbList","@id":"https:\/\/www.visit-ulcinj.com\/blog\/2013\/10\/10\/u-minhen-investitori-ohrabreni-progresom-u-crnogoskom-turizmu\/#breadcrumb","itemListElement":[{"@type":"ListItem","position":1,"name":"U Minhen investitori ohrabreni progresom u crnogoskom turizmu"}]},{"@type":"Person","@id":"https:\/\/www.visit-ulcinj.com\/blog\/#\/schema\/person\/dcab619c614d3038751c63bc2aadc06d","name":"ulqini","sameAs":["http:\/\/www.visit-ulcinj.com"],"url":"https:\/\/www.visit-ulcinj.com\/blog\/author\/admin\/"}]}},"jetpack_featured_media_url":"","jetpack_sharing_enabled":true,"jetpack_shortlink":"https:\/\/wp.me\/pe6lTn-jz6","_links":{"self":[{"href":"https:\/\/www.visit-ulcinj.com\/blog\/wp-json\/wp\/v2\/posts\/75212"}],"collection":[{"href":"https:\/\/www.visit-ulcinj.com\/blog\/wp-json\/wp\/v2\/posts"}],"about":[{"href":"https:\/\/www.visit-ulcinj.com\/blog\/wp-json\/wp\/v2\/types\/post"}],"author":[{"embeddable":true,"href":"https:\/\/www.visit-ulcinj.com\/blog\/wp-json\/wp\/v2\/users\/1"}],"replies":[{"embeddable":true,"href":"https:\/\/www.visit-ulcinj.com\/blog\/wp-json\/wp\/v2\/comments?post=75212"}],"version-history":[{"count":1,"href":"https:\/\/www.visit-ulcinj.com\/blog\/wp-json\/wp\/v2\/posts\/75212\/revisions"}],"predecessor-version":[{"id":75213,"href":"https:\/\/www.visit-ulcinj.com\/blog\/wp-json\/wp\/v2\/posts\/75212\/revisions\/75213"}],"wp:attachment":[{"href":"https:\/\/www.visit-ulcinj.com\/blog\/wp-json\/wp\/v2\/media?parent=75212"}],"wp:term":[{"taxonomy":"category","embeddable":true,"href":"https:\/\/www.visit-ulcinj.com\/blog\/wp-json\/wp\/v2\/categories?post=75212"},{"taxonomy":"post_tag","embeddable":true,"href":"https:\/\/www.visit-ulcinj.com\/blog\/wp-json\/wp\/v2\/tags?post=75212"}],"curies":[{"name":"wp","href":"https:\/\/api.w.org\/{rel}","templated":true}]}}