{"id":75214,"date":"2013-10-10T18:05:54","date_gmt":"2013-10-10T17:05:54","guid":{"rendered":"http:\/\/www.visit-ulcinj.com\/blog\/?p=75214"},"modified":"2013-10-10T18:06:31","modified_gmt":"2013-10-10T17:06:31","slug":"dps-ulcinj-trazimo-raspisivanje-vanrednih-lokalnih-izbora","status":"publish","type":"post","link":"https:\/\/www.visit-ulcinj.com\/blog\/2013\/10\/10\/dps-ulcinj-trazimo-raspisivanje-vanrednih-lokalnih-izbora\/","title":{"rendered":"DPS Ulcinj: Tra\u017eimo raspisivanje vanrednih lokalnih izbora"},"content":{"rendered":"<p><a href=\"http:\/\/www.visit-ulcinj.com\/blog\/wp-content\/uploads\/2013\/10\/OO_DPS_ulcinj.png\"><img loading=\"lazy\" class=\"alignleft size-full wp-image-75215\" alt=\"OO_DPS_ulcinj\" src=\"http:\/\/www.visit-ulcinj.com\/blog\/wp-content\/uploads\/2013\/10\/OO_DPS_ulcinj.png\" width=\"299\" height=\"177\" \/><\/a>Kao \u0161to je javnosti poznato, DPS u Ulcinju je poslednje tri godine u statusu opozicione politi\u010dke partije, jer su tako htjele pojedine politi\u010dke partije, a ne gra\u0111ani Ulcinja. I mi smo to prihvatili uz podsjecanje da se ulcinjska vlast mo\u017ee konstituisati bez DPS-a, ali da progresa Ulcinja nema ako DPS nije dio vlasti u Ulcinju.<\/p>\n<p>&nbsp;<\/p>\n<p>Uporno smo upozoravali neke politi\u010dke subjekte u Ulcinju da gra\u0111ani Ulcinja nijesu glasali za njih da bi se oni me\u0111usobno sva\u0111ali, osporavali i sl. Kad bih ponovio neke njihove me\u0111usobne optu\u017ebe bilo bi vi\u0161e nego jasno kakve me\u0111usobne odnose imaju i iz toga bi se najbolje moglo zaklju\u010diti da li se u takvoj atmosferi sukoba i nesnala\u017eenja u vr\u0161enju odgovornih poslova mo\u017ee o\u010dekivati izgradnja ambijenta koji \u0107e gra\u0111anima Ulcinja omogu\u0107iti bolji \u017eivotni standard. Naravno da ne, i to je posljednjih mjeseci i svim sudionicima lokalne ve\u0107ine jasno.<\/p>\n<p>Izvr\u0161ni odbor DPS Ulcinja je jo\u0161 jednom konstatovao da je DPS Ulcinja jedina politi\u010dka partija koja je u kontinuitetu upozoravala i gra\u0111ane Ulcinja, ali i lokalne politi\u010dke partije, da me\u0111usobna neslaganja ne idu u prilog boljem \u017eivotu gra\u0111ana Ulcinja, da li\u010dni animoziteti ne smiju biti ko\u010dnica realizaciji projekata od interesa za gra\u0111ane Ulcinja, i da se u Ulcinju ne mo\u017ee voditi politika razvoja i boljeg \u017eivota bez u\u010de\u0161\u0107a DPS-a u sistemu lokalne vlasti, jer na\u0161a partija ima najzna\u010dajniji broj uspje\u0161nih i dokazanih kadrova, ali i posebno mladih, budu\u0107nosti okrenutih i perspektivnih gra\u0111ana Ulcinja.<\/p>\n<p>\u017delim da informi\u0161em javnost, a posebno gra\u0111ane Ulcinja, da je Izvr\u0161ni odbor DPS Ulcinja danas analizirao aktuelnu politi\u010dku situaciju u Ulcinju posebno se posvetiv\u0161i situaciji koja posljednjih mjeseci optere\u0107uje sve gra\u0111ane Ulcinja, a rije\u010d je o nefunkcionisanju lokalne samouprave. Ve\u0107 sam istakao da me\u0111usobne optu\u017ebe nijesu ni od kakve koristi za gra\u0111ane Ulcinja i mi smo u DPS-u zauzeli stav i upoznali i ulcinjsku i crnogorsku javnost da smatramo da samo zajedni\u010dkim snagama mo\u017eemo Ulcinj u\u010diniti sredinom u kojoj \u0107e se \u017eivjeti mnogo bolje nego sada. Predlagali smo da sve politi\u010dke partije koje imaju odbornike u lokalnom parlamentu budu dio lokalne vlasti, jer samo tako svi zajedno mo\u017eemo preuzeti odgovornost za na\u0161u zajedni\u010dku buducnost, samo tako i svi zajedno mo\u017eemo biti odgovorni za pojedina lokalna razvojna pitanja. Sve drugo se isklju\u010divo mo\u017ee okarakterisati kao obi\u010dno politikanstvo i kritizerstvo koje jedno dru\u0161tvo ne vodi ka budu\u0107nosti, ve\u0107 ga isklju\u010divo vra\u0107a u pro\u0161lost.<\/p>\n<p>Kao predsjednik Op\u0161tinskog odbora DPS Ulcinja prije nekoliko mjeseci sam javno saop\u0161tio stav na\u0161e partije da nema razvoja Ulcinja bez DPS-a i da je u interesu gra\u0111ana Ulcinja da svi politi\u010dki subjekti koji imaju odbornike u parlamentu Ulcinja budu dio vlasti i da preuzmu odgovornost i upravljanje nad pojedinim segmentima sistema lokalne samouprave. Samo tako mo\u017eemo graditi ambijent progresa na\u0161eg lijepog Ulcinja, samo na taj na\u010din mo\u017eemo izabrati na\u0161e najbolje kolege, na\u0161a najbolja kadrovska rje\u0161enja i svi zajedno budemo posve\u0107eni rje\u0161avanju velikih problema koje Ulcinj ima, a ne da se optu\u017eujemo, sva\u0111amo, i da nam mandat pro\u0111e u sukobljavanjima. Zar prethodne tri godine ove lokalne vlasti nijesu obilje\u017eili samo sukobi, osporavanja, optu\u017ebe? DPS ne prihvata da bude dio takvog ambijenta. Ambijent sukoba nije ambijent uspjeha. Ali DPS ne \u017eeli da sukobljava ve\u0107 sukobljene, da razdvaja ve\u0107 razdvojene, ve\u0107 smo na\u0161im prijedlogom u\u010dinili i poku\u0161ali sve da zajedni\u010dkim snagama pokrenemo neka razvojna pitanja na\u0161eg grada.<\/p>\n<p>Stoga, nakon svega saop\u0161tenog, \u017eelim da vas upoznam sa jednoglasno donijetom odlukom IO DPS Ulcinja u vezi aktuelne politi\u010dke situacije u Ulcinju:<\/p>\n<p>1. Izvr\u0161ni odbor DPS Ulcinja cijeni da je situacija u Ulcinju takva da zahtijeva ozbiljne napore svih dobromisle\u0107ih politi\u010dkih subjekata i da je potrebno da sve zajedno uklju\u010dimo u rje\u0161avanje pitanja \u010dija realizacija stagnira zbog nemogu\u0107nosti saradnje i nefunkcionisanja sistema lokalne samouprave posljednje tri godine, o \u010demu je DPS u kontinuitetu informisao gra\u0111ane kako putem medija, tako i na sjednicama lokalnog parlamenta. U kona\u010dnom, posljednjih skoro godinu dana, takvom stavu na\u0161e partije su se pridru\u017eili skoro svi va\u017eniji politi\u010dki subjekti u Ulcinju;<\/p>\n<p>2. Tim povodom i dalje smatramo kao najbolje rje\u0161enje da svi zajedno pristupimo rje\u0161avanju odre\u0111enih pitanja i upravljanju na\u0161eg Ulcinja i na tome smo istrajavali tokom posljednjih mjeseci. Koristim priliku da vas informi\u0161em da je IO DPS-a ocijenio da treba u\u010diniti jo\u0161 jedan napor da se postigne dogovor koji \u0107e rezultirati saradnjom svih politi\u010dkih subjekata iz Ulcinja, jer se na taj na\u010din najbolje mogu rje\u0161avati izazovi koji stoje pred ovim gradom i pred na\u0161im gra\u0111anima;<\/p>\n<p>3. U suprotnom, IO je ve\u010deras zauzeo stav da na\u0161a partija nema mandata da izme\u0111u dva izborna ciklusa, ili pred samim krajem redovnog mandata aktuelne vlasti u Ulcinju, bira izme\u0111u odre\u0111enih politi\u010dkih partija ili subjekata. To bi, izme\u0111u ostalog, bilo u suprotnosti sa ranije saop\u0161tenim stavom DPS-a da samo zajedno mo\u017eemo sa uspjehom rje\u0161avati odre\u0111ena pitanja. IO OO je prije svega zaklju\u010dio, da pravo takvog izbora mogu inati samo gra\u0111ani Ulcinja na izborima i da samo gra\u0111anima pripada pravo izbora.<\/p>\n<p>Stoga, DPS jo\u0161 jednom poziva druge politi\u010dke partije koje imaju odbornike u lokalnom parlamentu da donesemo najbolju mogu\u0107u odluku i da svi zajedno preuzmemo odgovornost nad upravljanjem razvoja Ulcinja i boljeg \u017eivota gra\u0111ana. U suprotnom, DPS je ve\u010deras donio odluku da se u Ulcinju raspisu novi izbori na kojima bi gra\u0111ani Ulcinja izabrali i odlu\u010dili koji politi\u010dki subjekti mogu da rje\u0161avaju odre\u0111ena pitanja u njihovo ime. Takvo pravo i pripada samo gra\u0111anima Ulcinja, takvu odluku mogu donijeti samo oni, a ne predstavnici politi\u010dkih partija.<\/p>\n<p>Ponavljam i zaklju\u010dujem, DPS smatra da samo zajedno mo\u017eemo u vremenu globalne ekonomske krize odgovorno upravljati na\u0161im gradom. Ako to nije realno iz bilo kog razloga, DPS smatra da jedino gra\u0111ani Ulcinja imaju pravo da biraju ko \u0107e upravljati gradom u ime njih i zbog toga <em>predla\u017eemo da se hitno zaka\u017ee sjednica lokalnog parlamenta na kojoj \u0107e se donijeti odluka o skra\u0107enju mandata i zakazivanju lokalnih izbora u Ulcinju<\/em>, i to \u0161to je mogu\u0107e prije, jer ovakvo stanje nije u interesu gra\u0111ana Ulcinja.<\/p>\n<p>4. U ime DPS-a saopstavam na\u0161u dalju posve\u0107enost interesima gra\u0111ana Ulcinja uz obe\u0107anje da \u0107emo u saradnji sa Vladom Crne Gore i drugim politi\u010dkim partijama iz Ulcinja u\u010diniti sve da podstaknemo razvoj na\u0161eg Ulcinja, otvaranje novih radnih mjesta, privla\u010denje stranih investitora, tj. biti posve\u0107eni razvoju Ulcinja. Vjerujemo u gra\u0111ane Ulcinja i o\u010dekujemo izuzetno dobar izborni rezultat na predstojecim lokalnim izborima u Ulcinju.<\/p>\n<p>&nbsp;<\/p>\n<p><strong>Loro Nreki\u0107, predsjednik Op\u0161tinskog odbora DPS Ulcinj<\/strong><\/p>\n<p><strong>Izvor: DPS<\/strong><\/p>\n","protected":false},"excerpt":{"rendered":"<p>Kao \u0161to je javnosti poznato, DPS u Ulcinju je poslednje tri godine u statusu opozicione politi\u010dke partije, jer su tako htjele pojedine politi\u010dke partije, a ne gra\u0111ani Ulcinja. I mi smo to prihvatili uz podsjecanje da se ulcinjska vlast mo\u017ee konstituisati bez DPS-a, ali da progresa Ulcinja nema ako DPS nije dio vlasti u Ulcinju. [&hellip;]<\/p>\n","protected":false},"author":1,"featured_media":0,"comment_status":"closed","ping_status":"closed","sticky":false,"template":"","format":"standard","meta":{"spay_email":"","jetpack_publicize_message":"","jetpack_is_tweetstorm":false,"jetpack_publicize_feature_enabled":true},"categories":[6950],"tags":[],"jetpack_publicize_connections":[],"yoast_head":"<!-- This site is optimized with the Yoast SEO plugin v19.1 - https:\/\/yoast.com\/wordpress\/plugins\/seo\/ -->\n<title>DPS Ulcinj: Tra\u017eimo raspisivanje vanrednih lokalnih izbora - Lajme nga Ulqini<\/title>\n<meta name=\"description\" content=\"Kao \u0161to je javnosti poznato, DPS u Ulcinju je poslednje tri godine u statusu opozicione politi\u010dke partije, jer su tako htjele pojedine politi\u010dke partije,\" \/>\n<meta name=\"robots\" content=\"index, follow, max-snippet:-1, max-image-preview:large, max-video-preview:-1\" \/>\n<link rel=\"canonical\" href=\"https:\/\/www.visit-ulcinj.com\/blog\/2013\/10\/10\/dps-ulcinj-trazimo-raspisivanje-vanrednih-lokalnih-izbora\/\" \/>\n<meta property=\"og:locale\" content=\"en_US\" \/>\n<meta property=\"og:type\" content=\"article\" \/>\n<meta property=\"og:title\" content=\"DPS Ulcinj: Tra\u017eimo raspisivanje vanrednih lokalnih izbora - Lajme nga Ulqini\" \/>\n<meta property=\"og:description\" content=\"Kao \u0161to je javnosti poznato, DPS u Ulcinju je poslednje tri godine u statusu opozicione politi\u010dke partije, jer su tako htjele pojedine politi\u010dke partije,\" \/>\n<meta property=\"og:url\" content=\"https:\/\/www.visit-ulcinj.com\/blog\/2013\/10\/10\/dps-ulcinj-trazimo-raspisivanje-vanrednih-lokalnih-izbora\/\" \/>\n<meta property=\"og:site_name\" content=\"Lajme nga Ulqini\" \/>\n<meta property=\"article:published_time\" content=\"2013-10-10T17:05:54+00:00\" \/>\n<meta property=\"article:modified_time\" content=\"2013-10-10T17:06:31+00:00\" \/>\n<meta property=\"og:image\" content=\"http:\/\/www.visit-ulcinj.com\/blog\/wp-content\/uploads\/2013\/10\/OO_DPS_ulcinj.png\" \/>\n<meta name=\"twitter:label1\" content=\"Written by\" \/>\n\t<meta name=\"twitter:data1\" content=\"ulqini\" \/>\n\t<meta name=\"twitter:label2\" content=\"Est. reading time\" \/>\n\t<meta name=\"twitter:data2\" content=\"6 minutes\" \/>\n<script type=\"application\/ld+json\" class=\"yoast-schema-graph\">{\"@context\":\"https:\/\/schema.org\",\"@graph\":[{\"@type\":\"WebSite\",\"@id\":\"https:\/\/www.visit-ulcinj.com\/blog\/#website\",\"url\":\"https:\/\/www.visit-ulcinj.com\/blog\/\",\"name\":\"Lajme nga Ulqini\",\"description\":\"Lajme,Vijesti,Ulqini,Ulqin,Crna Gora,Mali i Zi\",\"potentialAction\":[{\"@type\":\"SearchAction\",\"target\":{\"@type\":\"EntryPoint\",\"urlTemplate\":\"https:\/\/www.visit-ulcinj.com\/blog\/?s={search_term_string}\"},\"query-input\":\"required name=search_term_string\"}],\"inLanguage\":\"en-US\"},{\"@type\":\"ImageObject\",\"inLanguage\":\"en-US\",\"@id\":\"https:\/\/www.visit-ulcinj.com\/blog\/2013\/10\/10\/dps-ulcinj-trazimo-raspisivanje-vanrednih-lokalnih-izbora\/#primaryimage\",\"url\":\"https:\/\/www.visit-ulcinj.com\/blog\/wp-content\/uploads\/2013\/10\/OO_DPS_ulcinj.png\",\"contentUrl\":\"https:\/\/www.visit-ulcinj.com\/blog\/wp-content\/uploads\/2013\/10\/OO_DPS_ulcinj.png\",\"width\":299,\"height\":177},{\"@type\":\"WebPage\",\"@id\":\"https:\/\/www.visit-ulcinj.com\/blog\/2013\/10\/10\/dps-ulcinj-trazimo-raspisivanje-vanrednih-lokalnih-izbora\/#webpage\",\"url\":\"https:\/\/www.visit-ulcinj.com\/blog\/2013\/10\/10\/dps-ulcinj-trazimo-raspisivanje-vanrednih-lokalnih-izbora\/\",\"name\":\"DPS Ulcinj: Tra\u017eimo raspisivanje vanrednih lokalnih izbora - Lajme nga Ulqini\",\"isPartOf\":{\"@id\":\"https:\/\/www.visit-ulcinj.com\/blog\/#website\"},\"primaryImageOfPage\":{\"@id\":\"https:\/\/www.visit-ulcinj.com\/blog\/2013\/10\/10\/dps-ulcinj-trazimo-raspisivanje-vanrednih-lokalnih-izbora\/#primaryimage\"},\"datePublished\":\"2013-10-10T17:05:54+00:00\",\"dateModified\":\"2013-10-10T17:06:31+00:00\",\"author\":{\"@id\":\"https:\/\/www.visit-ulcinj.com\/blog\/#\/schema\/person\/dcab619c614d3038751c63bc2aadc06d\"},\"description\":\"Kao \u0161to je javnosti poznato, DPS u Ulcinju je poslednje tri godine u statusu opozicione politi\u010dke partije, jer su tako htjele pojedine politi\u010dke partije,\",\"breadcrumb\":{\"@id\":\"https:\/\/www.visit-ulcinj.com\/blog\/2013\/10\/10\/dps-ulcinj-trazimo-raspisivanje-vanrednih-lokalnih-izbora\/#breadcrumb\"},\"inLanguage\":\"en-US\",\"potentialAction\":[{\"@type\":\"ReadAction\",\"target\":[\"https:\/\/www.visit-ulcinj.com\/blog\/2013\/10\/10\/dps-ulcinj-trazimo-raspisivanje-vanrednih-lokalnih-izbora\/\"]}]},{\"@type\":\"BreadcrumbList\",\"@id\":\"https:\/\/www.visit-ulcinj.com\/blog\/2013\/10\/10\/dps-ulcinj-trazimo-raspisivanje-vanrednih-lokalnih-izbora\/#breadcrumb\",\"itemListElement\":[{\"@type\":\"ListItem\",\"position\":1,\"name\":\"DPS Ulcinj: Tra\u017eimo raspisivanje vanrednih lokalnih izbora\"}]},{\"@type\":\"Person\",\"@id\":\"https:\/\/www.visit-ulcinj.com\/blog\/#\/schema\/person\/dcab619c614d3038751c63bc2aadc06d\",\"name\":\"ulqini\",\"sameAs\":[\"http:\/\/www.visit-ulcinj.com\"],\"url\":\"https:\/\/www.visit-ulcinj.com\/blog\/author\/admin\/\"}]}<\/script>\n<!-- \/ Yoast SEO plugin. -->","yoast_head_json":{"title":"DPS Ulcinj: Tra\u017eimo raspisivanje vanrednih lokalnih izbora - Lajme nga Ulqini","description":"Kao \u0161to je javnosti poznato, DPS u Ulcinju je poslednje tri godine u statusu opozicione politi\u010dke partije, jer su tako htjele pojedine politi\u010dke partije,","robots":{"index":"index","follow":"follow","max-snippet":"max-snippet:-1","max-image-preview":"max-image-preview:large","max-video-preview":"max-video-preview:-1"},"canonical":"https:\/\/www.visit-ulcinj.com\/blog\/2013\/10\/10\/dps-ulcinj-trazimo-raspisivanje-vanrednih-lokalnih-izbora\/","og_locale":"en_US","og_type":"article","og_title":"DPS Ulcinj: Tra\u017eimo raspisivanje vanrednih lokalnih izbora - Lajme nga Ulqini","og_description":"Kao \u0161to je javnosti poznato, DPS u Ulcinju je poslednje tri godine u statusu opozicione politi\u010dke partije, jer su tako htjele pojedine politi\u010dke partije,","og_url":"https:\/\/www.visit-ulcinj.com\/blog\/2013\/10\/10\/dps-ulcinj-trazimo-raspisivanje-vanrednih-lokalnih-izbora\/","og_site_name":"Lajme nga Ulqini","article_published_time":"2013-10-10T17:05:54+00:00","article_modified_time":"2013-10-10T17:06:31+00:00","og_image":[{"url":"http:\/\/www.visit-ulcinj.com\/blog\/wp-content\/uploads\/2013\/10\/OO_DPS_ulcinj.png"}],"twitter_misc":{"Written by":"ulqini","Est. reading time":"6 minutes"},"schema":{"@context":"https:\/\/schema.org","@graph":[{"@type":"WebSite","@id":"https:\/\/www.visit-ulcinj.com\/blog\/#website","url":"https:\/\/www.visit-ulcinj.com\/blog\/","name":"Lajme nga Ulqini","description":"Lajme,Vijesti,Ulqini,Ulqin,Crna Gora,Mali i Zi","potentialAction":[{"@type":"SearchAction","target":{"@type":"EntryPoint","urlTemplate":"https:\/\/www.visit-ulcinj.com\/blog\/?s={search_term_string}"},"query-input":"required name=search_term_string"}],"inLanguage":"en-US"},{"@type":"ImageObject","inLanguage":"en-US","@id":"https:\/\/www.visit-ulcinj.com\/blog\/2013\/10\/10\/dps-ulcinj-trazimo-raspisivanje-vanrednih-lokalnih-izbora\/#primaryimage","url":"https:\/\/www.visit-ulcinj.com\/blog\/wp-content\/uploads\/2013\/10\/OO_DPS_ulcinj.png","contentUrl":"https:\/\/www.visit-ulcinj.com\/blog\/wp-content\/uploads\/2013\/10\/OO_DPS_ulcinj.png","width":299,"height":177},{"@type":"WebPage","@id":"https:\/\/www.visit-ulcinj.com\/blog\/2013\/10\/10\/dps-ulcinj-trazimo-raspisivanje-vanrednih-lokalnih-izbora\/#webpage","url":"https:\/\/www.visit-ulcinj.com\/blog\/2013\/10\/10\/dps-ulcinj-trazimo-raspisivanje-vanrednih-lokalnih-izbora\/","name":"DPS Ulcinj: Tra\u017eimo raspisivanje vanrednih lokalnih izbora - Lajme nga Ulqini","isPartOf":{"@id":"https:\/\/www.visit-ulcinj.com\/blog\/#website"},"primaryImageOfPage":{"@id":"https:\/\/www.visit-ulcinj.com\/blog\/2013\/10\/10\/dps-ulcinj-trazimo-raspisivanje-vanrednih-lokalnih-izbora\/#primaryimage"},"datePublished":"2013-10-10T17:05:54+00:00","dateModified":"2013-10-10T17:06:31+00:00","author":{"@id":"https:\/\/www.visit-ulcinj.com\/blog\/#\/schema\/person\/dcab619c614d3038751c63bc2aadc06d"},"description":"Kao \u0161to je javnosti poznato, DPS u Ulcinju je poslednje tri godine u statusu opozicione politi\u010dke partije, jer su tako htjele pojedine politi\u010dke partije,","breadcrumb":{"@id":"https:\/\/www.visit-ulcinj.com\/blog\/2013\/10\/10\/dps-ulcinj-trazimo-raspisivanje-vanrednih-lokalnih-izbora\/#breadcrumb"},"inLanguage":"en-US","potentialAction":[{"@type":"ReadAction","target":["https:\/\/www.visit-ulcinj.com\/blog\/2013\/10\/10\/dps-ulcinj-trazimo-raspisivanje-vanrednih-lokalnih-izbora\/"]}]},{"@type":"BreadcrumbList","@id":"https:\/\/www.visit-ulcinj.com\/blog\/2013\/10\/10\/dps-ulcinj-trazimo-raspisivanje-vanrednih-lokalnih-izbora\/#breadcrumb","itemListElement":[{"@type":"ListItem","position":1,"name":"DPS Ulcinj: Tra\u017eimo raspisivanje vanrednih lokalnih izbora"}]},{"@type":"Person","@id":"https:\/\/www.visit-ulcinj.com\/blog\/#\/schema\/person\/dcab619c614d3038751c63bc2aadc06d","name":"ulqini","sameAs":["http:\/\/www.visit-ulcinj.com"],"url":"https:\/\/www.visit-ulcinj.com\/blog\/author\/admin\/"}]}},"jetpack_featured_media_url":"","jetpack_sharing_enabled":true,"jetpack_shortlink":"https:\/\/wp.me\/pe6lTn-jz8","_links":{"self":[{"href":"https:\/\/www.visit-ulcinj.com\/blog\/wp-json\/wp\/v2\/posts\/75214"}],"collection":[{"href":"https:\/\/www.visit-ulcinj.com\/blog\/wp-json\/wp\/v2\/posts"}],"about":[{"href":"https:\/\/www.visit-ulcinj.com\/blog\/wp-json\/wp\/v2\/types\/post"}],"author":[{"embeddable":true,"href":"https:\/\/www.visit-ulcinj.com\/blog\/wp-json\/wp\/v2\/users\/1"}],"replies":[{"embeddable":true,"href":"https:\/\/www.visit-ulcinj.com\/blog\/wp-json\/wp\/v2\/comments?post=75214"}],"version-history":[{"count":2,"href":"https:\/\/www.visit-ulcinj.com\/blog\/wp-json\/wp\/v2\/posts\/75214\/revisions"}],"predecessor-version":[{"id":75217,"href":"https:\/\/www.visit-ulcinj.com\/blog\/wp-json\/wp\/v2\/posts\/75214\/revisions\/75217"}],"wp:attachment":[{"href":"https:\/\/www.visit-ulcinj.com\/blog\/wp-json\/wp\/v2\/media?parent=75214"}],"wp:term":[{"taxonomy":"category","embeddable":true,"href":"https:\/\/www.visit-ulcinj.com\/blog\/wp-json\/wp\/v2\/categories?post=75214"},{"taxonomy":"post_tag","embeddable":true,"href":"https:\/\/www.visit-ulcinj.com\/blog\/wp-json\/wp\/v2\/tags?post=75214"}],"curies":[{"name":"wp","href":"https:\/\/api.w.org\/{rel}","templated":true}]}}