{"id":75218,"date":"2013-10-10T19:04:26","date_gmt":"2013-10-10T18:04:26","guid":{"rendered":"http:\/\/www.visit-ulcinj.com\/blog\/?p=75218"},"modified":"2013-10-10T19:04:26","modified_gmt":"2013-10-10T18:04:26","slug":"abazovic-sdp-da-konacno-raskine-koaliciju-sa-dps","status":"publish","type":"post","link":"https:\/\/www.visit-ulcinj.com\/blog\/2013\/10\/10\/abazovic-sdp-da-konacno-raskine-koaliciju-sa-dps\/","title":{"rendered":"Abazovi\u0107: SDP da kona\u010dno raskine koaliciju sa DPS"},"content":{"rendered":"<p><a href=\"http:\/\/www.visit-ulcinj.com\/blog\/wp-content\/uploads\/2013\/10\/Dritan-Abazovic1.jpg\"><img loading=\"lazy\" class=\"alignleft  wp-image-75219\" alt=\"Dritan-Abazovic\" src=\"http:\/\/www.visit-ulcinj.com\/blog\/wp-content\/uploads\/2013\/10\/Dritan-Abazovic1.jpg\" width=\"508\" height=\"360\" \/><\/a>&#8220;Ako se Krivokapi\u0107 ne sla\u017ee sa politikom Vlade, SDP mo\u017ee i treba da iza\u0111e iz te Vlade odmah&#8221;<\/p>\n<p>Socijaldemokratska partija (SDP) bi kona\u010dno trebala da sa rije\u010di pre\u0111e na djelo i raskine koaliciju sa Demokratskom partijom socijalista (DPS), koja je Crnu Goru dovela na rub ekonomske propasti, smatra poslanik Pozitivne Crne Gore Dritan Abazovi\u0107.<\/p>\n<p>On je ocijenio da je sukob SDP-a i DPS-a, samo medijska predstava i da bi socijaldemokrate umjesto \u0161to, kako je rekao, pune medijske stranice navodnim neslaganjem sa svojim stvarnim \u0161efom (Milom) \u0110ukanovi\u0107em, mogli kona\u010dno sa rije\u010di da pre\u0111u na djelo.<\/p>\n<p>&#8220;I raskinu koaliciju koja je Crnu Goru dovela na rub ekonomske propasti&#8221;, rekao je Abazovi\u0107 agenciji MINA.<\/p>\n<p>Abazovi\u0107 je rekao da sumnja da postoje neslaganja izme\u0111u SDP-a i DPS-a i poru\u010dio da postoji jednostavno i moralno jedino ispravno rje\u0161enje.<\/p>\n<p>&#8220;Ako se (Ranko) Krivokapi\u0107 ne sla\u017ee sa politikom Vlade, SDP mo\u017ee i treba da iza\u0111e iz te Vlade odmah.<\/p>\n<p>U protivnom, o\u010digledno da se radi o jo\u0161 jednoj piramidalnoj prevari u kojoj je on gazda Jezda crnogorske demokratije, koji uvijek na kraju poma\u017ee DPS&#8221;, rekao je Abazovi\u0107.<\/p>\n<p>On ne o\u010dekuje da \u0107e do\u0107i do raskida vladaju\u0107e koalicije.<\/p>\n<p>&#8220;Nemam nikakvu dilemu da su stalna prepucavanja na relaciji SDP-DPS samo nastavak politi\u010dke sapunice u kojoj besmrtna ljubav, nakon mnogih dramskih zaokreta, zavr\u0161ava sre\u0107nim krajem.<\/p>\n<p>I sve to na \u0161tetu gra\u0111ana Crne Gore kojima je nada u \u010dudo zvano koalicioni rastanak, sve \u0161to im ova vlast nudi&#8221;, kazao je Abazovi\u0107.<\/p>\n<p><strong>Mina<\/strong><\/p>\n<p><strong>Vijesti Online<\/strong><\/p>\n<p>&nbsp;<\/p>\n","protected":false},"excerpt":{"rendered":"<p>&#8220;Ako se Krivokapi\u0107 ne sla\u017ee sa politikom Vlade, SDP mo\u017ee i treba da iza\u0111e iz te Vlade odmah&#8221; Socijaldemokratska partija (SDP) bi kona\u010dno trebala da sa rije\u010di pre\u0111e na djelo i raskine koaliciju sa Demokratskom partijom socijalista (DPS), koja je Crnu Goru dovela na rub ekonomske propasti, smatra poslanik Pozitivne Crne Gore Dritan Abazovi\u0107. On [&hellip;]<\/p>\n","protected":false},"author":1,"featured_media":0,"comment_status":"closed","ping_status":"closed","sticky":false,"template":"","format":"standard","meta":{"spay_email":"","jetpack_publicize_message":"","jetpack_is_tweetstorm":false,"jetpack_publicize_feature_enabled":true},"categories":[6950],"tags":[],"jetpack_publicize_connections":[],"yoast_head":"<!-- This site is optimized with the Yoast SEO plugin v19.1 - https:\/\/yoast.com\/wordpress\/plugins\/seo\/ -->\n<title>Abazovi\u0107: SDP da kona\u010dno raskine koaliciju sa DPS - Lajme nga Ulqini<\/title>\n<meta name=\"description\" content=\"&quot;Ako se Krivokapi\u0107 ne sla\u017ee sa politikom Vlade, SDP mo\u017ee i treba da iza\u0111e iz te Vlade odmah&quot; Socijaldemokratska partija (SDP) bi kona\u010dno trebala da sa\" \/>\n<meta name=\"robots\" content=\"index, follow, max-snippet:-1, max-image-preview:large, max-video-preview:-1\" \/>\n<link rel=\"canonical\" href=\"https:\/\/www.visit-ulcinj.com\/blog\/2013\/10\/10\/abazovic-sdp-da-konacno-raskine-koaliciju-sa-dps\/\" \/>\n<meta property=\"og:locale\" content=\"en_US\" \/>\n<meta property=\"og:type\" content=\"article\" \/>\n<meta property=\"og:title\" content=\"Abazovi\u0107: SDP da kona\u010dno raskine koaliciju sa DPS - Lajme nga Ulqini\" \/>\n<meta property=\"og:description\" content=\"&quot;Ako se Krivokapi\u0107 ne sla\u017ee sa politikom Vlade, SDP mo\u017ee i treba da iza\u0111e iz te Vlade odmah&quot; Socijaldemokratska partija (SDP) bi kona\u010dno trebala da sa\" \/>\n<meta property=\"og:url\" content=\"https:\/\/www.visit-ulcinj.com\/blog\/2013\/10\/10\/abazovic-sdp-da-konacno-raskine-koaliciju-sa-dps\/\" \/>\n<meta property=\"og:site_name\" content=\"Lajme nga Ulqini\" \/>\n<meta property=\"article:published_time\" content=\"2013-10-10T18:04:26+00:00\" \/>\n<meta property=\"og:image\" content=\"http:\/\/www.visit-ulcinj.com\/blog\/wp-content\/uploads\/2013\/10\/Dritan-Abazovic1.jpg\" \/>\n<meta name=\"twitter:label1\" content=\"Written by\" \/>\n\t<meta name=\"twitter:data1\" content=\"ulqini\" \/>\n\t<meta name=\"twitter:label2\" content=\"Est. reading time\" \/>\n\t<meta name=\"twitter:data2\" content=\"1 minute\" \/>\n<script type=\"application\/ld+json\" class=\"yoast-schema-graph\">{\"@context\":\"https:\/\/schema.org\",\"@graph\":[{\"@type\":\"WebSite\",\"@id\":\"https:\/\/www.visit-ulcinj.com\/blog\/#website\",\"url\":\"https:\/\/www.visit-ulcinj.com\/blog\/\",\"name\":\"Lajme nga Ulqini\",\"description\":\"Lajme,Vijesti,Ulqini,Ulqin,Crna Gora,Mali i Zi\",\"potentialAction\":[{\"@type\":\"SearchAction\",\"target\":{\"@type\":\"EntryPoint\",\"urlTemplate\":\"https:\/\/www.visit-ulcinj.com\/blog\/?s={search_term_string}\"},\"query-input\":\"required name=search_term_string\"}],\"inLanguage\":\"en-US\"},{\"@type\":\"ImageObject\",\"inLanguage\":\"en-US\",\"@id\":\"https:\/\/www.visit-ulcinj.com\/blog\/2013\/10\/10\/abazovic-sdp-da-konacno-raskine-koaliciju-sa-dps\/#primaryimage\",\"url\":\"https:\/\/www.visit-ulcinj.com\/blog\/wp-content\/uploads\/2013\/10\/Dritan-Abazovic1.jpg\",\"contentUrl\":\"https:\/\/www.visit-ulcinj.com\/blog\/wp-content\/uploads\/2013\/10\/Dritan-Abazovic1.jpg\",\"width\":921,\"height\":750},{\"@type\":\"WebPage\",\"@id\":\"https:\/\/www.visit-ulcinj.com\/blog\/2013\/10\/10\/abazovic-sdp-da-konacno-raskine-koaliciju-sa-dps\/#webpage\",\"url\":\"https:\/\/www.visit-ulcinj.com\/blog\/2013\/10\/10\/abazovic-sdp-da-konacno-raskine-koaliciju-sa-dps\/\",\"name\":\"Abazovi\u0107: SDP da kona\u010dno raskine koaliciju sa DPS - Lajme nga Ulqini\",\"isPartOf\":{\"@id\":\"https:\/\/www.visit-ulcinj.com\/blog\/#website\"},\"primaryImageOfPage\":{\"@id\":\"https:\/\/www.visit-ulcinj.com\/blog\/2013\/10\/10\/abazovic-sdp-da-konacno-raskine-koaliciju-sa-dps\/#primaryimage\"},\"datePublished\":\"2013-10-10T18:04:26+00:00\",\"dateModified\":\"2013-10-10T18:04:26+00:00\",\"author\":{\"@id\":\"https:\/\/www.visit-ulcinj.com\/blog\/#\/schema\/person\/dcab619c614d3038751c63bc2aadc06d\"},\"description\":\"\\\"Ako se Krivokapi\u0107 ne sla\u017ee sa politikom Vlade, SDP mo\u017ee i treba da iza\u0111e iz te Vlade odmah\\\" Socijaldemokratska partija (SDP) bi kona\u010dno trebala da sa\",\"breadcrumb\":{\"@id\":\"https:\/\/www.visit-ulcinj.com\/blog\/2013\/10\/10\/abazovic-sdp-da-konacno-raskine-koaliciju-sa-dps\/#breadcrumb\"},\"inLanguage\":\"en-US\",\"potentialAction\":[{\"@type\":\"ReadAction\",\"target\":[\"https:\/\/www.visit-ulcinj.com\/blog\/2013\/10\/10\/abazovic-sdp-da-konacno-raskine-koaliciju-sa-dps\/\"]}]},{\"@type\":\"BreadcrumbList\",\"@id\":\"https:\/\/www.visit-ulcinj.com\/blog\/2013\/10\/10\/abazovic-sdp-da-konacno-raskine-koaliciju-sa-dps\/#breadcrumb\",\"itemListElement\":[{\"@type\":\"ListItem\",\"position\":1,\"name\":\"Abazovi\u0107: SDP da kona\u010dno raskine koaliciju sa DPS\"}]},{\"@type\":\"Person\",\"@id\":\"https:\/\/www.visit-ulcinj.com\/blog\/#\/schema\/person\/dcab619c614d3038751c63bc2aadc06d\",\"name\":\"ulqini\",\"sameAs\":[\"http:\/\/www.visit-ulcinj.com\"],\"url\":\"https:\/\/www.visit-ulcinj.com\/blog\/author\/admin\/\"}]}<\/script>\n<!-- \/ Yoast SEO plugin. -->","yoast_head_json":{"title":"Abazovi\u0107: SDP da kona\u010dno raskine koaliciju sa DPS - Lajme nga Ulqini","description":"\"Ako se Krivokapi\u0107 ne sla\u017ee sa politikom Vlade, SDP mo\u017ee i treba da iza\u0111e iz te Vlade odmah\" Socijaldemokratska partija (SDP) bi kona\u010dno trebala da sa","robots":{"index":"index","follow":"follow","max-snippet":"max-snippet:-1","max-image-preview":"max-image-preview:large","max-video-preview":"max-video-preview:-1"},"canonical":"https:\/\/www.visit-ulcinj.com\/blog\/2013\/10\/10\/abazovic-sdp-da-konacno-raskine-koaliciju-sa-dps\/","og_locale":"en_US","og_type":"article","og_title":"Abazovi\u0107: SDP da kona\u010dno raskine koaliciju sa DPS - Lajme nga Ulqini","og_description":"\"Ako se Krivokapi\u0107 ne sla\u017ee sa politikom Vlade, SDP mo\u017ee i treba da iza\u0111e iz te Vlade odmah\" Socijaldemokratska partija (SDP) bi kona\u010dno trebala da sa","og_url":"https:\/\/www.visit-ulcinj.com\/blog\/2013\/10\/10\/abazovic-sdp-da-konacno-raskine-koaliciju-sa-dps\/","og_site_name":"Lajme nga Ulqini","article_published_time":"2013-10-10T18:04:26+00:00","og_image":[{"url":"http:\/\/www.visit-ulcinj.com\/blog\/wp-content\/uploads\/2013\/10\/Dritan-Abazovic1.jpg"}],"twitter_misc":{"Written by":"ulqini","Est. reading time":"1 minute"},"schema":{"@context":"https:\/\/schema.org","@graph":[{"@type":"WebSite","@id":"https:\/\/www.visit-ulcinj.com\/blog\/#website","url":"https:\/\/www.visit-ulcinj.com\/blog\/","name":"Lajme nga Ulqini","description":"Lajme,Vijesti,Ulqini,Ulqin,Crna Gora,Mali i Zi","potentialAction":[{"@type":"SearchAction","target":{"@type":"EntryPoint","urlTemplate":"https:\/\/www.visit-ulcinj.com\/blog\/?s={search_term_string}"},"query-input":"required name=search_term_string"}],"inLanguage":"en-US"},{"@type":"ImageObject","inLanguage":"en-US","@id":"https:\/\/www.visit-ulcinj.com\/blog\/2013\/10\/10\/abazovic-sdp-da-konacno-raskine-koaliciju-sa-dps\/#primaryimage","url":"https:\/\/www.visit-ulcinj.com\/blog\/wp-content\/uploads\/2013\/10\/Dritan-Abazovic1.jpg","contentUrl":"https:\/\/www.visit-ulcinj.com\/blog\/wp-content\/uploads\/2013\/10\/Dritan-Abazovic1.jpg","width":921,"height":750},{"@type":"WebPage","@id":"https:\/\/www.visit-ulcinj.com\/blog\/2013\/10\/10\/abazovic-sdp-da-konacno-raskine-koaliciju-sa-dps\/#webpage","url":"https:\/\/www.visit-ulcinj.com\/blog\/2013\/10\/10\/abazovic-sdp-da-konacno-raskine-koaliciju-sa-dps\/","name":"Abazovi\u0107: SDP da kona\u010dno raskine koaliciju sa DPS - Lajme nga Ulqini","isPartOf":{"@id":"https:\/\/www.visit-ulcinj.com\/blog\/#website"},"primaryImageOfPage":{"@id":"https:\/\/www.visit-ulcinj.com\/blog\/2013\/10\/10\/abazovic-sdp-da-konacno-raskine-koaliciju-sa-dps\/#primaryimage"},"datePublished":"2013-10-10T18:04:26+00:00","dateModified":"2013-10-10T18:04:26+00:00","author":{"@id":"https:\/\/www.visit-ulcinj.com\/blog\/#\/schema\/person\/dcab619c614d3038751c63bc2aadc06d"},"description":"\"Ako se Krivokapi\u0107 ne sla\u017ee sa politikom Vlade, SDP mo\u017ee i treba da iza\u0111e iz te Vlade odmah\" Socijaldemokratska partija (SDP) bi kona\u010dno trebala da sa","breadcrumb":{"@id":"https:\/\/www.visit-ulcinj.com\/blog\/2013\/10\/10\/abazovic-sdp-da-konacno-raskine-koaliciju-sa-dps\/#breadcrumb"},"inLanguage":"en-US","potentialAction":[{"@type":"ReadAction","target":["https:\/\/www.visit-ulcinj.com\/blog\/2013\/10\/10\/abazovic-sdp-da-konacno-raskine-koaliciju-sa-dps\/"]}]},{"@type":"BreadcrumbList","@id":"https:\/\/www.visit-ulcinj.com\/blog\/2013\/10\/10\/abazovic-sdp-da-konacno-raskine-koaliciju-sa-dps\/#breadcrumb","itemListElement":[{"@type":"ListItem","position":1,"name":"Abazovi\u0107: SDP da kona\u010dno raskine koaliciju sa DPS"}]},{"@type":"Person","@id":"https:\/\/www.visit-ulcinj.com\/blog\/#\/schema\/person\/dcab619c614d3038751c63bc2aadc06d","name":"ulqini","sameAs":["http:\/\/www.visit-ulcinj.com"],"url":"https:\/\/www.visit-ulcinj.com\/blog\/author\/admin\/"}]}},"jetpack_featured_media_url":"","jetpack_sharing_enabled":true,"jetpack_shortlink":"https:\/\/wp.me\/pe6lTn-jzc","_links":{"self":[{"href":"https:\/\/www.visit-ulcinj.com\/blog\/wp-json\/wp\/v2\/posts\/75218"}],"collection":[{"href":"https:\/\/www.visit-ulcinj.com\/blog\/wp-json\/wp\/v2\/posts"}],"about":[{"href":"https:\/\/www.visit-ulcinj.com\/blog\/wp-json\/wp\/v2\/types\/post"}],"author":[{"embeddable":true,"href":"https:\/\/www.visit-ulcinj.com\/blog\/wp-json\/wp\/v2\/users\/1"}],"replies":[{"embeddable":true,"href":"https:\/\/www.visit-ulcinj.com\/blog\/wp-json\/wp\/v2\/comments?post=75218"}],"version-history":[{"count":1,"href":"https:\/\/www.visit-ulcinj.com\/blog\/wp-json\/wp\/v2\/posts\/75218\/revisions"}],"predecessor-version":[{"id":75220,"href":"https:\/\/www.visit-ulcinj.com\/blog\/wp-json\/wp\/v2\/posts\/75218\/revisions\/75220"}],"wp:attachment":[{"href":"https:\/\/www.visit-ulcinj.com\/blog\/wp-json\/wp\/v2\/media?parent=75218"}],"wp:term":[{"taxonomy":"category","embeddable":true,"href":"https:\/\/www.visit-ulcinj.com\/blog\/wp-json\/wp\/v2\/categories?post=75218"},{"taxonomy":"post_tag","embeddable":true,"href":"https:\/\/www.visit-ulcinj.com\/blog\/wp-json\/wp\/v2\/tags?post=75218"}],"curies":[{"name":"wp","href":"https:\/\/api.w.org\/{rel}","templated":true}]}}