{"id":75226,"date":"2013-10-10T19:29:36","date_gmt":"2013-10-10T18:29:36","guid":{"rendered":"http:\/\/www.visit-ulcinj.com\/blog\/?p=75226"},"modified":"2013-10-10T19:32:34","modified_gmt":"2013-10-10T18:32:34","slug":"ditet-e-poezise-shqipe-shas-ulqin-2013","status":"publish","type":"post","link":"https:\/\/www.visit-ulcinj.com\/blog\/2013\/10\/10\/ditet-e-poezise-shqipe-shas-ulqin-2013\/","title":{"rendered":"Dit\u00ebt e poezis\u00eb shqipe \u2013 Shas \u2013 Ulqin 2013 &#8211; Video"},"content":{"rendered":"<p><strong><a href=\"http:\/\/www.visit-ulcinj.com\/blog\/wp-content\/uploads\/2013\/10\/Dit\u00ebt-e-poezis\u00eb-shqipe-\u2013-Shas-\u2013-Ulqin-2013.jpg\"><img loading=\"lazy\" class=\"alignleft  wp-image-75227\" alt=\"Dit\u00ebt e poezis\u00eb shqipe \u2013 Shas \u2013 Ulqin 2013\" src=\"http:\/\/www.visit-ulcinj.com\/blog\/wp-content\/uploads\/2013\/10\/Dit\u00ebt-e-poezis\u00eb-shqipe-\u2013-Shas-\u2013-Ulqin-2013.jpg\" width=\"508\" height=\"400\" \/><\/a>Manifestim kulturor n\u00eb Shas<\/strong><\/p>\n<p>Pasnes\u00ebr n\u00eb Shas t\u00eb Ulqinit do t\u00eb mbahet manifestimi i 11 me radh\u00eb tradicional letrar \u201cDit\u00ebt e poezis\u00eb shqipe \u2013 Shas \u2013 Ulqin 2013\u201d Kjo ngjarje kulturore organizohet nga OJQ ,,Harmonia,,.<\/p>\n<p>Kryetari i saj poeti dhe gazetari Ibrahim Berjashi\u00a0 thot\u00eb se n\u00eb k\u00ebt\u00eb manifestim do t\u00eb marrin pjes\u00eb poet\u00eb , shkrimtar, publicist\u00eb dhe artist\u00eb nga Shqip\u00ebria, Kosova dhe Mali i Zi. Sipas fjal\u00ebve t\u00eb Berjashit i ftuari special i k\u00ebtij manifestimi t\u00eb cilin e ka mb\u00ebshtetur financiarisht Fondi p\u00ebr mbrojtjen dhe realizim e t\u00eb drejtave t\u00eb pakicave t\u00eb Malit t\u00eb Zi, \u00ebsht\u00eb poeti dhe prozatori i mir\u00ebnjohur kosovar\u00eb Ibrahim Kadriu.<\/p>\n<p><strong>RTCG<\/strong><br \/>\n<iframe loading=\"lazy\" width=\"508\" height=\"360\" src=\"\/\/www.youtube.com\/embed\/8D9EeCvhspY\" frameborder=\"0\" allowfullscreen><\/iframe><\/p>\n","protected":false},"excerpt":{"rendered":"<p>Manifestim kulturor n\u00eb Shas Pasnes\u00ebr n\u00eb Shas t\u00eb Ulqinit do t\u00eb mbahet manifestimi i 11 me radh\u00eb tradicional letrar \u201cDit\u00ebt e poezis\u00eb shqipe \u2013 Shas \u2013 Ulqin 2013\u201d Kjo ngjarje kulturore organizohet nga OJQ ,,Harmonia,,. Kryetari i saj poeti dhe gazetari Ibrahim Berjashi\u00a0 thot\u00eb se n\u00eb k\u00ebt\u00eb manifestim do t\u00eb marrin pjes\u00eb poet\u00eb , shkrimtar, [&hellip;]<\/p>\n","protected":false},"author":1,"featured_media":0,"comment_status":"closed","ping_status":"closed","sticky":false,"template":"","format":"standard","meta":{"spay_email":"","jetpack_publicize_message":"","jetpack_is_tweetstorm":false,"jetpack_publicize_feature_enabled":true},"categories":[4],"tags":[],"jetpack_publicize_connections":[],"yoast_head":"<!-- This site is optimized with the Yoast SEO plugin v19.1 - https:\/\/yoast.com\/wordpress\/plugins\/seo\/ -->\n<title>Dit\u00ebt e poezis\u00eb shqipe \u2013 Shas \u2013 Ulqin 2013 - Video - Lajme nga Ulqini<\/title>\n<meta name=\"description\" content=\"Manifestim kulturor n\u00eb Shas Pasnes\u00ebr n\u00eb Shas t\u00eb Ulqinit do t\u00eb mbahet manifestimi i 11 me radh\u00eb tradicional letrar \u201cDit\u00ebt e poezis\u00eb shqipe \u2013 Shas \u2013 Ulqin\" \/>\n<meta name=\"robots\" content=\"index, follow, max-snippet:-1, max-image-preview:large, max-video-preview:-1\" \/>\n<link rel=\"canonical\" href=\"https:\/\/www.visit-ulcinj.com\/blog\/2013\/10\/10\/ditet-e-poezise-shqipe-shas-ulqin-2013\/\" \/>\n<meta property=\"og:locale\" content=\"en_US\" \/>\n<meta property=\"og:type\" content=\"article\" \/>\n<meta property=\"og:title\" content=\"Dit\u00ebt e poezis\u00eb shqipe \u2013 Shas \u2013 Ulqin 2013 - Video - Lajme nga Ulqini\" \/>\n<meta property=\"og:description\" content=\"Manifestim kulturor n\u00eb Shas Pasnes\u00ebr n\u00eb Shas t\u00eb Ulqinit do t\u00eb mbahet manifestimi i 11 me radh\u00eb tradicional letrar \u201cDit\u00ebt e poezis\u00eb shqipe \u2013 Shas \u2013 Ulqin\" \/>\n<meta property=\"og:url\" content=\"https:\/\/www.visit-ulcinj.com\/blog\/2013\/10\/10\/ditet-e-poezise-shqipe-shas-ulqin-2013\/\" \/>\n<meta property=\"og:site_name\" content=\"Lajme nga Ulqini\" \/>\n<meta property=\"article:published_time\" content=\"2013-10-10T18:29:36+00:00\" \/>\n<meta property=\"article:modified_time\" content=\"2013-10-10T18:32:34+00:00\" \/>\n<meta name=\"twitter:label1\" content=\"Written by\" \/>\n\t<meta name=\"twitter:data1\" content=\"ulqini\" \/>\n\t<meta name=\"twitter:label2\" content=\"Est. reading time\" \/>\n\t<meta name=\"twitter:data2\" content=\"1 minute\" \/>\n<script type=\"application\/ld+json\" class=\"yoast-schema-graph\">{\"@context\":\"https:\/\/schema.org\",\"@graph\":[{\"@type\":\"WebSite\",\"@id\":\"https:\/\/www.visit-ulcinj.com\/blog\/#website\",\"url\":\"https:\/\/www.visit-ulcinj.com\/blog\/\",\"name\":\"Lajme nga Ulqini\",\"description\":\"Lajme,Vijesti,Ulqini,Ulqin,Crna Gora,Mali i Zi\",\"potentialAction\":[{\"@type\":\"SearchAction\",\"target\":{\"@type\":\"EntryPoint\",\"urlTemplate\":\"https:\/\/www.visit-ulcinj.com\/blog\/?s={search_term_string}\"},\"query-input\":\"required name=search_term_string\"}],\"inLanguage\":\"en-US\"},{\"@type\":\"WebPage\",\"@id\":\"https:\/\/www.visit-ulcinj.com\/blog\/2013\/10\/10\/ditet-e-poezise-shqipe-shas-ulqin-2013\/#webpage\",\"url\":\"https:\/\/www.visit-ulcinj.com\/blog\/2013\/10\/10\/ditet-e-poezise-shqipe-shas-ulqin-2013\/\",\"name\":\"Dit\u00ebt e poezis\u00eb shqipe \u2013 Shas \u2013 Ulqin 2013 - Video - Lajme nga Ulqini\",\"isPartOf\":{\"@id\":\"https:\/\/www.visit-ulcinj.com\/blog\/#website\"},\"datePublished\":\"2013-10-10T18:29:36+00:00\",\"dateModified\":\"2013-10-10T18:32:34+00:00\",\"author\":{\"@id\":\"https:\/\/www.visit-ulcinj.com\/blog\/#\/schema\/person\/dcab619c614d3038751c63bc2aadc06d\"},\"description\":\"Manifestim kulturor n\u00eb Shas Pasnes\u00ebr n\u00eb Shas t\u00eb Ulqinit do t\u00eb mbahet manifestimi i 11 me radh\u00eb tradicional letrar \u201cDit\u00ebt e poezis\u00eb shqipe \u2013 Shas \u2013 Ulqin\",\"breadcrumb\":{\"@id\":\"https:\/\/www.visit-ulcinj.com\/blog\/2013\/10\/10\/ditet-e-poezise-shqipe-shas-ulqin-2013\/#breadcrumb\"},\"inLanguage\":\"en-US\",\"potentialAction\":[{\"@type\":\"ReadAction\",\"target\":[\"https:\/\/www.visit-ulcinj.com\/blog\/2013\/10\/10\/ditet-e-poezise-shqipe-shas-ulqin-2013\/\"]}]},{\"@type\":\"BreadcrumbList\",\"@id\":\"https:\/\/www.visit-ulcinj.com\/blog\/2013\/10\/10\/ditet-e-poezise-shqipe-shas-ulqin-2013\/#breadcrumb\",\"itemListElement\":[{\"@type\":\"ListItem\",\"position\":1,\"name\":\"Dit\u00ebt e poezis\u00eb shqipe \u2013 Shas \u2013 Ulqin 2013 &#8211; Video\"}]},{\"@type\":\"Person\",\"@id\":\"https:\/\/www.visit-ulcinj.com\/blog\/#\/schema\/person\/dcab619c614d3038751c63bc2aadc06d\",\"name\":\"ulqini\",\"sameAs\":[\"http:\/\/www.visit-ulcinj.com\"],\"url\":\"https:\/\/www.visit-ulcinj.com\/blog\/author\/admin\/\"}]}<\/script>\n<!-- \/ Yoast SEO plugin. -->","yoast_head_json":{"title":"Dit\u00ebt e poezis\u00eb shqipe \u2013 Shas \u2013 Ulqin 2013 - Video - Lajme nga Ulqini","description":"Manifestim kulturor n\u00eb Shas Pasnes\u00ebr n\u00eb Shas t\u00eb Ulqinit do t\u00eb mbahet manifestimi i 11 me radh\u00eb tradicional letrar \u201cDit\u00ebt e poezis\u00eb shqipe \u2013 Shas \u2013 Ulqin","robots":{"index":"index","follow":"follow","max-snippet":"max-snippet:-1","max-image-preview":"max-image-preview:large","max-video-preview":"max-video-preview:-1"},"canonical":"https:\/\/www.visit-ulcinj.com\/blog\/2013\/10\/10\/ditet-e-poezise-shqipe-shas-ulqin-2013\/","og_locale":"en_US","og_type":"article","og_title":"Dit\u00ebt e poezis\u00eb shqipe \u2013 Shas \u2013 Ulqin 2013 - Video - Lajme nga Ulqini","og_description":"Manifestim kulturor n\u00eb Shas Pasnes\u00ebr n\u00eb Shas t\u00eb Ulqinit do t\u00eb mbahet manifestimi i 11 me radh\u00eb tradicional letrar \u201cDit\u00ebt e poezis\u00eb shqipe \u2013 Shas \u2013 Ulqin","og_url":"https:\/\/www.visit-ulcinj.com\/blog\/2013\/10\/10\/ditet-e-poezise-shqipe-shas-ulqin-2013\/","og_site_name":"Lajme nga Ulqini","article_published_time":"2013-10-10T18:29:36+00:00","article_modified_time":"2013-10-10T18:32:34+00:00","twitter_misc":{"Written by":"ulqini","Est. reading time":"1 minute"},"schema":{"@context":"https:\/\/schema.org","@graph":[{"@type":"WebSite","@id":"https:\/\/www.visit-ulcinj.com\/blog\/#website","url":"https:\/\/www.visit-ulcinj.com\/blog\/","name":"Lajme nga Ulqini","description":"Lajme,Vijesti,Ulqini,Ulqin,Crna Gora,Mali i Zi","potentialAction":[{"@type":"SearchAction","target":{"@type":"EntryPoint","urlTemplate":"https:\/\/www.visit-ulcinj.com\/blog\/?s={search_term_string}"},"query-input":"required name=search_term_string"}],"inLanguage":"en-US"},{"@type":"WebPage","@id":"https:\/\/www.visit-ulcinj.com\/blog\/2013\/10\/10\/ditet-e-poezise-shqipe-shas-ulqin-2013\/#webpage","url":"https:\/\/www.visit-ulcinj.com\/blog\/2013\/10\/10\/ditet-e-poezise-shqipe-shas-ulqin-2013\/","name":"Dit\u00ebt e poezis\u00eb shqipe \u2013 Shas \u2013 Ulqin 2013 - Video - Lajme nga Ulqini","isPartOf":{"@id":"https:\/\/www.visit-ulcinj.com\/blog\/#website"},"datePublished":"2013-10-10T18:29:36+00:00","dateModified":"2013-10-10T18:32:34+00:00","author":{"@id":"https:\/\/www.visit-ulcinj.com\/blog\/#\/schema\/person\/dcab619c614d3038751c63bc2aadc06d"},"description":"Manifestim kulturor n\u00eb Shas Pasnes\u00ebr n\u00eb Shas t\u00eb Ulqinit do t\u00eb mbahet manifestimi i 11 me radh\u00eb tradicional letrar \u201cDit\u00ebt e poezis\u00eb shqipe \u2013 Shas \u2013 Ulqin","breadcrumb":{"@id":"https:\/\/www.visit-ulcinj.com\/blog\/2013\/10\/10\/ditet-e-poezise-shqipe-shas-ulqin-2013\/#breadcrumb"},"inLanguage":"en-US","potentialAction":[{"@type":"ReadAction","target":["https:\/\/www.visit-ulcinj.com\/blog\/2013\/10\/10\/ditet-e-poezise-shqipe-shas-ulqin-2013\/"]}]},{"@type":"BreadcrumbList","@id":"https:\/\/www.visit-ulcinj.com\/blog\/2013\/10\/10\/ditet-e-poezise-shqipe-shas-ulqin-2013\/#breadcrumb","itemListElement":[{"@type":"ListItem","position":1,"name":"Dit\u00ebt e poezis\u00eb shqipe \u2013 Shas \u2013 Ulqin 2013 &#8211; Video"}]},{"@type":"Person","@id":"https:\/\/www.visit-ulcinj.com\/blog\/#\/schema\/person\/dcab619c614d3038751c63bc2aadc06d","name":"ulqini","sameAs":["http:\/\/www.visit-ulcinj.com"],"url":"https:\/\/www.visit-ulcinj.com\/blog\/author\/admin\/"}]}},"jetpack_featured_media_url":"","jetpack_sharing_enabled":true,"jetpack_shortlink":"https:\/\/wp.me\/pe6lTn-jzk","_links":{"self":[{"href":"https:\/\/www.visit-ulcinj.com\/blog\/wp-json\/wp\/v2\/posts\/75226"}],"collection":[{"href":"https:\/\/www.visit-ulcinj.com\/blog\/wp-json\/wp\/v2\/posts"}],"about":[{"href":"https:\/\/www.visit-ulcinj.com\/blog\/wp-json\/wp\/v2\/types\/post"}],"author":[{"embeddable":true,"href":"https:\/\/www.visit-ulcinj.com\/blog\/wp-json\/wp\/v2\/users\/1"}],"replies":[{"embeddable":true,"href":"https:\/\/www.visit-ulcinj.com\/blog\/wp-json\/wp\/v2\/comments?post=75226"}],"version-history":[{"count":3,"href":"https:\/\/www.visit-ulcinj.com\/blog\/wp-json\/wp\/v2\/posts\/75226\/revisions"}],"predecessor-version":[{"id":75230,"href":"https:\/\/www.visit-ulcinj.com\/blog\/wp-json\/wp\/v2\/posts\/75226\/revisions\/75230"}],"wp:attachment":[{"href":"https:\/\/www.visit-ulcinj.com\/blog\/wp-json\/wp\/v2\/media?parent=75226"}],"wp:term":[{"taxonomy":"category","embeddable":true,"href":"https:\/\/www.visit-ulcinj.com\/blog\/wp-json\/wp\/v2\/categories?post=75226"},{"taxonomy":"post_tag","embeddable":true,"href":"https:\/\/www.visit-ulcinj.com\/blog\/wp-json\/wp\/v2\/tags?post=75226"}],"curies":[{"name":"wp","href":"https:\/\/api.w.org\/{rel}","templated":true}]}}