{"id":75231,"date":"2013-10-11T09:09:59","date_gmt":"2013-10-11T08:09:59","guid":{"rendered":"http:\/\/www.visit-ulcinj.com\/blog\/?p=75231"},"modified":"2013-10-11T09:09:59","modified_gmt":"2013-10-11T08:09:59","slug":"osnovan-opstinski-odbor-pozitivne-u-ulcinju","status":"publish","type":"post","link":"https:\/\/www.visit-ulcinj.com\/blog\/2013\/10\/11\/osnovan-opstinski-odbor-pozitivne-u-ulcinju\/","title":{"rendered":"Osnovan Op\u0161tinski odbor Pozitivne u Ulcinju"},"content":{"rendered":"<p><a href=\"http:\/\/www.visit-ulcinj.com\/blog\/wp-content\/uploads\/2013\/10\/Pozitivna-Crna-Gora-Ulcinj.jpg\"><img loading=\"lazy\" class=\"alignleft size-full wp-image-75232\" alt=\"Pozitivna Crna Gora-Ulcinj\" src=\"http:\/\/www.visit-ulcinj.com\/blog\/wp-content\/uploads\/2013\/10\/Pozitivna-Crna-Gora-Ulcinj.jpg\" width=\"508\" height=\"287\" srcset=\"https:\/\/www.visit-ulcinj.com\/blog\/wp-content\/uploads\/2013\/10\/Pozitivna-Crna-Gora-Ulcinj.jpg 508w, https:\/\/www.visit-ulcinj.com\/blog\/wp-content\/uploads\/2013\/10\/Pozitivna-Crna-Gora-Ulcinj-300x169.jpg 300w\" sizes=\"(max-width: 508px) 100vw, 508px\" \/><\/a>U Ulcinju je osnovan Op\u0161tinski odbor Pozitivne Crne Gore. Na osniva\u010dkoj skup\u0161tini za \u010dlanove formiranog OO Pozitivne Ulcinj izabrani su: Dritan Abazovi\u0107, Safet Beci, Ilir Harasani, Omer Bajraktari, Afrim Gjoni, Arijana Kurmemovi\u0107, Aleksandra Latkovi\u0107, Simo Dedi\u0107, D\u017eenan Mavri\u0107 i Zdenko \u017divkovi\u0107.<\/p>\n<p>Ovo je deveti Op\u0161tinski odbor Pozitivne Crne Gore.<\/p>\n<p>Na Osniva\u010dkoj konvenciji Op\u0161tinskog odbora Pozitivne Crne Gore u Ulcinju, predsjednik stranke Darko Pajovi\u0107 je istakao da su Ulcinjani na parlamentarnim izborima \u00a0prepoznali i pokazali da je Pozitivna Crna Gora stranka budu\u0107nosti, stranka svih slobodnih gra\u0111ana, stranka promjena i stranka ljudi koji znaju kako omogu\u0107iti svoma dostojanstven \u017eivot.<\/p>\n<p>&#8220;Rezultat Pozitivne na parlamentarnim izborima u Ulcinju ohrabruje ne samo nas u stranci, nego, siguran sam, i sve gra\u0111ane Crne Gore svjesne da \u0107e do politi\u010dke promjene do\u0107i i to vrlo brzo&#8221;, istakao je Pajovi\u0107.<\/p>\n<p>On je kazao da \u00a0Crna Gora moze biti prosperitetna dr\u017eava, ali da je va\u017eno da \u0161to prije promijeni vlast, koja nema ono \u0161to Pozitivna ima znanje i po\u0161tenje.<br \/>\n<a href=\"http:\/\/www.visit-ulcinj.com\/blog\/wp-content\/uploads\/2013\/10\/Pozitivna-Crna-Gora-Ulcinj-1.jpg\"><img loading=\"lazy\" class=\"alignleft  wp-image-75233\" alt=\"Pozitivna Crna Gora-Ulcinj-1\" src=\"http:\/\/www.visit-ulcinj.com\/blog\/wp-content\/uploads\/2013\/10\/Pozitivna-Crna-Gora-Ulcinj-1.jpg\" width=\"508\" height=\"360\" \/><\/a><\/p>\n<p>&#8221; Vladaju\u0107oj \u00a0klasi li\u010dni interes je jedina ideologija i vjera, niti zna \u00a0kako iza\u0107i iz krize niti ima po\u0161tenja da stvori pravedno drustvo. Neznanjem i gramzivo\u0161\u0107u jedu budu\u0107nost zemlje, jer svakodnevno pove\u0107avaju dug, a i zaga\u0111uju prirodu koja je \u00a0glavni resurs na kojem Crna Gora mora graditi budu\u0107nost &#8220;,naglasio je Pajovi\u0107 i dodao da bez politi\u010dkog nema ni ekonomskog zaokreta.<\/p>\n<p>Pajovi\u0107 je naglasio ito \u00a0da Vladaju\u0107a klasa zna samo kako sebi i svojima napuniti d\u017eepove,kako ucjenjivati i prijetiti, podmi\u0107ivati i zastra\u0161ivati.<\/p>\n<p>&#8220;Pozitivna je sve to do\u017eivjela, i u Nik\u0161i\u0107u i u Budvi, o\u010dekujemo da \u0107e toga biti jo\u0161, jer znaju i da im od Pozitivne prijeti najve\u0107a opasnost. Ali, ne mogu nas sve zastra\u0161iti, ne mogu nas sve podmititi, ima u Crnoj Gori dovoljno slobodnih i po\u0161tenih ljudi&#8221;, zaklju\u010dio je Pajovi\u0107.<\/p>\n<p>\u010clan Predsjedni\u0161tva i poslanik Dritan Abazovi\u0107 je kazao da \u0107e formirani Op\u0161tinski odbor \u00a0\u0107e promovisati jedan novi tim i novi profil politi\u010dara koji \u0107e svojim znanjem i radom vratiti Ulcinju stari sjaj.<\/p>\n<p>&#8220;Siguran sam da cemo svojim djelovanjem unijeti nove vrijednosti u politicki zivot grada Ulcinja, i da cemo iskrenim, po\u0161tenim i transparetnim radom doprinijeti da Ulcinj bude sto je nekada bio, grad u\u00a0kome se lijepo zivi, rado dolazi i uvjek vraca.Ulcinj zasluzuje mnogo bolje od ovoga sto mu sada nude i rade politicki subjekti i oni koji ovaj grad mogu zamisliti boljim, ljep\u0161im i bogatijim sigurno \u0107ete prepoznati na\u0161u namjeru da ideju razvoja Ulcinja preto\u010dimo u djelo. Srcem i glavom \u0107emo se boriti da Ulcinju vratimo stari sjaj i prepoznatljivost&#8221;, istakao je Abazovi\u0107.<\/p>\n<p><strong>Izvor: CDM<\/strong><\/p>\n","protected":false},"excerpt":{"rendered":"<p>U Ulcinju je osnovan Op\u0161tinski odbor Pozitivne Crne Gore. Na osniva\u010dkoj skup\u0161tini za \u010dlanove formiranog OO Pozitivne Ulcinj izabrani su: Dritan Abazovi\u0107, Safet Beci, Ilir Harasani, Omer Bajraktari, Afrim Gjoni, Arijana Kurmemovi\u0107, Aleksandra Latkovi\u0107, Simo Dedi\u0107, D\u017eenan Mavri\u0107 i Zdenko \u017divkovi\u0107. Ovo je deveti Op\u0161tinski odbor Pozitivne Crne Gore. Na Osniva\u010dkoj konvenciji Op\u0161tinskog odbora Pozitivne [&hellip;]<\/p>\n","protected":false},"author":1,"featured_media":0,"comment_status":"closed","ping_status":"closed","sticky":false,"template":"","format":"standard","meta":{"spay_email":"","jetpack_publicize_message":"","jetpack_is_tweetstorm":false,"jetpack_publicize_feature_enabled":true},"categories":[8337],"tags":[],"jetpack_publicize_connections":[],"yoast_head":"<!-- This site is optimized with the Yoast SEO plugin v19.1 - https:\/\/yoast.com\/wordpress\/plugins\/seo\/ -->\n<title>Osnovan Op\u0161tinski odbor Pozitivne u Ulcinju - Lajme nga Ulqini<\/title>\n<meta name=\"description\" content=\"U Ulcinju je osnovan Op\u0161tinski odbor Pozitivne Crne Gore. Na osniva\u010dkoj skup\u0161tini za \u010dlanove formiranog OO Pozitivne Ulcinj izabrani su: Dritan Abazovi\u0107,\" \/>\n<meta name=\"robots\" content=\"index, follow, max-snippet:-1, max-image-preview:large, max-video-preview:-1\" \/>\n<link rel=\"canonical\" href=\"https:\/\/www.visit-ulcinj.com\/blog\/2013\/10\/11\/osnovan-opstinski-odbor-pozitivne-u-ulcinju\/\" \/>\n<meta property=\"og:locale\" content=\"en_US\" \/>\n<meta property=\"og:type\" content=\"article\" \/>\n<meta property=\"og:title\" content=\"Osnovan Op\u0161tinski odbor Pozitivne u Ulcinju - Lajme nga Ulqini\" \/>\n<meta property=\"og:description\" content=\"U Ulcinju je osnovan Op\u0161tinski odbor Pozitivne Crne Gore. Na osniva\u010dkoj skup\u0161tini za \u010dlanove formiranog OO Pozitivne Ulcinj izabrani su: Dritan Abazovi\u0107,\" \/>\n<meta property=\"og:url\" content=\"https:\/\/www.visit-ulcinj.com\/blog\/2013\/10\/11\/osnovan-opstinski-odbor-pozitivne-u-ulcinju\/\" \/>\n<meta property=\"og:site_name\" content=\"Lajme nga Ulqini\" \/>\n<meta property=\"article:published_time\" content=\"2013-10-11T08:09:59+00:00\" \/>\n<meta property=\"og:image\" content=\"http:\/\/www.visit-ulcinj.com\/blog\/wp-content\/uploads\/2013\/10\/Pozitivna-Crna-Gora-Ulcinj.jpg\" \/>\n<meta name=\"twitter:label1\" content=\"Written by\" \/>\n\t<meta name=\"twitter:data1\" content=\"ulqini\" \/>\n\t<meta name=\"twitter:label2\" content=\"Est. reading time\" \/>\n\t<meta name=\"twitter:data2\" content=\"2 minutes\" \/>\n<script type=\"application\/ld+json\" class=\"yoast-schema-graph\">{\"@context\":\"https:\/\/schema.org\",\"@graph\":[{\"@type\":\"WebSite\",\"@id\":\"https:\/\/www.visit-ulcinj.com\/blog\/#website\",\"url\":\"https:\/\/www.visit-ulcinj.com\/blog\/\",\"name\":\"Lajme nga Ulqini\",\"description\":\"Lajme,Vijesti,Ulqini,Ulqin,Crna Gora,Mali i Zi\",\"potentialAction\":[{\"@type\":\"SearchAction\",\"target\":{\"@type\":\"EntryPoint\",\"urlTemplate\":\"https:\/\/www.visit-ulcinj.com\/blog\/?s={search_term_string}\"},\"query-input\":\"required name=search_term_string\"}],\"inLanguage\":\"en-US\"},{\"@type\":\"ImageObject\",\"inLanguage\":\"en-US\",\"@id\":\"https:\/\/www.visit-ulcinj.com\/blog\/2013\/10\/11\/osnovan-opstinski-odbor-pozitivne-u-ulcinju\/#primaryimage\",\"url\":\"https:\/\/www.visit-ulcinj.com\/blog\/wp-content\/uploads\/2013\/10\/Pozitivna-Crna-Gora-Ulcinj.jpg\",\"contentUrl\":\"https:\/\/www.visit-ulcinj.com\/blog\/wp-content\/uploads\/2013\/10\/Pozitivna-Crna-Gora-Ulcinj.jpg\",\"width\":508,\"height\":287},{\"@type\":\"WebPage\",\"@id\":\"https:\/\/www.visit-ulcinj.com\/blog\/2013\/10\/11\/osnovan-opstinski-odbor-pozitivne-u-ulcinju\/#webpage\",\"url\":\"https:\/\/www.visit-ulcinj.com\/blog\/2013\/10\/11\/osnovan-opstinski-odbor-pozitivne-u-ulcinju\/\",\"name\":\"Osnovan Op\u0161tinski odbor Pozitivne u Ulcinju - Lajme nga Ulqini\",\"isPartOf\":{\"@id\":\"https:\/\/www.visit-ulcinj.com\/blog\/#website\"},\"primaryImageOfPage\":{\"@id\":\"https:\/\/www.visit-ulcinj.com\/blog\/2013\/10\/11\/osnovan-opstinski-odbor-pozitivne-u-ulcinju\/#primaryimage\"},\"datePublished\":\"2013-10-11T08:09:59+00:00\",\"dateModified\":\"2013-10-11T08:09:59+00:00\",\"author\":{\"@id\":\"https:\/\/www.visit-ulcinj.com\/blog\/#\/schema\/person\/dcab619c614d3038751c63bc2aadc06d\"},\"description\":\"U Ulcinju je osnovan Op\u0161tinski odbor Pozitivne Crne Gore. Na osniva\u010dkoj skup\u0161tini za \u010dlanove formiranog OO Pozitivne Ulcinj izabrani su: Dritan Abazovi\u0107,\",\"breadcrumb\":{\"@id\":\"https:\/\/www.visit-ulcinj.com\/blog\/2013\/10\/11\/osnovan-opstinski-odbor-pozitivne-u-ulcinju\/#breadcrumb\"},\"inLanguage\":\"en-US\",\"potentialAction\":[{\"@type\":\"ReadAction\",\"target\":[\"https:\/\/www.visit-ulcinj.com\/blog\/2013\/10\/11\/osnovan-opstinski-odbor-pozitivne-u-ulcinju\/\"]}]},{\"@type\":\"BreadcrumbList\",\"@id\":\"https:\/\/www.visit-ulcinj.com\/blog\/2013\/10\/11\/osnovan-opstinski-odbor-pozitivne-u-ulcinju\/#breadcrumb\",\"itemListElement\":[{\"@type\":\"ListItem\",\"position\":1,\"name\":\"Osnovan Op\u0161tinski odbor Pozitivne u Ulcinju\"}]},{\"@type\":\"Person\",\"@id\":\"https:\/\/www.visit-ulcinj.com\/blog\/#\/schema\/person\/dcab619c614d3038751c63bc2aadc06d\",\"name\":\"ulqini\",\"sameAs\":[\"http:\/\/www.visit-ulcinj.com\"],\"url\":\"https:\/\/www.visit-ulcinj.com\/blog\/author\/admin\/\"}]}<\/script>\n<!-- \/ Yoast SEO plugin. -->","yoast_head_json":{"title":"Osnovan Op\u0161tinski odbor Pozitivne u Ulcinju - Lajme nga Ulqini","description":"U Ulcinju je osnovan Op\u0161tinski odbor Pozitivne Crne Gore. Na osniva\u010dkoj skup\u0161tini za \u010dlanove formiranog OO Pozitivne Ulcinj izabrani su: Dritan Abazovi\u0107,","robots":{"index":"index","follow":"follow","max-snippet":"max-snippet:-1","max-image-preview":"max-image-preview:large","max-video-preview":"max-video-preview:-1"},"canonical":"https:\/\/www.visit-ulcinj.com\/blog\/2013\/10\/11\/osnovan-opstinski-odbor-pozitivne-u-ulcinju\/","og_locale":"en_US","og_type":"article","og_title":"Osnovan Op\u0161tinski odbor Pozitivne u Ulcinju - Lajme nga Ulqini","og_description":"U Ulcinju je osnovan Op\u0161tinski odbor Pozitivne Crne Gore. Na osniva\u010dkoj skup\u0161tini za \u010dlanove formiranog OO Pozitivne Ulcinj izabrani su: Dritan Abazovi\u0107,","og_url":"https:\/\/www.visit-ulcinj.com\/blog\/2013\/10\/11\/osnovan-opstinski-odbor-pozitivne-u-ulcinju\/","og_site_name":"Lajme nga Ulqini","article_published_time":"2013-10-11T08:09:59+00:00","og_image":[{"url":"http:\/\/www.visit-ulcinj.com\/blog\/wp-content\/uploads\/2013\/10\/Pozitivna-Crna-Gora-Ulcinj.jpg"}],"twitter_misc":{"Written by":"ulqini","Est. reading time":"2 minutes"},"schema":{"@context":"https:\/\/schema.org","@graph":[{"@type":"WebSite","@id":"https:\/\/www.visit-ulcinj.com\/blog\/#website","url":"https:\/\/www.visit-ulcinj.com\/blog\/","name":"Lajme nga Ulqini","description":"Lajme,Vijesti,Ulqini,Ulqin,Crna Gora,Mali i Zi","potentialAction":[{"@type":"SearchAction","target":{"@type":"EntryPoint","urlTemplate":"https:\/\/www.visit-ulcinj.com\/blog\/?s={search_term_string}"},"query-input":"required name=search_term_string"}],"inLanguage":"en-US"},{"@type":"ImageObject","inLanguage":"en-US","@id":"https:\/\/www.visit-ulcinj.com\/blog\/2013\/10\/11\/osnovan-opstinski-odbor-pozitivne-u-ulcinju\/#primaryimage","url":"https:\/\/www.visit-ulcinj.com\/blog\/wp-content\/uploads\/2013\/10\/Pozitivna-Crna-Gora-Ulcinj.jpg","contentUrl":"https:\/\/www.visit-ulcinj.com\/blog\/wp-content\/uploads\/2013\/10\/Pozitivna-Crna-Gora-Ulcinj.jpg","width":508,"height":287},{"@type":"WebPage","@id":"https:\/\/www.visit-ulcinj.com\/blog\/2013\/10\/11\/osnovan-opstinski-odbor-pozitivne-u-ulcinju\/#webpage","url":"https:\/\/www.visit-ulcinj.com\/blog\/2013\/10\/11\/osnovan-opstinski-odbor-pozitivne-u-ulcinju\/","name":"Osnovan Op\u0161tinski odbor Pozitivne u Ulcinju - Lajme nga Ulqini","isPartOf":{"@id":"https:\/\/www.visit-ulcinj.com\/blog\/#website"},"primaryImageOfPage":{"@id":"https:\/\/www.visit-ulcinj.com\/blog\/2013\/10\/11\/osnovan-opstinski-odbor-pozitivne-u-ulcinju\/#primaryimage"},"datePublished":"2013-10-11T08:09:59+00:00","dateModified":"2013-10-11T08:09:59+00:00","author":{"@id":"https:\/\/www.visit-ulcinj.com\/blog\/#\/schema\/person\/dcab619c614d3038751c63bc2aadc06d"},"description":"U Ulcinju je osnovan Op\u0161tinski odbor Pozitivne Crne Gore. Na osniva\u010dkoj skup\u0161tini za \u010dlanove formiranog OO Pozitivne Ulcinj izabrani su: Dritan Abazovi\u0107,","breadcrumb":{"@id":"https:\/\/www.visit-ulcinj.com\/blog\/2013\/10\/11\/osnovan-opstinski-odbor-pozitivne-u-ulcinju\/#breadcrumb"},"inLanguage":"en-US","potentialAction":[{"@type":"ReadAction","target":["https:\/\/www.visit-ulcinj.com\/blog\/2013\/10\/11\/osnovan-opstinski-odbor-pozitivne-u-ulcinju\/"]}]},{"@type":"BreadcrumbList","@id":"https:\/\/www.visit-ulcinj.com\/blog\/2013\/10\/11\/osnovan-opstinski-odbor-pozitivne-u-ulcinju\/#breadcrumb","itemListElement":[{"@type":"ListItem","position":1,"name":"Osnovan Op\u0161tinski odbor Pozitivne u Ulcinju"}]},{"@type":"Person","@id":"https:\/\/www.visit-ulcinj.com\/blog\/#\/schema\/person\/dcab619c614d3038751c63bc2aadc06d","name":"ulqini","sameAs":["http:\/\/www.visit-ulcinj.com"],"url":"https:\/\/www.visit-ulcinj.com\/blog\/author\/admin\/"}]}},"jetpack_featured_media_url":"","jetpack_sharing_enabled":true,"jetpack_shortlink":"https:\/\/wp.me\/pe6lTn-jzp","_links":{"self":[{"href":"https:\/\/www.visit-ulcinj.com\/blog\/wp-json\/wp\/v2\/posts\/75231"}],"collection":[{"href":"https:\/\/www.visit-ulcinj.com\/blog\/wp-json\/wp\/v2\/posts"}],"about":[{"href":"https:\/\/www.visit-ulcinj.com\/blog\/wp-json\/wp\/v2\/types\/post"}],"author":[{"embeddable":true,"href":"https:\/\/www.visit-ulcinj.com\/blog\/wp-json\/wp\/v2\/users\/1"}],"replies":[{"embeddable":true,"href":"https:\/\/www.visit-ulcinj.com\/blog\/wp-json\/wp\/v2\/comments?post=75231"}],"version-history":[{"count":1,"href":"https:\/\/www.visit-ulcinj.com\/blog\/wp-json\/wp\/v2\/posts\/75231\/revisions"}],"predecessor-version":[{"id":75234,"href":"https:\/\/www.visit-ulcinj.com\/blog\/wp-json\/wp\/v2\/posts\/75231\/revisions\/75234"}],"wp:attachment":[{"href":"https:\/\/www.visit-ulcinj.com\/blog\/wp-json\/wp\/v2\/media?parent=75231"}],"wp:term":[{"taxonomy":"category","embeddable":true,"href":"https:\/\/www.visit-ulcinj.com\/blog\/wp-json\/wp\/v2\/categories?post=75231"},{"taxonomy":"post_tag","embeddable":true,"href":"https:\/\/www.visit-ulcinj.com\/blog\/wp-json\/wp\/v2\/tags?post=75231"}],"curies":[{"name":"wp","href":"https:\/\/api.w.org\/{rel}","templated":true}]}}