{"id":75243,"date":"2013-10-11T11:35:04","date_gmt":"2013-10-11T10:35:04","guid":{"rendered":"http:\/\/www.visit-ulcinj.com\/blog\/?p=75243"},"modified":"2013-10-11T11:35:04","modified_gmt":"2013-10-11T10:35:04","slug":"stanic-abazovicu-bolje-se-brini-za-svoju-stranku","status":"publish","type":"post","link":"https:\/\/www.visit-ulcinj.com\/blog\/2013\/10\/11\/stanic-abazovicu-bolje-se-brini-za-svoju-stranku\/","title":{"rendered":"Stanic: Abazovi\u0107u, bolje se brini za svoju stranku"},"content":{"rendered":"<p><a href=\"http:\/\/www.visit-ulcinj.com\/blog\/wp-content\/uploads\/2013\/10\/mirko-stanic.jpg\"><img loading=\"lazy\" class=\"alignleft  wp-image-75244\" alt=\"mirko-stanic\" src=\"http:\/\/www.visit-ulcinj.com\/blog\/wp-content\/uploads\/2013\/10\/mirko-stanic.jpg\" width=\"350\" height=\"300\" \/><\/a>Dritanu Abazovi\u0107u bi bilo mudrije da se pobrine za sopstvenu stranku u osipanju, nego \u0161to du\u0161ebri\u017ei nad Socijaldemokratskom partijom SDP, poru\u010dio je \u0161ef medijskog pula SDP-a, Mirko Stani\u0107.<\/p>\n<p>Abazovi\u0107 je danas ocijenio da je sukob SDP-a i DPS-a samo medijska predstava i da bi socijaldemokrate umjesto \u0161to, kako je rekao, pune medijske stranice navodnim neslaganjem sa svojim stvarnim \u0161efom Milom \u0110ukanovi\u0107em, mogli kona\u010dno sa rije\u010di da pre\u0111u na djelo.<\/p>\n<p>\u201cKada vas napusti toliko funkcionera u samo par mjesec, onda je nedopustivi luksuz baviti se drugima umjesto samima sobom. Ako ga i pored svih svojih problema ipak mu\u010di SDP, Abazovi\u0107 bi trebalo da zna da SDP i \u00a0traje skoro \u010detvrt vijeka, jer je uvijek znao da na\u0111e prave odgovore koje potvrdi vrijeme &#8211; pa \u0107e to znati i ovoga puta. I onda kada smo branili vi\u0161enacionalnu Crnoj Goru od po\u0161asti nacionalizma ratnih devedesetih, i onda kada smo obnavljali nezavisnost, i onda kada smo o\u010duvali Taru, dr\u017eavne resurse, Termoelektranu i energetski sektor u vlasni\u0161tvu drzave, utemeljivali politiku EU i NATO integracija, razvijali prijateljstvo sa kom\u0161ijama, kao i onda kada smo uvodili zastavu i himnu ove zemlje i crnogorski jezik\u201d, poru\u010dio jeStani\u0107.<\/p>\n<p>To su, dodaje Stani\u0107, neka od njihovih kapitalnih djela.<\/p>\n<p>\u201cKada je rije\u010d o va\u0161im djelima, bojimo se da se nemate ba\u0161 \u010dime pohvaliti, sem time da ste iznevjerili o\u010dekivanja va\u0161ih po\u0161tovanih bira\u010da, i to samo nakon godine od osnivanja stranke. Ako ne vjerujete nama pitajte va\u0161e osniva\u010de &#8211; biv\u0161e \u010dlanove, odbornike, poslanike, funkcionere i savjetnike. Nik\u0161i\u0107ka sapunica sa vama kao glavnim akterima pokazala je va\u0161e realne politi\u010dke domete i ozbiljnost. Zato va\u0161i bira\u010di, kojih je istina sve manje, od vas o\u010dekuju vi\u0161e politi\u010dke mudrosti kako bi va\u0161a sezona bar ne\u0161to du\u017ee trajala\u201d, poru\u010dio je Stani\u0107.<\/p>\n<p><strong>Izvor: RTCG<\/strong><\/p>\n","protected":false},"excerpt":{"rendered":"<p>Dritanu Abazovi\u0107u bi bilo mudrije da se pobrine za sopstvenu stranku u osipanju, nego \u0161to du\u0161ebri\u017ei nad Socijaldemokratskom partijom SDP, poru\u010dio je \u0161ef medijskog pula SDP-a, Mirko Stani\u0107. Abazovi\u0107 je danas ocijenio da je sukob SDP-a i DPS-a samo medijska predstava i da bi socijaldemokrate umjesto \u0161to, kako je rekao, pune medijske stranice navodnim neslaganjem [&hellip;]<\/p>\n","protected":false},"author":1,"featured_media":0,"comment_status":"closed","ping_status":"closed","sticky":false,"template":"","format":"standard","meta":{"spay_email":"","jetpack_publicize_message":"","jetpack_is_tweetstorm":false,"jetpack_publicize_feature_enabled":true},"categories":[6950],"tags":[],"jetpack_publicize_connections":[],"yoast_head":"<!-- This site is optimized with the Yoast SEO plugin v19.1 - https:\/\/yoast.com\/wordpress\/plugins\/seo\/ -->\n<title>Stanic: Abazovi\u0107u, bolje se brini za svoju stranku - Lajme nga Ulqini<\/title>\n<meta name=\"description\" content=\"Dritanu Abazovi\u0107u bi bilo mudrije da se pobrine za sopstvenu stranku u osipanju, nego \u0161to du\u0161ebri\u017ei nad Socijaldemokratskom partijom SDP, poru\u010dio je \u0161ef\" \/>\n<meta name=\"robots\" content=\"index, follow, max-snippet:-1, max-image-preview:large, max-video-preview:-1\" \/>\n<link rel=\"canonical\" href=\"https:\/\/www.visit-ulcinj.com\/blog\/2013\/10\/11\/stanic-abazovicu-bolje-se-brini-za-svoju-stranku\/\" \/>\n<meta property=\"og:locale\" content=\"en_US\" \/>\n<meta property=\"og:type\" content=\"article\" \/>\n<meta property=\"og:title\" content=\"Stanic: Abazovi\u0107u, bolje se brini za svoju stranku - Lajme nga Ulqini\" \/>\n<meta property=\"og:description\" content=\"Dritanu Abazovi\u0107u bi bilo mudrije da se pobrine za sopstvenu stranku u osipanju, nego \u0161to du\u0161ebri\u017ei nad Socijaldemokratskom partijom SDP, poru\u010dio je \u0161ef\" \/>\n<meta property=\"og:url\" content=\"https:\/\/www.visit-ulcinj.com\/blog\/2013\/10\/11\/stanic-abazovicu-bolje-se-brini-za-svoju-stranku\/\" \/>\n<meta property=\"og:site_name\" content=\"Lajme nga Ulqini\" \/>\n<meta property=\"article:published_time\" content=\"2013-10-11T10:35:04+00:00\" \/>\n<meta property=\"og:image\" content=\"http:\/\/www.visit-ulcinj.com\/blog\/wp-content\/uploads\/2013\/10\/mirko-stanic.jpg\" \/>\n<meta name=\"twitter:label1\" content=\"Written by\" \/>\n\t<meta name=\"twitter:data1\" content=\"ulqini\" \/>\n\t<meta name=\"twitter:label2\" content=\"Est. reading time\" \/>\n\t<meta name=\"twitter:data2\" content=\"2 minutes\" \/>\n<script type=\"application\/ld+json\" class=\"yoast-schema-graph\">{\"@context\":\"https:\/\/schema.org\",\"@graph\":[{\"@type\":\"WebSite\",\"@id\":\"https:\/\/www.visit-ulcinj.com\/blog\/#website\",\"url\":\"https:\/\/www.visit-ulcinj.com\/blog\/\",\"name\":\"Lajme nga Ulqini\",\"description\":\"Lajme,Vijesti,Ulqini,Ulqin,Crna Gora,Mali i Zi\",\"potentialAction\":[{\"@type\":\"SearchAction\",\"target\":{\"@type\":\"EntryPoint\",\"urlTemplate\":\"https:\/\/www.visit-ulcinj.com\/blog\/?s={search_term_string}\"},\"query-input\":\"required name=search_term_string\"}],\"inLanguage\":\"en-US\"},{\"@type\":\"ImageObject\",\"inLanguage\":\"en-US\",\"@id\":\"https:\/\/www.visit-ulcinj.com\/blog\/2013\/10\/11\/stanic-abazovicu-bolje-se-brini-za-svoju-stranku\/#primaryimage\",\"url\":\"https:\/\/www.visit-ulcinj.com\/blog\/wp-content\/uploads\/2013\/10\/mirko-stanic.jpg\",\"contentUrl\":\"https:\/\/www.visit-ulcinj.com\/blog\/wp-content\/uploads\/2013\/10\/mirko-stanic.jpg\",\"width\":450,\"height\":338},{\"@type\":\"WebPage\",\"@id\":\"https:\/\/www.visit-ulcinj.com\/blog\/2013\/10\/11\/stanic-abazovicu-bolje-se-brini-za-svoju-stranku\/#webpage\",\"url\":\"https:\/\/www.visit-ulcinj.com\/blog\/2013\/10\/11\/stanic-abazovicu-bolje-se-brini-za-svoju-stranku\/\",\"name\":\"Stanic: Abazovi\u0107u, bolje se brini za svoju stranku - Lajme nga Ulqini\",\"isPartOf\":{\"@id\":\"https:\/\/www.visit-ulcinj.com\/blog\/#website\"},\"primaryImageOfPage\":{\"@id\":\"https:\/\/www.visit-ulcinj.com\/blog\/2013\/10\/11\/stanic-abazovicu-bolje-se-brini-za-svoju-stranku\/#primaryimage\"},\"datePublished\":\"2013-10-11T10:35:04+00:00\",\"dateModified\":\"2013-10-11T10:35:04+00:00\",\"author\":{\"@id\":\"https:\/\/www.visit-ulcinj.com\/blog\/#\/schema\/person\/dcab619c614d3038751c63bc2aadc06d\"},\"description\":\"Dritanu Abazovi\u0107u bi bilo mudrije da se pobrine za sopstvenu stranku u osipanju, nego \u0161to du\u0161ebri\u017ei nad Socijaldemokratskom partijom SDP, poru\u010dio je \u0161ef\",\"breadcrumb\":{\"@id\":\"https:\/\/www.visit-ulcinj.com\/blog\/2013\/10\/11\/stanic-abazovicu-bolje-se-brini-za-svoju-stranku\/#breadcrumb\"},\"inLanguage\":\"en-US\",\"potentialAction\":[{\"@type\":\"ReadAction\",\"target\":[\"https:\/\/www.visit-ulcinj.com\/blog\/2013\/10\/11\/stanic-abazovicu-bolje-se-brini-za-svoju-stranku\/\"]}]},{\"@type\":\"BreadcrumbList\",\"@id\":\"https:\/\/www.visit-ulcinj.com\/blog\/2013\/10\/11\/stanic-abazovicu-bolje-se-brini-za-svoju-stranku\/#breadcrumb\",\"itemListElement\":[{\"@type\":\"ListItem\",\"position\":1,\"name\":\"Stanic: Abazovi\u0107u, bolje se brini za svoju stranku\"}]},{\"@type\":\"Person\",\"@id\":\"https:\/\/www.visit-ulcinj.com\/blog\/#\/schema\/person\/dcab619c614d3038751c63bc2aadc06d\",\"name\":\"ulqini\",\"sameAs\":[\"http:\/\/www.visit-ulcinj.com\"],\"url\":\"https:\/\/www.visit-ulcinj.com\/blog\/author\/admin\/\"}]}<\/script>\n<!-- \/ Yoast SEO plugin. -->","yoast_head_json":{"title":"Stanic: Abazovi\u0107u, bolje se brini za svoju stranku - Lajme nga Ulqini","description":"Dritanu Abazovi\u0107u bi bilo mudrije da se pobrine za sopstvenu stranku u osipanju, nego \u0161to du\u0161ebri\u017ei nad Socijaldemokratskom partijom SDP, poru\u010dio je \u0161ef","robots":{"index":"index","follow":"follow","max-snippet":"max-snippet:-1","max-image-preview":"max-image-preview:large","max-video-preview":"max-video-preview:-1"},"canonical":"https:\/\/www.visit-ulcinj.com\/blog\/2013\/10\/11\/stanic-abazovicu-bolje-se-brini-za-svoju-stranku\/","og_locale":"en_US","og_type":"article","og_title":"Stanic: Abazovi\u0107u, bolje se brini za svoju stranku - Lajme nga Ulqini","og_description":"Dritanu Abazovi\u0107u bi bilo mudrije da se pobrine za sopstvenu stranku u osipanju, nego \u0161to du\u0161ebri\u017ei nad Socijaldemokratskom partijom SDP, poru\u010dio je \u0161ef","og_url":"https:\/\/www.visit-ulcinj.com\/blog\/2013\/10\/11\/stanic-abazovicu-bolje-se-brini-za-svoju-stranku\/","og_site_name":"Lajme nga Ulqini","article_published_time":"2013-10-11T10:35:04+00:00","og_image":[{"url":"http:\/\/www.visit-ulcinj.com\/blog\/wp-content\/uploads\/2013\/10\/mirko-stanic.jpg"}],"twitter_misc":{"Written by":"ulqini","Est. reading time":"2 minutes"},"schema":{"@context":"https:\/\/schema.org","@graph":[{"@type":"WebSite","@id":"https:\/\/www.visit-ulcinj.com\/blog\/#website","url":"https:\/\/www.visit-ulcinj.com\/blog\/","name":"Lajme nga Ulqini","description":"Lajme,Vijesti,Ulqini,Ulqin,Crna Gora,Mali i Zi","potentialAction":[{"@type":"SearchAction","target":{"@type":"EntryPoint","urlTemplate":"https:\/\/www.visit-ulcinj.com\/blog\/?s={search_term_string}"},"query-input":"required name=search_term_string"}],"inLanguage":"en-US"},{"@type":"ImageObject","inLanguage":"en-US","@id":"https:\/\/www.visit-ulcinj.com\/blog\/2013\/10\/11\/stanic-abazovicu-bolje-se-brini-za-svoju-stranku\/#primaryimage","url":"https:\/\/www.visit-ulcinj.com\/blog\/wp-content\/uploads\/2013\/10\/mirko-stanic.jpg","contentUrl":"https:\/\/www.visit-ulcinj.com\/blog\/wp-content\/uploads\/2013\/10\/mirko-stanic.jpg","width":450,"height":338},{"@type":"WebPage","@id":"https:\/\/www.visit-ulcinj.com\/blog\/2013\/10\/11\/stanic-abazovicu-bolje-se-brini-za-svoju-stranku\/#webpage","url":"https:\/\/www.visit-ulcinj.com\/blog\/2013\/10\/11\/stanic-abazovicu-bolje-se-brini-za-svoju-stranku\/","name":"Stanic: Abazovi\u0107u, bolje se brini za svoju stranku - Lajme nga Ulqini","isPartOf":{"@id":"https:\/\/www.visit-ulcinj.com\/blog\/#website"},"primaryImageOfPage":{"@id":"https:\/\/www.visit-ulcinj.com\/blog\/2013\/10\/11\/stanic-abazovicu-bolje-se-brini-za-svoju-stranku\/#primaryimage"},"datePublished":"2013-10-11T10:35:04+00:00","dateModified":"2013-10-11T10:35:04+00:00","author":{"@id":"https:\/\/www.visit-ulcinj.com\/blog\/#\/schema\/person\/dcab619c614d3038751c63bc2aadc06d"},"description":"Dritanu Abazovi\u0107u bi bilo mudrije da se pobrine za sopstvenu stranku u osipanju, nego \u0161to du\u0161ebri\u017ei nad Socijaldemokratskom partijom SDP, poru\u010dio je \u0161ef","breadcrumb":{"@id":"https:\/\/www.visit-ulcinj.com\/blog\/2013\/10\/11\/stanic-abazovicu-bolje-se-brini-za-svoju-stranku\/#breadcrumb"},"inLanguage":"en-US","potentialAction":[{"@type":"ReadAction","target":["https:\/\/www.visit-ulcinj.com\/blog\/2013\/10\/11\/stanic-abazovicu-bolje-se-brini-za-svoju-stranku\/"]}]},{"@type":"BreadcrumbList","@id":"https:\/\/www.visit-ulcinj.com\/blog\/2013\/10\/11\/stanic-abazovicu-bolje-se-brini-za-svoju-stranku\/#breadcrumb","itemListElement":[{"@type":"ListItem","position":1,"name":"Stanic: Abazovi\u0107u, bolje se brini za svoju stranku"}]},{"@type":"Person","@id":"https:\/\/www.visit-ulcinj.com\/blog\/#\/schema\/person\/dcab619c614d3038751c63bc2aadc06d","name":"ulqini","sameAs":["http:\/\/www.visit-ulcinj.com"],"url":"https:\/\/www.visit-ulcinj.com\/blog\/author\/admin\/"}]}},"jetpack_featured_media_url":"","jetpack_sharing_enabled":true,"jetpack_shortlink":"https:\/\/wp.me\/pe6lTn-jzB","_links":{"self":[{"href":"https:\/\/www.visit-ulcinj.com\/blog\/wp-json\/wp\/v2\/posts\/75243"}],"collection":[{"href":"https:\/\/www.visit-ulcinj.com\/blog\/wp-json\/wp\/v2\/posts"}],"about":[{"href":"https:\/\/www.visit-ulcinj.com\/blog\/wp-json\/wp\/v2\/types\/post"}],"author":[{"embeddable":true,"href":"https:\/\/www.visit-ulcinj.com\/blog\/wp-json\/wp\/v2\/users\/1"}],"replies":[{"embeddable":true,"href":"https:\/\/www.visit-ulcinj.com\/blog\/wp-json\/wp\/v2\/comments?post=75243"}],"version-history":[{"count":1,"href":"https:\/\/www.visit-ulcinj.com\/blog\/wp-json\/wp\/v2\/posts\/75243\/revisions"}],"predecessor-version":[{"id":75245,"href":"https:\/\/www.visit-ulcinj.com\/blog\/wp-json\/wp\/v2\/posts\/75243\/revisions\/75245"}],"wp:attachment":[{"href":"https:\/\/www.visit-ulcinj.com\/blog\/wp-json\/wp\/v2\/media?parent=75243"}],"wp:term":[{"taxonomy":"category","embeddable":true,"href":"https:\/\/www.visit-ulcinj.com\/blog\/wp-json\/wp\/v2\/categories?post=75243"},{"taxonomy":"post_tag","embeddable":true,"href":"https:\/\/www.visit-ulcinj.com\/blog\/wp-json\/wp\/v2\/tags?post=75243"}],"curies":[{"name":"wp","href":"https:\/\/api.w.org\/{rel}","templated":true}]}}