{"id":75254,"date":"2013-10-11T22:07:48","date_gmt":"2013-10-11T21:07:48","guid":{"rendered":"http:\/\/www.visit-ulcinj.com\/blog\/?p=75254"},"modified":"2013-10-11T22:07:48","modified_gmt":"2013-10-11T21:07:48","slug":"vlast-u-ulcinju-nije-ispunila-obecanje-dato-gradanima","status":"publish","type":"post","link":"https:\/\/www.visit-ulcinj.com\/blog\/2013\/10\/11\/vlast-u-ulcinju-nije-ispunila-obecanje-dato-gradanima\/","title":{"rendered":"Vlast u Ulcinju nije ispunila obe\u0107anje dato gra\u0111anima"},"content":{"rendered":"<p><strong><a href=\"http:\/\/www.visit-ulcinj.com\/blog\/wp-content\/uploads\/2013\/09\/Xhemal-Peroviq-Mogull.jpg\"><img loading=\"lazy\" class=\"alignleft  wp-image-74841\" alt=\"Xhemal-Peroviq-Mogull\" src=\"http:\/\/www.visit-ulcinj.com\/blog\/wp-content\/uploads\/2013\/09\/Xhemal-Peroviq-Mogull.jpg\" width=\"508\" height=\"360\" \/><\/a>Aktuelna vlast nije ispunila obe\u0107anja da \u0107e rije\u0161iti pitanja Valdanosa i Morskog dobra<\/strong><\/p>\n<p>Aktuelna vlast u Ulcinju tokom protekle dvije godine vladavine nije ispunila nijedno obe\u0107anje dato gra\u0111anima u vezi povra\u0107aja imovine biv\u0161im vlasnicima imovine u Valdanosu i novog razgrani\u010denja linije morskog dobra. Iako je \u010desto kritikovana namjera dr\u017eave da valorizuje Valdanos davanjem u zakup potencijalnim investitorima i osu\u0111ivana politika JP za upravljanje morskim dobrom, vlast u Ulcinju, osim medijskih istupa u kojima je provejavalo nezadovoljstvo, nema konkretnih rezultata na terenu. D\u017eemal Perovi\u0107, izvr\u0161ni direktor grupe NVO \u201eMogul\u201d, organizacije koja se ve\u0107 nekoliko godina temeljno bavi ovim pitanjima i koja se zala\u017ee za vra\u0107anje imovine u Valdanosu i ve\u0107e u\u010de\u0161\u0107e lokalne uprave u upravljanju morskim dobrom, smatra da je aktuelna vladaju\u0107a koalicija na vlast do\u0161la na krilima obe\u0107anja da \u0107e se rije\u0161iti ova dva pitanja, koja dugi niz godina optere\u0107uju \u017eitelje Ulcinja.<br \/>\n\u2013 Nakon dugogodi\u0161njih napora i zalaganja grupe NVO, biv\u0161ih vlasnika, vjerskih zajednica i nekada\u0161nje opozicije, bili su stvoreni izgledi da se imovina vrati biv\u0161im vlasnicima. Od svega toga u\u010dinjeno je samo jedno \u2013 aktivirana je pla\u017ea u Valdanosu i sada je slobodan pristup obali. Drugo ni\u0161ta nije ura\u0111eno, a postojala je dobra volja Ministarstva poljoprivrede da se pristupi revitalizaciji. Ministarstvo odbrane koje upravlja tim prostorom nije imalo ni\u0161ta protiv. Na\u017ealost, danas je stanje takvo da je sve stalo, a mi u NVO smatramo da je u pitanju nedostatak politi\u010dke volje aktuelne vlasti u Ulcinju. Tako\u0111e, smatramo i da se ovim problemima politi\u010dki trguje kako bi se ostvarili neki uskopartijski interesi koji nijesu i ne mogu biti u potpunosti interesi svih gra\u0111ana \u2013 ka\u017ee Perovi\u0107.<br \/>\nPrema njegovim rije\u010dima, sli\u010dna situacija je i sa pitanjem razgrani\u010denja linije morskog dobra.<br \/>\n\u2013 U pripremi je zakon o morskom dobru, a nijesu uvr\u0161tene klju\u010dne primjedbe Op\u0161tine Ulcinj. Sve je skoro u istoj varijanti u kojoj je i bilo u starom zakonu. Osta\u0107e i dalje problem linije morskog dobra i problem u\u010de\u0161\u0107a lokalane samouprave u dono\u0161enju najva\u017enijih pitanja iz oblasti upravljanja \u2013 ka\u017ee Perovi\u0107.<\/p>\n<p><a href=\"http:\/\/www.visit-ulcinj.com\/blog\/wp-content\/uploads\/2013\/10\/HATIXHE-GJONI.jpg\"><img loading=\"lazy\" class=\"alignleft  wp-image-75018\" alt=\"HATIXHE-GJONI\" src=\"http:\/\/www.visit-ulcinj.com\/blog\/wp-content\/uploads\/2013\/10\/HATIXHE-GJONI.jpg\" width=\"508\" height=\"360\" \/><\/a><br \/>\nI u opozicionim partijama prevladava mi\u0161ljenje da je vlast zaboravila da rje\u0161ava najve\u0107e probleme gra\u0111ana. Predsjednica odborni\u010dkog kluba DUA Hatid\u017ea \u0110oni smatra da su problemi Valdanosa i Morskog dobra zaboravljeni, a skup\u0161tinski zaklju\u010dci po ovim pitanjima, usvojeni proteklih godina, samo mrtvo slovo na papiru.<br \/>\n\u2013 Slobodno mo\u017eemo re\u0107i da su ovo dvije godine neuspjeha, nesuglasica, grabe\u017ei, li\u010dnih interesa, nepotizma, enormne zadu\u017eenosti Op\u0161tine kojoj je dug za dvije godine sa 2,5 miliona sko\u010dio na preko 10 miliona eura. Pro\u0161le su dvije godine propalih turisti\u010dkih sezona i nezaposlenosti, bez ulaganja u sport, kulturu, poljoprivredu i preduzetni\u0161tvo a na sva zvona se hvalimo usvojenim planovima kao epohalnom dostignu\u0107u. Privatizovane firme ne nagovje\u0161tavaju bilo kakve investicije. Zavr\u0161eno je tre\u0107e tromjese\u010dje rada Skup\u0161tine, a za taj period je usvojeno manje od 20 odsto planiranih skup\u0161tinskih odluka, pa se radilo na osnovu nezakonitih i na skup\u0161tini neverifikovanih odluka, \u0161to zna\u010di da se radilo protivzakonito \u2013 istakla je \u0110oni.<br \/>\nZa predsjednika Kluba odbornika Koalicije \u201eBolji Ulcinj, bolja Crna Gora\u201d Andriju \u0106etkovi\u0107a (SNP) jasno je da je vlast prevarila gra\u0111ane.<br \/>\n\u2013 Predstavnici vlasti u Ulcinju sada su i u upravnim organima tog preduze\u0107a, me\u0111utim, po tom pitanju se ni\u0161ta ne rje\u0161ava. O\u010dekivali smo da se ne\u0161to rije\u0161i s obzirom na to da su sada u koaliciji sa DPS-om na dr\u017eavnom nivou. Dok su bili opozicija nudili su modele koji bi zadovoljili sve strane. Ispostavilo se da su sve to prazne pri\u010de na koje smo upozoravali jer su im va\u017eniji odnosi sa DPS-om od privatne i op\u0161tinske imovine. O\u010dito je da nemaju namjeru da ne\u0161to urade jer da imaju rezultati bi bili vidljivi. Ovako, koliko se mo\u017ee \u010duti, konkretnih izmjena, koje su se o\u010dekivale u Ulcinju, nema u predlogu novog zakona o morskom dobru \u2013 zaklju\u010duje \u0106etkovi\u0107.<br \/>\n<strong>M.Kne\u017eevi\u0107<\/strong><br \/>\n<a href=\"http:\/\/www.visit-ulcinj.com\/blog\/wp-content\/uploads\/2013\/04\/nazif-cungu1.jpg\"><img loading=\"lazy\" class=\"alignleft  wp-image-70739\" alt=\"nazif cungu\" src=\"http:\/\/www.visit-ulcinj.com\/blog\/wp-content\/uploads\/2013\/04\/nazif-cungu1.jpg\" width=\"508\" height=\"360\" \/><\/a><br \/>\n<strong>Cungu ljetos najavio da je blizu rje\u0161enja<\/strong><br \/>\nPredsjednik Op\u0161tine Nazif Cungu po\u010detkom jula je najavio da su Op\u0161tina Ulcinj i Vlada Crne Gore blizu dogovora da se rije\u0161i pitanje valorizacije Valdanosa, tako \u0161to bi se planirani turisti\u010dki kapaciteti u uvali, od 1.500 kreveta, eventualno gradili na lokalitetima Mavrijan i Mendra, koji su prirodno naslonjeni na Valdanos. Cungu je tada kazao kako je taj predlog iznio premijeru Milu \u0110ukanovi\u0107u, te da je on pa\u017eljivo uzet u razmatranje.<br \/>\n\u2013 S obzirom na to da je u zavr\u0161noj fazi prostorno-urbanisti\u010dki plan op\u0161tine Ulcinj, predla\u017eemo da Valdanos dobije tretman rekreativnog centra, a da se urbanisti\u010dki razrade Mavrijan i Mendra. Time bi se fakti\u010dki za\u0161titio taj prostor i otvorila mogu\u0107nost daljih razgovora za povra\u0107aj imovine. Ova ideja je prezentovana i Vladi, odnosno resornom ministarstvu i o\u010dekujemo da \u0107e biti prihva\u0107ena \u2013 kazao je Cungu tom prilikom.<br \/>\nOd tada, me\u0111utim, nema informacija da li je Vlada prihvatila predlog iz Ulcinja, odnosno da li je kona\u010dno po\u010delo rje\u0161avanje tog pitanja.<\/p>\n<p><strong>Izvor: DAN<\/strong><\/p>\n","protected":false},"excerpt":{"rendered":"<p>Aktuelna vlast nije ispunila obe\u0107anja da \u0107e rije\u0161iti pitanja Valdanosa i Morskog dobra Aktuelna vlast u Ulcinju tokom protekle dvije godine vladavine nije ispunila nijedno obe\u0107anje dato gra\u0111anima u vezi povra\u0107aja imovine biv\u0161im vlasnicima imovine u Valdanosu i novog razgrani\u010denja linije morskog dobra. Iako je \u010desto kritikovana namjera dr\u017eave da valorizuje Valdanos davanjem u zakup [&hellip;]<\/p>\n","protected":false},"author":1,"featured_media":0,"comment_status":"closed","ping_status":"closed","sticky":false,"template":"","format":"standard","meta":{"spay_email":"","jetpack_publicize_message":"","jetpack_is_tweetstorm":false,"jetpack_publicize_feature_enabled":true},"categories":[8337],"tags":[],"jetpack_publicize_connections":[],"yoast_head":"<!-- This site is optimized with the Yoast SEO plugin v19.1 - https:\/\/yoast.com\/wordpress\/plugins\/seo\/ -->\n<title>Vlast u Ulcinju nije ispunila obe\u0107anje dato gra\u0111anima - Lajme nga Ulqini<\/title>\n<meta name=\"description\" content=\"Aktuelna vlast nije ispunila obe\u0107anja da \u0107e rije\u0161iti pitanja Valdanosa i Morskog dobra Aktuelna vlast u Ulcinju tokom protekle dvije godine vladavine nije\" \/>\n<meta name=\"robots\" content=\"index, follow, max-snippet:-1, max-image-preview:large, max-video-preview:-1\" \/>\n<link rel=\"canonical\" href=\"https:\/\/www.visit-ulcinj.com\/blog\/2013\/10\/11\/vlast-u-ulcinju-nije-ispunila-obecanje-dato-gradanima\/\" \/>\n<meta property=\"og:locale\" content=\"en_US\" \/>\n<meta property=\"og:type\" content=\"article\" \/>\n<meta property=\"og:title\" content=\"Vlast u Ulcinju nije ispunila obe\u0107anje dato gra\u0111anima - Lajme nga Ulqini\" \/>\n<meta property=\"og:description\" content=\"Aktuelna vlast nije ispunila obe\u0107anja da \u0107e rije\u0161iti pitanja Valdanosa i Morskog dobra Aktuelna vlast u Ulcinju tokom protekle dvije godine vladavine nije\" \/>\n<meta property=\"og:url\" content=\"https:\/\/www.visit-ulcinj.com\/blog\/2013\/10\/11\/vlast-u-ulcinju-nije-ispunila-obecanje-dato-gradanima\/\" \/>\n<meta property=\"og:site_name\" content=\"Lajme nga Ulqini\" \/>\n<meta property=\"article:published_time\" content=\"2013-10-11T21:07:48+00:00\" \/>\n<meta property=\"og:image\" content=\"http:\/\/www.visit-ulcinj.com\/blog\/wp-content\/uploads\/2013\/09\/Xhemal-Peroviq-Mogull.jpg\" \/>\n<meta name=\"twitter:label1\" content=\"Written by\" \/>\n\t<meta name=\"twitter:data1\" content=\"ulqini\" \/>\n\t<meta name=\"twitter:label2\" content=\"Est. reading time\" \/>\n\t<meta name=\"twitter:data2\" content=\"4 minutes\" \/>\n<script type=\"application\/ld+json\" class=\"yoast-schema-graph\">{\"@context\":\"https:\/\/schema.org\",\"@graph\":[{\"@type\":\"WebSite\",\"@id\":\"https:\/\/www.visit-ulcinj.com\/blog\/#website\",\"url\":\"https:\/\/www.visit-ulcinj.com\/blog\/\",\"name\":\"Lajme nga Ulqini\",\"description\":\"Lajme,Vijesti,Ulqini,Ulqin,Crna Gora,Mali i Zi\",\"potentialAction\":[{\"@type\":\"SearchAction\",\"target\":{\"@type\":\"EntryPoint\",\"urlTemplate\":\"https:\/\/www.visit-ulcinj.com\/blog\/?s={search_term_string}\"},\"query-input\":\"required name=search_term_string\"}],\"inLanguage\":\"en-US\"},{\"@type\":\"ImageObject\",\"inLanguage\":\"en-US\",\"@id\":\"https:\/\/www.visit-ulcinj.com\/blog\/2013\/10\/11\/vlast-u-ulcinju-nije-ispunila-obecanje-dato-gradanima\/#primaryimage\",\"url\":\"https:\/\/www.visit-ulcinj.com\/blog\/wp-content\/uploads\/2013\/09\/Xhemal-Peroviq-Mogull.jpg\",\"contentUrl\":\"https:\/\/www.visit-ulcinj.com\/blog\/wp-content\/uploads\/2013\/09\/Xhemal-Peroviq-Mogull.jpg\",\"width\":960,\"height\":643},{\"@type\":\"WebPage\",\"@id\":\"https:\/\/www.visit-ulcinj.com\/blog\/2013\/10\/11\/vlast-u-ulcinju-nije-ispunila-obecanje-dato-gradanima\/#webpage\",\"url\":\"https:\/\/www.visit-ulcinj.com\/blog\/2013\/10\/11\/vlast-u-ulcinju-nije-ispunila-obecanje-dato-gradanima\/\",\"name\":\"Vlast u Ulcinju nije ispunila obe\u0107anje dato gra\u0111anima - Lajme nga Ulqini\",\"isPartOf\":{\"@id\":\"https:\/\/www.visit-ulcinj.com\/blog\/#website\"},\"primaryImageOfPage\":{\"@id\":\"https:\/\/www.visit-ulcinj.com\/blog\/2013\/10\/11\/vlast-u-ulcinju-nije-ispunila-obecanje-dato-gradanima\/#primaryimage\"},\"datePublished\":\"2013-10-11T21:07:48+00:00\",\"dateModified\":\"2013-10-11T21:07:48+00:00\",\"author\":{\"@id\":\"https:\/\/www.visit-ulcinj.com\/blog\/#\/schema\/person\/dcab619c614d3038751c63bc2aadc06d\"},\"description\":\"Aktuelna vlast nije ispunila obe\u0107anja da \u0107e rije\u0161iti pitanja Valdanosa i Morskog dobra Aktuelna vlast u Ulcinju tokom protekle dvije godine vladavine nije\",\"breadcrumb\":{\"@id\":\"https:\/\/www.visit-ulcinj.com\/blog\/2013\/10\/11\/vlast-u-ulcinju-nije-ispunila-obecanje-dato-gradanima\/#breadcrumb\"},\"inLanguage\":\"en-US\",\"potentialAction\":[{\"@type\":\"ReadAction\",\"target\":[\"https:\/\/www.visit-ulcinj.com\/blog\/2013\/10\/11\/vlast-u-ulcinju-nije-ispunila-obecanje-dato-gradanima\/\"]}]},{\"@type\":\"BreadcrumbList\",\"@id\":\"https:\/\/www.visit-ulcinj.com\/blog\/2013\/10\/11\/vlast-u-ulcinju-nije-ispunila-obecanje-dato-gradanima\/#breadcrumb\",\"itemListElement\":[{\"@type\":\"ListItem\",\"position\":1,\"name\":\"Vlast u Ulcinju nije ispunila obe\u0107anje dato gra\u0111anima\"}]},{\"@type\":\"Person\",\"@id\":\"https:\/\/www.visit-ulcinj.com\/blog\/#\/schema\/person\/dcab619c614d3038751c63bc2aadc06d\",\"name\":\"ulqini\",\"sameAs\":[\"http:\/\/www.visit-ulcinj.com\"],\"url\":\"https:\/\/www.visit-ulcinj.com\/blog\/author\/admin\/\"}]}<\/script>\n<!-- \/ Yoast SEO plugin. -->","yoast_head_json":{"title":"Vlast u Ulcinju nije ispunila obe\u0107anje dato gra\u0111anima - Lajme nga Ulqini","description":"Aktuelna vlast nije ispunila obe\u0107anja da \u0107e rije\u0161iti pitanja Valdanosa i Morskog dobra Aktuelna vlast u Ulcinju tokom protekle dvije godine vladavine nije","robots":{"index":"index","follow":"follow","max-snippet":"max-snippet:-1","max-image-preview":"max-image-preview:large","max-video-preview":"max-video-preview:-1"},"canonical":"https:\/\/www.visit-ulcinj.com\/blog\/2013\/10\/11\/vlast-u-ulcinju-nije-ispunila-obecanje-dato-gradanima\/","og_locale":"en_US","og_type":"article","og_title":"Vlast u Ulcinju nije ispunila obe\u0107anje dato gra\u0111anima - Lajme nga Ulqini","og_description":"Aktuelna vlast nije ispunila obe\u0107anja da \u0107e rije\u0161iti pitanja Valdanosa i Morskog dobra Aktuelna vlast u Ulcinju tokom protekle dvije godine vladavine nije","og_url":"https:\/\/www.visit-ulcinj.com\/blog\/2013\/10\/11\/vlast-u-ulcinju-nije-ispunila-obecanje-dato-gradanima\/","og_site_name":"Lajme nga Ulqini","article_published_time":"2013-10-11T21:07:48+00:00","og_image":[{"url":"http:\/\/www.visit-ulcinj.com\/blog\/wp-content\/uploads\/2013\/09\/Xhemal-Peroviq-Mogull.jpg"}],"twitter_misc":{"Written by":"ulqini","Est. reading time":"4 minutes"},"schema":{"@context":"https:\/\/schema.org","@graph":[{"@type":"WebSite","@id":"https:\/\/www.visit-ulcinj.com\/blog\/#website","url":"https:\/\/www.visit-ulcinj.com\/blog\/","name":"Lajme nga Ulqini","description":"Lajme,Vijesti,Ulqini,Ulqin,Crna Gora,Mali i Zi","potentialAction":[{"@type":"SearchAction","target":{"@type":"EntryPoint","urlTemplate":"https:\/\/www.visit-ulcinj.com\/blog\/?s={search_term_string}"},"query-input":"required name=search_term_string"}],"inLanguage":"en-US"},{"@type":"ImageObject","inLanguage":"en-US","@id":"https:\/\/www.visit-ulcinj.com\/blog\/2013\/10\/11\/vlast-u-ulcinju-nije-ispunila-obecanje-dato-gradanima\/#primaryimage","url":"https:\/\/www.visit-ulcinj.com\/blog\/wp-content\/uploads\/2013\/09\/Xhemal-Peroviq-Mogull.jpg","contentUrl":"https:\/\/www.visit-ulcinj.com\/blog\/wp-content\/uploads\/2013\/09\/Xhemal-Peroviq-Mogull.jpg","width":960,"height":643},{"@type":"WebPage","@id":"https:\/\/www.visit-ulcinj.com\/blog\/2013\/10\/11\/vlast-u-ulcinju-nije-ispunila-obecanje-dato-gradanima\/#webpage","url":"https:\/\/www.visit-ulcinj.com\/blog\/2013\/10\/11\/vlast-u-ulcinju-nije-ispunila-obecanje-dato-gradanima\/","name":"Vlast u Ulcinju nije ispunila obe\u0107anje dato gra\u0111anima - Lajme nga Ulqini","isPartOf":{"@id":"https:\/\/www.visit-ulcinj.com\/blog\/#website"},"primaryImageOfPage":{"@id":"https:\/\/www.visit-ulcinj.com\/blog\/2013\/10\/11\/vlast-u-ulcinju-nije-ispunila-obecanje-dato-gradanima\/#primaryimage"},"datePublished":"2013-10-11T21:07:48+00:00","dateModified":"2013-10-11T21:07:48+00:00","author":{"@id":"https:\/\/www.visit-ulcinj.com\/blog\/#\/schema\/person\/dcab619c614d3038751c63bc2aadc06d"},"description":"Aktuelna vlast nije ispunila obe\u0107anja da \u0107e rije\u0161iti pitanja Valdanosa i Morskog dobra Aktuelna vlast u Ulcinju tokom protekle dvije godine vladavine nije","breadcrumb":{"@id":"https:\/\/www.visit-ulcinj.com\/blog\/2013\/10\/11\/vlast-u-ulcinju-nije-ispunila-obecanje-dato-gradanima\/#breadcrumb"},"inLanguage":"en-US","potentialAction":[{"@type":"ReadAction","target":["https:\/\/www.visit-ulcinj.com\/blog\/2013\/10\/11\/vlast-u-ulcinju-nije-ispunila-obecanje-dato-gradanima\/"]}]},{"@type":"BreadcrumbList","@id":"https:\/\/www.visit-ulcinj.com\/blog\/2013\/10\/11\/vlast-u-ulcinju-nije-ispunila-obecanje-dato-gradanima\/#breadcrumb","itemListElement":[{"@type":"ListItem","position":1,"name":"Vlast u Ulcinju nije ispunila obe\u0107anje dato gra\u0111anima"}]},{"@type":"Person","@id":"https:\/\/www.visit-ulcinj.com\/blog\/#\/schema\/person\/dcab619c614d3038751c63bc2aadc06d","name":"ulqini","sameAs":["http:\/\/www.visit-ulcinj.com"],"url":"https:\/\/www.visit-ulcinj.com\/blog\/author\/admin\/"}]}},"jetpack_featured_media_url":"","jetpack_sharing_enabled":true,"jetpack_shortlink":"https:\/\/wp.me\/pe6lTn-jzM","_links":{"self":[{"href":"https:\/\/www.visit-ulcinj.com\/blog\/wp-json\/wp\/v2\/posts\/75254"}],"collection":[{"href":"https:\/\/www.visit-ulcinj.com\/blog\/wp-json\/wp\/v2\/posts"}],"about":[{"href":"https:\/\/www.visit-ulcinj.com\/blog\/wp-json\/wp\/v2\/types\/post"}],"author":[{"embeddable":true,"href":"https:\/\/www.visit-ulcinj.com\/blog\/wp-json\/wp\/v2\/users\/1"}],"replies":[{"embeddable":true,"href":"https:\/\/www.visit-ulcinj.com\/blog\/wp-json\/wp\/v2\/comments?post=75254"}],"version-history":[{"count":1,"href":"https:\/\/www.visit-ulcinj.com\/blog\/wp-json\/wp\/v2\/posts\/75254\/revisions"}],"predecessor-version":[{"id":75255,"href":"https:\/\/www.visit-ulcinj.com\/blog\/wp-json\/wp\/v2\/posts\/75254\/revisions\/75255"}],"wp:attachment":[{"href":"https:\/\/www.visit-ulcinj.com\/blog\/wp-json\/wp\/v2\/media?parent=75254"}],"wp:term":[{"taxonomy":"category","embeddable":true,"href":"https:\/\/www.visit-ulcinj.com\/blog\/wp-json\/wp\/v2\/categories?post=75254"},{"taxonomy":"post_tag","embeddable":true,"href":"https:\/\/www.visit-ulcinj.com\/blog\/wp-json\/wp\/v2\/tags?post=75254"}],"curies":[{"name":"wp","href":"https:\/\/api.w.org\/{rel}","templated":true}]}}