{"id":75269,"date":"2013-10-12T17:24:56","date_gmt":"2013-10-12T16:24:56","guid":{"rendered":"http:\/\/www.visit-ulcinj.com\/blog\/?p=75269"},"modified":"2013-10-13T16:12:21","modified_gmt":"2013-10-13T15:12:21","slug":"konkursi-per-fotografine-me-te-mire-per-diten-e-sheges","status":"publish","type":"post","link":"https:\/\/www.visit-ulcinj.com\/blog\/2013\/10\/12\/konkursi-per-fotografine-me-te-mire-per-diten-e-sheges\/","title":{"rendered":"Konkursi per Fotografin\u00eb m\u00eb t\u00eb mir\u00eb per \u201cDit\u00ebn e Sheg\u00ebs\u201d"},"content":{"rendered":"<div style=\"text-align: center;\" align=\"center\"><b><a href=\"http:\/\/www.visit-ulcinj.com\/blog\/wp-content\/uploads\/2013\/10\/Dita-e-sheges-Katerkolle.jpg\"><img loading=\"lazy\" class=\"alignleft  wp-image-75272\" alt=\"Dita e sheges-Katerkolle\" src=\"http:\/\/www.visit-ulcinj.com\/blog\/wp-content\/uploads\/2013\/10\/Dita-e-sheges-Katerkolle.jpg\" width=\"508\" height=\"508\" srcset=\"https:\/\/www.visit-ulcinj.com\/blog\/wp-content\/uploads\/2013\/10\/Dita-e-sheges-Katerkolle.jpg 960w, https:\/\/www.visit-ulcinj.com\/blog\/wp-content\/uploads\/2013\/10\/Dita-e-sheges-Katerkolle-150x150.jpg 150w, https:\/\/www.visit-ulcinj.com\/blog\/wp-content\/uploads\/2013\/10\/Dita-e-sheges-Katerkolle-300x300.jpg 300w\" sizes=\"(max-width: 508px) 100vw, 508px\" \/><\/a>KONKURSI PER FOTOGRAFIN\u00cb M\u00cb T\u00cb MIR\u00cb\u00a0<\/b><\/div>\n<div style=\"text-align: center;\" align=\"center\"><b>&#8220;Vjeshta dhe shega<\/b>&#8220;<\/div>\n<div style=\"text-align: left;\" align=\"center\"><\/div>\n<div style=\"text-align: left;\" align=\"center\">BKA ka k\u00ebnaq\u00ebsin\u00eb t\u00eb shpall\u00eb nj\u00eb konkurs p\u00ebr Fotografin\u00eb m\u00eb t\u00eb mir\u00eb p\u00ebr evenimentin e \u201cDit\u00ebs s\u00eb Sheg\u00ebs\u201d\u2013 tema e t\u00eb cilit \u00ebsht\u00eb &#8220;Vjeshta dhe Shega&#8221;.<\/div>\n<div style=\"text-align: left;\" align=\"center\"><\/div>\n<div style=\"text-align: left;\" align=\"center\">M\u00eb lejoni t\u00eb\u2019ju p\u00ebrshkruaj skenarin e m\u00ebposht\u00ebm &#8211; imagjinoni q\u00eb duhet t\u00eb hartoni \u00a0nj\u00eb udh\u00ebzues turistik q\u00eb ka p\u00ebr q\u00ebllim t\u00eb impresionoj\u00eb nj\u00eb grup turist\u00ebsh q\u00eb kan\u00eb par\u00eb dhe udh\u00ebtuar n\u00eb gjith\u00eb bot\u00ebn, dhe q\u00eb ky grup do t\u00eb vij\u00eb t\u00eb vizitoj\u00eb vendin tuaj. \u00a0Supozoni q\u00eb k\u00ebta turist\u00eb kan\u00eb par\u00eb kopshtet m\u00eb t\u00eb bukura t\u00eb bot\u00ebs, dhe shum\u00eb e vler\u00ebsojn\u00eb bukurin\u00eb e natyr\u00ebs e sidomos kur natyra dhuron frute t\u00eb shishme nj\u00eb vendi. Ata me siguri q\u00eb\u00a0 nuk mund ta besojn\u00eb q\u00eb ka mbetur ndonj\u00eb kuriozitet tjet\u00ebr turistik, q\u00eb do t\u00eb mund t\u2019ja u ofronte \u00a0nj\u00eb udh\u00ebzues turistik lokal.<\/div>\n<div style=\"text-align: left;\" align=\"center\">\u00c7do vend n\u00eb planetin ton\u00eb\u00a0 ka vendet e veta t\u00eb ve\u00e7anta dhe t\u00eb panjohura ose ende t\u00eb pazbuluara turistike, t\u00eb cilat vet\u00ebm banor\u00ebt lokal\u00eb i njohin e mund \u00a0t\u2019i zbulojn\u00eb e t\u2019i nxjerrin n\u00eb evidenc\u00eb.<\/div>\n<div style=\"text-align: left;\" align=\"center\"><a href=\"http:\/\/www.visit-ulcinj.com\/blog\/wp-content\/uploads\/2013\/10\/Konkursi-per-Fotografin\u00eb-m\u00eb-t\u00eb-mir\u00eb-per-\u201cDit\u00ebn-e-Sheg\u00ebs\u201d.jpg\"><img loading=\"lazy\" class=\"alignleft  wp-image-75270\" alt=\"Konkursi per Fotografin\u00eb m\u00eb t\u00eb mir\u00eb per \u201cDit\u00ebn e Sheg\u00ebs\u201d\" src=\"http:\/\/www.visit-ulcinj.com\/blog\/wp-content\/uploads\/2013\/10\/Konkursi-per-Fotografin\u00eb-m\u00eb-t\u00eb-mir\u00eb-per-\u201cDit\u00ebn-e-Sheg\u00ebs\u201d.jpg\" width=\"508\" height=\"360\" \/><\/a><\/div>\n<div style=\"text-align: center;\" align=\"center\"><\/div>\n<div style=\"text-align: center;\" align=\"center\"><b>Q\u00cb JU ME TE V\u00cbRTET\u00cb DESHIRONI T\u2019JA U ZBULOSH TE GJITHEVE,<\/b><\/div>\n<div style=\"text-align: left;\" align=\"center\"><\/div>\n<div style=\"text-align: left;\" align=\"center\">E dyta dhe m\u00eb e rend\u00ebsishmja :<\/div>\n<div style=\"text-align: left;\" align=\"center\"><\/div>\n<div style=\"text-align: left;\" align=\"center\">Mos harroni! Do t\u00eb ishte jasht\u00ebzakonisht e k\u00ebshillueshme q\u00eb p\u00ebrve\u00e7 p\u00ebrshkrimit t\u00eb fotografis\u00eb, \u00a0t\u00eb bashk\u00ebngjitni adres\u00ebn e sakt\u00eb t\u00eb vendeve t\u00eb fotografuara nga ju ( ky informacion do t\u00eb na ndihmoj\u00eb me t\u00eb v\u00ebrtet\u00eb).<\/div>\n<div style=\"text-align: left;\" align=\"center\"><\/div>\n<div style=\"text-align: left;\" align=\"center\"><b><span style=\"text-decoration: underline;\">QELLIMI :<\/span><\/b><\/div>\n<div style=\"text-align: left;\" align=\"center\"><\/div>\n<div style=\"text-align: left;\" align=\"center\">Q\u00ebllimi kryesor i k\u00ebtij koncepti \u00ebsht\u00eb promovimi turistik manifestimit t\u00eb \u201cDit\u00ebs s\u00eb Sheg\u00ebs\u201d n\u00ebp\u00ebrmjet realizimit t\u00eb fotografive artistike, n\u00ebp\u00ebrmjet t\u00eb cilit do t\u00eb\u00a0 evokohet kultura dhe tradita e vendit dhe evidentimi I vlerave trash\u00ebgimater kulturore dhe historike, gj\u00eb q\u00eb do t\u2019I sh\u00ebrbente stimulimit dhe zhvillimit t\u00eb turizmit nacional dhe t\u00eb huaj. Ne do t\u00eb tentojme ta integrojm\u00eb k\u00ebt\u00eb konkurs n\u00eb axhent\u00ebn e evenimenteve t\u00eb qytetit, pa p\u00ebrjashtuar edhe ato me potencial te pakonsiderueshem turistik. Kjo do t\u00eb b\u00ebhet p\u00ebr dy arsye :<\/div>\n<div style=\"text-align: left;\" align=\"center\">E para :<\/div>\n<div style=\"text-align: left;\" align=\"center\">Do t\u2019u jepet mund\u00ebsia t\u00eb gjith\u00ebve p\u00ebr t\u00eb realizuar nj\u00eb foto artistike.<\/div>\n<div style=\"text-align: left;\" align=\"center\">E dyta:<\/div>\n<div style=\"text-align: left;\" align=\"center\">P\u00ebrpjekja p\u00ebr t\u00eb t\u00ebrhequr akoma m\u00eb shum\u00eb turizmin lokal dhe t\u00eb huaj.<\/div>\n<div style=\"text-align: left;\" align=\"center\"><\/div>\n<div style=\"text-align: left;\" align=\"center\">Kjo gar\u00eb \u00ebsht\u00eb e hapur p\u00ebr t\u00eb gjith\u00eb, mjafton q\u00eb ai ose ajo t\u00eb pajtohet me rregullat e p\u00ebrcaktuara nga konkursi.\u00a0P\u00ebr t\u00eb marr\u00eb pjes\u00eb n\u00eb k\u00ebt\u00eb konkurs, \u00a0duhet t\u00eb ndiqni 3 hapat e m\u00ebposhtme:<\/div>\n<div style=\"text-align: left;\" align=\"center\"><\/div>\n<div style=\"text-align: left;\" align=\"center\">1) Provoni t\u00eb bashkoni vendet ose objektet me imazhin e sheg\u00ebs, por q\u00eb prapa t\u00eb cilave fshihet nj\u00eb histori ose nj\u00eb legjend\u00eb.<\/div>\n<div style=\"text-align: left;\" align=\"center\">2) Zgjidhni fotografin\u00eb m\u00eb t\u00eb mir\u00eb, jepni nj\u00eb p\u00ebrshkrim t\u00eb gjer\u00eb (ku gjendet ky vend, \u00e7ka e b\u00ebn at\u00eb t\u00eb ve\u00e7ant\u00eb sipas mendimit tuaj dhe rr\u00ebfenjave t\u00eb brezit t\u00eb vjet\u00ebr, sa m\u00eb interesant dhe i plot\u00eb t\u00eb jet\u00eb p\u00ebrshkrimi, aq m\u00eb e qart\u00eb b\u00ebhet p\u00ebrpjekja juaj artistike).<\/div>\n<div style=\"text-align: left;\" align=\"center\"><\/div>\n<div style=\"text-align: left;\" align=\"center\">3) D\u00ebrgoni fotografit\u00eb dhe p\u00ebrshkrimin n\u00eb adres\u00ebn e m\u00ebposhtme.<\/div>\n<p style=\"text-align: left;\"><strong><a href=\"mailto:biznisanamalit@gmail.com\" target=\"_blank\">biznisanamalit@gmail.com<\/a><\/strong><\/p>\n<div><\/div>\n","protected":false},"excerpt":{"rendered":"<p>KONKURSI PER FOTOGRAFIN\u00cb M\u00cb T\u00cb MIR\u00cb\u00a0 &#8220;Vjeshta dhe shega&#8220; BKA ka k\u00ebnaq\u00ebsin\u00eb t\u00eb shpall\u00eb nj\u00eb konkurs p\u00ebr Fotografin\u00eb m\u00eb t\u00eb mir\u00eb p\u00ebr evenimentin e \u201cDit\u00ebs s\u00eb Sheg\u00ebs\u201d\u2013 tema e t\u00eb cilit \u00ebsht\u00eb &#8220;Vjeshta dhe Shega&#8221;. M\u00eb lejoni t\u00eb\u2019ju p\u00ebrshkruaj skenarin e m\u00ebposht\u00ebm &#8211; imagjinoni q\u00eb duhet t\u00eb hartoni \u00a0nj\u00eb udh\u00ebzues turistik q\u00eb ka p\u00ebr q\u00ebllim [&hellip;]<\/p>\n","protected":false},"author":1,"featured_media":0,"comment_status":"closed","ping_status":"closed","sticky":false,"template":"","format":"standard","meta":{"spay_email":"","jetpack_publicize_message":"","jetpack_is_tweetstorm":false,"jetpack_publicize_feature_enabled":true},"categories":[10,1],"tags":[],"jetpack_publicize_connections":[],"yoast_head":"<!-- This site is optimized with the Yoast SEO plugin v19.1 - https:\/\/yoast.com\/wordpress\/plugins\/seo\/ -->\n<title>Konkursi per Fotografin\u00eb m\u00eb t\u00eb mir\u00eb per \u201cDit\u00ebn e Sheg\u00ebs\u201d - Lajme nga Ulqini<\/title>\n<meta name=\"description\" content=\"KONKURSI PER FOTOGRAFIN\u00cb M\u00cb T\u00cb MIR\u00cb\u00a0 &quot;Vjeshta dhe shega&quot; BKA ka k\u00ebnaq\u00ebsin\u00eb t\u00eb shpall\u00eb nj\u00eb konkurs p\u00ebr Fotografin\u00eb m\u00eb t\u00eb mir\u00eb p\u00ebr evenimentin e \u201cDit\u00ebs s\u00eb\" \/>\n<meta name=\"robots\" content=\"index, follow, max-snippet:-1, max-image-preview:large, max-video-preview:-1\" \/>\n<link rel=\"canonical\" href=\"https:\/\/www.visit-ulcinj.com\/blog\/2013\/10\/12\/konkursi-per-fotografine-me-te-mire-per-diten-e-sheges\/\" \/>\n<meta property=\"og:locale\" content=\"en_US\" \/>\n<meta property=\"og:type\" content=\"article\" \/>\n<meta property=\"og:title\" content=\"Konkursi per Fotografin\u00eb m\u00eb t\u00eb mir\u00eb per \u201cDit\u00ebn e Sheg\u00ebs\u201d - Lajme nga Ulqini\" \/>\n<meta property=\"og:description\" content=\"KONKURSI PER FOTOGRAFIN\u00cb M\u00cb T\u00cb MIR\u00cb\u00a0 &quot;Vjeshta dhe shega&quot; BKA ka k\u00ebnaq\u00ebsin\u00eb t\u00eb shpall\u00eb nj\u00eb konkurs p\u00ebr Fotografin\u00eb m\u00eb t\u00eb mir\u00eb p\u00ebr evenimentin e \u201cDit\u00ebs s\u00eb\" \/>\n<meta property=\"og:url\" content=\"https:\/\/www.visit-ulcinj.com\/blog\/2013\/10\/12\/konkursi-per-fotografine-me-te-mire-per-diten-e-sheges\/\" \/>\n<meta property=\"og:site_name\" content=\"Lajme nga Ulqini\" \/>\n<meta property=\"article:published_time\" content=\"2013-10-12T16:24:56+00:00\" \/>\n<meta property=\"article:modified_time\" content=\"2013-10-13T15:12:21+00:00\" \/>\n<meta property=\"og:image\" content=\"http:\/\/www.visit-ulcinj.com\/blog\/wp-content\/uploads\/2013\/10\/Dita-e-sheges-Katerkolle.jpg\" \/>\n<meta name=\"twitter:label1\" content=\"Written by\" \/>\n\t<meta name=\"twitter:data1\" content=\"ulqini\" \/>\n\t<meta name=\"twitter:label2\" content=\"Est. reading time\" \/>\n\t<meta name=\"twitter:data2\" content=\"3 minutes\" \/>\n<script type=\"application\/ld+json\" class=\"yoast-schema-graph\">{\"@context\":\"https:\/\/schema.org\",\"@graph\":[{\"@type\":\"WebSite\",\"@id\":\"https:\/\/www.visit-ulcinj.com\/blog\/#website\",\"url\":\"https:\/\/www.visit-ulcinj.com\/blog\/\",\"name\":\"Lajme nga Ulqini\",\"description\":\"Lajme,Vijesti,Ulqini,Ulqin,Crna Gora,Mali i Zi\",\"potentialAction\":[{\"@type\":\"SearchAction\",\"target\":{\"@type\":\"EntryPoint\",\"urlTemplate\":\"https:\/\/www.visit-ulcinj.com\/blog\/?s={search_term_string}\"},\"query-input\":\"required name=search_term_string\"}],\"inLanguage\":\"en-US\"},{\"@type\":\"ImageObject\",\"inLanguage\":\"en-US\",\"@id\":\"https:\/\/www.visit-ulcinj.com\/blog\/2013\/10\/12\/konkursi-per-fotografine-me-te-mire-per-diten-e-sheges\/#primaryimage\",\"url\":\"https:\/\/www.visit-ulcinj.com\/blog\/wp-content\/uploads\/2013\/10\/Dita-e-sheges-Katerkolle.jpg\",\"contentUrl\":\"https:\/\/www.visit-ulcinj.com\/blog\/wp-content\/uploads\/2013\/10\/Dita-e-sheges-Katerkolle.jpg\",\"width\":960,\"height\":960},{\"@type\":\"WebPage\",\"@id\":\"https:\/\/www.visit-ulcinj.com\/blog\/2013\/10\/12\/konkursi-per-fotografine-me-te-mire-per-diten-e-sheges\/#webpage\",\"url\":\"https:\/\/www.visit-ulcinj.com\/blog\/2013\/10\/12\/konkursi-per-fotografine-me-te-mire-per-diten-e-sheges\/\",\"name\":\"Konkursi per Fotografin\u00eb m\u00eb t\u00eb mir\u00eb per \u201cDit\u00ebn e Sheg\u00ebs\u201d - Lajme nga Ulqini\",\"isPartOf\":{\"@id\":\"https:\/\/www.visit-ulcinj.com\/blog\/#website\"},\"primaryImageOfPage\":{\"@id\":\"https:\/\/www.visit-ulcinj.com\/blog\/2013\/10\/12\/konkursi-per-fotografine-me-te-mire-per-diten-e-sheges\/#primaryimage\"},\"datePublished\":\"2013-10-12T16:24:56+00:00\",\"dateModified\":\"2013-10-13T15:12:21+00:00\",\"author\":{\"@id\":\"https:\/\/www.visit-ulcinj.com\/blog\/#\/schema\/person\/dcab619c614d3038751c63bc2aadc06d\"},\"description\":\"KONKURSI PER FOTOGRAFIN\u00cb M\u00cb T\u00cb MIR\u00cb\u00a0 \\\"Vjeshta dhe shega\\\" BKA ka k\u00ebnaq\u00ebsin\u00eb t\u00eb shpall\u00eb nj\u00eb konkurs p\u00ebr Fotografin\u00eb m\u00eb t\u00eb mir\u00eb p\u00ebr evenimentin e \u201cDit\u00ebs s\u00eb\",\"breadcrumb\":{\"@id\":\"https:\/\/www.visit-ulcinj.com\/blog\/2013\/10\/12\/konkursi-per-fotografine-me-te-mire-per-diten-e-sheges\/#breadcrumb\"},\"inLanguage\":\"en-US\",\"potentialAction\":[{\"@type\":\"ReadAction\",\"target\":[\"https:\/\/www.visit-ulcinj.com\/blog\/2013\/10\/12\/konkursi-per-fotografine-me-te-mire-per-diten-e-sheges\/\"]}]},{\"@type\":\"BreadcrumbList\",\"@id\":\"https:\/\/www.visit-ulcinj.com\/blog\/2013\/10\/12\/konkursi-per-fotografine-me-te-mire-per-diten-e-sheges\/#breadcrumb\",\"itemListElement\":[{\"@type\":\"ListItem\",\"position\":1,\"name\":\"Konkursi per Fotografin\u00eb m\u00eb t\u00eb mir\u00eb per \u201cDit\u00ebn e Sheg\u00ebs\u201d\"}]},{\"@type\":\"Person\",\"@id\":\"https:\/\/www.visit-ulcinj.com\/blog\/#\/schema\/person\/dcab619c614d3038751c63bc2aadc06d\",\"name\":\"ulqini\",\"sameAs\":[\"http:\/\/www.visit-ulcinj.com\"],\"url\":\"https:\/\/www.visit-ulcinj.com\/blog\/author\/admin\/\"}]}<\/script>\n<!-- \/ Yoast SEO plugin. -->","yoast_head_json":{"title":"Konkursi per Fotografin\u00eb m\u00eb t\u00eb mir\u00eb per \u201cDit\u00ebn e Sheg\u00ebs\u201d - Lajme nga Ulqini","description":"KONKURSI PER FOTOGRAFIN\u00cb M\u00cb T\u00cb MIR\u00cb\u00a0 \"Vjeshta dhe shega\" BKA ka k\u00ebnaq\u00ebsin\u00eb t\u00eb shpall\u00eb nj\u00eb konkurs p\u00ebr Fotografin\u00eb m\u00eb t\u00eb mir\u00eb p\u00ebr evenimentin e \u201cDit\u00ebs s\u00eb","robots":{"index":"index","follow":"follow","max-snippet":"max-snippet:-1","max-image-preview":"max-image-preview:large","max-video-preview":"max-video-preview:-1"},"canonical":"https:\/\/www.visit-ulcinj.com\/blog\/2013\/10\/12\/konkursi-per-fotografine-me-te-mire-per-diten-e-sheges\/","og_locale":"en_US","og_type":"article","og_title":"Konkursi per Fotografin\u00eb m\u00eb t\u00eb mir\u00eb per \u201cDit\u00ebn e Sheg\u00ebs\u201d - Lajme nga Ulqini","og_description":"KONKURSI PER FOTOGRAFIN\u00cb M\u00cb T\u00cb MIR\u00cb\u00a0 \"Vjeshta dhe shega\" BKA ka k\u00ebnaq\u00ebsin\u00eb t\u00eb shpall\u00eb nj\u00eb konkurs p\u00ebr Fotografin\u00eb m\u00eb t\u00eb mir\u00eb p\u00ebr evenimentin e \u201cDit\u00ebs s\u00eb","og_url":"https:\/\/www.visit-ulcinj.com\/blog\/2013\/10\/12\/konkursi-per-fotografine-me-te-mire-per-diten-e-sheges\/","og_site_name":"Lajme nga Ulqini","article_published_time":"2013-10-12T16:24:56+00:00","article_modified_time":"2013-10-13T15:12:21+00:00","og_image":[{"url":"http:\/\/www.visit-ulcinj.com\/blog\/wp-content\/uploads\/2013\/10\/Dita-e-sheges-Katerkolle.jpg"}],"twitter_misc":{"Written by":"ulqini","Est. reading time":"3 minutes"},"schema":{"@context":"https:\/\/schema.org","@graph":[{"@type":"WebSite","@id":"https:\/\/www.visit-ulcinj.com\/blog\/#website","url":"https:\/\/www.visit-ulcinj.com\/blog\/","name":"Lajme nga Ulqini","description":"Lajme,Vijesti,Ulqini,Ulqin,Crna Gora,Mali i Zi","potentialAction":[{"@type":"SearchAction","target":{"@type":"EntryPoint","urlTemplate":"https:\/\/www.visit-ulcinj.com\/blog\/?s={search_term_string}"},"query-input":"required name=search_term_string"}],"inLanguage":"en-US"},{"@type":"ImageObject","inLanguage":"en-US","@id":"https:\/\/www.visit-ulcinj.com\/blog\/2013\/10\/12\/konkursi-per-fotografine-me-te-mire-per-diten-e-sheges\/#primaryimage","url":"https:\/\/www.visit-ulcinj.com\/blog\/wp-content\/uploads\/2013\/10\/Dita-e-sheges-Katerkolle.jpg","contentUrl":"https:\/\/www.visit-ulcinj.com\/blog\/wp-content\/uploads\/2013\/10\/Dita-e-sheges-Katerkolle.jpg","width":960,"height":960},{"@type":"WebPage","@id":"https:\/\/www.visit-ulcinj.com\/blog\/2013\/10\/12\/konkursi-per-fotografine-me-te-mire-per-diten-e-sheges\/#webpage","url":"https:\/\/www.visit-ulcinj.com\/blog\/2013\/10\/12\/konkursi-per-fotografine-me-te-mire-per-diten-e-sheges\/","name":"Konkursi per Fotografin\u00eb m\u00eb t\u00eb mir\u00eb per \u201cDit\u00ebn e Sheg\u00ebs\u201d - Lajme nga Ulqini","isPartOf":{"@id":"https:\/\/www.visit-ulcinj.com\/blog\/#website"},"primaryImageOfPage":{"@id":"https:\/\/www.visit-ulcinj.com\/blog\/2013\/10\/12\/konkursi-per-fotografine-me-te-mire-per-diten-e-sheges\/#primaryimage"},"datePublished":"2013-10-12T16:24:56+00:00","dateModified":"2013-10-13T15:12:21+00:00","author":{"@id":"https:\/\/www.visit-ulcinj.com\/blog\/#\/schema\/person\/dcab619c614d3038751c63bc2aadc06d"},"description":"KONKURSI PER FOTOGRAFIN\u00cb M\u00cb T\u00cb MIR\u00cb\u00a0 \"Vjeshta dhe shega\" BKA ka k\u00ebnaq\u00ebsin\u00eb t\u00eb shpall\u00eb nj\u00eb konkurs p\u00ebr Fotografin\u00eb m\u00eb t\u00eb mir\u00eb p\u00ebr evenimentin e \u201cDit\u00ebs s\u00eb","breadcrumb":{"@id":"https:\/\/www.visit-ulcinj.com\/blog\/2013\/10\/12\/konkursi-per-fotografine-me-te-mire-per-diten-e-sheges\/#breadcrumb"},"inLanguage":"en-US","potentialAction":[{"@type":"ReadAction","target":["https:\/\/www.visit-ulcinj.com\/blog\/2013\/10\/12\/konkursi-per-fotografine-me-te-mire-per-diten-e-sheges\/"]}]},{"@type":"BreadcrumbList","@id":"https:\/\/www.visit-ulcinj.com\/blog\/2013\/10\/12\/konkursi-per-fotografine-me-te-mire-per-diten-e-sheges\/#breadcrumb","itemListElement":[{"@type":"ListItem","position":1,"name":"Konkursi per Fotografin\u00eb m\u00eb t\u00eb mir\u00eb per \u201cDit\u00ebn e Sheg\u00ebs\u201d"}]},{"@type":"Person","@id":"https:\/\/www.visit-ulcinj.com\/blog\/#\/schema\/person\/dcab619c614d3038751c63bc2aadc06d","name":"ulqini","sameAs":["http:\/\/www.visit-ulcinj.com"],"url":"https:\/\/www.visit-ulcinj.com\/blog\/author\/admin\/"}]}},"jetpack_featured_media_url":"","jetpack_sharing_enabled":true,"jetpack_shortlink":"https:\/\/wp.me\/pe6lTn-jA1","_links":{"self":[{"href":"https:\/\/www.visit-ulcinj.com\/blog\/wp-json\/wp\/v2\/posts\/75269"}],"collection":[{"href":"https:\/\/www.visit-ulcinj.com\/blog\/wp-json\/wp\/v2\/posts"}],"about":[{"href":"https:\/\/www.visit-ulcinj.com\/blog\/wp-json\/wp\/v2\/types\/post"}],"author":[{"embeddable":true,"href":"https:\/\/www.visit-ulcinj.com\/blog\/wp-json\/wp\/v2\/users\/1"}],"replies":[{"embeddable":true,"href":"https:\/\/www.visit-ulcinj.com\/blog\/wp-json\/wp\/v2\/comments?post=75269"}],"version-history":[{"count":4,"href":"https:\/\/www.visit-ulcinj.com\/blog\/wp-json\/wp\/v2\/posts\/75269\/revisions"}],"predecessor-version":[{"id":75283,"href":"https:\/\/www.visit-ulcinj.com\/blog\/wp-json\/wp\/v2\/posts\/75269\/revisions\/75283"}],"wp:attachment":[{"href":"https:\/\/www.visit-ulcinj.com\/blog\/wp-json\/wp\/v2\/media?parent=75269"}],"wp:term":[{"taxonomy":"category","embeddable":true,"href":"https:\/\/www.visit-ulcinj.com\/blog\/wp-json\/wp\/v2\/categories?post=75269"},{"taxonomy":"post_tag","embeddable":true,"href":"https:\/\/www.visit-ulcinj.com\/blog\/wp-json\/wp\/v2\/tags?post=75269"}],"curies":[{"name":"wp","href":"https:\/\/api.w.org\/{rel}","templated":true}]}}