{"id":75276,"date":"2013-10-12T17:39:40","date_gmt":"2013-10-12T16:39:40","guid":{"rendered":"http:\/\/www.visit-ulcinj.com\/blog\/?p=75276"},"modified":"2013-10-12T17:40:31","modified_gmt":"2013-10-12T16:40:31","slug":"cetkovic-jasno-je-da-je-vlast-prevarila-gradane","status":"publish","type":"post","link":"https:\/\/www.visit-ulcinj.com\/blog\/2013\/10\/12\/cetkovic-jasno-je-da-je-vlast-prevarila-gradane\/","title":{"rendered":"\u0106etkovi\u0107: Jasno je da je vlast prevarila gra\u0111ane"},"content":{"rendered":"<p align=\"justify\"><a href=\"http:\/\/www.visit-ulcinj.com\/blog\/wp-content\/uploads\/2010\/09\/andrija-cetkovic.jpg\"><img loading=\"lazy\" class=\"alignleft  wp-image-37022\" alt=\"andrija-cetkovic\" src=\"http:\/\/www.visit-ulcinj.com\/blog\/wp-content\/uploads\/2010\/09\/andrija-cetkovic.jpg\" width=\"300\" height=\"350\" \/><\/a>Aktuelna vlast u Ulcinju tokom protekle dvije godine vladavine nije ispunila nijedno obe\u0107anje dato gra\u0111anima u vezi povra\u0107aja imovine biv\u0161im vlasnicima imovine u Valdanosu i novog razgrani\u010denja linije morskog dobra. Iako je \u010desto kritikovana namjera dr\u017eave da valorizuje Valdanos davanjem u zakup potencijalnim investitorima i osu\u0111ivana politika JP za upravljanje morskim dobrom, vlast u Ulcinju, osim medijskih istupa u kojima je provejavalo nezadovoljstvo, nema konkretnih rezultata na terenu. D\u017eemal Perovi\u0107, izvr\u0161ni direktor grupe NVO \u201eMogul\u201d, organizacije koja se ve\u0107 nekoliko godina temeljno bavi ovim pitanjima i koja se zala\u017ee za vra\u0107anje imovine u Valdanosu i ve\u0107e u\u010de\u0161\u0107e lokalne uprave u upravljanju morskim dobrom, smatra da je aktuelna vladaju\u0107a koalicija na vlast do\u0161la na krilima obe\u0107anja da \u0107e se rije\u0161iti ova dva pitanja, koja dugi niz godina optere\u0107uju \u017eitelje Ulcinja.Za predsjednika Kluba odbornika Koalicije \u201eBolji Ulcinj, bolja Crna Gora\u201d <b>Andriju \u0106etkovi\u0107a <\/b>(SNP) jasno je da je vlast prevarila gra\u0111ane.<\/p>\n<p>\u2013 Predstavnici vlasti u Ulcinju sada su i u upravnim organima tog preduze\u0107a, me\u0111utim, po tom pitanju se ni\u0161ta ne rje\u0161ava. O\u010dekivali smo da se ne\u0161to rije\u0161i s obzirom na to da su sada u koaliciji sa DPS-om na dr\u017eavnom nivou. Dok su bili opozicija nudili su modele koji bi zadovoljili sve strane. Ispostavilo se da su sve to prazne pri\u010de na koje smo upozoravali jer su im va\u017eniji odnosi sa DPS-om od privatne i op\u0161tinske imovine. O\u010dito je da nemaju namjeru da ne\u0161to urade jer da imaju rezultati bi bili vidljivi. Ovako, koliko se mo\u017ee \u010duti, konkretnih izmjena, koje su se o\u010dekivale u Ulcinju, nema u predlogu novog zakona o morskom dobru \u2013 zaklju\u010duje \u0106etkovi\u0107<\/p>\n<p><strong>Izvor: Dan online<\/strong><\/p>\n","protected":false},"excerpt":{"rendered":"<p>Aktuelna vlast u Ulcinju tokom protekle dvije godine vladavine nije ispunila nijedno obe\u0107anje dato gra\u0111anima u vezi povra\u0107aja imovine biv\u0161im vlasnicima imovine u Valdanosu i novog razgrani\u010denja linije morskog dobra. Iako je \u010desto kritikovana namjera dr\u017eave da valorizuje Valdanos davanjem u zakup potencijalnim investitorima i osu\u0111ivana politika JP za upravljanje morskim dobrom, vlast u Ulcinju, [&hellip;]<\/p>\n","protected":false},"author":1,"featured_media":0,"comment_status":"closed","ping_status":"closed","sticky":false,"template":"","format":"standard","meta":{"spay_email":"","jetpack_publicize_message":"","jetpack_is_tweetstorm":false,"jetpack_publicize_feature_enabled":true},"categories":[8337],"tags":[],"jetpack_publicize_connections":[],"yoast_head":"<!-- This site is optimized with the Yoast SEO plugin v19.1 - https:\/\/yoast.com\/wordpress\/plugins\/seo\/ -->\n<title>\u0106etkovi\u0107: Jasno je da je vlast prevarila gra\u0111ane - Lajme nga Ulqini<\/title>\n<meta name=\"description\" content=\"Aktuelna vlast u Ulcinju tokom protekle dvije godine vladavine nije ispunila nijedno obe\u0107anje dato gra\u0111anima u vezi povra\u0107aja imovine biv\u0161im vlasnicima\" \/>\n<meta name=\"robots\" content=\"index, follow, max-snippet:-1, max-image-preview:large, max-video-preview:-1\" \/>\n<link rel=\"canonical\" href=\"https:\/\/www.visit-ulcinj.com\/blog\/2013\/10\/12\/cetkovic-jasno-je-da-je-vlast-prevarila-gradane\/\" \/>\n<meta property=\"og:locale\" content=\"en_US\" \/>\n<meta property=\"og:type\" content=\"article\" \/>\n<meta property=\"og:title\" content=\"\u0106etkovi\u0107: Jasno je da je vlast prevarila gra\u0111ane - Lajme nga Ulqini\" \/>\n<meta property=\"og:description\" content=\"Aktuelna vlast u Ulcinju tokom protekle dvije godine vladavine nije ispunila nijedno obe\u0107anje dato gra\u0111anima u vezi povra\u0107aja imovine biv\u0161im vlasnicima\" \/>\n<meta property=\"og:url\" content=\"https:\/\/www.visit-ulcinj.com\/blog\/2013\/10\/12\/cetkovic-jasno-je-da-je-vlast-prevarila-gradane\/\" \/>\n<meta property=\"og:site_name\" content=\"Lajme nga Ulqini\" \/>\n<meta property=\"article:published_time\" content=\"2013-10-12T16:39:40+00:00\" \/>\n<meta property=\"article:modified_time\" content=\"2013-10-12T16:40:31+00:00\" \/>\n<meta property=\"og:image\" content=\"http:\/\/www.visit-ulcinj.com\/blog\/wp-content\/uploads\/2010\/09\/andrija-cetkovic.jpg\" \/>\n<meta name=\"twitter:label1\" content=\"Written by\" \/>\n\t<meta name=\"twitter:data1\" content=\"ulqini\" \/>\n\t<meta name=\"twitter:label2\" content=\"Est. reading time\" \/>\n\t<meta name=\"twitter:data2\" content=\"2 minutes\" \/>\n<script type=\"application\/ld+json\" class=\"yoast-schema-graph\">{\"@context\":\"https:\/\/schema.org\",\"@graph\":[{\"@type\":\"WebSite\",\"@id\":\"https:\/\/www.visit-ulcinj.com\/blog\/#website\",\"url\":\"https:\/\/www.visit-ulcinj.com\/blog\/\",\"name\":\"Lajme nga Ulqini\",\"description\":\"Lajme,Vijesti,Ulqini,Ulqin,Crna Gora,Mali i Zi\",\"potentialAction\":[{\"@type\":\"SearchAction\",\"target\":{\"@type\":\"EntryPoint\",\"urlTemplate\":\"https:\/\/www.visit-ulcinj.com\/blog\/?s={search_term_string}\"},\"query-input\":\"required name=search_term_string\"}],\"inLanguage\":\"en-US\"},{\"@type\":\"ImageObject\",\"inLanguage\":\"en-US\",\"@id\":\"https:\/\/www.visit-ulcinj.com\/blog\/2013\/10\/12\/cetkovic-jasno-je-da-je-vlast-prevarila-gradane\/#primaryimage\",\"url\":\"https:\/\/www.visit-ulcinj.com\/blog\/wp-content\/uploads\/2010\/09\/andrija-cetkovic.jpg\",\"contentUrl\":\"https:\/\/www.visit-ulcinj.com\/blog\/wp-content\/uploads\/2010\/09\/andrija-cetkovic.jpg\",\"width\":\"270\",\"height\":\"389\"},{\"@type\":\"WebPage\",\"@id\":\"https:\/\/www.visit-ulcinj.com\/blog\/2013\/10\/12\/cetkovic-jasno-je-da-je-vlast-prevarila-gradane\/#webpage\",\"url\":\"https:\/\/www.visit-ulcinj.com\/blog\/2013\/10\/12\/cetkovic-jasno-je-da-je-vlast-prevarila-gradane\/\",\"name\":\"\u0106etkovi\u0107: Jasno je da je vlast prevarila gra\u0111ane - Lajme nga Ulqini\",\"isPartOf\":{\"@id\":\"https:\/\/www.visit-ulcinj.com\/blog\/#website\"},\"primaryImageOfPage\":{\"@id\":\"https:\/\/www.visit-ulcinj.com\/blog\/2013\/10\/12\/cetkovic-jasno-je-da-je-vlast-prevarila-gradane\/#primaryimage\"},\"datePublished\":\"2013-10-12T16:39:40+00:00\",\"dateModified\":\"2013-10-12T16:40:31+00:00\",\"author\":{\"@id\":\"https:\/\/www.visit-ulcinj.com\/blog\/#\/schema\/person\/dcab619c614d3038751c63bc2aadc06d\"},\"description\":\"Aktuelna vlast u Ulcinju tokom protekle dvije godine vladavine nije ispunila nijedno obe\u0107anje dato gra\u0111anima u vezi povra\u0107aja imovine biv\u0161im vlasnicima\",\"breadcrumb\":{\"@id\":\"https:\/\/www.visit-ulcinj.com\/blog\/2013\/10\/12\/cetkovic-jasno-je-da-je-vlast-prevarila-gradane\/#breadcrumb\"},\"inLanguage\":\"en-US\",\"potentialAction\":[{\"@type\":\"ReadAction\",\"target\":[\"https:\/\/www.visit-ulcinj.com\/blog\/2013\/10\/12\/cetkovic-jasno-je-da-je-vlast-prevarila-gradane\/\"]}]},{\"@type\":\"BreadcrumbList\",\"@id\":\"https:\/\/www.visit-ulcinj.com\/blog\/2013\/10\/12\/cetkovic-jasno-je-da-je-vlast-prevarila-gradane\/#breadcrumb\",\"itemListElement\":[{\"@type\":\"ListItem\",\"position\":1,\"name\":\"\u0106etkovi\u0107: Jasno je da je vlast prevarila gra\u0111ane\"}]},{\"@type\":\"Person\",\"@id\":\"https:\/\/www.visit-ulcinj.com\/blog\/#\/schema\/person\/dcab619c614d3038751c63bc2aadc06d\",\"name\":\"ulqini\",\"sameAs\":[\"http:\/\/www.visit-ulcinj.com\"],\"url\":\"https:\/\/www.visit-ulcinj.com\/blog\/author\/admin\/\"}]}<\/script>\n<!-- \/ Yoast SEO plugin. -->","yoast_head_json":{"title":"\u0106etkovi\u0107: Jasno je da je vlast prevarila gra\u0111ane - Lajme nga Ulqini","description":"Aktuelna vlast u Ulcinju tokom protekle dvije godine vladavine nije ispunila nijedno obe\u0107anje dato gra\u0111anima u vezi povra\u0107aja imovine biv\u0161im vlasnicima","robots":{"index":"index","follow":"follow","max-snippet":"max-snippet:-1","max-image-preview":"max-image-preview:large","max-video-preview":"max-video-preview:-1"},"canonical":"https:\/\/www.visit-ulcinj.com\/blog\/2013\/10\/12\/cetkovic-jasno-je-da-je-vlast-prevarila-gradane\/","og_locale":"en_US","og_type":"article","og_title":"\u0106etkovi\u0107: Jasno je da je vlast prevarila gra\u0111ane - Lajme nga Ulqini","og_description":"Aktuelna vlast u Ulcinju tokom protekle dvije godine vladavine nije ispunila nijedno obe\u0107anje dato gra\u0111anima u vezi povra\u0107aja imovine biv\u0161im vlasnicima","og_url":"https:\/\/www.visit-ulcinj.com\/blog\/2013\/10\/12\/cetkovic-jasno-je-da-je-vlast-prevarila-gradane\/","og_site_name":"Lajme nga Ulqini","article_published_time":"2013-10-12T16:39:40+00:00","article_modified_time":"2013-10-12T16:40:31+00:00","og_image":[{"url":"http:\/\/www.visit-ulcinj.com\/blog\/wp-content\/uploads\/2010\/09\/andrija-cetkovic.jpg"}],"twitter_misc":{"Written by":"ulqini","Est. reading time":"2 minutes"},"schema":{"@context":"https:\/\/schema.org","@graph":[{"@type":"WebSite","@id":"https:\/\/www.visit-ulcinj.com\/blog\/#website","url":"https:\/\/www.visit-ulcinj.com\/blog\/","name":"Lajme nga Ulqini","description":"Lajme,Vijesti,Ulqini,Ulqin,Crna Gora,Mali i Zi","potentialAction":[{"@type":"SearchAction","target":{"@type":"EntryPoint","urlTemplate":"https:\/\/www.visit-ulcinj.com\/blog\/?s={search_term_string}"},"query-input":"required name=search_term_string"}],"inLanguage":"en-US"},{"@type":"ImageObject","inLanguage":"en-US","@id":"https:\/\/www.visit-ulcinj.com\/blog\/2013\/10\/12\/cetkovic-jasno-je-da-je-vlast-prevarila-gradane\/#primaryimage","url":"https:\/\/www.visit-ulcinj.com\/blog\/wp-content\/uploads\/2010\/09\/andrija-cetkovic.jpg","contentUrl":"https:\/\/www.visit-ulcinj.com\/blog\/wp-content\/uploads\/2010\/09\/andrija-cetkovic.jpg","width":"270","height":"389"},{"@type":"WebPage","@id":"https:\/\/www.visit-ulcinj.com\/blog\/2013\/10\/12\/cetkovic-jasno-je-da-je-vlast-prevarila-gradane\/#webpage","url":"https:\/\/www.visit-ulcinj.com\/blog\/2013\/10\/12\/cetkovic-jasno-je-da-je-vlast-prevarila-gradane\/","name":"\u0106etkovi\u0107: Jasno je da je vlast prevarila gra\u0111ane - Lajme nga Ulqini","isPartOf":{"@id":"https:\/\/www.visit-ulcinj.com\/blog\/#website"},"primaryImageOfPage":{"@id":"https:\/\/www.visit-ulcinj.com\/blog\/2013\/10\/12\/cetkovic-jasno-je-da-je-vlast-prevarila-gradane\/#primaryimage"},"datePublished":"2013-10-12T16:39:40+00:00","dateModified":"2013-10-12T16:40:31+00:00","author":{"@id":"https:\/\/www.visit-ulcinj.com\/blog\/#\/schema\/person\/dcab619c614d3038751c63bc2aadc06d"},"description":"Aktuelna vlast u Ulcinju tokom protekle dvije godine vladavine nije ispunila nijedno obe\u0107anje dato gra\u0111anima u vezi povra\u0107aja imovine biv\u0161im vlasnicima","breadcrumb":{"@id":"https:\/\/www.visit-ulcinj.com\/blog\/2013\/10\/12\/cetkovic-jasno-je-da-je-vlast-prevarila-gradane\/#breadcrumb"},"inLanguage":"en-US","potentialAction":[{"@type":"ReadAction","target":["https:\/\/www.visit-ulcinj.com\/blog\/2013\/10\/12\/cetkovic-jasno-je-da-je-vlast-prevarila-gradane\/"]}]},{"@type":"BreadcrumbList","@id":"https:\/\/www.visit-ulcinj.com\/blog\/2013\/10\/12\/cetkovic-jasno-je-da-je-vlast-prevarila-gradane\/#breadcrumb","itemListElement":[{"@type":"ListItem","position":1,"name":"\u0106etkovi\u0107: Jasno je da je vlast prevarila gra\u0111ane"}]},{"@type":"Person","@id":"https:\/\/www.visit-ulcinj.com\/blog\/#\/schema\/person\/dcab619c614d3038751c63bc2aadc06d","name":"ulqini","sameAs":["http:\/\/www.visit-ulcinj.com"],"url":"https:\/\/www.visit-ulcinj.com\/blog\/author\/admin\/"}]}},"jetpack_featured_media_url":"","jetpack_sharing_enabled":true,"jetpack_shortlink":"https:\/\/wp.me\/pe6lTn-jA8","_links":{"self":[{"href":"https:\/\/www.visit-ulcinj.com\/blog\/wp-json\/wp\/v2\/posts\/75276"}],"collection":[{"href":"https:\/\/www.visit-ulcinj.com\/blog\/wp-json\/wp\/v2\/posts"}],"about":[{"href":"https:\/\/www.visit-ulcinj.com\/blog\/wp-json\/wp\/v2\/types\/post"}],"author":[{"embeddable":true,"href":"https:\/\/www.visit-ulcinj.com\/blog\/wp-json\/wp\/v2\/users\/1"}],"replies":[{"embeddable":true,"href":"https:\/\/www.visit-ulcinj.com\/blog\/wp-json\/wp\/v2\/comments?post=75276"}],"version-history":[{"count":2,"href":"https:\/\/www.visit-ulcinj.com\/blog\/wp-json\/wp\/v2\/posts\/75276\/revisions"}],"predecessor-version":[{"id":75278,"href":"https:\/\/www.visit-ulcinj.com\/blog\/wp-json\/wp\/v2\/posts\/75276\/revisions\/75278"}],"wp:attachment":[{"href":"https:\/\/www.visit-ulcinj.com\/blog\/wp-json\/wp\/v2\/media?parent=75276"}],"wp:term":[{"taxonomy":"category","embeddable":true,"href":"https:\/\/www.visit-ulcinj.com\/blog\/wp-json\/wp\/v2\/categories?post=75276"},{"taxonomy":"post_tag","embeddable":true,"href":"https:\/\/www.visit-ulcinj.com\/blog\/wp-json\/wp\/v2\/tags?post=75276"}],"curies":[{"name":"wp","href":"https:\/\/api.w.org\/{rel}","templated":true}]}}