{"id":75284,"date":"2013-10-13T18:55:17","date_gmt":"2013-10-13T17:55:17","guid":{"rendered":"http:\/\/www.visit-ulcinj.com\/blog\/?p=75284"},"modified":"2013-10-13T18:55:17","modified_gmt":"2013-10-13T17:55:17","slug":"perfundoi-takimi-poetik-ne-shas","status":"publish","type":"post","link":"https:\/\/www.visit-ulcinj.com\/blog\/2013\/10\/13\/perfundoi-takimi-poetik-ne-shas\/","title":{"rendered":"Perfundoi takimi poetik ne Shas"},"content":{"rendered":"<p><strong><a href=\"http:\/\/www.visit-ulcinj.com\/blog\/wp-content\/uploads\/2013\/10\/Dit\u00ebt-e-poezis\u00eb-shqipe-Shas-Ulqin-2013-1.jpg\"><img loading=\"lazy\" class=\"alignleft  wp-image-75285\" alt=\"Dit\u00ebt-e-poezis\u00eb-shqipe-Shas-Ulqin-2013-1\" src=\"http:\/\/www.visit-ulcinj.com\/blog\/wp-content\/uploads\/2013\/10\/Dit\u00ebt-e-poezis\u00eb-shqipe-Shas-Ulqin-2013-1.jpg\" width=\"300\" height=\"350\" \/><\/a>KADRIU: Shasi, qenka\u00a0 nj\u00eb thesar i civilizimit dhe frym\u00ebzimit<\/strong><\/p>\n<p>Shas-Kat\u00ebrkoll\u00eb,13\u00a0 tetor- P\u00ebrfundoi me sukses aktiviteti i par\u00eb i takimeve ,tashm\u00eb,tradicionale, DITA E POEZIS\u00cb SHQIPE SHAS 2013, t\u00eb organizuar nga Shoqata \u201cHarmonia\u201d edhe t\u00eb p\u00ebrkrahur nga Fondi p\u00ebr Mbrojen dhe realizimin e t\u00eb drejtave t\u00eb pakicave.<\/p>\n<p>Kryepersonazhi i veprimtaris\u00eb s\u00eb sivjetme ishte prozatori dhe poeti i njohur nga Kosova,Ibrahim Kadriu, autor i m\u00eb shum\u00eb se 50 veprave t\u00eb zhanreve t\u00eb ndryshme t\u00eb let\u00ebrsis\u00eb.<\/p>\n<p>Mbi opusin krijues t\u00eb shkrimtarit Kadriu foli kritiku m\u00eb aktual letrar n\u00eb mbar\u00eb let\u00ebrsin\u00eb shqipe, Ramadan Musliu, i cili let\u00ebrsin\u00eb q\u00eb e krijon Ibrahim Kadriu e quajti shum\u00eb t\u00eb posa\u00e7me, ndaj ,si\u00e7 shtoi ai,romanet, tregimet dhe poezit\u00eb e tij jan\u00eb botuar edhe vler\u00ebsuar n\u00eb shum\u00eb gjuh\u00eb bot\u00ebrore.<\/p>\n<p>\u201cIbrahim Kadriu \u00ebsht\u00eb nj\u00eb mjesht\u00ebr i spikatur i penes, p\u00ebr f\u00ebmij\u00eb apo p\u00ebr t\u00eb rritur.Motivet dhe personazhet jan\u00eb nga p\u00ebrditshm\u00ebria,por nuk lihen anash as nga peridhat e ndryshme t\u00eb historis\u00eb son\u00eb komb\u00ebtare\u201d,- tha Musliu, duke n\u00ebnvizuar se edhe gjuh\u00ebn si mjet i shprehjes artistike, e ka t\u00eb p\u00ebrzgjedhur,t\u00eb kapshme edhe filozofike.<\/p>\n<p>I ftuari special i\u00a0 takimit ,Ibrahim Kadriu u shpreh se une artistikisht e kam imagjinuar Shasin,por ky ambient qenka mahnit\u00ebs, nj\u00eb thesar i nj\u00ebmend\u00ebt i cilivizimit\u00a0 dhe frym\u00ebzimit.<\/p>\n<p>\u201cLexuesi i veprave t\u00eb mija n\u00eb proz\u00eb,Ulqinin e gjen shpesh, mbase edhe Shasin si imagjinat\u00eb artistike,por k\u00ebsaj radhe,fal ftes\u00ebs s\u00eb organizatorit,jam n\u00eb k\u00ebt\u00eb ambient ku poezia buron vet\u00eb,e pashterrshme\u201d,- tha Kadriu.<\/p>\n<p>N\u00eb interesimin e moderatorit dhe kordinatorit t\u00eb projektit \u201cDITA E POEZIS\u00cb SHQIPE SHASI 2013\u201d, Ibrahim Berjashi, se i ruani ende lidhjet q\u00eb keni pasur n\u00eb shtetin e p\u00ebrbashk\u00ebt me shkrimtar\u00ebt malazias,mysafiri nga Kosova permendi disa emra,por ndaloi te personaliteti i akademik Jevrem B\u00ebrkoviqit,i cili, si\u00e7 tha Kadriu,n\u00eb koh\u00ebt m\u00eb t\u00eb v\u00ebshtira i ka p\u00ebrkrahur shqiptar\u00ebt p\u00ebr liri fundshekullin e kaluar,por ai vazhdon edhe sot e k\u00ebsaj dite.<\/p>\n<p>Kadriu miq\u00ebsin\u00eb e kahmotshme e ilustroi me rastin e q\u00ebndrimit t\u00eb shkrimtarit B\u00ebrkoviq koh\u00eb m\u00eb par\u00eb n\u00eb Kosov\u00eb,duke n\u00ebnvizuar vizitat n\u00eb Prekaz edhe n\u00eb lokalitete tjera ku jan\u00eb zhvilluar beteja t\u00eb lavdishme fundshekullin e kaluar p\u00ebr \u00e7lirimin e Kosov\u00ebs.<\/p>\n<p>T\u00eb pranishmit, shkrimtar\u00eb,shkenc\u00ebtar\u00eb,<wbr \/>gazetar\u00eb edhe dashamir\u00eb t\u00eb fjal\u00ebs s\u00eb shkruar, mysafirit i parashtruan pyetje t\u00eb shumta mbi let\u00ebrsin\u00eb e sotme shqipe n\u00eb Kosov\u00eb dhe n\u00eb mbar\u00eb rrafshin komb\u00ebtar.<\/p>\n<p>Ai tha se ,p\u00ebr fat t\u00eb keq,n\u00eb dhjet\u00eb vitet e fundit nuk kemi ndonj\u00eb brez t\u00eb konsoliduar shkrimtar\u00ebsh, si\u00e7 ishin m\u00eb heret n\u00eb periudha t\u00eb ve\u00e7anta t\u00eb shekullit t\u00eb kaluar.<\/p>\n<p>N\u00eb shenj\u00eb respekti,p\u00ebr organizator\u00ebt edhe p\u00ebr auditoriumin q\u00eb e ndoqi aktivitetin n\u00eb ambientet atraktive t\u00eb motelit Shas,dhuroi vepra nga produksioni i tij letrar.<\/p>\n<p>P\u00ebr nder t\u00eb mysafirit,vargje lexuan edhe poetet, Shqipe Hasani,Flutra Mustafa dhe Hajredin Kova\u00e7i.<\/p>\n<p>N\u00eb k\u00ebt\u00eb \u00a0veprimtari ishte i pranish\u00ebm edhe delegacioni i Fondit p\u00ebr Mbrojtjen dhe Realizimin e t\u00eb Drejtave t\u00eb Pakicave t\u00eb Malit t\u00eb Zi,si dhe Mr. Basri Lika,an\u00ebtar i\u00a0 KD t\u00eb Fondit.<\/p>\n<p>Shkrimtari Kadriu n\u00eb shenj\u00eb respekti q\u00eb ndihmon edhe kultur\u00ebn e shqiptar\u00ebve k\u00ebtu,p\u00ebr Bibliotek\u00ebn e Fondit dhuroi disa nga veprat e tij n\u00eb gjuh\u00ebn shqipe dhe t\u00eb p\u00ebrkthyera n\u00eb gjuh\u00ebn malazeze.<\/p>\n<p>&nbsp;<\/p>\n<p>Legjenda:Ibrahim Kadriu<\/p>\n<p>Shoqata HARMONIA<\/p>\n","protected":false},"excerpt":{"rendered":"<p>KADRIU: Shasi, qenka\u00a0 nj\u00eb thesar i civilizimit dhe frym\u00ebzimit Shas-Kat\u00ebrkoll\u00eb,13\u00a0 tetor- P\u00ebrfundoi me sukses aktiviteti i par\u00eb i takimeve ,tashm\u00eb,tradicionale, DITA E POEZIS\u00cb SHQIPE SHAS 2013, t\u00eb organizuar nga Shoqata \u201cHarmonia\u201d edhe t\u00eb p\u00ebrkrahur nga Fondi p\u00ebr Mbrojen dhe realizimin e t\u00eb drejtave t\u00eb pakicave. Kryepersonazhi i veprimtaris\u00eb s\u00eb sivjetme ishte prozatori dhe poeti i [&hellip;]<\/p>\n","protected":false},"author":1,"featured_media":0,"comment_status":"closed","ping_status":"closed","sticky":false,"template":"","format":"standard","meta":{"spay_email":"","jetpack_publicize_message":"","jetpack_is_tweetstorm":false,"jetpack_publicize_feature_enabled":true},"categories":[4],"tags":[],"jetpack_publicize_connections":[],"yoast_head":"<!-- This site is optimized with the Yoast SEO plugin v19.1 - https:\/\/yoast.com\/wordpress\/plugins\/seo\/ -->\n<title>Perfundoi takimi poetik ne Shas - Lajme nga Ulqini<\/title>\n<meta name=\"description\" content=\"KADRIU: Shasi, qenka\u00a0 nj\u00eb thesar i civilizimit dhe frym\u00ebzimit Shas-Kat\u00ebrkoll\u00eb,13\u00a0 tetor- P\u00ebrfundoi me sukses aktiviteti i par\u00eb i takimeve\" \/>\n<meta name=\"robots\" content=\"index, follow, max-snippet:-1, max-image-preview:large, max-video-preview:-1\" \/>\n<link rel=\"canonical\" href=\"https:\/\/www.visit-ulcinj.com\/blog\/2013\/10\/13\/perfundoi-takimi-poetik-ne-shas\/\" \/>\n<meta property=\"og:locale\" content=\"en_US\" \/>\n<meta property=\"og:type\" content=\"article\" \/>\n<meta property=\"og:title\" content=\"Perfundoi takimi poetik ne Shas - Lajme nga Ulqini\" \/>\n<meta property=\"og:description\" content=\"KADRIU: Shasi, qenka\u00a0 nj\u00eb thesar i civilizimit dhe frym\u00ebzimit Shas-Kat\u00ebrkoll\u00eb,13\u00a0 tetor- P\u00ebrfundoi me sukses aktiviteti i par\u00eb i takimeve\" \/>\n<meta property=\"og:url\" content=\"https:\/\/www.visit-ulcinj.com\/blog\/2013\/10\/13\/perfundoi-takimi-poetik-ne-shas\/\" \/>\n<meta property=\"og:site_name\" content=\"Lajme nga Ulqini\" \/>\n<meta property=\"article:published_time\" content=\"2013-10-13T17:55:17+00:00\" \/>\n<meta name=\"twitter:label1\" content=\"Written by\" \/>\n\t<meta name=\"twitter:data1\" content=\"ulqini\" \/>\n\t<meta name=\"twitter:label2\" content=\"Est. reading time\" \/>\n\t<meta name=\"twitter:data2\" content=\"3 minutes\" \/>\n<script type=\"application\/ld+json\" class=\"yoast-schema-graph\">{\"@context\":\"https:\/\/schema.org\",\"@graph\":[{\"@type\":\"WebSite\",\"@id\":\"https:\/\/www.visit-ulcinj.com\/blog\/#website\",\"url\":\"https:\/\/www.visit-ulcinj.com\/blog\/\",\"name\":\"Lajme nga Ulqini\",\"description\":\"Lajme,Vijesti,Ulqini,Ulqin,Crna Gora,Mali i Zi\",\"potentialAction\":[{\"@type\":\"SearchAction\",\"target\":{\"@type\":\"EntryPoint\",\"urlTemplate\":\"https:\/\/www.visit-ulcinj.com\/blog\/?s={search_term_string}\"},\"query-input\":\"required name=search_term_string\"}],\"inLanguage\":\"en-US\"},{\"@type\":\"WebPage\",\"@id\":\"https:\/\/www.visit-ulcinj.com\/blog\/2013\/10\/13\/perfundoi-takimi-poetik-ne-shas\/#webpage\",\"url\":\"https:\/\/www.visit-ulcinj.com\/blog\/2013\/10\/13\/perfundoi-takimi-poetik-ne-shas\/\",\"name\":\"Perfundoi takimi poetik ne Shas - Lajme nga Ulqini\",\"isPartOf\":{\"@id\":\"https:\/\/www.visit-ulcinj.com\/blog\/#website\"},\"datePublished\":\"2013-10-13T17:55:17+00:00\",\"dateModified\":\"2013-10-13T17:55:17+00:00\",\"author\":{\"@id\":\"https:\/\/www.visit-ulcinj.com\/blog\/#\/schema\/person\/dcab619c614d3038751c63bc2aadc06d\"},\"description\":\"KADRIU: Shasi, qenka\u00a0 nj\u00eb thesar i civilizimit dhe frym\u00ebzimit Shas-Kat\u00ebrkoll\u00eb,13\u00a0 tetor- P\u00ebrfundoi me sukses aktiviteti i par\u00eb i takimeve\",\"breadcrumb\":{\"@id\":\"https:\/\/www.visit-ulcinj.com\/blog\/2013\/10\/13\/perfundoi-takimi-poetik-ne-shas\/#breadcrumb\"},\"inLanguage\":\"en-US\",\"potentialAction\":[{\"@type\":\"ReadAction\",\"target\":[\"https:\/\/www.visit-ulcinj.com\/blog\/2013\/10\/13\/perfundoi-takimi-poetik-ne-shas\/\"]}]},{\"@type\":\"BreadcrumbList\",\"@id\":\"https:\/\/www.visit-ulcinj.com\/blog\/2013\/10\/13\/perfundoi-takimi-poetik-ne-shas\/#breadcrumb\",\"itemListElement\":[{\"@type\":\"ListItem\",\"position\":1,\"name\":\"Perfundoi takimi poetik ne Shas\"}]},{\"@type\":\"Person\",\"@id\":\"https:\/\/www.visit-ulcinj.com\/blog\/#\/schema\/person\/dcab619c614d3038751c63bc2aadc06d\",\"name\":\"ulqini\",\"sameAs\":[\"http:\/\/www.visit-ulcinj.com\"],\"url\":\"https:\/\/www.visit-ulcinj.com\/blog\/author\/admin\/\"}]}<\/script>\n<!-- \/ Yoast SEO plugin. -->","yoast_head_json":{"title":"Perfundoi takimi poetik ne Shas - Lajme nga Ulqini","description":"KADRIU: Shasi, qenka\u00a0 nj\u00eb thesar i civilizimit dhe frym\u00ebzimit Shas-Kat\u00ebrkoll\u00eb,13\u00a0 tetor- P\u00ebrfundoi me sukses aktiviteti i par\u00eb i takimeve","robots":{"index":"index","follow":"follow","max-snippet":"max-snippet:-1","max-image-preview":"max-image-preview:large","max-video-preview":"max-video-preview:-1"},"canonical":"https:\/\/www.visit-ulcinj.com\/blog\/2013\/10\/13\/perfundoi-takimi-poetik-ne-shas\/","og_locale":"en_US","og_type":"article","og_title":"Perfundoi takimi poetik ne Shas - Lajme nga Ulqini","og_description":"KADRIU: Shasi, qenka\u00a0 nj\u00eb thesar i civilizimit dhe frym\u00ebzimit Shas-Kat\u00ebrkoll\u00eb,13\u00a0 tetor- P\u00ebrfundoi me sukses aktiviteti i par\u00eb i takimeve","og_url":"https:\/\/www.visit-ulcinj.com\/blog\/2013\/10\/13\/perfundoi-takimi-poetik-ne-shas\/","og_site_name":"Lajme nga Ulqini","article_published_time":"2013-10-13T17:55:17+00:00","twitter_misc":{"Written by":"ulqini","Est. reading time":"3 minutes"},"schema":{"@context":"https:\/\/schema.org","@graph":[{"@type":"WebSite","@id":"https:\/\/www.visit-ulcinj.com\/blog\/#website","url":"https:\/\/www.visit-ulcinj.com\/blog\/","name":"Lajme nga Ulqini","description":"Lajme,Vijesti,Ulqini,Ulqin,Crna Gora,Mali i Zi","potentialAction":[{"@type":"SearchAction","target":{"@type":"EntryPoint","urlTemplate":"https:\/\/www.visit-ulcinj.com\/blog\/?s={search_term_string}"},"query-input":"required name=search_term_string"}],"inLanguage":"en-US"},{"@type":"WebPage","@id":"https:\/\/www.visit-ulcinj.com\/blog\/2013\/10\/13\/perfundoi-takimi-poetik-ne-shas\/#webpage","url":"https:\/\/www.visit-ulcinj.com\/blog\/2013\/10\/13\/perfundoi-takimi-poetik-ne-shas\/","name":"Perfundoi takimi poetik ne Shas - Lajme nga Ulqini","isPartOf":{"@id":"https:\/\/www.visit-ulcinj.com\/blog\/#website"},"datePublished":"2013-10-13T17:55:17+00:00","dateModified":"2013-10-13T17:55:17+00:00","author":{"@id":"https:\/\/www.visit-ulcinj.com\/blog\/#\/schema\/person\/dcab619c614d3038751c63bc2aadc06d"},"description":"KADRIU: Shasi, qenka\u00a0 nj\u00eb thesar i civilizimit dhe frym\u00ebzimit Shas-Kat\u00ebrkoll\u00eb,13\u00a0 tetor- P\u00ebrfundoi me sukses aktiviteti i par\u00eb i takimeve","breadcrumb":{"@id":"https:\/\/www.visit-ulcinj.com\/blog\/2013\/10\/13\/perfundoi-takimi-poetik-ne-shas\/#breadcrumb"},"inLanguage":"en-US","potentialAction":[{"@type":"ReadAction","target":["https:\/\/www.visit-ulcinj.com\/blog\/2013\/10\/13\/perfundoi-takimi-poetik-ne-shas\/"]}]},{"@type":"BreadcrumbList","@id":"https:\/\/www.visit-ulcinj.com\/blog\/2013\/10\/13\/perfundoi-takimi-poetik-ne-shas\/#breadcrumb","itemListElement":[{"@type":"ListItem","position":1,"name":"Perfundoi takimi poetik ne Shas"}]},{"@type":"Person","@id":"https:\/\/www.visit-ulcinj.com\/blog\/#\/schema\/person\/dcab619c614d3038751c63bc2aadc06d","name":"ulqini","sameAs":["http:\/\/www.visit-ulcinj.com"],"url":"https:\/\/www.visit-ulcinj.com\/blog\/author\/admin\/"}]}},"jetpack_featured_media_url":"","jetpack_sharing_enabled":true,"jetpack_shortlink":"https:\/\/wp.me\/pe6lTn-jAg","_links":{"self":[{"href":"https:\/\/www.visit-ulcinj.com\/blog\/wp-json\/wp\/v2\/posts\/75284"}],"collection":[{"href":"https:\/\/www.visit-ulcinj.com\/blog\/wp-json\/wp\/v2\/posts"}],"about":[{"href":"https:\/\/www.visit-ulcinj.com\/blog\/wp-json\/wp\/v2\/types\/post"}],"author":[{"embeddable":true,"href":"https:\/\/www.visit-ulcinj.com\/blog\/wp-json\/wp\/v2\/users\/1"}],"replies":[{"embeddable":true,"href":"https:\/\/www.visit-ulcinj.com\/blog\/wp-json\/wp\/v2\/comments?post=75284"}],"version-history":[{"count":2,"href":"https:\/\/www.visit-ulcinj.com\/blog\/wp-json\/wp\/v2\/posts\/75284\/revisions"}],"predecessor-version":[{"id":75287,"href":"https:\/\/www.visit-ulcinj.com\/blog\/wp-json\/wp\/v2\/posts\/75284\/revisions\/75287"}],"wp:attachment":[{"href":"https:\/\/www.visit-ulcinj.com\/blog\/wp-json\/wp\/v2\/media?parent=75284"}],"wp:term":[{"taxonomy":"category","embeddable":true,"href":"https:\/\/www.visit-ulcinj.com\/blog\/wp-json\/wp\/v2\/categories?post=75284"},{"taxonomy":"post_tag","embeddable":true,"href":"https:\/\/www.visit-ulcinj.com\/blog\/wp-json\/wp\/v2\/tags?post=75284"}],"curies":[{"name":"wp","href":"https:\/\/api.w.org\/{rel}","templated":true}]}}