{"id":75288,"date":"2013-10-14T15:17:49","date_gmt":"2013-10-14T14:17:49","guid":{"rendered":"http:\/\/www.visit-ulcinj.com\/blog\/?p=75288"},"modified":"2013-10-14T22:23:51","modified_gmt":"2013-10-14T21:23:51","slug":"cungu-telegram-urimi-me-rastin-e-kurban-bajramit","status":"publish","type":"post","link":"https:\/\/www.visit-ulcinj.com\/blog\/2013\/10\/14\/cungu-telegram-urimi-me-rastin-e-kurban-bajramit\/","title":{"rendered":"Cungu: Telegram Urimi me rastin e Kurban Bajramit"},"content":{"rendered":"<div><a href=\"http:\/\/www.visit-ulcinj.com\/blog\/wp-content\/uploads\/2013\/10\/Nazif-Cungu-kurban-bajrami.jpg\"><img loading=\"lazy\" class=\"alignleft  wp-image-75289\" alt=\"Nazif-Cungu-kurban-bajrami\" src=\"http:\/\/www.visit-ulcinj.com\/blog\/wp-content\/uploads\/2013\/10\/Nazif-Cungu-kurban-bajrami.jpg\" width=\"508\" height=\"360\" \/><\/a>Me d\u00ebshir\u00eb dhe k\u00ebnaq\u00ebsi t\u00eb ve\u00e7ant\u00eb ju drejtohem t\u00eb gjith\u00eb besimtar\u00ebve musliman me urimet m\u00eb t\u00eb p\u00ebrzem\u00ebrta me rastin e fest\u00ebs s\u00eb Kurban Bajramit.<\/div>\n<div>Kurban Bajrami \u00ebsht\u00eb fest\u00eb q\u00eb kuror\u00ebzon mir\u00ebsin, sakrifincen dhe p\u00ebrul\u00ebsin e \u00e7do besimtari, andaj le t\u00eb jet\u00eb kjo fest\u00eb nj\u00eb rast p\u00ebr t\u00eb shpalosur akoma m\u00eb thell\u00eb ndjenjat e vullnetit t\u00eb mir\u00eb dhe respektit t\u00eb nd\u00ebrsjell\u00ebt.<\/div>\n<div>Kjo dit\u00eb m\u00eb jep rastin q\u00eb t\u00eb gjith\u00eb besimtarve musliman t&#8217;u shpreh urimet\u00a0 m\u00eb t\u00eb sinqerta\u00a0 duke d\u00ebshiruar harmoni dhe begati n\u00eb familjet e tyre.<\/div>\n<div><\/div>\n<div>\u00a0Urime!<\/div>\n<div>\u00a0\u00a0\u00a0\u00a0\u00a0\u00a0\u00a0\u00a0\u00a0\u00a0\u00a0\u00a0\u00a0\u00a0\u00a0\u00a0\u00a0\u00a0\u00a0\u00a0\u00a0\u00a0\u00a0\u00a0\u00a0\u00a0\u00a0\u00a0\u00a0\u00a0<wbr \/>\u00a0\u00a0\u00a0\u00a0\u00a0\u00a0\u00a0\u00a0\u00a0\u00a0\u00a0\u00a0\u00a0\u00a0\u00a0\u00a0\u00a0 \u00a0\u00a0\u00a0\u00a0\u00a0\u00a0\u00a0\u00a0\u00a0\u00a0\u00a0\u00a0\u00a0\u00a0\u00a0\u00a0\u00a0\u00a0\u00a0\u00a0\u00a0\u00a0\u00a0\u00a0\u00a0\u00a0\u00a0\u00a0\u00a0\u00a0<wbr \/>\u00a0\u00a0\u00a0\u00a0\u00a0\u00a0\u00a0\u00a0\u00a0\u00a0\u00a0\u00a0\u00a0\u00a0\u00a0\u00a0\u00a0\u00a0\u00a0\u00a0\u00a0\u00a0\u00a0\u00a0Kryeta<wbr \/>ri i Komun\u00ebs s\u00eb Ulqinit<\/div>\n<div>\u00a0\u00a0\u00a0\u00a0\u00a0\u00a0\u00a0\u00a0\u00a0\u00a0\u00a0\u00a0\u00a0\u00a0\u00a0\u00a0\u00a0\u00a0\u00a0\u00a0\u00a0\u00a0\u00a0\u00a0\u00a0\u00a0\u00a0\u00a0\u00a0\u00a0<wbr \/>\u00a0\u00a0\u00a0\u00a0\u00a0\u00a0\u00a0\u00a0\u00a0\u00a0\u00a0\u00a0\u00a0\u00a0\u00a0\u00a0\u00a0\u00a0\u00a0\u00a0\u00a0\u00a0\u00a0\u00a0\u00a0\u00a0\u00a0\u00a0\u00a0\u00a0<wbr \/>\u00a0\u00a0\u00a0\u00a0\u00a0 \u00a0\u00a0\u00a0\u00a0\u00a0\u00a0\u00a0\u00a0\u00a0\u00a0\u00a0\u00a0\u00a0\u00a0\u00a0\u00a0\u00a0\u00a0\u00a0\u00a0\u00a0\u00a0\u00a0\u00a0\u00a0\u00a0\u00a0\u00a0\u00a0\u00a0<wbr \/>\u00a0\u00a0\u00a0\u00a0\u00a0\u00a0\u00a0\u00a0\u00a0\u00a0\u00a0\u00a0\u00a0\u00a0\u00a0\u00a0\u00a0\u00a0\u00a0\u00a0\u00a0Nazif Cungu<\/div>\n<div><\/div>\n","protected":false},"excerpt":{"rendered":"<p>Me d\u00ebshir\u00eb dhe k\u00ebnaq\u00ebsi t\u00eb ve\u00e7ant\u00eb ju drejtohem t\u00eb gjith\u00eb besimtar\u00ebve musliman me urimet m\u00eb t\u00eb p\u00ebrzem\u00ebrta me rastin e fest\u00ebs s\u00eb Kurban Bajramit. Kurban Bajrami \u00ebsht\u00eb fest\u00eb q\u00eb kuror\u00ebzon mir\u00ebsin, sakrifincen dhe p\u00ebrul\u00ebsin e \u00e7do besimtari, andaj le t\u00eb jet\u00eb kjo fest\u00eb nj\u00eb rast p\u00ebr t\u00eb shpalosur akoma m\u00eb thell\u00eb ndjenjat e vullnetit t\u00eb [&hellip;]<\/p>\n","protected":false},"author":1,"featured_media":0,"comment_status":"closed","ping_status":"closed","sticky":false,"template":"","format":"standard","meta":{"spay_email":"","jetpack_publicize_message":"","jetpack_is_tweetstorm":false,"jetpack_publicize_feature_enabled":true},"categories":[1,6950],"tags":[],"jetpack_publicize_connections":[],"yoast_head":"<!-- This site is optimized with the Yoast SEO plugin v19.1 - https:\/\/yoast.com\/wordpress\/plugins\/seo\/ -->\n<title>Cungu: Telegram Urimi me rastin e Kurban Bajramit - Lajme nga Ulqini<\/title>\n<meta name=\"description\" content=\"Me d\u00ebshir\u00eb dhe k\u00ebnaq\u00ebsi t\u00eb ve\u00e7ant\u00eb ju drejtohem t\u00eb gjith\u00eb besimtar\u00ebve musliman me urimet m\u00eb t\u00eb p\u00ebrzem\u00ebrta me rastin e fest\u00ebs s\u00eb Kurban Bajramit. Kurban\" \/>\n<meta name=\"robots\" content=\"index, follow, max-snippet:-1, max-image-preview:large, max-video-preview:-1\" \/>\n<link rel=\"canonical\" href=\"https:\/\/www.visit-ulcinj.com\/blog\/2013\/10\/14\/cungu-telegram-urimi-me-rastin-e-kurban-bajramit\/\" \/>\n<meta property=\"og:locale\" content=\"en_US\" \/>\n<meta property=\"og:type\" content=\"article\" \/>\n<meta property=\"og:title\" content=\"Cungu: Telegram Urimi me rastin e Kurban Bajramit - Lajme nga Ulqini\" \/>\n<meta property=\"og:description\" content=\"Me d\u00ebshir\u00eb dhe k\u00ebnaq\u00ebsi t\u00eb ve\u00e7ant\u00eb ju drejtohem t\u00eb gjith\u00eb besimtar\u00ebve musliman me urimet m\u00eb t\u00eb p\u00ebrzem\u00ebrta me rastin e fest\u00ebs s\u00eb Kurban Bajramit. Kurban\" \/>\n<meta property=\"og:url\" content=\"https:\/\/www.visit-ulcinj.com\/blog\/2013\/10\/14\/cungu-telegram-urimi-me-rastin-e-kurban-bajramit\/\" \/>\n<meta property=\"og:site_name\" content=\"Lajme nga Ulqini\" \/>\n<meta property=\"article:published_time\" content=\"2013-10-14T14:17:49+00:00\" \/>\n<meta property=\"article:modified_time\" content=\"2013-10-14T21:23:51+00:00\" \/>\n<meta property=\"og:image\" content=\"http:\/\/www.visit-ulcinj.com\/blog\/wp-content\/uploads\/2013\/10\/Nazif-Cungu-kurban-bajrami.jpg\" \/>\n<meta name=\"twitter:label1\" content=\"Written by\" \/>\n\t<meta name=\"twitter:data1\" content=\"ulqini\" \/>\n\t<meta name=\"twitter:label2\" content=\"Est. reading time\" \/>\n\t<meta name=\"twitter:data2\" content=\"1 minute\" \/>\n<script type=\"application\/ld+json\" class=\"yoast-schema-graph\">{\"@context\":\"https:\/\/schema.org\",\"@graph\":[{\"@type\":\"WebSite\",\"@id\":\"https:\/\/www.visit-ulcinj.com\/blog\/#website\",\"url\":\"https:\/\/www.visit-ulcinj.com\/blog\/\",\"name\":\"Lajme nga Ulqini\",\"description\":\"Lajme,Vijesti,Ulqini,Ulqin,Crna Gora,Mali i Zi\",\"potentialAction\":[{\"@type\":\"SearchAction\",\"target\":{\"@type\":\"EntryPoint\",\"urlTemplate\":\"https:\/\/www.visit-ulcinj.com\/blog\/?s={search_term_string}\"},\"query-input\":\"required name=search_term_string\"}],\"inLanguage\":\"en-US\"},{\"@type\":\"ImageObject\",\"inLanguage\":\"en-US\",\"@id\":\"https:\/\/www.visit-ulcinj.com\/blog\/2013\/10\/14\/cungu-telegram-urimi-me-rastin-e-kurban-bajramit\/#primaryimage\",\"url\":\"https:\/\/www.visit-ulcinj.com\/blog\/wp-content\/uploads\/2013\/10\/Nazif-Cungu-kurban-bajrami.jpg\",\"contentUrl\":\"https:\/\/www.visit-ulcinj.com\/blog\/wp-content\/uploads\/2013\/10\/Nazif-Cungu-kurban-bajrami.jpg\",\"width\":1024,\"height\":678},{\"@type\":\"WebPage\",\"@id\":\"https:\/\/www.visit-ulcinj.com\/blog\/2013\/10\/14\/cungu-telegram-urimi-me-rastin-e-kurban-bajramit\/#webpage\",\"url\":\"https:\/\/www.visit-ulcinj.com\/blog\/2013\/10\/14\/cungu-telegram-urimi-me-rastin-e-kurban-bajramit\/\",\"name\":\"Cungu: Telegram Urimi me rastin e Kurban Bajramit - Lajme nga Ulqini\",\"isPartOf\":{\"@id\":\"https:\/\/www.visit-ulcinj.com\/blog\/#website\"},\"primaryImageOfPage\":{\"@id\":\"https:\/\/www.visit-ulcinj.com\/blog\/2013\/10\/14\/cungu-telegram-urimi-me-rastin-e-kurban-bajramit\/#primaryimage\"},\"datePublished\":\"2013-10-14T14:17:49+00:00\",\"dateModified\":\"2013-10-14T21:23:51+00:00\",\"author\":{\"@id\":\"https:\/\/www.visit-ulcinj.com\/blog\/#\/schema\/person\/dcab619c614d3038751c63bc2aadc06d\"},\"description\":\"Me d\u00ebshir\u00eb dhe k\u00ebnaq\u00ebsi t\u00eb ve\u00e7ant\u00eb ju drejtohem t\u00eb gjith\u00eb besimtar\u00ebve musliman me urimet m\u00eb t\u00eb p\u00ebrzem\u00ebrta me rastin e fest\u00ebs s\u00eb Kurban Bajramit. Kurban\",\"breadcrumb\":{\"@id\":\"https:\/\/www.visit-ulcinj.com\/blog\/2013\/10\/14\/cungu-telegram-urimi-me-rastin-e-kurban-bajramit\/#breadcrumb\"},\"inLanguage\":\"en-US\",\"potentialAction\":[{\"@type\":\"ReadAction\",\"target\":[\"https:\/\/www.visit-ulcinj.com\/blog\/2013\/10\/14\/cungu-telegram-urimi-me-rastin-e-kurban-bajramit\/\"]}]},{\"@type\":\"BreadcrumbList\",\"@id\":\"https:\/\/www.visit-ulcinj.com\/blog\/2013\/10\/14\/cungu-telegram-urimi-me-rastin-e-kurban-bajramit\/#breadcrumb\",\"itemListElement\":[{\"@type\":\"ListItem\",\"position\":1,\"name\":\"Cungu: Telegram Urimi me rastin e Kurban Bajramit\"}]},{\"@type\":\"Person\",\"@id\":\"https:\/\/www.visit-ulcinj.com\/blog\/#\/schema\/person\/dcab619c614d3038751c63bc2aadc06d\",\"name\":\"ulqini\",\"sameAs\":[\"http:\/\/www.visit-ulcinj.com\"],\"url\":\"https:\/\/www.visit-ulcinj.com\/blog\/author\/admin\/\"}]}<\/script>\n<!-- \/ Yoast SEO plugin. -->","yoast_head_json":{"title":"Cungu: Telegram Urimi me rastin e Kurban Bajramit - Lajme nga Ulqini","description":"Me d\u00ebshir\u00eb dhe k\u00ebnaq\u00ebsi t\u00eb ve\u00e7ant\u00eb ju drejtohem t\u00eb gjith\u00eb besimtar\u00ebve musliman me urimet m\u00eb t\u00eb p\u00ebrzem\u00ebrta me rastin e fest\u00ebs s\u00eb Kurban Bajramit. Kurban","robots":{"index":"index","follow":"follow","max-snippet":"max-snippet:-1","max-image-preview":"max-image-preview:large","max-video-preview":"max-video-preview:-1"},"canonical":"https:\/\/www.visit-ulcinj.com\/blog\/2013\/10\/14\/cungu-telegram-urimi-me-rastin-e-kurban-bajramit\/","og_locale":"en_US","og_type":"article","og_title":"Cungu: Telegram Urimi me rastin e Kurban Bajramit - Lajme nga Ulqini","og_description":"Me d\u00ebshir\u00eb dhe k\u00ebnaq\u00ebsi t\u00eb ve\u00e7ant\u00eb ju drejtohem t\u00eb gjith\u00eb besimtar\u00ebve musliman me urimet m\u00eb t\u00eb p\u00ebrzem\u00ebrta me rastin e fest\u00ebs s\u00eb Kurban Bajramit. Kurban","og_url":"https:\/\/www.visit-ulcinj.com\/blog\/2013\/10\/14\/cungu-telegram-urimi-me-rastin-e-kurban-bajramit\/","og_site_name":"Lajme nga Ulqini","article_published_time":"2013-10-14T14:17:49+00:00","article_modified_time":"2013-10-14T21:23:51+00:00","og_image":[{"url":"http:\/\/www.visit-ulcinj.com\/blog\/wp-content\/uploads\/2013\/10\/Nazif-Cungu-kurban-bajrami.jpg"}],"twitter_misc":{"Written by":"ulqini","Est. reading time":"1 minute"},"schema":{"@context":"https:\/\/schema.org","@graph":[{"@type":"WebSite","@id":"https:\/\/www.visit-ulcinj.com\/blog\/#website","url":"https:\/\/www.visit-ulcinj.com\/blog\/","name":"Lajme nga Ulqini","description":"Lajme,Vijesti,Ulqini,Ulqin,Crna Gora,Mali i Zi","potentialAction":[{"@type":"SearchAction","target":{"@type":"EntryPoint","urlTemplate":"https:\/\/www.visit-ulcinj.com\/blog\/?s={search_term_string}"},"query-input":"required name=search_term_string"}],"inLanguage":"en-US"},{"@type":"ImageObject","inLanguage":"en-US","@id":"https:\/\/www.visit-ulcinj.com\/blog\/2013\/10\/14\/cungu-telegram-urimi-me-rastin-e-kurban-bajramit\/#primaryimage","url":"https:\/\/www.visit-ulcinj.com\/blog\/wp-content\/uploads\/2013\/10\/Nazif-Cungu-kurban-bajrami.jpg","contentUrl":"https:\/\/www.visit-ulcinj.com\/blog\/wp-content\/uploads\/2013\/10\/Nazif-Cungu-kurban-bajrami.jpg","width":1024,"height":678},{"@type":"WebPage","@id":"https:\/\/www.visit-ulcinj.com\/blog\/2013\/10\/14\/cungu-telegram-urimi-me-rastin-e-kurban-bajramit\/#webpage","url":"https:\/\/www.visit-ulcinj.com\/blog\/2013\/10\/14\/cungu-telegram-urimi-me-rastin-e-kurban-bajramit\/","name":"Cungu: Telegram Urimi me rastin e Kurban Bajramit - Lajme nga Ulqini","isPartOf":{"@id":"https:\/\/www.visit-ulcinj.com\/blog\/#website"},"primaryImageOfPage":{"@id":"https:\/\/www.visit-ulcinj.com\/blog\/2013\/10\/14\/cungu-telegram-urimi-me-rastin-e-kurban-bajramit\/#primaryimage"},"datePublished":"2013-10-14T14:17:49+00:00","dateModified":"2013-10-14T21:23:51+00:00","author":{"@id":"https:\/\/www.visit-ulcinj.com\/blog\/#\/schema\/person\/dcab619c614d3038751c63bc2aadc06d"},"description":"Me d\u00ebshir\u00eb dhe k\u00ebnaq\u00ebsi t\u00eb ve\u00e7ant\u00eb ju drejtohem t\u00eb gjith\u00eb besimtar\u00ebve musliman me urimet m\u00eb t\u00eb p\u00ebrzem\u00ebrta me rastin e fest\u00ebs s\u00eb Kurban Bajramit. Kurban","breadcrumb":{"@id":"https:\/\/www.visit-ulcinj.com\/blog\/2013\/10\/14\/cungu-telegram-urimi-me-rastin-e-kurban-bajramit\/#breadcrumb"},"inLanguage":"en-US","potentialAction":[{"@type":"ReadAction","target":["https:\/\/www.visit-ulcinj.com\/blog\/2013\/10\/14\/cungu-telegram-urimi-me-rastin-e-kurban-bajramit\/"]}]},{"@type":"BreadcrumbList","@id":"https:\/\/www.visit-ulcinj.com\/blog\/2013\/10\/14\/cungu-telegram-urimi-me-rastin-e-kurban-bajramit\/#breadcrumb","itemListElement":[{"@type":"ListItem","position":1,"name":"Cungu: Telegram Urimi me rastin e Kurban Bajramit"}]},{"@type":"Person","@id":"https:\/\/www.visit-ulcinj.com\/blog\/#\/schema\/person\/dcab619c614d3038751c63bc2aadc06d","name":"ulqini","sameAs":["http:\/\/www.visit-ulcinj.com"],"url":"https:\/\/www.visit-ulcinj.com\/blog\/author\/admin\/"}]}},"jetpack_featured_media_url":"","jetpack_sharing_enabled":true,"jetpack_shortlink":"https:\/\/wp.me\/pe6lTn-jAk","_links":{"self":[{"href":"https:\/\/www.visit-ulcinj.com\/blog\/wp-json\/wp\/v2\/posts\/75288"}],"collection":[{"href":"https:\/\/www.visit-ulcinj.com\/blog\/wp-json\/wp\/v2\/posts"}],"about":[{"href":"https:\/\/www.visit-ulcinj.com\/blog\/wp-json\/wp\/v2\/types\/post"}],"author":[{"embeddable":true,"href":"https:\/\/www.visit-ulcinj.com\/blog\/wp-json\/wp\/v2\/users\/1"}],"replies":[{"embeddable":true,"href":"https:\/\/www.visit-ulcinj.com\/blog\/wp-json\/wp\/v2\/comments?post=75288"}],"version-history":[{"count":1,"href":"https:\/\/www.visit-ulcinj.com\/blog\/wp-json\/wp\/v2\/posts\/75288\/revisions"}],"predecessor-version":[{"id":75290,"href":"https:\/\/www.visit-ulcinj.com\/blog\/wp-json\/wp\/v2\/posts\/75288\/revisions\/75290"}],"wp:attachment":[{"href":"https:\/\/www.visit-ulcinj.com\/blog\/wp-json\/wp\/v2\/media?parent=75288"}],"wp:term":[{"taxonomy":"category","embeddable":true,"href":"https:\/\/www.visit-ulcinj.com\/blog\/wp-json\/wp\/v2\/categories?post=75288"},{"taxonomy":"post_tag","embeddable":true,"href":"https:\/\/www.visit-ulcinj.com\/blog\/wp-json\/wp\/v2\/tags?post=75288"}],"curies":[{"name":"wp","href":"https:\/\/api.w.org\/{rel}","templated":true}]}}