{"id":75298,"date":"2013-10-14T15:31:23","date_gmt":"2013-10-14T14:31:23","guid":{"rendered":"http:\/\/www.visit-ulcinj.com\/blog\/?p=75298"},"modified":"2013-10-14T15:42:09","modified_gmt":"2013-10-14T14:42:09","slug":"milazim-mustafa-urime-festa-e-kurban-bajramit","status":"publish","type":"post","link":"https:\/\/www.visit-ulcinj.com\/blog\/2013\/10\/14\/milazim-mustafa-urime-festa-e-kurban-bajramit\/","title":{"rendered":"Milazim Mustafa: Urime festa e Kurban Bajramit"},"content":{"rendered":"<div>\n<div><span style=\"font-family: verdana,geneva; font-size: small;\"><span><a href=\"http:\/\/www.visit-ulcinj.com\/blog\/wp-content\/uploads\/2013\/04\/Milazim-Mustafa_Ulcinj.jpg\"><img loading=\"lazy\" class=\"alignleft  wp-image-70682\" alt=\"Milazim-Mustafa_Ulcinj\" src=\"http:\/\/www.visit-ulcinj.com\/blog\/wp-content\/uploads\/2013\/04\/Milazim-Mustafa_Ulcinj.jpg\" width=\"508\" height=\"347\" \/><\/a>Kam k\u00ebnaq\u00ebsi t\u00eb ve\u00e7ant\u00eb tu drejtohem t\u00eb<\/span>\u00a0gjith\u00eb besimtar\u00ebve musliman duke u shprehur urimet m\u00eb t\u00eb sinqerta me rastin e fest\u00ebs s\u00eb Kurban Bajramit.<\/span><\/div>\n<div><span style=\"font-family: verdana,geneva; font-size: small;\">Uroj q\u00eb n\u00eb familjet tuaja t\u00eb mbizotroi mir\u00ebsia, harmonia dhe begatia.<\/span><\/div>\n<div><span style=\"font-family: verdana,geneva; font-size: small;\">\u00a0<\/span><\/div>\n<div><span style=\"font-family: verdana,geneva; font-size: small;\">Kryetari i Kuvendit Komunal t\u00eb Ulqinit<\/span><\/div>\n<div><span style=\"font-family: verdana,geneva; font-size: small;\">Milazim Mustafa<\/span><\/div>\n<\/div>\n","protected":false},"excerpt":{"rendered":"<p>Kam k\u00ebnaq\u00ebsi t\u00eb ve\u00e7ant\u00eb tu drejtohem t\u00eb\u00a0gjith\u00eb besimtar\u00ebve musliman duke u shprehur urimet m\u00eb t\u00eb sinqerta me rastin e fest\u00ebs s\u00eb Kurban Bajramit. Uroj q\u00eb n\u00eb familjet tuaja t\u00eb mbizotroi mir\u00ebsia, harmonia dhe begatia. \u00a0 Kryetari i Kuvendit Komunal t\u00eb Ulqinit Milazim Mustafa<\/p>\n","protected":false},"author":1,"featured_media":0,"comment_status":"closed","ping_status":"closed","sticky":false,"template":"","format":"standard","meta":{"spay_email":"","jetpack_publicize_message":"","jetpack_is_tweetstorm":false,"jetpack_publicize_feature_enabled":true},"categories":[11],"tags":[],"jetpack_publicize_connections":[],"yoast_head":"<!-- This site is optimized with the Yoast SEO plugin v19.1 - https:\/\/yoast.com\/wordpress\/plugins\/seo\/ -->\n<title>Milazim Mustafa: Urime festa e Kurban Bajramit - Lajme nga Ulqini<\/title>\n<meta name=\"description\" content=\"Kam k\u00ebnaq\u00ebsi t\u00eb ve\u00e7ant\u00eb tu drejtohem t\u00eb\u00a0gjith\u00eb besimtar\u00ebve musliman duke u shprehur urimet m\u00eb t\u00eb sinqerta me rastin e fest\u00ebs s\u00eb Kurban Bajramit. Uroj q\u00eb\" \/>\n<meta name=\"robots\" content=\"index, follow, max-snippet:-1, max-image-preview:large, max-video-preview:-1\" \/>\n<link rel=\"canonical\" href=\"https:\/\/www.visit-ulcinj.com\/blog\/2013\/10\/14\/milazim-mustafa-urime-festa-e-kurban-bajramit\/\" \/>\n<meta property=\"og:locale\" content=\"en_US\" \/>\n<meta property=\"og:type\" content=\"article\" \/>\n<meta property=\"og:title\" content=\"Milazim Mustafa: Urime festa e Kurban Bajramit - Lajme nga Ulqini\" \/>\n<meta property=\"og:description\" content=\"Kam k\u00ebnaq\u00ebsi t\u00eb ve\u00e7ant\u00eb tu drejtohem t\u00eb\u00a0gjith\u00eb besimtar\u00ebve musliman duke u shprehur urimet m\u00eb t\u00eb sinqerta me rastin e fest\u00ebs s\u00eb Kurban Bajramit. Uroj q\u00eb\" \/>\n<meta property=\"og:url\" content=\"https:\/\/www.visit-ulcinj.com\/blog\/2013\/10\/14\/milazim-mustafa-urime-festa-e-kurban-bajramit\/\" \/>\n<meta property=\"og:site_name\" content=\"Lajme nga Ulqini\" \/>\n<meta property=\"article:published_time\" content=\"2013-10-14T14:31:23+00:00\" \/>\n<meta property=\"article:modified_time\" content=\"2013-10-14T14:42:09+00:00\" \/>\n<meta property=\"og:image\" content=\"http:\/\/www.visit-ulcinj.com\/blog\/wp-content\/uploads\/2013\/04\/Milazim-Mustafa_Ulcinj.jpg\" \/>\n<meta name=\"twitter:label1\" content=\"Written by\" \/>\n\t<meta name=\"twitter:data1\" content=\"ulqini\" \/>\n<script type=\"application\/ld+json\" class=\"yoast-schema-graph\">{\"@context\":\"https:\/\/schema.org\",\"@graph\":[{\"@type\":\"WebSite\",\"@id\":\"https:\/\/www.visit-ulcinj.com\/blog\/#website\",\"url\":\"https:\/\/www.visit-ulcinj.com\/blog\/\",\"name\":\"Lajme nga Ulqini\",\"description\":\"Lajme,Vijesti,Ulqini,Ulqin,Crna Gora,Mali i Zi\",\"potentialAction\":[{\"@type\":\"SearchAction\",\"target\":{\"@type\":\"EntryPoint\",\"urlTemplate\":\"https:\/\/www.visit-ulcinj.com\/blog\/?s={search_term_string}\"},\"query-input\":\"required name=search_term_string\"}],\"inLanguage\":\"en-US\"},{\"@type\":\"ImageObject\",\"inLanguage\":\"en-US\",\"@id\":\"https:\/\/www.visit-ulcinj.com\/blog\/2013\/10\/14\/milazim-mustafa-urime-festa-e-kurban-bajramit\/#primaryimage\",\"url\":\"https:\/\/www.visit-ulcinj.com\/blog\/wp-content\/uploads\/2013\/04\/Milazim-Mustafa_Ulcinj.jpg\",\"contentUrl\":\"https:\/\/www.visit-ulcinj.com\/blog\/wp-content\/uploads\/2013\/04\/Milazim-Mustafa_Ulcinj.jpg\",\"width\":472,\"height\":347},{\"@type\":\"WebPage\",\"@id\":\"https:\/\/www.visit-ulcinj.com\/blog\/2013\/10\/14\/milazim-mustafa-urime-festa-e-kurban-bajramit\/#webpage\",\"url\":\"https:\/\/www.visit-ulcinj.com\/blog\/2013\/10\/14\/milazim-mustafa-urime-festa-e-kurban-bajramit\/\",\"name\":\"Milazim Mustafa: Urime festa e Kurban Bajramit - Lajme nga Ulqini\",\"isPartOf\":{\"@id\":\"https:\/\/www.visit-ulcinj.com\/blog\/#website\"},\"primaryImageOfPage\":{\"@id\":\"https:\/\/www.visit-ulcinj.com\/blog\/2013\/10\/14\/milazim-mustafa-urime-festa-e-kurban-bajramit\/#primaryimage\"},\"datePublished\":\"2013-10-14T14:31:23+00:00\",\"dateModified\":\"2013-10-14T14:42:09+00:00\",\"author\":{\"@id\":\"https:\/\/www.visit-ulcinj.com\/blog\/#\/schema\/person\/dcab619c614d3038751c63bc2aadc06d\"},\"description\":\"Kam k\u00ebnaq\u00ebsi t\u00eb ve\u00e7ant\u00eb tu drejtohem t\u00eb\u00a0gjith\u00eb besimtar\u00ebve musliman duke u shprehur urimet m\u00eb t\u00eb sinqerta me rastin e fest\u00ebs s\u00eb Kurban Bajramit. Uroj q\u00eb\",\"breadcrumb\":{\"@id\":\"https:\/\/www.visit-ulcinj.com\/blog\/2013\/10\/14\/milazim-mustafa-urime-festa-e-kurban-bajramit\/#breadcrumb\"},\"inLanguage\":\"en-US\",\"potentialAction\":[{\"@type\":\"ReadAction\",\"target\":[\"https:\/\/www.visit-ulcinj.com\/blog\/2013\/10\/14\/milazim-mustafa-urime-festa-e-kurban-bajramit\/\"]}]},{\"@type\":\"BreadcrumbList\",\"@id\":\"https:\/\/www.visit-ulcinj.com\/blog\/2013\/10\/14\/milazim-mustafa-urime-festa-e-kurban-bajramit\/#breadcrumb\",\"itemListElement\":[{\"@type\":\"ListItem\",\"position\":1,\"name\":\"Milazim Mustafa: Urime festa e Kurban Bajramit\"}]},{\"@type\":\"Person\",\"@id\":\"https:\/\/www.visit-ulcinj.com\/blog\/#\/schema\/person\/dcab619c614d3038751c63bc2aadc06d\",\"name\":\"ulqini\",\"sameAs\":[\"http:\/\/www.visit-ulcinj.com\"],\"url\":\"https:\/\/www.visit-ulcinj.com\/blog\/author\/admin\/\"}]}<\/script>\n<!-- \/ Yoast SEO plugin. -->","yoast_head_json":{"title":"Milazim Mustafa: Urime festa e Kurban Bajramit - Lajme nga Ulqini","description":"Kam k\u00ebnaq\u00ebsi t\u00eb ve\u00e7ant\u00eb tu drejtohem t\u00eb\u00a0gjith\u00eb besimtar\u00ebve musliman duke u shprehur urimet m\u00eb t\u00eb sinqerta me rastin e fest\u00ebs s\u00eb Kurban Bajramit. Uroj q\u00eb","robots":{"index":"index","follow":"follow","max-snippet":"max-snippet:-1","max-image-preview":"max-image-preview:large","max-video-preview":"max-video-preview:-1"},"canonical":"https:\/\/www.visit-ulcinj.com\/blog\/2013\/10\/14\/milazim-mustafa-urime-festa-e-kurban-bajramit\/","og_locale":"en_US","og_type":"article","og_title":"Milazim Mustafa: Urime festa e Kurban Bajramit - Lajme nga Ulqini","og_description":"Kam k\u00ebnaq\u00ebsi t\u00eb ve\u00e7ant\u00eb tu drejtohem t\u00eb\u00a0gjith\u00eb besimtar\u00ebve musliman duke u shprehur urimet m\u00eb t\u00eb sinqerta me rastin e fest\u00ebs s\u00eb Kurban Bajramit. Uroj q\u00eb","og_url":"https:\/\/www.visit-ulcinj.com\/blog\/2013\/10\/14\/milazim-mustafa-urime-festa-e-kurban-bajramit\/","og_site_name":"Lajme nga Ulqini","article_published_time":"2013-10-14T14:31:23+00:00","article_modified_time":"2013-10-14T14:42:09+00:00","og_image":[{"url":"http:\/\/www.visit-ulcinj.com\/blog\/wp-content\/uploads\/2013\/04\/Milazim-Mustafa_Ulcinj.jpg"}],"twitter_misc":{"Written by":"ulqini"},"schema":{"@context":"https:\/\/schema.org","@graph":[{"@type":"WebSite","@id":"https:\/\/www.visit-ulcinj.com\/blog\/#website","url":"https:\/\/www.visit-ulcinj.com\/blog\/","name":"Lajme nga Ulqini","description":"Lajme,Vijesti,Ulqini,Ulqin,Crna Gora,Mali i Zi","potentialAction":[{"@type":"SearchAction","target":{"@type":"EntryPoint","urlTemplate":"https:\/\/www.visit-ulcinj.com\/blog\/?s={search_term_string}"},"query-input":"required name=search_term_string"}],"inLanguage":"en-US"},{"@type":"ImageObject","inLanguage":"en-US","@id":"https:\/\/www.visit-ulcinj.com\/blog\/2013\/10\/14\/milazim-mustafa-urime-festa-e-kurban-bajramit\/#primaryimage","url":"https:\/\/www.visit-ulcinj.com\/blog\/wp-content\/uploads\/2013\/04\/Milazim-Mustafa_Ulcinj.jpg","contentUrl":"https:\/\/www.visit-ulcinj.com\/blog\/wp-content\/uploads\/2013\/04\/Milazim-Mustafa_Ulcinj.jpg","width":472,"height":347},{"@type":"WebPage","@id":"https:\/\/www.visit-ulcinj.com\/blog\/2013\/10\/14\/milazim-mustafa-urime-festa-e-kurban-bajramit\/#webpage","url":"https:\/\/www.visit-ulcinj.com\/blog\/2013\/10\/14\/milazim-mustafa-urime-festa-e-kurban-bajramit\/","name":"Milazim Mustafa: Urime festa e Kurban Bajramit - Lajme nga Ulqini","isPartOf":{"@id":"https:\/\/www.visit-ulcinj.com\/blog\/#website"},"primaryImageOfPage":{"@id":"https:\/\/www.visit-ulcinj.com\/blog\/2013\/10\/14\/milazim-mustafa-urime-festa-e-kurban-bajramit\/#primaryimage"},"datePublished":"2013-10-14T14:31:23+00:00","dateModified":"2013-10-14T14:42:09+00:00","author":{"@id":"https:\/\/www.visit-ulcinj.com\/blog\/#\/schema\/person\/dcab619c614d3038751c63bc2aadc06d"},"description":"Kam k\u00ebnaq\u00ebsi t\u00eb ve\u00e7ant\u00eb tu drejtohem t\u00eb\u00a0gjith\u00eb besimtar\u00ebve musliman duke u shprehur urimet m\u00eb t\u00eb sinqerta me rastin e fest\u00ebs s\u00eb Kurban Bajramit. Uroj q\u00eb","breadcrumb":{"@id":"https:\/\/www.visit-ulcinj.com\/blog\/2013\/10\/14\/milazim-mustafa-urime-festa-e-kurban-bajramit\/#breadcrumb"},"inLanguage":"en-US","potentialAction":[{"@type":"ReadAction","target":["https:\/\/www.visit-ulcinj.com\/blog\/2013\/10\/14\/milazim-mustafa-urime-festa-e-kurban-bajramit\/"]}]},{"@type":"BreadcrumbList","@id":"https:\/\/www.visit-ulcinj.com\/blog\/2013\/10\/14\/milazim-mustafa-urime-festa-e-kurban-bajramit\/#breadcrumb","itemListElement":[{"@type":"ListItem","position":1,"name":"Milazim Mustafa: Urime festa e Kurban Bajramit"}]},{"@type":"Person","@id":"https:\/\/www.visit-ulcinj.com\/blog\/#\/schema\/person\/dcab619c614d3038751c63bc2aadc06d","name":"ulqini","sameAs":["http:\/\/www.visit-ulcinj.com"],"url":"https:\/\/www.visit-ulcinj.com\/blog\/author\/admin\/"}]}},"jetpack_featured_media_url":"","jetpack_sharing_enabled":true,"jetpack_shortlink":"https:\/\/wp.me\/pe6lTn-jAu","_links":{"self":[{"href":"https:\/\/www.visit-ulcinj.com\/blog\/wp-json\/wp\/v2\/posts\/75298"}],"collection":[{"href":"https:\/\/www.visit-ulcinj.com\/blog\/wp-json\/wp\/v2\/posts"}],"about":[{"href":"https:\/\/www.visit-ulcinj.com\/blog\/wp-json\/wp\/v2\/types\/post"}],"author":[{"embeddable":true,"href":"https:\/\/www.visit-ulcinj.com\/blog\/wp-json\/wp\/v2\/users\/1"}],"replies":[{"embeddable":true,"href":"https:\/\/www.visit-ulcinj.com\/blog\/wp-json\/wp\/v2\/comments?post=75298"}],"version-history":[{"count":3,"href":"https:\/\/www.visit-ulcinj.com\/blog\/wp-json\/wp\/v2\/posts\/75298\/revisions"}],"predecessor-version":[{"id":75307,"href":"https:\/\/www.visit-ulcinj.com\/blog\/wp-json\/wp\/v2\/posts\/75298\/revisions\/75307"}],"wp:attachment":[{"href":"https:\/\/www.visit-ulcinj.com\/blog\/wp-json\/wp\/v2\/media?parent=75298"}],"wp:term":[{"taxonomy":"category","embeddable":true,"href":"https:\/\/www.visit-ulcinj.com\/blog\/wp-json\/wp\/v2\/categories?post=75298"},{"taxonomy":"post_tag","embeddable":true,"href":"https:\/\/www.visit-ulcinj.com\/blog\/wp-json\/wp\/v2\/tags?post=75298"}],"curies":[{"name":"wp","href":"https:\/\/api.w.org\/{rel}","templated":true}]}}