{"id":75312,"date":"2013-10-14T16:26:07","date_gmt":"2013-10-14T15:26:07","guid":{"rendered":"http:\/\/www.visit-ulcinj.com\/blog\/?p=75312"},"modified":"2013-10-14T16:26:07","modified_gmt":"2013-10-14T15:26:07","slug":"postsezona-u-ulcinju-je-bolja-od-ocekivanja","status":"publish","type":"post","link":"https:\/\/www.visit-ulcinj.com\/blog\/2013\/10\/14\/postsezona-u-ulcinju-je-bolja-od-ocekivanja\/","title":{"rendered":"Postsezona u Ulcinju je bolja od o\u010dekivanja"},"content":{"rendered":"<p><a href=\"http:\/\/www.visit-ulcinj.com\/blog\/wp-content\/uploads\/2012\/05\/HTP-ULCINJSKA-RIVIJERA.jpg\"><img loading=\"lazy\" class=\"alignleft  wp-image-60281\" alt=\"HTP ULCINJSKA RIVIJERA\" src=\"http:\/\/www.visit-ulcinj.com\/blog\/wp-content\/uploads\/2012\/05\/HTP-ULCINJSKA-RIVIJERA.jpg\" width=\"508\" height=\"360\" \/><\/a>ULCINj \u2013 Prema ocjeni turisti\u010dkih poslenika, postsezona u Ulcinju je bolja nego \u0161to se o\u010dekivalo. Iz lokalne turisti\u010dke organizacije nagla\u0161avaju da u odnosu na isti period u prethodnim sezonama, u Ulcinju ima jo\u0161 turista oni su uglavnom smje\u0161teni u hotelima. Ka\u017eu da je u hotelu \u201eOtrant\u201d registrovano 112 gostiju, dok ih je u privatnom smje\u0161taju dvadesetak.<br \/>\n\u2013 Iako nemamo cjelokupan bilans broja turista za ovu sedmicu, zbog brojnih obaveza turisti\u010dkih poslenika, sa sigurno\u0161\u0107u mogu da ka\u017eem da hotel \u201eOtrant\u201d prednja\u010di po broju turista, a da \u0107e hotel \u201eAlbatros\u201d raditi do 15. oktobra \u2013 saop\u0161tila je slu\u017ebenica TO Ulcinj Emina Dervi\u0161i.<br \/>\nOna je naglasila da \u0107e hotel \u201eOtrant\u201d raditi do kraja mjeseca, dok \u0107e hotel \u201eMediteran\u201d biti otvoren tokom cijele godine.<br \/>\nDervi\u0161i isti\u010de da su veoma zadovoljni naplatom boravi\u0161ne takse koja je za 30 odsto bolja u odnosu na prethodnu godinu.<br \/>\nPrema rije\u010dima portparola HTP-a Ulcinjska rivijera, Ane \u017divanovi\u0107 svi njihovi hoteli su ve\u0107 zatvoreni.<br \/>\n\u2013 Hotel \u201eBelvi\u201d zatvoren je od 1. oktobra, dok je sezona u hotelima \u201eOlimpik\u201d i \u201eAda Bojana\u201d kao i auto-kampu zavr\u0161ena 7. oktobra \u2013 saop\u0161tila je \u017divanovi\u0107eva, navode\u0107i da je prema posje\u0107enosti i ostvarenim no\u0107enjima sezona prema\u0161ila o\u010dekivanja.<br \/>\n\u2013 Od po\u010detka godine do kraja septembra 2013. u HTP \u201eUlcinjskoj rivijeri\u201d je ostvareno 16 odsto vi\u0161e no\u0107enja u odnosu na isti period pro\u0161le godine. Tokom svih ljetnjih mjeseci evidentiran je porast broja no\u0107enja, ve\u0107i broj gostiju kao i rast prometa \u2013 ka\u017ee na\u0161a sagovornica, apostrofiraju\u0107i da su gosti u hotelima HTP \u201eUlcinjske rivijere\u201d u prosjeku boravili 6,63 dana.<br \/>\nNajbrojniji posjetioci bili su iz Republike \u010ce\u0161ke koji su ostvarili oko 30 odsto ukupnog broja no\u0107enja. Slijede turisti iz Srbije, Rusije, Crne Gore, Njema\u010dke, Poljske i sa Kosova.<br \/>\n\u2013 Postezona je tako\u0111e bila dobra i sigurno bi du\u017ee trajala da je bilo vi\u0161e lijepog vremena. Tokom septembra najve\u0107i porast broja no\u0107enja zabilje\u017een je na Adi Bojani koja je ostvarila 5.718 no\u0107enja \u0161to je za 65 odsto vi\u0161e u odnosu na septembar 2012. godine \u2013 navodi \u017divanovi\u0107eva.Va.R.<\/p>\n<p><strong>Voda i struja najve\u0107i problemi<\/strong><\/p>\n<p>\u2013 Sezonu koja je za nama obilje\u017eio je i niz problema koji se, prije svega odnose na vodosnabdijevanje u \u0161picu sezone kao i prekide u sanbdijevanju elektri\u010dnom energijom. Ove probleme rje\u0161avali smo vodom iz sopstvenih izvora i kori\u0161\u0107enjem agregata. Ono \u0161to je za svaku pohvalu ove sezone jeste o\u010digledno bolja higijena u gradu u odnosu na prethodne godine \u2013 zaklju\u010dila je \u017divanovi\u0107eva.<\/p>\n<p><strong>Izvor: DAN<\/strong><\/p>\n","protected":false},"excerpt":{"rendered":"<p>ULCINj \u2013 Prema ocjeni turisti\u010dkih poslenika, postsezona u Ulcinju je bolja nego \u0161to se o\u010dekivalo. Iz lokalne turisti\u010dke organizacije nagla\u0161avaju da u odnosu na isti period u prethodnim sezonama, u Ulcinju ima jo\u0161 turista oni su uglavnom smje\u0161teni u hotelima. Ka\u017eu da je u hotelu \u201eOtrant\u201d registrovano 112 gostiju, dok ih je u privatnom smje\u0161taju [&hellip;]<\/p>\n","protected":false},"author":1,"featured_media":0,"comment_status":"closed","ping_status":"closed","sticky":false,"template":"","format":"standard","meta":{"spay_email":"","jetpack_publicize_message":"","jetpack_is_tweetstorm":false,"jetpack_publicize_feature_enabled":true},"categories":[8337],"tags":[],"jetpack_publicize_connections":[],"yoast_head":"<!-- This site is optimized with the Yoast SEO plugin v19.1 - https:\/\/yoast.com\/wordpress\/plugins\/seo\/ -->\n<title>Postsezona u Ulcinju je bolja od o\u010dekivanja - Lajme nga Ulqini<\/title>\n<meta name=\"description\" content=\"ULCINj \u2013 Prema ocjeni turisti\u010dkih poslenika, postsezona u Ulcinju je bolja nego \u0161to se o\u010dekivalo. Iz lokalne turisti\u010dke organizacije nagla\u0161avaju da u\" \/>\n<meta name=\"robots\" content=\"index, follow, max-snippet:-1, max-image-preview:large, max-video-preview:-1\" \/>\n<link rel=\"canonical\" href=\"https:\/\/www.visit-ulcinj.com\/blog\/2013\/10\/14\/postsezona-u-ulcinju-je-bolja-od-ocekivanja\/\" \/>\n<meta property=\"og:locale\" content=\"en_US\" \/>\n<meta property=\"og:type\" content=\"article\" \/>\n<meta property=\"og:title\" content=\"Postsezona u Ulcinju je bolja od o\u010dekivanja - Lajme nga Ulqini\" \/>\n<meta property=\"og:description\" content=\"ULCINj \u2013 Prema ocjeni turisti\u010dkih poslenika, postsezona u Ulcinju je bolja nego \u0161to se o\u010dekivalo. Iz lokalne turisti\u010dke organizacije nagla\u0161avaju da u\" \/>\n<meta property=\"og:url\" content=\"https:\/\/www.visit-ulcinj.com\/blog\/2013\/10\/14\/postsezona-u-ulcinju-je-bolja-od-ocekivanja\/\" \/>\n<meta property=\"og:site_name\" content=\"Lajme nga Ulqini\" \/>\n<meta property=\"article:published_time\" content=\"2013-10-14T15:26:07+00:00\" \/>\n<meta property=\"og:image\" content=\"http:\/\/www.visit-ulcinj.com\/blog\/wp-content\/uploads\/2012\/05\/HTP-ULCINJSKA-RIVIJERA.jpg\" \/>\n<meta name=\"twitter:label1\" content=\"Written by\" \/>\n\t<meta name=\"twitter:data1\" content=\"ulqini\" \/>\n\t<meta name=\"twitter:label2\" content=\"Est. reading time\" \/>\n\t<meta name=\"twitter:data2\" content=\"2 minutes\" \/>\n<script type=\"application\/ld+json\" class=\"yoast-schema-graph\">{\"@context\":\"https:\/\/schema.org\",\"@graph\":[{\"@type\":\"WebSite\",\"@id\":\"https:\/\/www.visit-ulcinj.com\/blog\/#website\",\"url\":\"https:\/\/www.visit-ulcinj.com\/blog\/\",\"name\":\"Lajme nga Ulqini\",\"description\":\"Lajme,Vijesti,Ulqini,Ulqin,Crna Gora,Mali i Zi\",\"potentialAction\":[{\"@type\":\"SearchAction\",\"target\":{\"@type\":\"EntryPoint\",\"urlTemplate\":\"https:\/\/www.visit-ulcinj.com\/blog\/?s={search_term_string}\"},\"query-input\":\"required name=search_term_string\"}],\"inLanguage\":\"en-US\"},{\"@type\":\"ImageObject\",\"inLanguage\":\"en-US\",\"@id\":\"https:\/\/www.visit-ulcinj.com\/blog\/2013\/10\/14\/postsezona-u-ulcinju-je-bolja-od-ocekivanja\/#primaryimage\",\"url\":\"https:\/\/www.visit-ulcinj.com\/blog\/wp-content\/uploads\/2012\/05\/HTP-ULCINJSKA-RIVIJERA.jpg\",\"contentUrl\":\"https:\/\/www.visit-ulcinj.com\/blog\/wp-content\/uploads\/2012\/05\/HTP-ULCINJSKA-RIVIJERA.jpg\",\"width\":\"960\",\"height\":\"639\"},{\"@type\":\"WebPage\",\"@id\":\"https:\/\/www.visit-ulcinj.com\/blog\/2013\/10\/14\/postsezona-u-ulcinju-je-bolja-od-ocekivanja\/#webpage\",\"url\":\"https:\/\/www.visit-ulcinj.com\/blog\/2013\/10\/14\/postsezona-u-ulcinju-je-bolja-od-ocekivanja\/\",\"name\":\"Postsezona u Ulcinju je bolja od o\u010dekivanja - Lajme nga Ulqini\",\"isPartOf\":{\"@id\":\"https:\/\/www.visit-ulcinj.com\/blog\/#website\"},\"primaryImageOfPage\":{\"@id\":\"https:\/\/www.visit-ulcinj.com\/blog\/2013\/10\/14\/postsezona-u-ulcinju-je-bolja-od-ocekivanja\/#primaryimage\"},\"datePublished\":\"2013-10-14T15:26:07+00:00\",\"dateModified\":\"2013-10-14T15:26:07+00:00\",\"author\":{\"@id\":\"https:\/\/www.visit-ulcinj.com\/blog\/#\/schema\/person\/dcab619c614d3038751c63bc2aadc06d\"},\"description\":\"ULCINj \u2013 Prema ocjeni turisti\u010dkih poslenika, postsezona u Ulcinju je bolja nego \u0161to se o\u010dekivalo. Iz lokalne turisti\u010dke organizacije nagla\u0161avaju da u\",\"breadcrumb\":{\"@id\":\"https:\/\/www.visit-ulcinj.com\/blog\/2013\/10\/14\/postsezona-u-ulcinju-je-bolja-od-ocekivanja\/#breadcrumb\"},\"inLanguage\":\"en-US\",\"potentialAction\":[{\"@type\":\"ReadAction\",\"target\":[\"https:\/\/www.visit-ulcinj.com\/blog\/2013\/10\/14\/postsezona-u-ulcinju-je-bolja-od-ocekivanja\/\"]}]},{\"@type\":\"BreadcrumbList\",\"@id\":\"https:\/\/www.visit-ulcinj.com\/blog\/2013\/10\/14\/postsezona-u-ulcinju-je-bolja-od-ocekivanja\/#breadcrumb\",\"itemListElement\":[{\"@type\":\"ListItem\",\"position\":1,\"name\":\"Postsezona u Ulcinju je bolja od o\u010dekivanja\"}]},{\"@type\":\"Person\",\"@id\":\"https:\/\/www.visit-ulcinj.com\/blog\/#\/schema\/person\/dcab619c614d3038751c63bc2aadc06d\",\"name\":\"ulqini\",\"sameAs\":[\"http:\/\/www.visit-ulcinj.com\"],\"url\":\"https:\/\/www.visit-ulcinj.com\/blog\/author\/admin\/\"}]}<\/script>\n<!-- \/ Yoast SEO plugin. -->","yoast_head_json":{"title":"Postsezona u Ulcinju je bolja od o\u010dekivanja - Lajme nga Ulqini","description":"ULCINj \u2013 Prema ocjeni turisti\u010dkih poslenika, postsezona u Ulcinju je bolja nego \u0161to se o\u010dekivalo. Iz lokalne turisti\u010dke organizacije nagla\u0161avaju da u","robots":{"index":"index","follow":"follow","max-snippet":"max-snippet:-1","max-image-preview":"max-image-preview:large","max-video-preview":"max-video-preview:-1"},"canonical":"https:\/\/www.visit-ulcinj.com\/blog\/2013\/10\/14\/postsezona-u-ulcinju-je-bolja-od-ocekivanja\/","og_locale":"en_US","og_type":"article","og_title":"Postsezona u Ulcinju je bolja od o\u010dekivanja - Lajme nga Ulqini","og_description":"ULCINj \u2013 Prema ocjeni turisti\u010dkih poslenika, postsezona u Ulcinju je bolja nego \u0161to se o\u010dekivalo. Iz lokalne turisti\u010dke organizacije nagla\u0161avaju da u","og_url":"https:\/\/www.visit-ulcinj.com\/blog\/2013\/10\/14\/postsezona-u-ulcinju-je-bolja-od-ocekivanja\/","og_site_name":"Lajme nga Ulqini","article_published_time":"2013-10-14T15:26:07+00:00","og_image":[{"url":"http:\/\/www.visit-ulcinj.com\/blog\/wp-content\/uploads\/2012\/05\/HTP-ULCINJSKA-RIVIJERA.jpg"}],"twitter_misc":{"Written by":"ulqini","Est. reading time":"2 minutes"},"schema":{"@context":"https:\/\/schema.org","@graph":[{"@type":"WebSite","@id":"https:\/\/www.visit-ulcinj.com\/blog\/#website","url":"https:\/\/www.visit-ulcinj.com\/blog\/","name":"Lajme nga Ulqini","description":"Lajme,Vijesti,Ulqini,Ulqin,Crna Gora,Mali i Zi","potentialAction":[{"@type":"SearchAction","target":{"@type":"EntryPoint","urlTemplate":"https:\/\/www.visit-ulcinj.com\/blog\/?s={search_term_string}"},"query-input":"required name=search_term_string"}],"inLanguage":"en-US"},{"@type":"ImageObject","inLanguage":"en-US","@id":"https:\/\/www.visit-ulcinj.com\/blog\/2013\/10\/14\/postsezona-u-ulcinju-je-bolja-od-ocekivanja\/#primaryimage","url":"https:\/\/www.visit-ulcinj.com\/blog\/wp-content\/uploads\/2012\/05\/HTP-ULCINJSKA-RIVIJERA.jpg","contentUrl":"https:\/\/www.visit-ulcinj.com\/blog\/wp-content\/uploads\/2012\/05\/HTP-ULCINJSKA-RIVIJERA.jpg","width":"960","height":"639"},{"@type":"WebPage","@id":"https:\/\/www.visit-ulcinj.com\/blog\/2013\/10\/14\/postsezona-u-ulcinju-je-bolja-od-ocekivanja\/#webpage","url":"https:\/\/www.visit-ulcinj.com\/blog\/2013\/10\/14\/postsezona-u-ulcinju-je-bolja-od-ocekivanja\/","name":"Postsezona u Ulcinju je bolja od o\u010dekivanja - Lajme nga Ulqini","isPartOf":{"@id":"https:\/\/www.visit-ulcinj.com\/blog\/#website"},"primaryImageOfPage":{"@id":"https:\/\/www.visit-ulcinj.com\/blog\/2013\/10\/14\/postsezona-u-ulcinju-je-bolja-od-ocekivanja\/#primaryimage"},"datePublished":"2013-10-14T15:26:07+00:00","dateModified":"2013-10-14T15:26:07+00:00","author":{"@id":"https:\/\/www.visit-ulcinj.com\/blog\/#\/schema\/person\/dcab619c614d3038751c63bc2aadc06d"},"description":"ULCINj \u2013 Prema ocjeni turisti\u010dkih poslenika, postsezona u Ulcinju je bolja nego \u0161to se o\u010dekivalo. Iz lokalne turisti\u010dke organizacije nagla\u0161avaju da u","breadcrumb":{"@id":"https:\/\/www.visit-ulcinj.com\/blog\/2013\/10\/14\/postsezona-u-ulcinju-je-bolja-od-ocekivanja\/#breadcrumb"},"inLanguage":"en-US","potentialAction":[{"@type":"ReadAction","target":["https:\/\/www.visit-ulcinj.com\/blog\/2013\/10\/14\/postsezona-u-ulcinju-je-bolja-od-ocekivanja\/"]}]},{"@type":"BreadcrumbList","@id":"https:\/\/www.visit-ulcinj.com\/blog\/2013\/10\/14\/postsezona-u-ulcinju-je-bolja-od-ocekivanja\/#breadcrumb","itemListElement":[{"@type":"ListItem","position":1,"name":"Postsezona u Ulcinju je bolja od o\u010dekivanja"}]},{"@type":"Person","@id":"https:\/\/www.visit-ulcinj.com\/blog\/#\/schema\/person\/dcab619c614d3038751c63bc2aadc06d","name":"ulqini","sameAs":["http:\/\/www.visit-ulcinj.com"],"url":"https:\/\/www.visit-ulcinj.com\/blog\/author\/admin\/"}]}},"jetpack_featured_media_url":"","jetpack_sharing_enabled":true,"jetpack_shortlink":"https:\/\/wp.me\/pe6lTn-jAI","_links":{"self":[{"href":"https:\/\/www.visit-ulcinj.com\/blog\/wp-json\/wp\/v2\/posts\/75312"}],"collection":[{"href":"https:\/\/www.visit-ulcinj.com\/blog\/wp-json\/wp\/v2\/posts"}],"about":[{"href":"https:\/\/www.visit-ulcinj.com\/blog\/wp-json\/wp\/v2\/types\/post"}],"author":[{"embeddable":true,"href":"https:\/\/www.visit-ulcinj.com\/blog\/wp-json\/wp\/v2\/users\/1"}],"replies":[{"embeddable":true,"href":"https:\/\/www.visit-ulcinj.com\/blog\/wp-json\/wp\/v2\/comments?post=75312"}],"version-history":[{"count":1,"href":"https:\/\/www.visit-ulcinj.com\/blog\/wp-json\/wp\/v2\/posts\/75312\/revisions"}],"predecessor-version":[{"id":75313,"href":"https:\/\/www.visit-ulcinj.com\/blog\/wp-json\/wp\/v2\/posts\/75312\/revisions\/75313"}],"wp:attachment":[{"href":"https:\/\/www.visit-ulcinj.com\/blog\/wp-json\/wp\/v2\/media?parent=75312"}],"wp:term":[{"taxonomy":"category","embeddable":true,"href":"https:\/\/www.visit-ulcinj.com\/blog\/wp-json\/wp\/v2\/categories?post=75312"},{"taxonomy":"post_tag","embeddable":true,"href":"https:\/\/www.visit-ulcinj.com\/blog\/wp-json\/wp\/v2\/tags?post=75312"}],"curies":[{"name":"wp","href":"https:\/\/api.w.org\/{rel}","templated":true}]}}