{"id":75314,"date":"2013-10-14T16:36:06","date_gmt":"2013-10-14T15:36:06","guid":{"rendered":"http:\/\/www.visit-ulcinj.com\/blog\/?p=75314"},"modified":"2013-10-14T16:42:15","modified_gmt":"2013-10-14T15:42:15","slug":"opao-rod-maslina-u-ulcinju","status":"publish","type":"post","link":"https:\/\/www.visit-ulcinj.com\/blog\/2013\/10\/14\/opao-rod-maslina-u-ulcinju\/","title":{"rendered":"Red\u017ea: Opao rod maslina u Ulcinju"},"content":{"rendered":"<p><a href=\"http:\/\/www.visit-ulcinj.com\/blog\/wp-content\/uploads\/2013\/10\/Gani-Rexha-Maslinjak.jpg\"><img loading=\"lazy\" class=\"alignleft  wp-image-75317\" alt=\"Gani-Rexha-Maslinjak\" src=\"http:\/\/www.visit-ulcinj.com\/blog\/wp-content\/uploads\/2013\/10\/Gani-Rexha-Maslinjak.jpg\" width=\"508\" height=\"600\" \/><\/a>Ovogodi\u0161nja berba maslina, koja bi trebalo da po\u010dne 1. novembra, bi\u0107e znatno slabija od pro\u0161logodi\u0161nje, jer je rod maslina znatno slabiji.<br \/>\n\u2013 Maslina i maslinovog ulja bi\u0107e u dovoljnim koli\u010dinama, ali ovogodi\u0161nji rod je daleko od pro\u0161lodi\u0161njeg standarda \u2013 kazao je \u201eDanu\u201d op\u0161tinski savjetnik za poljoprivredu Gani Red\u017ea i dodao da su analize koje su radili pokazale da su masline rodile na predjelima gdje ih pro\u0161le sezone nije bilo.<br \/>\n\u2013 Uprkos tome, ove godine je znatno slabiji rod. Razlog za to treba tra\u017eiti u doma\u0107oj sorti \u017eutici. Ona ima lo\u0161u osobinu, alternativnu rodnost, \u0161to zna\u010di da jedne godine dobro ra\u0111a, pa onda godinu-dvije pravi pauzu, da bi se opet pripremila za rodnost \u2013 objasnio je Red\u017ea i dodao da su za ovogodi\u0161nju berbu uspjeli zasaditi do 40 hiljada stabala maslina, koje su spremne za rod.<br \/>\nPro\u0161logodi\u0161nje berbe sa nostalgijom se prisje\u0107a i jedan od vlasnika mlina Bra\u0107a Kolari Ru\u017edi Kolari.<br \/>\n\u2013 Dobro je \u0161to zaliha maslina i maslinovog ulja ima u izobilju, jer u Ulcinju ima malo roda maslina. Pro\u0161le sezone berba je bila jako dobra i trajala je sedam mjeseci. Osim kvantiteta i kvalitet je bio na veoma visokom nivou \u2013 istakao je Kolari, koji je primijetio da se sve vi\u0161e Ulcinjana okrenulo maslinarstvu.<br \/>\n\u2013 Drago mi je \u0161to su mladi ljudi u maslinarstvu vidjeli \u0161ansu za napredak. Tokom svake godine na teritoriji op\u0161tine Ulcinj zasadimo od pet do sedam hiljada stabala mladih zasada i na taj na\u010din odr\u017eavamo vi\u0161edecenijsku tradiciju razvoja maslinarstva u Ulcinju \u2013 naveo je Kolari.<br \/>\nPrema njegovim rije\u010dima, najtra\u017eenija ulja su ekstravird\u017ein i vird\u017ein, kojeg u zalihama ima dovoljno.<br \/>\n\u2013 Hladno cije\u0111ena ulja \u010duvaju se u rosfajnim buradima kako ne bi izgubila svoja dejstva. Zadovoljni smo koli\u010dinom koju posjedujemo, kao i \u010dinjenicom da nam dolaze kupci i iz drugih op\u0161tina, uprkos cijeni koja se po litru kre\u0107e od osam do deset eura \u2013 istakao je Kolari.<br \/>\nZbog lo\u0161eg roda maslina, ulcinjski poljoprivrednici najvi\u0161e o\u010dekuju od berbe mandarina, koja je ve\u0107 po\u010dela za pojedine rane sorte.<br \/>\n<a href=\"http:\/\/www.visit-ulcinj.com\/blog\/wp-content\/uploads\/2013\/10\/gani-redza-masline.jpg\"><img loading=\"lazy\" class=\"alignleft  wp-image-75319\" alt=\"gani-redza-masline\" src=\"http:\/\/www.visit-ulcinj.com\/blog\/wp-content\/uploads\/2013\/10\/gani-redza-masline.jpg\" width=\"508\" height=\"600\" \/><\/a><br \/>\n\u2013 Ulcinj je preuzeo primat u proizvodnji agruma \u2013 mandarina i te\u017eimo svake godine da budemo jo\u0161 ve\u0107i proizvo\u0111a\u010di, jer je rod svake godine sve bolji. Poljoprivrednici su se uhodali u posao i ve\u0107 se po\u010delo sa berbom pojedinih sorti \u2013 \u010dahare i vakijame. Kilogram mandarine se prodaje za 40 do 50 centi \u2013 kazao je op\u0161tinski savjetnik za poljoprivredu Gani Red\u017ea.<br \/>\nPrema njegovim rije\u010dima, u Ulcinju imaju dva otkupna centra, koja su snabdjevena kalibratorima i pakuju i plasiraju robu na srpsko, rusko i druga tr\u017ei\u0161ta.<br \/>\n\u2013 Procjena je da \u0107e rod mandarina ove godine biti oko 3.000 tona \u2013 rekao je Red\u017ea i dodao da se Ulcinjani sve vi\u0161e okre\u0107u poljoprivredi kao izvoru prihoda.<br \/>\n\u2013 Od turizma se \u017eivi dva mjeseca, a od poljoprivrede cijele godine. Sezonu treba iskoristiti da se dodatno prodaju msline, mandarine i druge sorte. Velike su mogu\u0107nosti za razvoj poljoprivrede u Ulcinju, posebno ukoliko dr\u017eava obezbijedi dodatna sredstva \u2013 zaklju\u010dio je Red\u017ea.<br \/>\n<strong>Va.R.<br \/>\n<a href=\"http:\/\/www.visit-ulcinj.com\/blog\/wp-content\/uploads\/2013\/10\/redza-maslinjak.jpg\"><img loading=\"lazy\" class=\"alignleft  wp-image-75320\" alt=\"redza-maslinjak\" src=\"http:\/\/www.visit-ulcinj.com\/blog\/wp-content\/uploads\/2013\/10\/redza-maslinjak.jpg\" width=\"508\" height=\"600\" \/><\/a><br \/>\n<\/strong><\/p>\n<p><strong> Ki\u0161e usporile jesenju sjetvu<\/strong><br \/>\nKada je u pitanju jesenja sjetva, Red\u017ea smatra da su ki\u0161e, koje poslednih dana padaju, usporile sjetvu.<br \/>\n\u2013 Vremenske nepogode ove godine zapo\u010dele su ne\u0161to ranije od o\u010dekivanog. To ote\u017eava pripremne radove, ali ne bi trebalo da do\u0111e do ka\u0161njenja sjetve jesenjih kultura \u2013 smatra Red\u017ea, koji o\u010dekuje oko 200 do 250 hektara povr\u0161ine koja \u0107e biti obuhva\u0107ena sjetvom prete\u017eno p\u0161enicom, lucerkom i zeleni\u0161om.<\/p>\n<p><strong>Izvor: DAN<\/strong><\/p>\n","protected":false},"excerpt":{"rendered":"<p>Ovogodi\u0161nja berba maslina, koja bi trebalo da po\u010dne 1. novembra, bi\u0107e znatno slabija od pro\u0161logodi\u0161nje, jer je rod maslina znatno slabiji. \u2013 Maslina i maslinovog ulja bi\u0107e u dovoljnim koli\u010dinama, ali ovogodi\u0161nji rod je daleko od pro\u0161lodi\u0161njeg standarda \u2013 kazao je \u201eDanu\u201d op\u0161tinski savjetnik za poljoprivredu Gani Red\u017ea i dodao da su analize koje su [&hellip;]<\/p>\n","protected":false},"author":1,"featured_media":0,"comment_status":"closed","ping_status":"closed","sticky":false,"template":"","format":"standard","meta":{"spay_email":"","jetpack_publicize_message":"","jetpack_is_tweetstorm":false,"jetpack_publicize_feature_enabled":true},"categories":[8337],"tags":[],"jetpack_publicize_connections":[],"yoast_head":"<!-- This site is optimized with the Yoast SEO plugin v19.1 - https:\/\/yoast.com\/wordpress\/plugins\/seo\/ -->\n<title>Red\u017ea: Opao rod maslina u Ulcinju - Lajme nga Ulqini<\/title>\n<meta name=\"description\" content=\"Ovogodi\u0161nja berba maslina, koja bi trebalo da po\u010dne 1. novembra, bi\u0107e znatno slabija od pro\u0161logodi\u0161nje, jer je rod maslina znatno slabiji. \u2013 Maslina i\" \/>\n<meta name=\"robots\" content=\"index, follow, max-snippet:-1, max-image-preview:large, max-video-preview:-1\" \/>\n<link rel=\"canonical\" href=\"https:\/\/www.visit-ulcinj.com\/blog\/2013\/10\/14\/opao-rod-maslina-u-ulcinju\/\" \/>\n<meta property=\"og:locale\" content=\"en_US\" \/>\n<meta property=\"og:type\" content=\"article\" \/>\n<meta property=\"og:title\" content=\"Red\u017ea: Opao rod maslina u Ulcinju - Lajme nga Ulqini\" \/>\n<meta property=\"og:description\" content=\"Ovogodi\u0161nja berba maslina, koja bi trebalo da po\u010dne 1. novembra, bi\u0107e znatno slabija od pro\u0161logodi\u0161nje, jer je rod maslina znatno slabiji. \u2013 Maslina i\" \/>\n<meta property=\"og:url\" content=\"https:\/\/www.visit-ulcinj.com\/blog\/2013\/10\/14\/opao-rod-maslina-u-ulcinju\/\" \/>\n<meta property=\"og:site_name\" content=\"Lajme nga Ulqini\" \/>\n<meta property=\"article:published_time\" content=\"2013-10-14T15:36:06+00:00\" \/>\n<meta property=\"article:modified_time\" content=\"2013-10-14T15:42:15+00:00\" \/>\n<meta property=\"og:image\" content=\"http:\/\/www.visit-ulcinj.com\/blog\/wp-content\/uploads\/2013\/10\/Gani-Rexha-Maslinjak.jpg\" \/>\n<meta name=\"twitter:label1\" content=\"Written by\" \/>\n\t<meta name=\"twitter:data1\" content=\"ulqini\" \/>\n\t<meta name=\"twitter:label2\" content=\"Est. reading time\" \/>\n\t<meta name=\"twitter:data2\" content=\"3 minutes\" \/>\n<script type=\"application\/ld+json\" class=\"yoast-schema-graph\">{\"@context\":\"https:\/\/schema.org\",\"@graph\":[{\"@type\":\"WebSite\",\"@id\":\"https:\/\/www.visit-ulcinj.com\/blog\/#website\",\"url\":\"https:\/\/www.visit-ulcinj.com\/blog\/\",\"name\":\"Lajme nga Ulqini\",\"description\":\"Lajme,Vijesti,Ulqini,Ulqin,Crna Gora,Mali i Zi\",\"potentialAction\":[{\"@type\":\"SearchAction\",\"target\":{\"@type\":\"EntryPoint\",\"urlTemplate\":\"https:\/\/www.visit-ulcinj.com\/blog\/?s={search_term_string}\"},\"query-input\":\"required name=search_term_string\"}],\"inLanguage\":\"en-US\"},{\"@type\":\"ImageObject\",\"inLanguage\":\"en-US\",\"@id\":\"https:\/\/www.visit-ulcinj.com\/blog\/2013\/10\/14\/opao-rod-maslina-u-ulcinju\/#primaryimage\",\"url\":\"https:\/\/www.visit-ulcinj.com\/blog\/wp-content\/uploads\/2013\/10\/Gani-Rexha-Maslinjak.jpg\",\"contentUrl\":\"https:\/\/www.visit-ulcinj.com\/blog\/wp-content\/uploads\/2013\/10\/Gani-Rexha-Maslinjak.jpg\",\"width\":720,\"height\":960},{\"@type\":\"WebPage\",\"@id\":\"https:\/\/www.visit-ulcinj.com\/blog\/2013\/10\/14\/opao-rod-maslina-u-ulcinju\/#webpage\",\"url\":\"https:\/\/www.visit-ulcinj.com\/blog\/2013\/10\/14\/opao-rod-maslina-u-ulcinju\/\",\"name\":\"Red\u017ea: Opao rod maslina u Ulcinju - Lajme nga Ulqini\",\"isPartOf\":{\"@id\":\"https:\/\/www.visit-ulcinj.com\/blog\/#website\"},\"primaryImageOfPage\":{\"@id\":\"https:\/\/www.visit-ulcinj.com\/blog\/2013\/10\/14\/opao-rod-maslina-u-ulcinju\/#primaryimage\"},\"datePublished\":\"2013-10-14T15:36:06+00:00\",\"dateModified\":\"2013-10-14T15:42:15+00:00\",\"author\":{\"@id\":\"https:\/\/www.visit-ulcinj.com\/blog\/#\/schema\/person\/dcab619c614d3038751c63bc2aadc06d\"},\"description\":\"Ovogodi\u0161nja berba maslina, koja bi trebalo da po\u010dne 1. novembra, bi\u0107e znatno slabija od pro\u0161logodi\u0161nje, jer je rod maslina znatno slabiji. \u2013 Maslina i\",\"breadcrumb\":{\"@id\":\"https:\/\/www.visit-ulcinj.com\/blog\/2013\/10\/14\/opao-rod-maslina-u-ulcinju\/#breadcrumb\"},\"inLanguage\":\"en-US\",\"potentialAction\":[{\"@type\":\"ReadAction\",\"target\":[\"https:\/\/www.visit-ulcinj.com\/blog\/2013\/10\/14\/opao-rod-maslina-u-ulcinju\/\"]}]},{\"@type\":\"BreadcrumbList\",\"@id\":\"https:\/\/www.visit-ulcinj.com\/blog\/2013\/10\/14\/opao-rod-maslina-u-ulcinju\/#breadcrumb\",\"itemListElement\":[{\"@type\":\"ListItem\",\"position\":1,\"name\":\"Red\u017ea: Opao rod maslina u Ulcinju\"}]},{\"@type\":\"Person\",\"@id\":\"https:\/\/www.visit-ulcinj.com\/blog\/#\/schema\/person\/dcab619c614d3038751c63bc2aadc06d\",\"name\":\"ulqini\",\"sameAs\":[\"http:\/\/www.visit-ulcinj.com\"],\"url\":\"https:\/\/www.visit-ulcinj.com\/blog\/author\/admin\/\"}]}<\/script>\n<!-- \/ Yoast SEO plugin. -->","yoast_head_json":{"title":"Red\u017ea: Opao rod maslina u Ulcinju - Lajme nga Ulqini","description":"Ovogodi\u0161nja berba maslina, koja bi trebalo da po\u010dne 1. novembra, bi\u0107e znatno slabija od pro\u0161logodi\u0161nje, jer je rod maslina znatno slabiji. \u2013 Maslina i","robots":{"index":"index","follow":"follow","max-snippet":"max-snippet:-1","max-image-preview":"max-image-preview:large","max-video-preview":"max-video-preview:-1"},"canonical":"https:\/\/www.visit-ulcinj.com\/blog\/2013\/10\/14\/opao-rod-maslina-u-ulcinju\/","og_locale":"en_US","og_type":"article","og_title":"Red\u017ea: Opao rod maslina u Ulcinju - Lajme nga Ulqini","og_description":"Ovogodi\u0161nja berba maslina, koja bi trebalo da po\u010dne 1. novembra, bi\u0107e znatno slabija od pro\u0161logodi\u0161nje, jer je rod maslina znatno slabiji. \u2013 Maslina i","og_url":"https:\/\/www.visit-ulcinj.com\/blog\/2013\/10\/14\/opao-rod-maslina-u-ulcinju\/","og_site_name":"Lajme nga Ulqini","article_published_time":"2013-10-14T15:36:06+00:00","article_modified_time":"2013-10-14T15:42:15+00:00","og_image":[{"url":"http:\/\/www.visit-ulcinj.com\/blog\/wp-content\/uploads\/2013\/10\/Gani-Rexha-Maslinjak.jpg"}],"twitter_misc":{"Written by":"ulqini","Est. reading time":"3 minutes"},"schema":{"@context":"https:\/\/schema.org","@graph":[{"@type":"WebSite","@id":"https:\/\/www.visit-ulcinj.com\/blog\/#website","url":"https:\/\/www.visit-ulcinj.com\/blog\/","name":"Lajme nga Ulqini","description":"Lajme,Vijesti,Ulqini,Ulqin,Crna Gora,Mali i Zi","potentialAction":[{"@type":"SearchAction","target":{"@type":"EntryPoint","urlTemplate":"https:\/\/www.visit-ulcinj.com\/blog\/?s={search_term_string}"},"query-input":"required name=search_term_string"}],"inLanguage":"en-US"},{"@type":"ImageObject","inLanguage":"en-US","@id":"https:\/\/www.visit-ulcinj.com\/blog\/2013\/10\/14\/opao-rod-maslina-u-ulcinju\/#primaryimage","url":"https:\/\/www.visit-ulcinj.com\/blog\/wp-content\/uploads\/2013\/10\/Gani-Rexha-Maslinjak.jpg","contentUrl":"https:\/\/www.visit-ulcinj.com\/blog\/wp-content\/uploads\/2013\/10\/Gani-Rexha-Maslinjak.jpg","width":720,"height":960},{"@type":"WebPage","@id":"https:\/\/www.visit-ulcinj.com\/blog\/2013\/10\/14\/opao-rod-maslina-u-ulcinju\/#webpage","url":"https:\/\/www.visit-ulcinj.com\/blog\/2013\/10\/14\/opao-rod-maslina-u-ulcinju\/","name":"Red\u017ea: Opao rod maslina u Ulcinju - Lajme nga Ulqini","isPartOf":{"@id":"https:\/\/www.visit-ulcinj.com\/blog\/#website"},"primaryImageOfPage":{"@id":"https:\/\/www.visit-ulcinj.com\/blog\/2013\/10\/14\/opao-rod-maslina-u-ulcinju\/#primaryimage"},"datePublished":"2013-10-14T15:36:06+00:00","dateModified":"2013-10-14T15:42:15+00:00","author":{"@id":"https:\/\/www.visit-ulcinj.com\/blog\/#\/schema\/person\/dcab619c614d3038751c63bc2aadc06d"},"description":"Ovogodi\u0161nja berba maslina, koja bi trebalo da po\u010dne 1. novembra, bi\u0107e znatno slabija od pro\u0161logodi\u0161nje, jer je rod maslina znatno slabiji. \u2013 Maslina i","breadcrumb":{"@id":"https:\/\/www.visit-ulcinj.com\/blog\/2013\/10\/14\/opao-rod-maslina-u-ulcinju\/#breadcrumb"},"inLanguage":"en-US","potentialAction":[{"@type":"ReadAction","target":["https:\/\/www.visit-ulcinj.com\/blog\/2013\/10\/14\/opao-rod-maslina-u-ulcinju\/"]}]},{"@type":"BreadcrumbList","@id":"https:\/\/www.visit-ulcinj.com\/blog\/2013\/10\/14\/opao-rod-maslina-u-ulcinju\/#breadcrumb","itemListElement":[{"@type":"ListItem","position":1,"name":"Red\u017ea: Opao rod maslina u Ulcinju"}]},{"@type":"Person","@id":"https:\/\/www.visit-ulcinj.com\/blog\/#\/schema\/person\/dcab619c614d3038751c63bc2aadc06d","name":"ulqini","sameAs":["http:\/\/www.visit-ulcinj.com"],"url":"https:\/\/www.visit-ulcinj.com\/blog\/author\/admin\/"}]}},"jetpack_featured_media_url":"","jetpack_sharing_enabled":true,"jetpack_shortlink":"https:\/\/wp.me\/pe6lTn-jAK","_links":{"self":[{"href":"https:\/\/www.visit-ulcinj.com\/blog\/wp-json\/wp\/v2\/posts\/75314"}],"collection":[{"href":"https:\/\/www.visit-ulcinj.com\/blog\/wp-json\/wp\/v2\/posts"}],"about":[{"href":"https:\/\/www.visit-ulcinj.com\/blog\/wp-json\/wp\/v2\/types\/post"}],"author":[{"embeddable":true,"href":"https:\/\/www.visit-ulcinj.com\/blog\/wp-json\/wp\/v2\/users\/1"}],"replies":[{"embeddable":true,"href":"https:\/\/www.visit-ulcinj.com\/blog\/wp-json\/wp\/v2\/comments?post=75314"}],"version-history":[{"count":4,"href":"https:\/\/www.visit-ulcinj.com\/blog\/wp-json\/wp\/v2\/posts\/75314\/revisions"}],"predecessor-version":[{"id":75359,"href":"https:\/\/www.visit-ulcinj.com\/blog\/wp-json\/wp\/v2\/posts\/75314\/revisions\/75359"}],"wp:attachment":[{"href":"https:\/\/www.visit-ulcinj.com\/blog\/wp-json\/wp\/v2\/media?parent=75314"}],"wp:term":[{"taxonomy":"category","embeddable":true,"href":"https:\/\/www.visit-ulcinj.com\/blog\/wp-json\/wp\/v2\/categories?post=75314"},{"taxonomy":"post_tag","embeddable":true,"href":"https:\/\/www.visit-ulcinj.com\/blog\/wp-json\/wp\/v2\/tags?post=75314"}],"curies":[{"name":"wp","href":"https:\/\/api.w.org\/{rel}","templated":true}]}}