{"id":7533,"date":"2008-12-21T10:19:38","date_gmt":"2008-12-21T09:19:38","guid":{"rendered":"http:\/\/www.visit-ulcinj.com\/blog\/?p=7533"},"modified":"2008-12-21T10:25:43","modified_gmt":"2008-12-21T09:25:43","slug":"valdanos-ide-u-zakup","status":"publish","type":"post","link":"https:\/\/www.visit-ulcinj.com\/blog\/2008\/12\/21\/valdanos-ide-u-zakup\/","title":{"rendered":"Valdanos ide u zakup"},"content":{"rendered":"<p><strong><\/p>\n<div id=\"attachment_3667\" style=\"width: 376px\" class=\"wp-caption alignleft\"><a title=\"uvala valdanos\" href=\"http:\/\/www.visit-ulcinj.com\/blog\/wp-content\/uploads\/2008\/09\/valdanos_ulcinj_ulqin.jpg\" target=\"_blank\"><strong><img aria-describedby=\"caption-attachment-3667\" loading=\"lazy\" class=\"size-full wp-image-3667\" title=\"valdanos_ulcinj_ulqin\" src=\"http:\/\/www.visit-ulcinj.com\/blog\/wp-content\/uploads\/2008\/09\/valdanos_ulcinj_ulqin.jpg\" alt=\"Uvala Valdanos\" width=\"366\" height=\"243\" srcset=\"https:\/\/www.visit-ulcinj.com\/blog\/wp-content\/uploads\/2008\/09\/valdanos_ulcinj_ulqin.jpg 980w, https:\/\/www.visit-ulcinj.com\/blog\/wp-content\/uploads\/2008\/09\/valdanos_ulcinj_ulqin-300x200.jpg 300w\" sizes=\"(max-width: 366px) 100vw, 366px\" \/><\/strong><\/a><p id=\"caption-attachment-3667\" class=\"wp-caption-text\">Uvala Valdanos<\/p><\/div>\n<p>Raspisan tender za lokaciju kod Ulcinja<\/strong><br \/>\nPodgorica \u2013 Crnogorska vlada pozvala je ju?e doma?e i me?unarodne investitore da se do 3. marta prijave na tender za dugoro?ni zakup turisti?kog kompleksa Valdanos.<br \/>\nTaj kompleks nudi se u zakup na 30 godina sa mogu?no\u0161?u njegovog produ\u017eetka.<br \/>\nUvala Valdanos nalazi se ?etiri kilometara od Ulcinja i ubraja se me?u najatraktivnije lokacije u Crnoj Gori.<br \/>\nPovr\u0161ina kopnenog dijela je 346 hektara. Pla\u017ea Valdanosa duga je 342 metra, a \u0161iroka 11. U uvali se nalazi vojno odmarali\u0161te koje nije u funkciji, a povr\u0161ina objekata je 8,7 hiljada metara kvadratnih.$<br \/>\n&#8211; Uvala Valdanos predstavlja i evidentirani podvodni arheolo\u0161ki lokalitet, gdje se mogu o?ekivati zna?ajna podvodna nalazi\u0161ta jo\u0161 iz vremena antike. Lokalitet je istorijski veoma poznat i na njemu se nalazi veliki broj stabala maslina &#8211; navodi se u javnom pozivu.<br \/>\nU?esnik na tenderu, mo\u017ee biti me?unarodni hotelski operater i brend koji je poznat kao uspje\u0161an operater turisti?kih kompleksa, nivoa ?etiri plus ili pet zvjezdica. Ponu?a? mora imati najmanje pet godina neprekidnog iskustva u planiranju, razvoju i upravljanju hotelima visoke kategorije.<br \/>\nNa teneder se mo\u017ee prijaviti i kompanija koja doka\u017ee da posjeduje finansijsku sposobnost i novac neophodan za realizaciju projekta.<br \/>\nPonu?a? mora dokazati da je u posljednjoj godini ostvario ukupan promet od najmanje 100 miliona eura.<br \/>\nZa valorizaciju Valdanosa mogu se prijaviti i firme ?ija je vrijednost kapitala kojim upravlja najmanje 100 miliona eura, kao i da doka\u017ee da je u tri od pet godina ostvario pozitivan finansijski rezultat.<br \/>\nUz ponudu mora se uplatiti depozit ili dostaviti bankarska garancija u iznosu od 500 hiljada eura.<br \/>\n<strong>Izvor \/ MINA-BUSINESS<\/strong><\/p>\n","protected":false},"excerpt":{"rendered":"<p>Raspisan tender za lokaciju kod Ulcinja Podgorica \u2013 Crnogorska vlada pozvala je ju?e doma?e i me?unarodne investitore da se do 3. marta prijave na tender za dugoro?ni zakup turisti?kog kompleksa Valdanos. Taj kompleks nudi se u zakup na 30 godina sa mogu?no\u0161?u njegovog produ\u017eetka. Uvala Valdanos nalazi se ?etiri kilometara od Ulcinja i ubraja se [&hellip;]<\/p>\n","protected":false},"author":1,"featured_media":0,"comment_status":"open","ping_status":"closed","sticky":false,"template":"","format":"standard","meta":{"spay_email":"","jetpack_publicize_message":"","jetpack_is_tweetstorm":false,"jetpack_publicize_feature_enabled":true},"categories":[1],"tags":[5325,19,4144,136],"jetpack_publicize_connections":[],"yoast_head":"<!-- This site is optimized with the Yoast SEO plugin v19.1 - https:\/\/yoast.com\/wordpress\/plugins\/seo\/ -->\n<title>Valdanos ide u zakup - Lajme nga Ulqini<\/title>\n<meta name=\"description\" content=\"Raspisan tender za lokaciju kod Ulcinja Podgorica \u2013 Crnogorska vlada pozvala je ju?e doma?e i me?unarodne investitore da se do 3. marta prijave na tender\" \/>\n<meta name=\"robots\" content=\"index, follow, max-snippet:-1, max-image-preview:large, max-video-preview:-1\" \/>\n<link rel=\"canonical\" href=\"https:\/\/www.visit-ulcinj.com\/blog\/2008\/12\/21\/valdanos-ide-u-zakup\/\" \/>\n<meta property=\"og:locale\" content=\"en_US\" \/>\n<meta property=\"og:type\" content=\"article\" \/>\n<meta property=\"og:title\" content=\"Valdanos ide u zakup - Lajme nga Ulqini\" \/>\n<meta property=\"og:description\" content=\"Raspisan tender za lokaciju kod Ulcinja Podgorica \u2013 Crnogorska vlada pozvala je ju?e doma?e i me?unarodne investitore da se do 3. marta prijave na tender\" \/>\n<meta property=\"og:url\" content=\"https:\/\/www.visit-ulcinj.com\/blog\/2008\/12\/21\/valdanos-ide-u-zakup\/\" \/>\n<meta property=\"og:site_name\" content=\"Lajme nga Ulqini\" \/>\n<meta property=\"article:published_time\" content=\"2008-12-21T09:19:38+00:00\" \/>\n<meta property=\"article:modified_time\" content=\"2008-12-21T09:25:43+00:00\" \/>\n<meta property=\"og:image\" content=\"http:\/\/www.visit-ulcinj.com\/blog\/wp-content\/uploads\/2008\/09\/valdanos_ulcinj_ulqin.jpg\" \/>\n<meta name=\"twitter:label1\" content=\"Written by\" \/>\n\t<meta name=\"twitter:data1\" content=\"ulqini\" \/>\n\t<meta name=\"twitter:label2\" content=\"Est. reading time\" \/>\n\t<meta name=\"twitter:data2\" content=\"1 minute\" \/>\n<script type=\"application\/ld+json\" class=\"yoast-schema-graph\">{\"@context\":\"https:\/\/schema.org\",\"@graph\":[{\"@type\":\"WebSite\",\"@id\":\"https:\/\/www.visit-ulcinj.com\/blog\/#website\",\"url\":\"https:\/\/www.visit-ulcinj.com\/blog\/\",\"name\":\"Lajme nga Ulqini\",\"description\":\"Lajme,Vijesti,Ulqini,Ulqin,Crna Gora,Mali i Zi\",\"potentialAction\":[{\"@type\":\"SearchAction\",\"target\":{\"@type\":\"EntryPoint\",\"urlTemplate\":\"https:\/\/www.visit-ulcinj.com\/blog\/?s={search_term_string}\"},\"query-input\":\"required name=search_term_string\"}],\"inLanguage\":\"en-US\"},{\"@type\":\"ImageObject\",\"inLanguage\":\"en-US\",\"@id\":\"https:\/\/www.visit-ulcinj.com\/blog\/2008\/12\/21\/valdanos-ide-u-zakup\/#primaryimage\",\"url\":\"http:\/\/www.visit-ulcinj.com\/blog\/wp-content\/uploads\/2008\/09\/valdanos_ulcinj_ulqin.jpg\",\"contentUrl\":\"http:\/\/www.visit-ulcinj.com\/blog\/wp-content\/uploads\/2008\/09\/valdanos_ulcinj_ulqin.jpg\"},{\"@type\":\"WebPage\",\"@id\":\"https:\/\/www.visit-ulcinj.com\/blog\/2008\/12\/21\/valdanos-ide-u-zakup\/#webpage\",\"url\":\"https:\/\/www.visit-ulcinj.com\/blog\/2008\/12\/21\/valdanos-ide-u-zakup\/\",\"name\":\"Valdanos ide u zakup - Lajme nga Ulqini\",\"isPartOf\":{\"@id\":\"https:\/\/www.visit-ulcinj.com\/blog\/#website\"},\"primaryImageOfPage\":{\"@id\":\"https:\/\/www.visit-ulcinj.com\/blog\/2008\/12\/21\/valdanos-ide-u-zakup\/#primaryimage\"},\"datePublished\":\"2008-12-21T09:19:38+00:00\",\"dateModified\":\"2008-12-21T09:25:43+00:00\",\"author\":{\"@id\":\"https:\/\/www.visit-ulcinj.com\/blog\/#\/schema\/person\/dcab619c614d3038751c63bc2aadc06d\"},\"description\":\"Raspisan tender za lokaciju kod Ulcinja Podgorica \u2013 Crnogorska vlada pozvala je ju?e doma?e i me?unarodne investitore da se do 3. marta prijave na tender\",\"breadcrumb\":{\"@id\":\"https:\/\/www.visit-ulcinj.com\/blog\/2008\/12\/21\/valdanos-ide-u-zakup\/#breadcrumb\"},\"inLanguage\":\"en-US\",\"potentialAction\":[{\"@type\":\"ReadAction\",\"target\":[\"https:\/\/www.visit-ulcinj.com\/blog\/2008\/12\/21\/valdanos-ide-u-zakup\/\"]}]},{\"@type\":\"BreadcrumbList\",\"@id\":\"https:\/\/www.visit-ulcinj.com\/blog\/2008\/12\/21\/valdanos-ide-u-zakup\/#breadcrumb\",\"itemListElement\":[{\"@type\":\"ListItem\",\"position\":1,\"name\":\"Valdanos ide u zakup\"}]},{\"@type\":\"Person\",\"@id\":\"https:\/\/www.visit-ulcinj.com\/blog\/#\/schema\/person\/dcab619c614d3038751c63bc2aadc06d\",\"name\":\"ulqini\",\"sameAs\":[\"http:\/\/www.visit-ulcinj.com\"],\"url\":\"https:\/\/www.visit-ulcinj.com\/blog\/author\/admin\/\"}]}<\/script>\n<!-- \/ Yoast SEO plugin. -->","yoast_head_json":{"title":"Valdanos ide u zakup - Lajme nga Ulqini","description":"Raspisan tender za lokaciju kod Ulcinja Podgorica \u2013 Crnogorska vlada pozvala je ju?e doma?e i me?unarodne investitore da se do 3. marta prijave na tender","robots":{"index":"index","follow":"follow","max-snippet":"max-snippet:-1","max-image-preview":"max-image-preview:large","max-video-preview":"max-video-preview:-1"},"canonical":"https:\/\/www.visit-ulcinj.com\/blog\/2008\/12\/21\/valdanos-ide-u-zakup\/","og_locale":"en_US","og_type":"article","og_title":"Valdanos ide u zakup - Lajme nga Ulqini","og_description":"Raspisan tender za lokaciju kod Ulcinja Podgorica \u2013 Crnogorska vlada pozvala je ju?e doma?e i me?unarodne investitore da se do 3. marta prijave na tender","og_url":"https:\/\/www.visit-ulcinj.com\/blog\/2008\/12\/21\/valdanos-ide-u-zakup\/","og_site_name":"Lajme nga Ulqini","article_published_time":"2008-12-21T09:19:38+00:00","article_modified_time":"2008-12-21T09:25:43+00:00","og_image":[{"url":"http:\/\/www.visit-ulcinj.com\/blog\/wp-content\/uploads\/2008\/09\/valdanos_ulcinj_ulqin.jpg"}],"twitter_misc":{"Written by":"ulqini","Est. reading time":"1 minute"},"schema":{"@context":"https:\/\/schema.org","@graph":[{"@type":"WebSite","@id":"https:\/\/www.visit-ulcinj.com\/blog\/#website","url":"https:\/\/www.visit-ulcinj.com\/blog\/","name":"Lajme nga Ulqini","description":"Lajme,Vijesti,Ulqini,Ulqin,Crna Gora,Mali i Zi","potentialAction":[{"@type":"SearchAction","target":{"@type":"EntryPoint","urlTemplate":"https:\/\/www.visit-ulcinj.com\/blog\/?s={search_term_string}"},"query-input":"required name=search_term_string"}],"inLanguage":"en-US"},{"@type":"ImageObject","inLanguage":"en-US","@id":"https:\/\/www.visit-ulcinj.com\/blog\/2008\/12\/21\/valdanos-ide-u-zakup\/#primaryimage","url":"http:\/\/www.visit-ulcinj.com\/blog\/wp-content\/uploads\/2008\/09\/valdanos_ulcinj_ulqin.jpg","contentUrl":"http:\/\/www.visit-ulcinj.com\/blog\/wp-content\/uploads\/2008\/09\/valdanos_ulcinj_ulqin.jpg"},{"@type":"WebPage","@id":"https:\/\/www.visit-ulcinj.com\/blog\/2008\/12\/21\/valdanos-ide-u-zakup\/#webpage","url":"https:\/\/www.visit-ulcinj.com\/blog\/2008\/12\/21\/valdanos-ide-u-zakup\/","name":"Valdanos ide u zakup - Lajme nga Ulqini","isPartOf":{"@id":"https:\/\/www.visit-ulcinj.com\/blog\/#website"},"primaryImageOfPage":{"@id":"https:\/\/www.visit-ulcinj.com\/blog\/2008\/12\/21\/valdanos-ide-u-zakup\/#primaryimage"},"datePublished":"2008-12-21T09:19:38+00:00","dateModified":"2008-12-21T09:25:43+00:00","author":{"@id":"https:\/\/www.visit-ulcinj.com\/blog\/#\/schema\/person\/dcab619c614d3038751c63bc2aadc06d"},"description":"Raspisan tender za lokaciju kod Ulcinja Podgorica \u2013 Crnogorska vlada pozvala je ju?e doma?e i me?unarodne investitore da se do 3. marta prijave na tender","breadcrumb":{"@id":"https:\/\/www.visit-ulcinj.com\/blog\/2008\/12\/21\/valdanos-ide-u-zakup\/#breadcrumb"},"inLanguage":"en-US","potentialAction":[{"@type":"ReadAction","target":["https:\/\/www.visit-ulcinj.com\/blog\/2008\/12\/21\/valdanos-ide-u-zakup\/"]}]},{"@type":"BreadcrumbList","@id":"https:\/\/www.visit-ulcinj.com\/blog\/2008\/12\/21\/valdanos-ide-u-zakup\/#breadcrumb","itemListElement":[{"@type":"ListItem","position":1,"name":"Valdanos ide u zakup"}]},{"@type":"Person","@id":"https:\/\/www.visit-ulcinj.com\/blog\/#\/schema\/person\/dcab619c614d3038751c63bc2aadc06d","name":"ulqini","sameAs":["http:\/\/www.visit-ulcinj.com"],"url":"https:\/\/www.visit-ulcinj.com\/blog\/author\/admin\/"}]}},"jetpack_featured_media_url":"","jetpack_sharing_enabled":true,"jetpack_shortlink":"https:\/\/wp.me\/pe6lTn-1Xv","_links":{"self":[{"href":"https:\/\/www.visit-ulcinj.com\/blog\/wp-json\/wp\/v2\/posts\/7533"}],"collection":[{"href":"https:\/\/www.visit-ulcinj.com\/blog\/wp-json\/wp\/v2\/posts"}],"about":[{"href":"https:\/\/www.visit-ulcinj.com\/blog\/wp-json\/wp\/v2\/types\/post"}],"author":[{"embeddable":true,"href":"https:\/\/www.visit-ulcinj.com\/blog\/wp-json\/wp\/v2\/users\/1"}],"replies":[{"embeddable":true,"href":"https:\/\/www.visit-ulcinj.com\/blog\/wp-json\/wp\/v2\/comments?post=7533"}],"version-history":[{"count":0,"href":"https:\/\/www.visit-ulcinj.com\/blog\/wp-json\/wp\/v2\/posts\/7533\/revisions"}],"wp:attachment":[{"href":"https:\/\/www.visit-ulcinj.com\/blog\/wp-json\/wp\/v2\/media?parent=7533"}],"wp:term":[{"taxonomy":"category","embeddable":true,"href":"https:\/\/www.visit-ulcinj.com\/blog\/wp-json\/wp\/v2\/categories?post=7533"},{"taxonomy":"post_tag","embeddable":true,"href":"https:\/\/www.visit-ulcinj.com\/blog\/wp-json\/wp\/v2\/tags?post=7533"}],"curies":[{"name":"wp","href":"https:\/\/api.w.org\/{rel}","templated":true}]}}