{"id":75331,"date":"2013-10-14T17:03:39","date_gmt":"2013-10-14T16:03:39","guid":{"rendered":"http:\/\/www.visit-ulcinj.com\/blog\/?p=75331"},"modified":"2013-10-16T19:22:12","modified_gmt":"2013-10-16T18:22:12","slug":"parlamentarna-skupstina-nato-u-dubrovniku-na-kojoj-ucestvuje-delegacija-skupstine-crne-gore","status":"publish","type":"post","link":"https:\/\/www.visit-ulcinj.com\/blog\/2013\/10\/14\/parlamentarna-skupstina-nato-u-dubrovniku-na-kojoj-ucestvuje-delegacija-skupstine-crne-gore\/","title":{"rendered":"Parlamentarna skup\u0161tina NATO u Dubrovniku na kojoj u\u010destvuje delegacija Skupstine Crne Gore"},"content":{"rendered":"<div>\n<p><a href=\"http:\/\/www.visit-ulcinj.com\/blog\/wp-content\/uploads\/2013\/10\/skupstina-NATO-u-Dubrovnik-Ljubo-Skrelja.jpg\"><img loading=\"lazy\" class=\"alignleft  wp-image-75332\" alt=\"skupstina NATO u Dubrovnik- Ljubo-Skrelja\" src=\"http:\/\/www.visit-ulcinj.com\/blog\/wp-content\/uploads\/2013\/10\/skupstina-NATO-u-Dubrovnik-Ljubo-Skrelja.jpg\" width=\"508\" height=\"360\" \/><\/a>Na sve\u010danom otvaranju i prvoj plenarnoj \u015bednici 59. godi\u0161njeg zasijedanja Parlamentarne skup\u0161tine NATO-a u Dubrovniku prisutnima su se obratili pred\u015bednik Parlamentarne skup\u0161tine NATO-a Hugh Bayley, pred\u015bednik Republike Hrvatske Ivo Josipovi\u0107, pred\u015bednik Hrvatskog sabora Josip Leko, prva potpred\u015bednica Vlade RH i ministrica vanjskih i evropskih poslova Vesna Pusi\u0107, te glavni sekretetar NATO-a Anders Fogh Rasmussen.<\/p>\n<p>Pred\u015bednik Hrvatskoga sabora Josip Leko obratio se u\u010desnicima skupa istakav\u0161i da je ponosan \u0161to je doma\u0107in ovogodi\u0161njeg zasijedanja Hrvatski sabor. Dodao je kako je Dubrovnik zbog svoje istorije pravo mjesto za raspravu o budu\u0107nosti Saveza ali i pitanjima koja optere\u0107uju Sredozemlje.<\/p>\n<p>Leko je izrazio uvjerenje da \u0107e i ovo zasijedanje sa nekoliko stotina u\u010desnika iz 28 dr\u017eava \u010dlanica NATO-a doprinijeti ja\u010danju me\u0111usobnih veza i stvaranju savezni\u0161tva za budu\u0107e izazove, te je svim u\u010desnicima po\u017eelio uspje\u0161an rad.<\/p>\n<p>U radu 59. godi\u0161njeg zasijedanja Parlamentarne skup\u0161tine NATO-a u\u010destvuje delegacija Skupstine Crne Gore u sastavu Borislav Banovi\u0107, Lui\u0111 Ljubo \u0160krelja i Branka Bo\u0161njak.<\/p>\n<p><a href=\"http:\/\/www.visit-ulcinj.com\/blog\/wp-content\/uploads\/2013\/10\/skupstina-NATO-u-Dubrovnik-Ljubo-Skrelja-1.jpg\"><img loading=\"lazy\" class=\"alignleft  wp-image-75333\" alt=\"skupstina NATO u Dubrovnik- Ljubo-Skrelja-1\" src=\"http:\/\/www.visit-ulcinj.com\/blog\/wp-content\/uploads\/2013\/10\/skupstina-NATO-u-Dubrovnik-Ljubo-Skrelja-1.jpg\" width=\"508\" height=\"360\" \/><\/a><\/p>\n<div>\n<p><strong>Skupstinu Crne Gore predstavlja Delegacija u sastavu &#8211; Borislav Banovi\u0107, Lui\u0111 Ljubo \u0160krelja i Branka Bo\u0161njak<\/strong><\/p>\n<\/div>\n<p>Drugog i tre\u0107eg dana 59. godi\u0161njeg zasijedanja Parlamentarne skup\u0161tine NATO, odr\u017eani su sastanci &#8211; Politi\u010dkog komiteta, Komiteta za odbranu i bezbjednost, Komiteta za civilnu dimenziju bezbjednosti, Komiteta za ekonomiju i bezbjednost i Komiteta za nauku i tehnologiju.\u015aednice su koncipirane na bazi diskusija i usvajanja izvje\u0161taja i politi\u010dkih preporuka o temama iz oblasti bezbjednosti i odbrane, pra\u0107ene obra\u0107anjima uglednih govornika predstavnika vlada, akademije, nevladinog sektora i NATO.Parlamentarci iz 28 zemalja saveznica raspravljali su o razli\u010ditim bezbjednosnim pitanjima, uklju\u010duju\u0107i krizu u Siriji, nastavak NATO misije u Avganistanu, te budu\u0107nost zapadnog Balkana.<\/p>\n<p>Pitanja o Balkanu posebno su istaknuta na ovom zasijedanju, \u010dime je ponovo potvr\u0111ena podr\u0161ka NATO politici \u201eOtvorenih vrata\u201c i te\u017enjama drugih zemalja u regiji da slijede primjer Hrvatske i Albanije koje su pristupile Savezu 2009. godine.<\/p>\n<p>Tokom sastanka Politi\u010dkog komiteta, govore\u0107i o prioritetima regionalne bezbjednosne politike, prva potpred\u015bednica Vlade Republike Hrvatske i ministrica vanjskih i evropskih poslova Vesna Pusi\u0107 posebno je pozdravila napredak Crne Gore i objasnila kako razmjena iskustava sa su\u015bednim zemljama o pregovaranju za \u010dlanstvo u NATO i EU doprinosi trajnoj stabilnosti u \u010ditavoj regiji. U tom smislu, Crna Gora je ocijenjena kao strate\u0161ki vrlo va\u017ean su\u015bed.<\/p>\n<p>Parlamentarna skup\u0161tina NATO okuplja poslanike nacionalnih parlamenata iz 28 zemalja saveznica i partnerskih zemalja ili organizacija, a slu\u017ei kao klju\u010dna veza izme\u0111u Atlantskog saveza i nacionalnih parlamenata, te tako i kao veza sa gra\u0111anima.<\/p>\n<p>U radu 59. godi\u0161njeg zasijedanja Parlamentarne skup\u0161tine NATO, u\u010destvuje delegacija Skupstine Crne Gore, u sastavu Borislav Banovi\u0107, Lui\u0111 Ljubo \u0160krelja i Branka Bo\u0161njak.<\/p>\n<p><strong>Drugom plenarnom \u015bednicom zavr\u0161eno 59. godi\u0161nje zasijedanje Parlamentarne skup\u0161tine NATO u Dubrovniku<br \/>\n<a href=\"http:\/\/www.visit-ulcinj.com\/blog\/wp-content\/uploads\/2013\/10\/skrelja-dubrovnik.jpg\"><img loading=\"lazy\" class=\"alignleft  wp-image-75388\" alt=\"skrelja-dubrovnik\" src=\"http:\/\/www.visit-ulcinj.com\/blog\/wp-content\/uploads\/2013\/10\/skrelja-dubrovnik.jpg\" width=\"508\" height=\"324\" \/><\/a><br \/>\n<\/strong><\/p>\n<div>\n<p><strong>Delegaciju Skup\u0161tine Crne Gore \u010dinili su Borislav Banovi\u0107, Lui\u0111 Ljubo \u0160krelja i Branka Bo\u0161njak<\/strong><\/p>\n<\/div>\n<div>\n<p>Tokom Druge plenarne \u015bednice 59. godi\u0161njeg zasijedanja Parlamentarne skup\u0161tine NATO, u\u010desnicima su se obratili pred\u015bednik NATO Parlamentarne skup\u0161tine, Hugh Bayley, posebni predstavnik Ujedinjenih naroda za Mali i \u0161ef misije Ujedinjenih nacija za stabilizaciju u Maliju, Bert Koenders i pred\u015bednik Hrvatskog sabora Josip Leko. On je, ovom prilikom, imao izlaganje na temu: \u201eUloga parlamenata u kontekstu pitanja bezbjednosti\u201c. Odgovaraju\u0107i na pitanja \u010dlanova delegacija, Leko je potvrdio da \u0107e Hrvatska, kao nova \u010dlanica EU, biti \u010dvrsto predana razvoju i ja\u010danju Zajedni\u010dke bezbjednosne i odbrambene politike Evropske unije.<\/p>\n<p>U nastavku rada Druge plenarne \u015bednice, uslijedili su izbori za pred\u015bednika Parlamentarne skup\u0161tine NATO, pet potpred\u015bednika, kao i za revizora Skup\u0161tine. Potom se glasalo o predlo\u017eenim finansijskim dokumentima i Nacrtu bud\u017eeta za 2014. godinu.<\/p>\n<p>Nastavak zasijedanja obilje\u017eilo je izja\u0161njenje delegata o nacrtima rezolucija na teme: \u201cUnaprje\u0111enje odr\u017eivosti NATO kopnenih snaga\u201d, \u201eNove energetske ideje za NATO oru\u017eane snage: sna\u017eenje odgovornosti, smanjenje potra\u017enje, obezbje\u0111enje snabdijevanja\u201d, \u201eEkonomske i strate\u0161ke implikacije nekonvencionalne nafte i revolucije gasa\u201d, \u201eRastu\u0107i strate\u0161ki zna\u010daj pacifi\u010dke Azije: implikacije na NATO i \u0161ire\u201c \u201eAvganistan: obnovljena bezbjednost, projekcija politi\u010dke i ekonomske bezbjednosne situacije nakon 2014. godine\u201c, \u201eJa\u010danje stabilnosti i evroatlantskih procesa na Zapadnom Balkanu\u201c i \u201eKriza u Siriji : implikacije na regiju i \u0161ire\u201c.<\/p>\n<p>Danas je zavr\u0161en rad 59. godi\u0161njeg zasijedanja Parlamentarne skup\u0161tine NATO.<\/p>\n<\/div>\n<p><strong>Izvor: Skup\u0161tina Crne Gore<\/strong><\/p>\n<\/div>\n","protected":false},"excerpt":{"rendered":"<p>Na sve\u010danom otvaranju i prvoj plenarnoj \u015bednici 59. godi\u0161njeg zasijedanja Parlamentarne skup\u0161tine NATO-a u Dubrovniku prisutnima su se obratili pred\u015bednik Parlamentarne skup\u0161tine NATO-a Hugh Bayley, pred\u015bednik Republike Hrvatske Ivo Josipovi\u0107, pred\u015bednik Hrvatskog sabora Josip Leko, prva potpred\u015bednica Vlade RH i ministrica vanjskih i evropskih poslova Vesna Pusi\u0107, te glavni sekretetar NATO-a Anders Fogh Rasmussen. Pred\u015bednik [&hellip;]<\/p>\n","protected":false},"author":1,"featured_media":0,"comment_status":"closed","ping_status":"closed","sticky":false,"template":"","format":"standard","meta":{"spay_email":"","jetpack_publicize_message":"","jetpack_is_tweetstorm":false,"jetpack_publicize_feature_enabled":true},"categories":[6950],"tags":[],"jetpack_publicize_connections":[],"yoast_head":"<!-- This site is optimized with the Yoast SEO plugin v19.1 - https:\/\/yoast.com\/wordpress\/plugins\/seo\/ -->\n<title>Parlamentarna skup\u0161tina NATO u Dubrovniku na kojoj u\u010destvuje delegacija Skupstine Crne Gore - Lajme nga Ulqini<\/title>\n<meta name=\"description\" content=\"Na sve\u010danom otvaranju i prvoj plenarnoj \u015bednici 59. godi\u0161njeg zasijedanja Parlamentarne skup\u0161tine NATO-a u Dubrovniku prisutnima su se obratili pred\u015bednik\" \/>\n<meta name=\"robots\" content=\"index, follow, max-snippet:-1, max-image-preview:large, max-video-preview:-1\" \/>\n<link rel=\"canonical\" href=\"https:\/\/www.visit-ulcinj.com\/blog\/2013\/10\/14\/parlamentarna-skupstina-nato-u-dubrovniku-na-kojoj-ucestvuje-delegacija-skupstine-crne-gore\/\" \/>\n<meta property=\"og:locale\" content=\"en_US\" \/>\n<meta property=\"og:type\" content=\"article\" \/>\n<meta property=\"og:title\" content=\"Parlamentarna skup\u0161tina NATO u Dubrovniku na kojoj u\u010destvuje delegacija Skupstine Crne Gore - Lajme nga Ulqini\" \/>\n<meta property=\"og:description\" content=\"Na sve\u010danom otvaranju i prvoj plenarnoj \u015bednici 59. godi\u0161njeg zasijedanja Parlamentarne skup\u0161tine NATO-a u Dubrovniku prisutnima su se obratili pred\u015bednik\" \/>\n<meta property=\"og:url\" content=\"https:\/\/www.visit-ulcinj.com\/blog\/2013\/10\/14\/parlamentarna-skupstina-nato-u-dubrovniku-na-kojoj-ucestvuje-delegacija-skupstine-crne-gore\/\" \/>\n<meta property=\"og:site_name\" content=\"Lajme nga Ulqini\" \/>\n<meta property=\"article:published_time\" content=\"2013-10-14T16:03:39+00:00\" \/>\n<meta property=\"article:modified_time\" content=\"2013-10-16T18:22:12+00:00\" \/>\n<meta property=\"og:image\" content=\"http:\/\/www.visit-ulcinj.com\/blog\/wp-content\/uploads\/2013\/10\/skupstina-NATO-u-Dubrovnik-Ljubo-Skrelja.jpg\" \/>\n<meta name=\"twitter:label1\" content=\"Written by\" \/>\n\t<meta name=\"twitter:data1\" content=\"ulqini\" \/>\n\t<meta name=\"twitter:label2\" content=\"Est. reading time\" \/>\n\t<meta name=\"twitter:data2\" content=\"4 minutes\" \/>\n<script type=\"application\/ld+json\" class=\"yoast-schema-graph\">{\"@context\":\"https:\/\/schema.org\",\"@graph\":[{\"@type\":\"WebSite\",\"@id\":\"https:\/\/www.visit-ulcinj.com\/blog\/#website\",\"url\":\"https:\/\/www.visit-ulcinj.com\/blog\/\",\"name\":\"Lajme nga Ulqini\",\"description\":\"Lajme,Vijesti,Ulqini,Ulqin,Crna Gora,Mali i Zi\",\"potentialAction\":[{\"@type\":\"SearchAction\",\"target\":{\"@type\":\"EntryPoint\",\"urlTemplate\":\"https:\/\/www.visit-ulcinj.com\/blog\/?s={search_term_string}\"},\"query-input\":\"required name=search_term_string\"}],\"inLanguage\":\"en-US\"},{\"@type\":\"ImageObject\",\"inLanguage\":\"en-US\",\"@id\":\"https:\/\/www.visit-ulcinj.com\/blog\/2013\/10\/14\/parlamentarna-skupstina-nato-u-dubrovniku-na-kojoj-ucestvuje-delegacija-skupstine-crne-gore\/#primaryimage\",\"url\":\"https:\/\/www.visit-ulcinj.com\/blog\/wp-content\/uploads\/2013\/10\/skupstina-NATO-u-Dubrovnik-Ljubo-Skrelja.jpg\",\"contentUrl\":\"https:\/\/www.visit-ulcinj.com\/blog\/wp-content\/uploads\/2013\/10\/skupstina-NATO-u-Dubrovnik-Ljubo-Skrelja.jpg\",\"width\":588,\"height\":441},{\"@type\":\"WebPage\",\"@id\":\"https:\/\/www.visit-ulcinj.com\/blog\/2013\/10\/14\/parlamentarna-skupstina-nato-u-dubrovniku-na-kojoj-ucestvuje-delegacija-skupstine-crne-gore\/#webpage\",\"url\":\"https:\/\/www.visit-ulcinj.com\/blog\/2013\/10\/14\/parlamentarna-skupstina-nato-u-dubrovniku-na-kojoj-ucestvuje-delegacija-skupstine-crne-gore\/\",\"name\":\"Parlamentarna skup\u0161tina NATO u Dubrovniku na kojoj u\u010destvuje delegacija Skupstine Crne Gore - Lajme nga Ulqini\",\"isPartOf\":{\"@id\":\"https:\/\/www.visit-ulcinj.com\/blog\/#website\"},\"primaryImageOfPage\":{\"@id\":\"https:\/\/www.visit-ulcinj.com\/blog\/2013\/10\/14\/parlamentarna-skupstina-nato-u-dubrovniku-na-kojoj-ucestvuje-delegacija-skupstine-crne-gore\/#primaryimage\"},\"datePublished\":\"2013-10-14T16:03:39+00:00\",\"dateModified\":\"2013-10-16T18:22:12+00:00\",\"author\":{\"@id\":\"https:\/\/www.visit-ulcinj.com\/blog\/#\/schema\/person\/dcab619c614d3038751c63bc2aadc06d\"},\"description\":\"Na sve\u010danom otvaranju i prvoj plenarnoj \u015bednici 59. godi\u0161njeg zasijedanja Parlamentarne skup\u0161tine NATO-a u Dubrovniku prisutnima su se obratili pred\u015bednik\",\"breadcrumb\":{\"@id\":\"https:\/\/www.visit-ulcinj.com\/blog\/2013\/10\/14\/parlamentarna-skupstina-nato-u-dubrovniku-na-kojoj-ucestvuje-delegacija-skupstine-crne-gore\/#breadcrumb\"},\"inLanguage\":\"en-US\",\"potentialAction\":[{\"@type\":\"ReadAction\",\"target\":[\"https:\/\/www.visit-ulcinj.com\/blog\/2013\/10\/14\/parlamentarna-skupstina-nato-u-dubrovniku-na-kojoj-ucestvuje-delegacija-skupstine-crne-gore\/\"]}]},{\"@type\":\"BreadcrumbList\",\"@id\":\"https:\/\/www.visit-ulcinj.com\/blog\/2013\/10\/14\/parlamentarna-skupstina-nato-u-dubrovniku-na-kojoj-ucestvuje-delegacija-skupstine-crne-gore\/#breadcrumb\",\"itemListElement\":[{\"@type\":\"ListItem\",\"position\":1,\"name\":\"Parlamentarna skup\u0161tina NATO u Dubrovniku na kojoj u\u010destvuje delegacija Skupstine Crne Gore\"}]},{\"@type\":\"Person\",\"@id\":\"https:\/\/www.visit-ulcinj.com\/blog\/#\/schema\/person\/dcab619c614d3038751c63bc2aadc06d\",\"name\":\"ulqini\",\"sameAs\":[\"http:\/\/www.visit-ulcinj.com\"],\"url\":\"https:\/\/www.visit-ulcinj.com\/blog\/author\/admin\/\"}]}<\/script>\n<!-- \/ Yoast SEO plugin. -->","yoast_head_json":{"title":"Parlamentarna skup\u0161tina NATO u Dubrovniku na kojoj u\u010destvuje delegacija Skupstine Crne Gore - Lajme nga Ulqini","description":"Na sve\u010danom otvaranju i prvoj plenarnoj \u015bednici 59. godi\u0161njeg zasijedanja Parlamentarne skup\u0161tine NATO-a u Dubrovniku prisutnima su se obratili pred\u015bednik","robots":{"index":"index","follow":"follow","max-snippet":"max-snippet:-1","max-image-preview":"max-image-preview:large","max-video-preview":"max-video-preview:-1"},"canonical":"https:\/\/www.visit-ulcinj.com\/blog\/2013\/10\/14\/parlamentarna-skupstina-nato-u-dubrovniku-na-kojoj-ucestvuje-delegacija-skupstine-crne-gore\/","og_locale":"en_US","og_type":"article","og_title":"Parlamentarna skup\u0161tina NATO u Dubrovniku na kojoj u\u010destvuje delegacija Skupstine Crne Gore - Lajme nga Ulqini","og_description":"Na sve\u010danom otvaranju i prvoj plenarnoj \u015bednici 59. godi\u0161njeg zasijedanja Parlamentarne skup\u0161tine NATO-a u Dubrovniku prisutnima su se obratili pred\u015bednik","og_url":"https:\/\/www.visit-ulcinj.com\/blog\/2013\/10\/14\/parlamentarna-skupstina-nato-u-dubrovniku-na-kojoj-ucestvuje-delegacija-skupstine-crne-gore\/","og_site_name":"Lajme nga Ulqini","article_published_time":"2013-10-14T16:03:39+00:00","article_modified_time":"2013-10-16T18:22:12+00:00","og_image":[{"url":"http:\/\/www.visit-ulcinj.com\/blog\/wp-content\/uploads\/2013\/10\/skupstina-NATO-u-Dubrovnik-Ljubo-Skrelja.jpg"}],"twitter_misc":{"Written by":"ulqini","Est. reading time":"4 minutes"},"schema":{"@context":"https:\/\/schema.org","@graph":[{"@type":"WebSite","@id":"https:\/\/www.visit-ulcinj.com\/blog\/#website","url":"https:\/\/www.visit-ulcinj.com\/blog\/","name":"Lajme nga Ulqini","description":"Lajme,Vijesti,Ulqini,Ulqin,Crna Gora,Mali i Zi","potentialAction":[{"@type":"SearchAction","target":{"@type":"EntryPoint","urlTemplate":"https:\/\/www.visit-ulcinj.com\/blog\/?s={search_term_string}"},"query-input":"required name=search_term_string"}],"inLanguage":"en-US"},{"@type":"ImageObject","inLanguage":"en-US","@id":"https:\/\/www.visit-ulcinj.com\/blog\/2013\/10\/14\/parlamentarna-skupstina-nato-u-dubrovniku-na-kojoj-ucestvuje-delegacija-skupstine-crne-gore\/#primaryimage","url":"https:\/\/www.visit-ulcinj.com\/blog\/wp-content\/uploads\/2013\/10\/skupstina-NATO-u-Dubrovnik-Ljubo-Skrelja.jpg","contentUrl":"https:\/\/www.visit-ulcinj.com\/blog\/wp-content\/uploads\/2013\/10\/skupstina-NATO-u-Dubrovnik-Ljubo-Skrelja.jpg","width":588,"height":441},{"@type":"WebPage","@id":"https:\/\/www.visit-ulcinj.com\/blog\/2013\/10\/14\/parlamentarna-skupstina-nato-u-dubrovniku-na-kojoj-ucestvuje-delegacija-skupstine-crne-gore\/#webpage","url":"https:\/\/www.visit-ulcinj.com\/blog\/2013\/10\/14\/parlamentarna-skupstina-nato-u-dubrovniku-na-kojoj-ucestvuje-delegacija-skupstine-crne-gore\/","name":"Parlamentarna skup\u0161tina NATO u Dubrovniku na kojoj u\u010destvuje delegacija Skupstine Crne Gore - Lajme nga Ulqini","isPartOf":{"@id":"https:\/\/www.visit-ulcinj.com\/blog\/#website"},"primaryImageOfPage":{"@id":"https:\/\/www.visit-ulcinj.com\/blog\/2013\/10\/14\/parlamentarna-skupstina-nato-u-dubrovniku-na-kojoj-ucestvuje-delegacija-skupstine-crne-gore\/#primaryimage"},"datePublished":"2013-10-14T16:03:39+00:00","dateModified":"2013-10-16T18:22:12+00:00","author":{"@id":"https:\/\/www.visit-ulcinj.com\/blog\/#\/schema\/person\/dcab619c614d3038751c63bc2aadc06d"},"description":"Na sve\u010danom otvaranju i prvoj plenarnoj \u015bednici 59. godi\u0161njeg zasijedanja Parlamentarne skup\u0161tine NATO-a u Dubrovniku prisutnima su se obratili pred\u015bednik","breadcrumb":{"@id":"https:\/\/www.visit-ulcinj.com\/blog\/2013\/10\/14\/parlamentarna-skupstina-nato-u-dubrovniku-na-kojoj-ucestvuje-delegacija-skupstine-crne-gore\/#breadcrumb"},"inLanguage":"en-US","potentialAction":[{"@type":"ReadAction","target":["https:\/\/www.visit-ulcinj.com\/blog\/2013\/10\/14\/parlamentarna-skupstina-nato-u-dubrovniku-na-kojoj-ucestvuje-delegacija-skupstine-crne-gore\/"]}]},{"@type":"BreadcrumbList","@id":"https:\/\/www.visit-ulcinj.com\/blog\/2013\/10\/14\/parlamentarna-skupstina-nato-u-dubrovniku-na-kojoj-ucestvuje-delegacija-skupstine-crne-gore\/#breadcrumb","itemListElement":[{"@type":"ListItem","position":1,"name":"Parlamentarna skup\u0161tina NATO u Dubrovniku na kojoj u\u010destvuje delegacija Skupstine Crne Gore"}]},{"@type":"Person","@id":"https:\/\/www.visit-ulcinj.com\/blog\/#\/schema\/person\/dcab619c614d3038751c63bc2aadc06d","name":"ulqini","sameAs":["http:\/\/www.visit-ulcinj.com"],"url":"https:\/\/www.visit-ulcinj.com\/blog\/author\/admin\/"}]}},"jetpack_featured_media_url":"","jetpack_sharing_enabled":true,"jetpack_shortlink":"https:\/\/wp.me\/pe6lTn-jB1","_links":{"self":[{"href":"https:\/\/www.visit-ulcinj.com\/blog\/wp-json\/wp\/v2\/posts\/75331"}],"collection":[{"href":"https:\/\/www.visit-ulcinj.com\/blog\/wp-json\/wp\/v2\/posts"}],"about":[{"href":"https:\/\/www.visit-ulcinj.com\/blog\/wp-json\/wp\/v2\/types\/post"}],"author":[{"embeddable":true,"href":"https:\/\/www.visit-ulcinj.com\/blog\/wp-json\/wp\/v2\/users\/1"}],"replies":[{"embeddable":true,"href":"https:\/\/www.visit-ulcinj.com\/blog\/wp-json\/wp\/v2\/comments?post=75331"}],"version-history":[{"count":6,"href":"https:\/\/www.visit-ulcinj.com\/blog\/wp-json\/wp\/v2\/posts\/75331\/revisions"}],"predecessor-version":[{"id":75389,"href":"https:\/\/www.visit-ulcinj.com\/blog\/wp-json\/wp\/v2\/posts\/75331\/revisions\/75389"}],"wp:attachment":[{"href":"https:\/\/www.visit-ulcinj.com\/blog\/wp-json\/wp\/v2\/media?parent=75331"}],"wp:term":[{"taxonomy":"category","embeddable":true,"href":"https:\/\/www.visit-ulcinj.com\/blog\/wp-json\/wp\/v2\/categories?post=75331"},{"taxonomy":"post_tag","embeddable":true,"href":"https:\/\/www.visit-ulcinj.com\/blog\/wp-json\/wp\/v2\/tags?post=75331"}],"curies":[{"name":"wp","href":"https:\/\/api.w.org\/{rel}","templated":true}]}}