{"id":75345,"date":"2013-10-14T19:51:43","date_gmt":"2013-10-14T18:51:43","guid":{"rendered":"http:\/\/www.visit-ulcinj.com\/blog\/?p=75345"},"modified":"2013-10-16T08:15:14","modified_gmt":"2013-10-16T07:15:14","slug":"cungu-konferenca-per-media-expo-real-2013-mynih-video","status":"publish","type":"post","link":"https:\/\/www.visit-ulcinj.com\/blog\/2013\/10\/14\/cungu-konferenca-per-media-expo-real-2013-mynih-video\/","title":{"rendered":"Cungu: Konferenca p\u00ebr media: \u201cExpo Real 2013 &#8211; Mynih\u201d &#8211; Video"},"content":{"rendered":"<p><a href=\"http:\/\/www.visit-ulcinj.com\/blog\/wp-content\/uploads\/2013\/10\/Nazif-Cungu-Konferenca-p\u00ebr-media-Expo-Real-2013-Mynih.jpg\"><img loading=\"lazy\" class=\"alignleft  wp-image-75347\" alt=\"Nazif-Cungu-Konferenca p\u00ebr media-Expo Real 2013 - Mynih\" src=\"http:\/\/www.visit-ulcinj.com\/blog\/wp-content\/uploads\/2013\/10\/Nazif-Cungu-Konferenca-p\u00ebr-media-Expo-Real-2013-Mynih.jpg\" width=\"508\" height=\"360\" \/><\/a>Sot n\u00eb hotelin Dolcino u mbajt konferenca p\u00ebr media lidhur me Panairin nd\u00ebrkomb\u00ebtar t\u00eb investimeve dhe patund\u00ebshmerive Expo Real 2013 q\u00eb n\u00eb periudh\u00ebn prej 07 deri m\u00eb 09 tetor u mbajt n\u00eb Mynih.<\/p>\n<p>N\u00eb konferenc\u00eb, ku p\u00ebrve\u00e7 p\u00ebrfaq\u00ebsuesve t\u00eb mediave mor\u00ebn pjes\u00eb edhe afarist\u00eb nga l\u00ebmi i turizmit dhe hoteleris\u00eb, u b\u00eb nj\u00eb prezantim i aktiviteteve t\u00eb reaizuara n\u00eb k\u00ebt panair.<br \/>\nKryetari i komun\u00ebs s\u00eb Ulqinit Nazif Cungu\u00a0u shpreh se ka pasur nje interesim shum t\u00eb madh p\u00ebr qytetin e Ulqinit ku ve\u00e7 kan filluar kontaktet e para me investitor t\u00eb cil\u00ebt jan\u00eb t\u00eb gatsh\u00ebm t\u00eb investojn\u00eb n\u00eb k\u00ebte qytet.<\/p>\n<p>Hotel &#8220;Galeb&#8221;, hotel &#8220;Jadran&#8221;, &#8220;Dulcino Pearl SPA Center&#8221; dhe &#8220;Inveaqua \u2013 Velika Palace&#8221; jan\u00eb projekte konkrete me t\u00eb cilat komuna e Ulqinit u paraqit n\u00eb k\u00ebt\u00eb panair.<\/p>\n<p>Prej takimeve m\u00eb t\u00eb r\u00ebnd\u00ebsishme kryetari Cungu vler\u00ebsoi ate me\u00a0investitor\u00ebt turq nga kompania Rixos t\u00eb cil\u00ebt jan\u00eb tashm\u00eb t\u00eb gatsh\u00ebm p\u00ebr nd\u00ebrtimin e nj\u00eb hoteli n\u00eb Plazhin e madh n\u00eb qoft\u00eb se bisedimet q\u00eb do t\u00eb vijojn\u00eb me qeverin e Malit t\u00eb Zi do t\u00eb p\u00ebrmbyllen me sukses.<\/p>\n<p>Gjithashtu, u zhvilluan takime me p\u00ebrfaq\u00ebsuesit e Hyatt Hotels Corporation, t\u00eb cil\u00ebt kan\u00eb shprehur njohje dhe interesim p\u00ebr qytetin e Ulqinit, si dhe me p\u00ebrfaq\u00ebsuesit e zinxhiri Martin Hotels nga Gjermania. Cungu njohtoi gjithashtu me\u00a0ofertat nga kompania Palmerson nga Britania e Madhe p\u00ebr nd\u00ebrtimin e nj\u00eb qendre golfi n\u00eb k\u00ebt\u00eb qytet.<\/p>\n<p>Shum\u00eb pjesemarr\u00ebs n\u00eb k\u00ebt\u00eb panair kan\u00eb shprehur njohuri p\u00ebr Kite Surfing n\u00eb Ulqin si dhe Malin e Zi si destinacion i njohur me Porto Montenegro.<\/p>\n<p>Komuna e Ulqinit ka krijuar mjaft kontakte n\u00eb panairin Expo Real 2013 dhe tashme ka nj\u00eb databaz\u00eb t\u00eb dh\u00ebnash e cila premton p\u00ebr zhvillimin e projekteve investuese n\u00eb sferen e turizmit.<\/p>\n<!--YouTube Error: bad URL entered-->\n","protected":false},"excerpt":{"rendered":"<p>Sot n\u00eb hotelin Dolcino u mbajt konferenca p\u00ebr media lidhur me Panairin nd\u00ebrkomb\u00ebtar t\u00eb investimeve dhe patund\u00ebshmerive Expo Real 2013 q\u00eb n\u00eb periudh\u00ebn prej 07 deri m\u00eb 09 tetor u mbajt n\u00eb Mynih. N\u00eb konferenc\u00eb, ku p\u00ebrve\u00e7 p\u00ebrfaq\u00ebsuesve t\u00eb mediave mor\u00ebn pjes\u00eb edhe afarist\u00eb nga l\u00ebmi i turizmit dhe hoteleris\u00eb, u b\u00eb nj\u00eb prezantim i [&hellip;]<\/p>\n","protected":false},"author":1,"featured_media":0,"comment_status":"closed","ping_status":"closed","sticky":false,"template":"","format":"standard","meta":{"spay_email":"","jetpack_publicize_message":"","jetpack_is_tweetstorm":false,"jetpack_publicize_feature_enabled":true},"categories":[10,1],"tags":[],"jetpack_publicize_connections":[],"yoast_head":"<!-- This site is optimized with the Yoast SEO plugin v19.1 - https:\/\/yoast.com\/wordpress\/plugins\/seo\/ -->\n<title>Cungu: Konferenca p\u00ebr media: \u201cExpo Real 2013 - Mynih\u201d - Video - Lajme nga Ulqini<\/title>\n<meta name=\"description\" content=\"Sot n\u00eb hotelin Dolcino u mbajt konferenca p\u00ebr media lidhur me Panairin nd\u00ebrkomb\u00ebtar t\u00eb investimeve dhe patund\u00ebshmerive Expo Real 2013 q\u00eb n\u00eb periudh\u00ebn prej\" \/>\n<meta name=\"robots\" content=\"index, follow, max-snippet:-1, max-image-preview:large, max-video-preview:-1\" \/>\n<link rel=\"canonical\" href=\"https:\/\/www.visit-ulcinj.com\/blog\/2013\/10\/14\/cungu-konferenca-per-media-expo-real-2013-mynih-video\/\" \/>\n<meta property=\"og:locale\" content=\"en_US\" \/>\n<meta property=\"og:type\" content=\"article\" \/>\n<meta property=\"og:title\" content=\"Cungu: Konferenca p\u00ebr media: \u201cExpo Real 2013 - Mynih\u201d - Video - Lajme nga Ulqini\" \/>\n<meta property=\"og:description\" content=\"Sot n\u00eb hotelin Dolcino u mbajt konferenca p\u00ebr media lidhur me Panairin nd\u00ebrkomb\u00ebtar t\u00eb investimeve dhe patund\u00ebshmerive Expo Real 2013 q\u00eb n\u00eb periudh\u00ebn prej\" \/>\n<meta property=\"og:url\" content=\"https:\/\/www.visit-ulcinj.com\/blog\/2013\/10\/14\/cungu-konferenca-per-media-expo-real-2013-mynih-video\/\" \/>\n<meta property=\"og:site_name\" content=\"Lajme nga Ulqini\" \/>\n<meta property=\"article:published_time\" content=\"2013-10-14T18:51:43+00:00\" \/>\n<meta property=\"article:modified_time\" content=\"2013-10-16T07:15:14+00:00\" \/>\n<meta name=\"twitter:label1\" content=\"Written by\" \/>\n\t<meta name=\"twitter:data1\" content=\"ulqini\" \/>\n\t<meta name=\"twitter:label2\" content=\"Est. reading time\" \/>\n\t<meta name=\"twitter:data2\" content=\"2 minutes\" \/>\n<script type=\"application\/ld+json\" class=\"yoast-schema-graph\">{\"@context\":\"https:\/\/schema.org\",\"@graph\":[{\"@type\":\"WebSite\",\"@id\":\"https:\/\/www.visit-ulcinj.com\/blog\/#website\",\"url\":\"https:\/\/www.visit-ulcinj.com\/blog\/\",\"name\":\"Lajme nga Ulqini\",\"description\":\"Lajme,Vijesti,Ulqini,Ulqin,Crna Gora,Mali i Zi\",\"potentialAction\":[{\"@type\":\"SearchAction\",\"target\":{\"@type\":\"EntryPoint\",\"urlTemplate\":\"https:\/\/www.visit-ulcinj.com\/blog\/?s={search_term_string}\"},\"query-input\":\"required name=search_term_string\"}],\"inLanguage\":\"en-US\"},{\"@type\":\"WebPage\",\"@id\":\"https:\/\/www.visit-ulcinj.com\/blog\/2013\/10\/14\/cungu-konferenca-per-media-expo-real-2013-mynih-video\/#webpage\",\"url\":\"https:\/\/www.visit-ulcinj.com\/blog\/2013\/10\/14\/cungu-konferenca-per-media-expo-real-2013-mynih-video\/\",\"name\":\"Cungu: Konferenca p\u00ebr media: \u201cExpo Real 2013 - Mynih\u201d - Video - Lajme nga Ulqini\",\"isPartOf\":{\"@id\":\"https:\/\/www.visit-ulcinj.com\/blog\/#website\"},\"datePublished\":\"2013-10-14T18:51:43+00:00\",\"dateModified\":\"2013-10-16T07:15:14+00:00\",\"author\":{\"@id\":\"https:\/\/www.visit-ulcinj.com\/blog\/#\/schema\/person\/dcab619c614d3038751c63bc2aadc06d\"},\"description\":\"Sot n\u00eb hotelin Dolcino u mbajt konferenca p\u00ebr media lidhur me Panairin nd\u00ebrkomb\u00ebtar t\u00eb investimeve dhe patund\u00ebshmerive Expo Real 2013 q\u00eb n\u00eb periudh\u00ebn prej\",\"breadcrumb\":{\"@id\":\"https:\/\/www.visit-ulcinj.com\/blog\/2013\/10\/14\/cungu-konferenca-per-media-expo-real-2013-mynih-video\/#breadcrumb\"},\"inLanguage\":\"en-US\",\"potentialAction\":[{\"@type\":\"ReadAction\",\"target\":[\"https:\/\/www.visit-ulcinj.com\/blog\/2013\/10\/14\/cungu-konferenca-per-media-expo-real-2013-mynih-video\/\"]}]},{\"@type\":\"BreadcrumbList\",\"@id\":\"https:\/\/www.visit-ulcinj.com\/blog\/2013\/10\/14\/cungu-konferenca-per-media-expo-real-2013-mynih-video\/#breadcrumb\",\"itemListElement\":[{\"@type\":\"ListItem\",\"position\":1,\"name\":\"Cungu: Konferenca p\u00ebr media: \u201cExpo Real 2013 &#8211; Mynih\u201d &#8211; Video\"}]},{\"@type\":\"Person\",\"@id\":\"https:\/\/www.visit-ulcinj.com\/blog\/#\/schema\/person\/dcab619c614d3038751c63bc2aadc06d\",\"name\":\"ulqini\",\"sameAs\":[\"http:\/\/www.visit-ulcinj.com\"],\"url\":\"https:\/\/www.visit-ulcinj.com\/blog\/author\/admin\/\"}]}<\/script>\n<!-- \/ Yoast SEO plugin. -->","yoast_head_json":{"title":"Cungu: Konferenca p\u00ebr media: \u201cExpo Real 2013 - Mynih\u201d - Video - Lajme nga Ulqini","description":"Sot n\u00eb hotelin Dolcino u mbajt konferenca p\u00ebr media lidhur me Panairin nd\u00ebrkomb\u00ebtar t\u00eb investimeve dhe patund\u00ebshmerive Expo Real 2013 q\u00eb n\u00eb periudh\u00ebn prej","robots":{"index":"index","follow":"follow","max-snippet":"max-snippet:-1","max-image-preview":"max-image-preview:large","max-video-preview":"max-video-preview:-1"},"canonical":"https:\/\/www.visit-ulcinj.com\/blog\/2013\/10\/14\/cungu-konferenca-per-media-expo-real-2013-mynih-video\/","og_locale":"en_US","og_type":"article","og_title":"Cungu: Konferenca p\u00ebr media: \u201cExpo Real 2013 - Mynih\u201d - Video - Lajme nga Ulqini","og_description":"Sot n\u00eb hotelin Dolcino u mbajt konferenca p\u00ebr media lidhur me Panairin nd\u00ebrkomb\u00ebtar t\u00eb investimeve dhe patund\u00ebshmerive Expo Real 2013 q\u00eb n\u00eb periudh\u00ebn prej","og_url":"https:\/\/www.visit-ulcinj.com\/blog\/2013\/10\/14\/cungu-konferenca-per-media-expo-real-2013-mynih-video\/","og_site_name":"Lajme nga Ulqini","article_published_time":"2013-10-14T18:51:43+00:00","article_modified_time":"2013-10-16T07:15:14+00:00","twitter_misc":{"Written by":"ulqini","Est. reading time":"2 minutes"},"schema":{"@context":"https:\/\/schema.org","@graph":[{"@type":"WebSite","@id":"https:\/\/www.visit-ulcinj.com\/blog\/#website","url":"https:\/\/www.visit-ulcinj.com\/blog\/","name":"Lajme nga Ulqini","description":"Lajme,Vijesti,Ulqini,Ulqin,Crna Gora,Mali i Zi","potentialAction":[{"@type":"SearchAction","target":{"@type":"EntryPoint","urlTemplate":"https:\/\/www.visit-ulcinj.com\/blog\/?s={search_term_string}"},"query-input":"required name=search_term_string"}],"inLanguage":"en-US"},{"@type":"WebPage","@id":"https:\/\/www.visit-ulcinj.com\/blog\/2013\/10\/14\/cungu-konferenca-per-media-expo-real-2013-mynih-video\/#webpage","url":"https:\/\/www.visit-ulcinj.com\/blog\/2013\/10\/14\/cungu-konferenca-per-media-expo-real-2013-mynih-video\/","name":"Cungu: Konferenca p\u00ebr media: \u201cExpo Real 2013 - Mynih\u201d - Video - Lajme nga Ulqini","isPartOf":{"@id":"https:\/\/www.visit-ulcinj.com\/blog\/#website"},"datePublished":"2013-10-14T18:51:43+00:00","dateModified":"2013-10-16T07:15:14+00:00","author":{"@id":"https:\/\/www.visit-ulcinj.com\/blog\/#\/schema\/person\/dcab619c614d3038751c63bc2aadc06d"},"description":"Sot n\u00eb hotelin Dolcino u mbajt konferenca p\u00ebr media lidhur me Panairin nd\u00ebrkomb\u00ebtar t\u00eb investimeve dhe patund\u00ebshmerive Expo Real 2013 q\u00eb n\u00eb periudh\u00ebn prej","breadcrumb":{"@id":"https:\/\/www.visit-ulcinj.com\/blog\/2013\/10\/14\/cungu-konferenca-per-media-expo-real-2013-mynih-video\/#breadcrumb"},"inLanguage":"en-US","potentialAction":[{"@type":"ReadAction","target":["https:\/\/www.visit-ulcinj.com\/blog\/2013\/10\/14\/cungu-konferenca-per-media-expo-real-2013-mynih-video\/"]}]},{"@type":"BreadcrumbList","@id":"https:\/\/www.visit-ulcinj.com\/blog\/2013\/10\/14\/cungu-konferenca-per-media-expo-real-2013-mynih-video\/#breadcrumb","itemListElement":[{"@type":"ListItem","position":1,"name":"Cungu: Konferenca p\u00ebr media: \u201cExpo Real 2013 &#8211; Mynih\u201d &#8211; Video"}]},{"@type":"Person","@id":"https:\/\/www.visit-ulcinj.com\/blog\/#\/schema\/person\/dcab619c614d3038751c63bc2aadc06d","name":"ulqini","sameAs":["http:\/\/www.visit-ulcinj.com"],"url":"https:\/\/www.visit-ulcinj.com\/blog\/author\/admin\/"}]}},"jetpack_featured_media_url":"","jetpack_sharing_enabled":true,"jetpack_shortlink":"https:\/\/wp.me\/pe6lTn-jBf","_links":{"self":[{"href":"https:\/\/www.visit-ulcinj.com\/blog\/wp-json\/wp\/v2\/posts\/75345"}],"collection":[{"href":"https:\/\/www.visit-ulcinj.com\/blog\/wp-json\/wp\/v2\/posts"}],"about":[{"href":"https:\/\/www.visit-ulcinj.com\/blog\/wp-json\/wp\/v2\/types\/post"}],"author":[{"embeddable":true,"href":"https:\/\/www.visit-ulcinj.com\/blog\/wp-json\/wp\/v2\/users\/1"}],"replies":[{"embeddable":true,"href":"https:\/\/www.visit-ulcinj.com\/blog\/wp-json\/wp\/v2\/comments?post=75345"}],"version-history":[{"count":12,"href":"https:\/\/www.visit-ulcinj.com\/blog\/wp-json\/wp\/v2\/posts\/75345\/revisions"}],"predecessor-version":[{"id":75358,"href":"https:\/\/www.visit-ulcinj.com\/blog\/wp-json\/wp\/v2\/posts\/75345\/revisions\/75358"}],"wp:attachment":[{"href":"https:\/\/www.visit-ulcinj.com\/blog\/wp-json\/wp\/v2\/media?parent=75345"}],"wp:term":[{"taxonomy":"category","embeddable":true,"href":"https:\/\/www.visit-ulcinj.com\/blog\/wp-json\/wp\/v2\/categories?post=75345"},{"taxonomy":"post_tag","embeddable":true,"href":"https:\/\/www.visit-ulcinj.com\/blog\/wp-json\/wp\/v2\/tags?post=75345"}],"curies":[{"name":"wp","href":"https:\/\/api.w.org\/{rel}","templated":true}]}}