{"id":75364,"date":"2013-10-15T07:03:17","date_gmt":"2013-10-15T06:03:17","guid":{"rendered":"http:\/\/www.visit-ulcinj.com\/blog\/?p=75364"},"modified":"2013-10-15T07:03:17","modified_gmt":"2013-10-15T06:03:17","slug":"rixos-group-compani-zainteresovan-za-veliku-plazu-video","status":"publish","type":"post","link":"https:\/\/www.visit-ulcinj.com\/blog\/2013\/10\/15\/rixos-group-compani-zainteresovan-za-veliku-plazu-video\/","title":{"rendered":"Rixos Group Compani zainteresovan za Veliku pla\u017eu &#8211; Video"},"content":{"rendered":"<p><strong><a href=\"http:\/\/www.visit-ulcinj.com\/blog\/wp-content\/uploads\/2013\/10\/Rixos-Luxury-Hotels-Resorts-Ulcinj.jpg\"><img loading=\"lazy\" class=\"alignleft  wp-image-75365\" alt=\"Rixos Luxury Hotels &amp; Resorts-Ulcinj\" src=\"http:\/\/www.visit-ulcinj.com\/blog\/wp-content\/uploads\/2013\/10\/Rixos-Luxury-Hotels-Resorts-Ulcinj.jpg\" width=\"508\" height=\"200\" \/><\/a>Investicioni potencijali Ulcinja predstavljeni na sajmu u Minhenu: Rixos zainteresovan za Veliku pla\u017eu<\/strong><\/p>\n<p><strong>ULCINJ \u2013 Investicije u Ulcinju ne\u0107e o\u017eivjeti ako se ne izvr\u0161i realizacija infrastukturalnih invesicija koje smo pripremili. Razvoj infrastrukture je preduslov za ulaganja \u2013 rekao je Nazif Cungu, predsjednik op\u0161tine Ulcinj, na konferenciji za novinare odr\u017eanoj povodom nastupana na Sajmu investicija u Minhenu \u201eExpo real\u201c od 7. do 9. oktobra ove godine.<\/strong><\/p>\n<p>&#8211; U narednom periodu o\u010dekujemo konkretne ponude od investitora. Razgovarali smo sa predstavnicima Rixos Group Compani koji su zainteresovani za investiranje u Veliku pla\u017eu i zakup zemlje na 90 godina ili kupovinu zemlje ako bude mogu\u0107a \u2013 rekao je Cungu i naveo da je razgovarao sa predstavnicima firmi Hyat Hotels, Martin Hotels, PFK Hotel Consulting, Protim Rzisnik Perc, Deutche Grundis i mnogim drugima.<\/p>\n<p>Na Sajmu koji je imao 36.000 u\u010desnika iz 68 zemalja predstavljen je Ulcinj sa \u010detiri kapitalna projekta: predstavnicima firme Rok\u0161ped koji su predstavili projekat hotela \u201eGaleb\u201c, firma Star of Montenegro sa projektom hotela \u201eJadran\u201c, firma UL Group sa projektom Dulcino Pearl SPA Centar i Inveraqua.<\/p>\n<p>Cungu je dodao i to da su nadle\u017enosti op\u0161tine ograni\u010dene pojasom Morskog dobra.<\/p>\n<p>&#8211; Ulcinj je grad sa najve\u0107im potencijalima u Crnoj Gori. U\u010de\u0161\u0107em na ovom sajmu predstavili smo na\u0161u op\u0161tinu kao investicionu destinaciju, kreirali smo bazu podataka potencijalnih investitora i dogovorili dalje kontakte sa njima \u2013 rekao je Cungu.<\/p>\n<p>Cungu je izlo\u017eio novinarima i velikom broju prisutnih iz turisti\u010dke privrede prezentaciju o u\u010de\u0161\u0107u na Sajmu. Izvijestio je o mnogobrojnim sastancima sa investitorima.<\/p>\n<p><em><strong>A.\u017d.<\/strong><\/em><\/p>\n<p><strong>Izvor: POBJEDA<\/strong><br \/>\n<iframe loading=\"lazy\" width=\"508\" height=\"360\" src=\"\/\/www.youtube.com\/embed\/icOyJ5NrQT4\" frameborder=\"0\" allowfullscreen><\/iframe><\/p>\n","protected":false},"excerpt":{"rendered":"<p>Investicioni potencijali Ulcinja predstavljeni na sajmu u Minhenu: Rixos zainteresovan za Veliku pla\u017eu ULCINJ \u2013 Investicije u Ulcinju ne\u0107e o\u017eivjeti ako se ne izvr\u0161i realizacija infrastukturalnih invesicija koje smo pripremili. Razvoj infrastrukture je preduslov za ulaganja \u2013 rekao je Nazif Cungu, predsjednik op\u0161tine Ulcinj, na konferenciji za novinare odr\u017eanoj povodom nastupana na Sajmu investicija u [&hellip;]<\/p>\n","protected":false},"author":1,"featured_media":0,"comment_status":"closed","ping_status":"closed","sticky":false,"template":"","format":"standard","meta":{"spay_email":"","jetpack_publicize_message":"","jetpack_is_tweetstorm":false,"jetpack_publicize_feature_enabled":true},"categories":[8337],"tags":[],"jetpack_publicize_connections":[],"yoast_head":"<!-- This site is optimized with the Yoast SEO plugin v19.1 - https:\/\/yoast.com\/wordpress\/plugins\/seo\/ -->\n<title>Rixos Group Compani zainteresovan za Veliku pla\u017eu - Video - Lajme nga Ulqini<\/title>\n<meta name=\"description\" content=\"Investicioni potencijali Ulcinja predstavljeni na sajmu u Minhenu: Rixos zainteresovan za Veliku pla\u017eu ULCINJ \u2013 Investicije u Ulcinju ne\u0107e o\u017eivjeti ako se\" \/>\n<meta name=\"robots\" content=\"index, follow, max-snippet:-1, max-image-preview:large, max-video-preview:-1\" \/>\n<link rel=\"canonical\" href=\"https:\/\/www.visit-ulcinj.com\/blog\/2013\/10\/15\/rixos-group-compani-zainteresovan-za-veliku-plazu-video\/\" \/>\n<meta property=\"og:locale\" content=\"en_US\" \/>\n<meta property=\"og:type\" content=\"article\" \/>\n<meta property=\"og:title\" content=\"Rixos Group Compani zainteresovan za Veliku pla\u017eu - Video - Lajme nga Ulqini\" \/>\n<meta property=\"og:description\" content=\"Investicioni potencijali Ulcinja predstavljeni na sajmu u Minhenu: Rixos zainteresovan za Veliku pla\u017eu ULCINJ \u2013 Investicije u Ulcinju ne\u0107e o\u017eivjeti ako se\" \/>\n<meta property=\"og:url\" content=\"https:\/\/www.visit-ulcinj.com\/blog\/2013\/10\/15\/rixos-group-compani-zainteresovan-za-veliku-plazu-video\/\" \/>\n<meta property=\"og:site_name\" content=\"Lajme nga Ulqini\" \/>\n<meta property=\"article:published_time\" content=\"2013-10-15T06:03:17+00:00\" \/>\n<meta property=\"og:image\" content=\"http:\/\/www.visit-ulcinj.com\/blog\/wp-content\/uploads\/2013\/10\/Rixos-Luxury-Hotels-Resorts-Ulcinj.jpg\" \/>\n<meta name=\"twitter:label1\" content=\"Written by\" \/>\n\t<meta name=\"twitter:data1\" content=\"ulqini\" \/>\n\t<meta name=\"twitter:label2\" content=\"Est. reading time\" \/>\n\t<meta name=\"twitter:data2\" content=\"1 minute\" \/>\n<script type=\"application\/ld+json\" class=\"yoast-schema-graph\">{\"@context\":\"https:\/\/schema.org\",\"@graph\":[{\"@type\":\"WebSite\",\"@id\":\"https:\/\/www.visit-ulcinj.com\/blog\/#website\",\"url\":\"https:\/\/www.visit-ulcinj.com\/blog\/\",\"name\":\"Lajme nga Ulqini\",\"description\":\"Lajme,Vijesti,Ulqini,Ulqin,Crna Gora,Mali i Zi\",\"potentialAction\":[{\"@type\":\"SearchAction\",\"target\":{\"@type\":\"EntryPoint\",\"urlTemplate\":\"https:\/\/www.visit-ulcinj.com\/blog\/?s={search_term_string}\"},\"query-input\":\"required name=search_term_string\"}],\"inLanguage\":\"en-US\"},{\"@type\":\"ImageObject\",\"inLanguage\":\"en-US\",\"@id\":\"https:\/\/www.visit-ulcinj.com\/blog\/2013\/10\/15\/rixos-group-compani-zainteresovan-za-veliku-plazu-video\/#primaryimage\",\"url\":\"http:\/\/www.visit-ulcinj.com\/blog\/wp-content\/uploads\/2013\/10\/Rixos-Luxury-Hotels-Resorts-Ulcinj.jpg\",\"contentUrl\":\"http:\/\/www.visit-ulcinj.com\/blog\/wp-content\/uploads\/2013\/10\/Rixos-Luxury-Hotels-Resorts-Ulcinj.jpg\"},{\"@type\":\"WebPage\",\"@id\":\"https:\/\/www.visit-ulcinj.com\/blog\/2013\/10\/15\/rixos-group-compani-zainteresovan-za-veliku-plazu-video\/#webpage\",\"url\":\"https:\/\/www.visit-ulcinj.com\/blog\/2013\/10\/15\/rixos-group-compani-zainteresovan-za-veliku-plazu-video\/\",\"name\":\"Rixos Group Compani zainteresovan za Veliku pla\u017eu - Video - Lajme nga Ulqini\",\"isPartOf\":{\"@id\":\"https:\/\/www.visit-ulcinj.com\/blog\/#website\"},\"primaryImageOfPage\":{\"@id\":\"https:\/\/www.visit-ulcinj.com\/blog\/2013\/10\/15\/rixos-group-compani-zainteresovan-za-veliku-plazu-video\/#primaryimage\"},\"datePublished\":\"2013-10-15T06:03:17+00:00\",\"dateModified\":\"2013-10-15T06:03:17+00:00\",\"author\":{\"@id\":\"https:\/\/www.visit-ulcinj.com\/blog\/#\/schema\/person\/dcab619c614d3038751c63bc2aadc06d\"},\"description\":\"Investicioni potencijali Ulcinja predstavljeni na sajmu u Minhenu: Rixos zainteresovan za Veliku pla\u017eu ULCINJ \u2013 Investicije u Ulcinju ne\u0107e o\u017eivjeti ako se\",\"breadcrumb\":{\"@id\":\"https:\/\/www.visit-ulcinj.com\/blog\/2013\/10\/15\/rixos-group-compani-zainteresovan-za-veliku-plazu-video\/#breadcrumb\"},\"inLanguage\":\"en-US\",\"potentialAction\":[{\"@type\":\"ReadAction\",\"target\":[\"https:\/\/www.visit-ulcinj.com\/blog\/2013\/10\/15\/rixos-group-compani-zainteresovan-za-veliku-plazu-video\/\"]}]},{\"@type\":\"BreadcrumbList\",\"@id\":\"https:\/\/www.visit-ulcinj.com\/blog\/2013\/10\/15\/rixos-group-compani-zainteresovan-za-veliku-plazu-video\/#breadcrumb\",\"itemListElement\":[{\"@type\":\"ListItem\",\"position\":1,\"name\":\"Rixos Group Compani zainteresovan za Veliku pla\u017eu &#8211; Video\"}]},{\"@type\":\"Person\",\"@id\":\"https:\/\/www.visit-ulcinj.com\/blog\/#\/schema\/person\/dcab619c614d3038751c63bc2aadc06d\",\"name\":\"ulqini\",\"sameAs\":[\"http:\/\/www.visit-ulcinj.com\"],\"url\":\"https:\/\/www.visit-ulcinj.com\/blog\/author\/admin\/\"}]}<\/script>\n<!-- \/ Yoast SEO plugin. -->","yoast_head_json":{"title":"Rixos Group Compani zainteresovan za Veliku pla\u017eu - Video - Lajme nga Ulqini","description":"Investicioni potencijali Ulcinja predstavljeni na sajmu u Minhenu: Rixos zainteresovan za Veliku pla\u017eu ULCINJ \u2013 Investicije u Ulcinju ne\u0107e o\u017eivjeti ako se","robots":{"index":"index","follow":"follow","max-snippet":"max-snippet:-1","max-image-preview":"max-image-preview:large","max-video-preview":"max-video-preview:-1"},"canonical":"https:\/\/www.visit-ulcinj.com\/blog\/2013\/10\/15\/rixos-group-compani-zainteresovan-za-veliku-plazu-video\/","og_locale":"en_US","og_type":"article","og_title":"Rixos Group Compani zainteresovan za Veliku pla\u017eu - Video - Lajme nga Ulqini","og_description":"Investicioni potencijali Ulcinja predstavljeni na sajmu u Minhenu: Rixos zainteresovan za Veliku pla\u017eu ULCINJ \u2013 Investicije u Ulcinju ne\u0107e o\u017eivjeti ako se","og_url":"https:\/\/www.visit-ulcinj.com\/blog\/2013\/10\/15\/rixos-group-compani-zainteresovan-za-veliku-plazu-video\/","og_site_name":"Lajme nga Ulqini","article_published_time":"2013-10-15T06:03:17+00:00","og_image":[{"url":"http:\/\/www.visit-ulcinj.com\/blog\/wp-content\/uploads\/2013\/10\/Rixos-Luxury-Hotels-Resorts-Ulcinj.jpg"}],"twitter_misc":{"Written by":"ulqini","Est. reading time":"1 minute"},"schema":{"@context":"https:\/\/schema.org","@graph":[{"@type":"WebSite","@id":"https:\/\/www.visit-ulcinj.com\/blog\/#website","url":"https:\/\/www.visit-ulcinj.com\/blog\/","name":"Lajme nga Ulqini","description":"Lajme,Vijesti,Ulqini,Ulqin,Crna Gora,Mali i Zi","potentialAction":[{"@type":"SearchAction","target":{"@type":"EntryPoint","urlTemplate":"https:\/\/www.visit-ulcinj.com\/blog\/?s={search_term_string}"},"query-input":"required name=search_term_string"}],"inLanguage":"en-US"},{"@type":"ImageObject","inLanguage":"en-US","@id":"https:\/\/www.visit-ulcinj.com\/blog\/2013\/10\/15\/rixos-group-compani-zainteresovan-za-veliku-plazu-video\/#primaryimage","url":"http:\/\/www.visit-ulcinj.com\/blog\/wp-content\/uploads\/2013\/10\/Rixos-Luxury-Hotels-Resorts-Ulcinj.jpg","contentUrl":"http:\/\/www.visit-ulcinj.com\/blog\/wp-content\/uploads\/2013\/10\/Rixos-Luxury-Hotels-Resorts-Ulcinj.jpg"},{"@type":"WebPage","@id":"https:\/\/www.visit-ulcinj.com\/blog\/2013\/10\/15\/rixos-group-compani-zainteresovan-za-veliku-plazu-video\/#webpage","url":"https:\/\/www.visit-ulcinj.com\/blog\/2013\/10\/15\/rixos-group-compani-zainteresovan-za-veliku-plazu-video\/","name":"Rixos Group Compani zainteresovan za Veliku pla\u017eu - Video - Lajme nga Ulqini","isPartOf":{"@id":"https:\/\/www.visit-ulcinj.com\/blog\/#website"},"primaryImageOfPage":{"@id":"https:\/\/www.visit-ulcinj.com\/blog\/2013\/10\/15\/rixos-group-compani-zainteresovan-za-veliku-plazu-video\/#primaryimage"},"datePublished":"2013-10-15T06:03:17+00:00","dateModified":"2013-10-15T06:03:17+00:00","author":{"@id":"https:\/\/www.visit-ulcinj.com\/blog\/#\/schema\/person\/dcab619c614d3038751c63bc2aadc06d"},"description":"Investicioni potencijali Ulcinja predstavljeni na sajmu u Minhenu: Rixos zainteresovan za Veliku pla\u017eu ULCINJ \u2013 Investicije u Ulcinju ne\u0107e o\u017eivjeti ako se","breadcrumb":{"@id":"https:\/\/www.visit-ulcinj.com\/blog\/2013\/10\/15\/rixos-group-compani-zainteresovan-za-veliku-plazu-video\/#breadcrumb"},"inLanguage":"en-US","potentialAction":[{"@type":"ReadAction","target":["https:\/\/www.visit-ulcinj.com\/blog\/2013\/10\/15\/rixos-group-compani-zainteresovan-za-veliku-plazu-video\/"]}]},{"@type":"BreadcrumbList","@id":"https:\/\/www.visit-ulcinj.com\/blog\/2013\/10\/15\/rixos-group-compani-zainteresovan-za-veliku-plazu-video\/#breadcrumb","itemListElement":[{"@type":"ListItem","position":1,"name":"Rixos Group Compani zainteresovan za Veliku pla\u017eu &#8211; Video"}]},{"@type":"Person","@id":"https:\/\/www.visit-ulcinj.com\/blog\/#\/schema\/person\/dcab619c614d3038751c63bc2aadc06d","name":"ulqini","sameAs":["http:\/\/www.visit-ulcinj.com"],"url":"https:\/\/www.visit-ulcinj.com\/blog\/author\/admin\/"}]}},"jetpack_featured_media_url":"","jetpack_sharing_enabled":true,"jetpack_shortlink":"https:\/\/wp.me\/pe6lTn-jBy","_links":{"self":[{"href":"https:\/\/www.visit-ulcinj.com\/blog\/wp-json\/wp\/v2\/posts\/75364"}],"collection":[{"href":"https:\/\/www.visit-ulcinj.com\/blog\/wp-json\/wp\/v2\/posts"}],"about":[{"href":"https:\/\/www.visit-ulcinj.com\/blog\/wp-json\/wp\/v2\/types\/post"}],"author":[{"embeddable":true,"href":"https:\/\/www.visit-ulcinj.com\/blog\/wp-json\/wp\/v2\/users\/1"}],"replies":[{"embeddable":true,"href":"https:\/\/www.visit-ulcinj.com\/blog\/wp-json\/wp\/v2\/comments?post=75364"}],"version-history":[{"count":1,"href":"https:\/\/www.visit-ulcinj.com\/blog\/wp-json\/wp\/v2\/posts\/75364\/revisions"}],"predecessor-version":[{"id":75366,"href":"https:\/\/www.visit-ulcinj.com\/blog\/wp-json\/wp\/v2\/posts\/75364\/revisions\/75366"}],"wp:attachment":[{"href":"https:\/\/www.visit-ulcinj.com\/blog\/wp-json\/wp\/v2\/media?parent=75364"}],"wp:term":[{"taxonomy":"category","embeddable":true,"href":"https:\/\/www.visit-ulcinj.com\/blog\/wp-json\/wp\/v2\/categories?post=75364"},{"taxonomy":"post_tag","embeddable":true,"href":"https:\/\/www.visit-ulcinj.com\/blog\/wp-json\/wp\/v2\/tags?post=75364"}],"curies":[{"name":"wp","href":"https:\/\/api.w.org\/{rel}","templated":true}]}}