{"id":75367,"date":"2013-10-15T15:20:56","date_gmt":"2013-10-15T14:20:56","guid":{"rendered":"http:\/\/www.visit-ulcinj.com\/blog\/?p=75367"},"modified":"2013-10-15T15:20:56","modified_gmt":"2013-10-15T14:20:56","slug":"htp-ulcinjska-rivijera-srecan-kurban-bajram","status":"publish","type":"post","link":"https:\/\/www.visit-ulcinj.com\/blog\/2013\/10\/15\/htp-ulcinjska-rivijera-srecan-kurban-bajram\/","title":{"rendered":"HTP &#8220;Ulcinjska rivijera&#8221; Sre\u0107an Kurban Bajram"},"content":{"rendered":"<div><a href=\"http:\/\/www.visit-ulcinj.com\/blog\/wp-content\/uploads\/2013\/10\/Srecan-Kurban-Bajram-ulcinj.jpg\"><img loading=\"lazy\" class=\"alignleft  wp-image-75368\" alt=\"Srecan Kurban Bajram-ulcinj\" src=\"http:\/\/www.visit-ulcinj.com\/blog\/wp-content\/uploads\/2013\/10\/Srecan-Kurban-Bajram-ulcinj.jpg\" width=\"508\" height=\"388\" \/><\/a>Svim muslimanskim vjernicima \u010destitamo Kurban Bajram.<\/div>\n<div>Provedite praznik u zdravlju, blagostanju i veselju!<\/div>\n<div><\/div>\n<div>S po\u0161tovanjem,<\/div>\n<p>HTP &#8220;Ulcinjska rivijera&#8221;<\/p>\n","protected":false},"excerpt":{"rendered":"<p>Svim muslimanskim vjernicima \u010destitamo Kurban Bajram. Provedite praznik u zdravlju, blagostanju i veselju! S po\u0161tovanjem, HTP &#8220;Ulcinjska rivijera&#8221;<\/p>\n","protected":false},"author":1,"featured_media":0,"comment_status":"closed","ping_status":"closed","sticky":false,"template":"","format":"standard","meta":{"spay_email":"","jetpack_publicize_message":"","jetpack_is_tweetstorm":false,"jetpack_publicize_feature_enabled":true},"categories":[6950],"tags":[],"jetpack_publicize_connections":[],"yoast_head":"<!-- This site is optimized with the Yoast SEO plugin v19.1 - https:\/\/yoast.com\/wordpress\/plugins\/seo\/ -->\n<title>HTP &quot;Ulcinjska rivijera&quot; Sre\u0107an Kurban Bajram - Lajme nga Ulqini<\/title>\n<meta name=\"description\" content=\"Svim muslimanskim vjernicima \u010destitamo Kurban Bajram. Provedite praznik u zdravlju, blagostanju i veselju!  S po\u0161tovanjem, HTP &quot;Ulcinjska rivijera&quot;\" \/>\n<meta name=\"robots\" content=\"index, follow, max-snippet:-1, max-image-preview:large, max-video-preview:-1\" \/>\n<link rel=\"canonical\" href=\"https:\/\/www.visit-ulcinj.com\/blog\/2013\/10\/15\/htp-ulcinjska-rivijera-srecan-kurban-bajram\/\" \/>\n<meta property=\"og:locale\" content=\"en_US\" \/>\n<meta property=\"og:type\" content=\"article\" \/>\n<meta property=\"og:title\" content=\"HTP &quot;Ulcinjska rivijera&quot; Sre\u0107an Kurban Bajram - Lajme nga Ulqini\" \/>\n<meta property=\"og:description\" content=\"Svim muslimanskim vjernicima \u010destitamo Kurban Bajram. Provedite praznik u zdravlju, blagostanju i veselju!  S po\u0161tovanjem, HTP &quot;Ulcinjska rivijera&quot;\" \/>\n<meta property=\"og:url\" content=\"https:\/\/www.visit-ulcinj.com\/blog\/2013\/10\/15\/htp-ulcinjska-rivijera-srecan-kurban-bajram\/\" \/>\n<meta property=\"og:site_name\" content=\"Lajme nga Ulqini\" \/>\n<meta property=\"article:published_time\" content=\"2013-10-15T14:20:56+00:00\" \/>\n<meta property=\"og:image\" content=\"http:\/\/www.visit-ulcinj.com\/blog\/wp-content\/uploads\/2013\/10\/Srecan-Kurban-Bajram-ulcinj.jpg\" \/>\n<meta name=\"twitter:label1\" content=\"Written by\" \/>\n\t<meta name=\"twitter:data1\" content=\"ulqini\" \/>\n<script type=\"application\/ld+json\" class=\"yoast-schema-graph\">{\"@context\":\"https:\/\/schema.org\",\"@graph\":[{\"@type\":\"WebSite\",\"@id\":\"https:\/\/www.visit-ulcinj.com\/blog\/#website\",\"url\":\"https:\/\/www.visit-ulcinj.com\/blog\/\",\"name\":\"Lajme nga Ulqini\",\"description\":\"Lajme,Vijesti,Ulqini,Ulqin,Crna Gora,Mali i Zi\",\"potentialAction\":[{\"@type\":\"SearchAction\",\"target\":{\"@type\":\"EntryPoint\",\"urlTemplate\":\"https:\/\/www.visit-ulcinj.com\/blog\/?s={search_term_string}\"},\"query-input\":\"required name=search_term_string\"}],\"inLanguage\":\"en-US\"},{\"@type\":\"ImageObject\",\"inLanguage\":\"en-US\",\"@id\":\"https:\/\/www.visit-ulcinj.com\/blog\/2013\/10\/15\/htp-ulcinjska-rivijera-srecan-kurban-bajram\/#primaryimage\",\"url\":\"https:\/\/www.visit-ulcinj.com\/blog\/wp-content\/uploads\/2013\/10\/Srecan-Kurban-Bajram-ulcinj.jpg\",\"contentUrl\":\"https:\/\/www.visit-ulcinj.com\/blog\/wp-content\/uploads\/2013\/10\/Srecan-Kurban-Bajram-ulcinj.jpg\",\"width\":608,\"height\":388},{\"@type\":\"WebPage\",\"@id\":\"https:\/\/www.visit-ulcinj.com\/blog\/2013\/10\/15\/htp-ulcinjska-rivijera-srecan-kurban-bajram\/#webpage\",\"url\":\"https:\/\/www.visit-ulcinj.com\/blog\/2013\/10\/15\/htp-ulcinjska-rivijera-srecan-kurban-bajram\/\",\"name\":\"HTP \\\"Ulcinjska rivijera\\\" Sre\u0107an Kurban Bajram - Lajme nga Ulqini\",\"isPartOf\":{\"@id\":\"https:\/\/www.visit-ulcinj.com\/blog\/#website\"},\"primaryImageOfPage\":{\"@id\":\"https:\/\/www.visit-ulcinj.com\/blog\/2013\/10\/15\/htp-ulcinjska-rivijera-srecan-kurban-bajram\/#primaryimage\"},\"datePublished\":\"2013-10-15T14:20:56+00:00\",\"dateModified\":\"2013-10-15T14:20:56+00:00\",\"author\":{\"@id\":\"https:\/\/www.visit-ulcinj.com\/blog\/#\/schema\/person\/dcab619c614d3038751c63bc2aadc06d\"},\"description\":\"Svim muslimanskim vjernicima \u010destitamo Kurban Bajram. Provedite praznik u zdravlju, blagostanju i veselju! S po\u0161tovanjem, HTP \\\"Ulcinjska rivijera\\\"\",\"breadcrumb\":{\"@id\":\"https:\/\/www.visit-ulcinj.com\/blog\/2013\/10\/15\/htp-ulcinjska-rivijera-srecan-kurban-bajram\/#breadcrumb\"},\"inLanguage\":\"en-US\",\"potentialAction\":[{\"@type\":\"ReadAction\",\"target\":[\"https:\/\/www.visit-ulcinj.com\/blog\/2013\/10\/15\/htp-ulcinjska-rivijera-srecan-kurban-bajram\/\"]}]},{\"@type\":\"BreadcrumbList\",\"@id\":\"https:\/\/www.visit-ulcinj.com\/blog\/2013\/10\/15\/htp-ulcinjska-rivijera-srecan-kurban-bajram\/#breadcrumb\",\"itemListElement\":[{\"@type\":\"ListItem\",\"position\":1,\"name\":\"HTP &#8220;Ulcinjska rivijera&#8221; Sre\u0107an Kurban Bajram\"}]},{\"@type\":\"Person\",\"@id\":\"https:\/\/www.visit-ulcinj.com\/blog\/#\/schema\/person\/dcab619c614d3038751c63bc2aadc06d\",\"name\":\"ulqini\",\"sameAs\":[\"http:\/\/www.visit-ulcinj.com\"],\"url\":\"https:\/\/www.visit-ulcinj.com\/blog\/author\/admin\/\"}]}<\/script>\n<!-- \/ Yoast SEO plugin. -->","yoast_head_json":{"title":"HTP \"Ulcinjska rivijera\" Sre\u0107an Kurban Bajram - Lajme nga Ulqini","description":"Svim muslimanskim vjernicima \u010destitamo Kurban Bajram. Provedite praznik u zdravlju, blagostanju i veselju!  S po\u0161tovanjem, HTP \"Ulcinjska rivijera\"","robots":{"index":"index","follow":"follow","max-snippet":"max-snippet:-1","max-image-preview":"max-image-preview:large","max-video-preview":"max-video-preview:-1"},"canonical":"https:\/\/www.visit-ulcinj.com\/blog\/2013\/10\/15\/htp-ulcinjska-rivijera-srecan-kurban-bajram\/","og_locale":"en_US","og_type":"article","og_title":"HTP \"Ulcinjska rivijera\" Sre\u0107an Kurban Bajram - Lajme nga Ulqini","og_description":"Svim muslimanskim vjernicima \u010destitamo Kurban Bajram. Provedite praznik u zdravlju, blagostanju i veselju!  S po\u0161tovanjem, HTP \"Ulcinjska rivijera\"","og_url":"https:\/\/www.visit-ulcinj.com\/blog\/2013\/10\/15\/htp-ulcinjska-rivijera-srecan-kurban-bajram\/","og_site_name":"Lajme nga Ulqini","article_published_time":"2013-10-15T14:20:56+00:00","og_image":[{"url":"http:\/\/www.visit-ulcinj.com\/blog\/wp-content\/uploads\/2013\/10\/Srecan-Kurban-Bajram-ulcinj.jpg"}],"twitter_misc":{"Written by":"ulqini"},"schema":{"@context":"https:\/\/schema.org","@graph":[{"@type":"WebSite","@id":"https:\/\/www.visit-ulcinj.com\/blog\/#website","url":"https:\/\/www.visit-ulcinj.com\/blog\/","name":"Lajme nga Ulqini","description":"Lajme,Vijesti,Ulqini,Ulqin,Crna Gora,Mali i Zi","potentialAction":[{"@type":"SearchAction","target":{"@type":"EntryPoint","urlTemplate":"https:\/\/www.visit-ulcinj.com\/blog\/?s={search_term_string}"},"query-input":"required name=search_term_string"}],"inLanguage":"en-US"},{"@type":"ImageObject","inLanguage":"en-US","@id":"https:\/\/www.visit-ulcinj.com\/blog\/2013\/10\/15\/htp-ulcinjska-rivijera-srecan-kurban-bajram\/#primaryimage","url":"https:\/\/www.visit-ulcinj.com\/blog\/wp-content\/uploads\/2013\/10\/Srecan-Kurban-Bajram-ulcinj.jpg","contentUrl":"https:\/\/www.visit-ulcinj.com\/blog\/wp-content\/uploads\/2013\/10\/Srecan-Kurban-Bajram-ulcinj.jpg","width":608,"height":388},{"@type":"WebPage","@id":"https:\/\/www.visit-ulcinj.com\/blog\/2013\/10\/15\/htp-ulcinjska-rivijera-srecan-kurban-bajram\/#webpage","url":"https:\/\/www.visit-ulcinj.com\/blog\/2013\/10\/15\/htp-ulcinjska-rivijera-srecan-kurban-bajram\/","name":"HTP \"Ulcinjska rivijera\" Sre\u0107an Kurban Bajram - Lajme nga Ulqini","isPartOf":{"@id":"https:\/\/www.visit-ulcinj.com\/blog\/#website"},"primaryImageOfPage":{"@id":"https:\/\/www.visit-ulcinj.com\/blog\/2013\/10\/15\/htp-ulcinjska-rivijera-srecan-kurban-bajram\/#primaryimage"},"datePublished":"2013-10-15T14:20:56+00:00","dateModified":"2013-10-15T14:20:56+00:00","author":{"@id":"https:\/\/www.visit-ulcinj.com\/blog\/#\/schema\/person\/dcab619c614d3038751c63bc2aadc06d"},"description":"Svim muslimanskim vjernicima \u010destitamo Kurban Bajram. Provedite praznik u zdravlju, blagostanju i veselju! S po\u0161tovanjem, HTP \"Ulcinjska rivijera\"","breadcrumb":{"@id":"https:\/\/www.visit-ulcinj.com\/blog\/2013\/10\/15\/htp-ulcinjska-rivijera-srecan-kurban-bajram\/#breadcrumb"},"inLanguage":"en-US","potentialAction":[{"@type":"ReadAction","target":["https:\/\/www.visit-ulcinj.com\/blog\/2013\/10\/15\/htp-ulcinjska-rivijera-srecan-kurban-bajram\/"]}]},{"@type":"BreadcrumbList","@id":"https:\/\/www.visit-ulcinj.com\/blog\/2013\/10\/15\/htp-ulcinjska-rivijera-srecan-kurban-bajram\/#breadcrumb","itemListElement":[{"@type":"ListItem","position":1,"name":"HTP &#8220;Ulcinjska rivijera&#8221; Sre\u0107an Kurban Bajram"}]},{"@type":"Person","@id":"https:\/\/www.visit-ulcinj.com\/blog\/#\/schema\/person\/dcab619c614d3038751c63bc2aadc06d","name":"ulqini","sameAs":["http:\/\/www.visit-ulcinj.com"],"url":"https:\/\/www.visit-ulcinj.com\/blog\/author\/admin\/"}]}},"jetpack_featured_media_url":"","jetpack_sharing_enabled":true,"jetpack_shortlink":"https:\/\/wp.me\/pe6lTn-jBB","_links":{"self":[{"href":"https:\/\/www.visit-ulcinj.com\/blog\/wp-json\/wp\/v2\/posts\/75367"}],"collection":[{"href":"https:\/\/www.visit-ulcinj.com\/blog\/wp-json\/wp\/v2\/posts"}],"about":[{"href":"https:\/\/www.visit-ulcinj.com\/blog\/wp-json\/wp\/v2\/types\/post"}],"author":[{"embeddable":true,"href":"https:\/\/www.visit-ulcinj.com\/blog\/wp-json\/wp\/v2\/users\/1"}],"replies":[{"embeddable":true,"href":"https:\/\/www.visit-ulcinj.com\/blog\/wp-json\/wp\/v2\/comments?post=75367"}],"version-history":[{"count":1,"href":"https:\/\/www.visit-ulcinj.com\/blog\/wp-json\/wp\/v2\/posts\/75367\/revisions"}],"predecessor-version":[{"id":75369,"href":"https:\/\/www.visit-ulcinj.com\/blog\/wp-json\/wp\/v2\/posts\/75367\/revisions\/75369"}],"wp:attachment":[{"href":"https:\/\/www.visit-ulcinj.com\/blog\/wp-json\/wp\/v2\/media?parent=75367"}],"wp:term":[{"taxonomy":"category","embeddable":true,"href":"https:\/\/www.visit-ulcinj.com\/blog\/wp-json\/wp\/v2\/categories?post=75367"},{"taxonomy":"post_tag","embeddable":true,"href":"https:\/\/www.visit-ulcinj.com\/blog\/wp-json\/wp\/v2\/tags?post=75367"}],"curies":[{"name":"wp","href":"https:\/\/api.w.org\/{rel}","templated":true}]}}