{"id":75374,"date":"2013-10-16T08:12:17","date_gmt":"2013-10-16T07:12:17","guid":{"rendered":"http:\/\/www.visit-ulcinj.com\/blog\/?p=75374"},"modified":"2013-10-17T15:05:53","modified_gmt":"2013-10-17T14:05:53","slug":"maratona-e-dyte-e-pavaresise-shkoder-shas-ulqin","status":"publish","type":"post","link":"https:\/\/www.visit-ulcinj.com\/blog\/2013\/10\/16\/maratona-e-dyte-e-pavaresise-shkoder-shas-ulqin\/","title":{"rendered":"Maratona e dyt\u00eb e pavar\u00ebsis\u00eb Shkod\u00ebr \u2013 Shas \u2013 Ulqin"},"content":{"rendered":"<p><a href=\"http:\/\/www.visit-ulcinj.com\/blog\/wp-content\/uploads\/2013\/10\/Maratona-e-dyte-e-pavaresise.jpg\"><img loading=\"lazy\" class=\"alignleft  wp-image-75375\" alt=\"Maratona-e-dyte-e-pavaresise\" src=\"http:\/\/www.visit-ulcinj.com\/blog\/wp-content\/uploads\/2013\/10\/Maratona-e-dyte-e-pavaresise.jpg\" width=\"508\" height=\"360\" \/><\/a>Me rastin e p\u00ebrvjetorit t\u00eb pavarsis\u00eb, si vitin e kaluar edhe k\u00ebt\u00eb vit do t\u00eb organizohet vrapimi maratonik p\u00ebr hir\u00eb t\u00eb k\u00ebsaj feste t\u00eb madhe komb\u00ebtare. K\u00ebsaj here maratona do t\u00eb ket\u00eb drejtimin e anasjellt nga maratona e par\u00eb, pra nisja do t\u00eb jet\u00eb nga Shkodra dhe caku do t\u00eb jet\u00eb n\u00eb Ulqin.<br \/>\nAndaj i ftojm\u00eb t\u00eb gjith\u00eb sportdash\u00ebsit n\u00eb p\u00ebrgjithsi, kurse adhuruesit e maraton\u00ebs n\u00eb ve\u00e7anti q\u00eb t\u00eb na bashk\u00ebngjiten n\u00eb k\u00ebt\u00eb ngjarje sportive. Masiviteti i pjesmarrjes, do t\u00eb rris\u00eb madh\u00ebshtin e maraton\u00ebs ton\u00eb tashm\u00eb tradicionale.<br \/>\nMe bashkimin ton\u00eb at\u00eb dit\u00eb, do t\u00eb d\u00ebshmojm\u00eb se sporti nuk njeh kufinj, religjion, rac\u00eb dhe asgj\u00eb q\u00eb shkakton p\u00ebr\u00e7arje. S\u00eb bashku jemi m\u00eb t\u00eb fort\u00eb dhe m\u00eb t\u00eb dashur p\u00ebr t\u00eb gjith\u00eb bot\u00ebn e civilizuar.<br \/>\nG\u00ebzuar p\u00ebrvjetori i pavarsis\u00eb, ejani t\u00eb vrapojm\u00eb dhe t\u00eb kalojm\u00eb nj\u00eb dit\u00eb t\u00eb bukur s\u00eb bashku.<\/p>\n<p>G\u00ebzuar!<\/p>\n<p><strong><a id=\"js_47\" href=\"https:\/\/www.facebook.com\/flamur.anamali\" data-hovercard=\"\/ajax\/hovercard\/hovercard.php?id=100000260889322&amp;extragetparams=%7B%7D\">Nga Flamur Anamali Facebook<\/a><\/strong><\/p>\n","protected":false},"excerpt":{"rendered":"<p>Me rastin e p\u00ebrvjetorit t\u00eb pavarsis\u00eb, si vitin e kaluar edhe k\u00ebt\u00eb vit do t\u00eb organizohet vrapimi maratonik p\u00ebr hir\u00eb t\u00eb k\u00ebsaj feste t\u00eb madhe komb\u00ebtare. K\u00ebsaj here maratona do t\u00eb ket\u00eb drejtimin e anasjellt nga maratona e par\u00eb, pra nisja do t\u00eb jet\u00eb nga Shkodra dhe caku do t\u00eb jet\u00eb n\u00eb Ulqin. Andaj i [&hellip;]<\/p>\n","protected":false},"author":1,"featured_media":0,"comment_status":"closed","ping_status":"closed","sticky":false,"template":"","format":"standard","meta":{"spay_email":"","jetpack_publicize_message":"","jetpack_is_tweetstorm":false,"jetpack_publicize_feature_enabled":true},"categories":[1,6950],"tags":[],"jetpack_publicize_connections":[],"yoast_head":"<!-- This site is optimized with the Yoast SEO plugin v19.1 - https:\/\/yoast.com\/wordpress\/plugins\/seo\/ -->\n<title>Maratona e dyt\u00eb e pavar\u00ebsis\u00eb Shkod\u00ebr \u2013 Shas \u2013 Ulqin - Lajme nga Ulqini<\/title>\n<meta name=\"description\" content=\"Me rastin e p\u00ebrvjetorit t\u00eb pavarsis\u00eb, si vitin e kaluar edhe k\u00ebt\u00eb vit do t\u00eb organizohet vrapimi maratonik p\u00ebr hir\u00eb t\u00eb k\u00ebsaj feste t\u00eb madhe komb\u00ebtare.\" \/>\n<meta name=\"robots\" content=\"index, follow, max-snippet:-1, max-image-preview:large, max-video-preview:-1\" \/>\n<link rel=\"canonical\" href=\"https:\/\/www.visit-ulcinj.com\/blog\/2013\/10\/16\/maratona-e-dyte-e-pavaresise-shkoder-shas-ulqin\/\" \/>\n<meta property=\"og:locale\" content=\"en_US\" \/>\n<meta property=\"og:type\" content=\"article\" \/>\n<meta property=\"og:title\" content=\"Maratona e dyt\u00eb e pavar\u00ebsis\u00eb Shkod\u00ebr \u2013 Shas \u2013 Ulqin - Lajme nga Ulqini\" \/>\n<meta property=\"og:description\" content=\"Me rastin e p\u00ebrvjetorit t\u00eb pavarsis\u00eb, si vitin e kaluar edhe k\u00ebt\u00eb vit do t\u00eb organizohet vrapimi maratonik p\u00ebr hir\u00eb t\u00eb k\u00ebsaj feste t\u00eb madhe komb\u00ebtare.\" \/>\n<meta property=\"og:url\" content=\"https:\/\/www.visit-ulcinj.com\/blog\/2013\/10\/16\/maratona-e-dyte-e-pavaresise-shkoder-shas-ulqin\/\" \/>\n<meta property=\"og:site_name\" content=\"Lajme nga Ulqini\" \/>\n<meta property=\"article:published_time\" content=\"2013-10-16T07:12:17+00:00\" \/>\n<meta property=\"article:modified_time\" content=\"2013-10-17T14:05:53+00:00\" \/>\n<meta property=\"og:image\" content=\"http:\/\/www.visit-ulcinj.com\/blog\/wp-content\/uploads\/2013\/10\/Maratona-e-dyte-e-pavaresise.jpg\" \/>\n<meta name=\"twitter:label1\" content=\"Written by\" \/>\n\t<meta name=\"twitter:data1\" content=\"ulqini\" \/>\n\t<meta name=\"twitter:label2\" content=\"Est. reading time\" \/>\n\t<meta name=\"twitter:data2\" content=\"1 minute\" \/>\n<script type=\"application\/ld+json\" class=\"yoast-schema-graph\">{\"@context\":\"https:\/\/schema.org\",\"@graph\":[{\"@type\":\"WebSite\",\"@id\":\"https:\/\/www.visit-ulcinj.com\/blog\/#website\",\"url\":\"https:\/\/www.visit-ulcinj.com\/blog\/\",\"name\":\"Lajme nga Ulqini\",\"description\":\"Lajme,Vijesti,Ulqini,Ulqin,Crna Gora,Mali i Zi\",\"potentialAction\":[{\"@type\":\"SearchAction\",\"target\":{\"@type\":\"EntryPoint\",\"urlTemplate\":\"https:\/\/www.visit-ulcinj.com\/blog\/?s={search_term_string}\"},\"query-input\":\"required name=search_term_string\"}],\"inLanguage\":\"en-US\"},{\"@type\":\"ImageObject\",\"inLanguage\":\"en-US\",\"@id\":\"https:\/\/www.visit-ulcinj.com\/blog\/2013\/10\/16\/maratona-e-dyte-e-pavaresise-shkoder-shas-ulqin\/#primaryimage\",\"url\":\"https:\/\/www.visit-ulcinj.com\/blog\/wp-content\/uploads\/2013\/10\/Maratona-e-dyte-e-pavaresise.jpg\",\"contentUrl\":\"https:\/\/www.visit-ulcinj.com\/blog\/wp-content\/uploads\/2013\/10\/Maratona-e-dyte-e-pavaresise.jpg\",\"width\":680,\"height\":540},{\"@type\":\"WebPage\",\"@id\":\"https:\/\/www.visit-ulcinj.com\/blog\/2013\/10\/16\/maratona-e-dyte-e-pavaresise-shkoder-shas-ulqin\/#webpage\",\"url\":\"https:\/\/www.visit-ulcinj.com\/blog\/2013\/10\/16\/maratona-e-dyte-e-pavaresise-shkoder-shas-ulqin\/\",\"name\":\"Maratona e dyt\u00eb e pavar\u00ebsis\u00eb Shkod\u00ebr \u2013 Shas \u2013 Ulqin - Lajme nga Ulqini\",\"isPartOf\":{\"@id\":\"https:\/\/www.visit-ulcinj.com\/blog\/#website\"},\"primaryImageOfPage\":{\"@id\":\"https:\/\/www.visit-ulcinj.com\/blog\/2013\/10\/16\/maratona-e-dyte-e-pavaresise-shkoder-shas-ulqin\/#primaryimage\"},\"datePublished\":\"2013-10-16T07:12:17+00:00\",\"dateModified\":\"2013-10-17T14:05:53+00:00\",\"author\":{\"@id\":\"https:\/\/www.visit-ulcinj.com\/blog\/#\/schema\/person\/dcab619c614d3038751c63bc2aadc06d\"},\"description\":\"Me rastin e p\u00ebrvjetorit t\u00eb pavarsis\u00eb, si vitin e kaluar edhe k\u00ebt\u00eb vit do t\u00eb organizohet vrapimi maratonik p\u00ebr hir\u00eb t\u00eb k\u00ebsaj feste t\u00eb madhe komb\u00ebtare.\",\"breadcrumb\":{\"@id\":\"https:\/\/www.visit-ulcinj.com\/blog\/2013\/10\/16\/maratona-e-dyte-e-pavaresise-shkoder-shas-ulqin\/#breadcrumb\"},\"inLanguage\":\"en-US\",\"potentialAction\":[{\"@type\":\"ReadAction\",\"target\":[\"https:\/\/www.visit-ulcinj.com\/blog\/2013\/10\/16\/maratona-e-dyte-e-pavaresise-shkoder-shas-ulqin\/\"]}]},{\"@type\":\"BreadcrumbList\",\"@id\":\"https:\/\/www.visit-ulcinj.com\/blog\/2013\/10\/16\/maratona-e-dyte-e-pavaresise-shkoder-shas-ulqin\/#breadcrumb\",\"itemListElement\":[{\"@type\":\"ListItem\",\"position\":1,\"name\":\"Maratona e dyt\u00eb e pavar\u00ebsis\u00eb Shkod\u00ebr \u2013 Shas \u2013 Ulqin\"}]},{\"@type\":\"Person\",\"@id\":\"https:\/\/www.visit-ulcinj.com\/blog\/#\/schema\/person\/dcab619c614d3038751c63bc2aadc06d\",\"name\":\"ulqini\",\"sameAs\":[\"http:\/\/www.visit-ulcinj.com\"],\"url\":\"https:\/\/www.visit-ulcinj.com\/blog\/author\/admin\/\"}]}<\/script>\n<!-- \/ Yoast SEO plugin. -->","yoast_head_json":{"title":"Maratona e dyt\u00eb e pavar\u00ebsis\u00eb Shkod\u00ebr \u2013 Shas \u2013 Ulqin - Lajme nga Ulqini","description":"Me rastin e p\u00ebrvjetorit t\u00eb pavarsis\u00eb, si vitin e kaluar edhe k\u00ebt\u00eb vit do t\u00eb organizohet vrapimi maratonik p\u00ebr hir\u00eb t\u00eb k\u00ebsaj feste t\u00eb madhe komb\u00ebtare.","robots":{"index":"index","follow":"follow","max-snippet":"max-snippet:-1","max-image-preview":"max-image-preview:large","max-video-preview":"max-video-preview:-1"},"canonical":"https:\/\/www.visit-ulcinj.com\/blog\/2013\/10\/16\/maratona-e-dyte-e-pavaresise-shkoder-shas-ulqin\/","og_locale":"en_US","og_type":"article","og_title":"Maratona e dyt\u00eb e pavar\u00ebsis\u00eb Shkod\u00ebr \u2013 Shas \u2013 Ulqin - Lajme nga Ulqini","og_description":"Me rastin e p\u00ebrvjetorit t\u00eb pavarsis\u00eb, si vitin e kaluar edhe k\u00ebt\u00eb vit do t\u00eb organizohet vrapimi maratonik p\u00ebr hir\u00eb t\u00eb k\u00ebsaj feste t\u00eb madhe komb\u00ebtare.","og_url":"https:\/\/www.visit-ulcinj.com\/blog\/2013\/10\/16\/maratona-e-dyte-e-pavaresise-shkoder-shas-ulqin\/","og_site_name":"Lajme nga Ulqini","article_published_time":"2013-10-16T07:12:17+00:00","article_modified_time":"2013-10-17T14:05:53+00:00","og_image":[{"url":"http:\/\/www.visit-ulcinj.com\/blog\/wp-content\/uploads\/2013\/10\/Maratona-e-dyte-e-pavaresise.jpg"}],"twitter_misc":{"Written by":"ulqini","Est. reading time":"1 minute"},"schema":{"@context":"https:\/\/schema.org","@graph":[{"@type":"WebSite","@id":"https:\/\/www.visit-ulcinj.com\/blog\/#website","url":"https:\/\/www.visit-ulcinj.com\/blog\/","name":"Lajme nga Ulqini","description":"Lajme,Vijesti,Ulqini,Ulqin,Crna Gora,Mali i Zi","potentialAction":[{"@type":"SearchAction","target":{"@type":"EntryPoint","urlTemplate":"https:\/\/www.visit-ulcinj.com\/blog\/?s={search_term_string}"},"query-input":"required name=search_term_string"}],"inLanguage":"en-US"},{"@type":"ImageObject","inLanguage":"en-US","@id":"https:\/\/www.visit-ulcinj.com\/blog\/2013\/10\/16\/maratona-e-dyte-e-pavaresise-shkoder-shas-ulqin\/#primaryimage","url":"https:\/\/www.visit-ulcinj.com\/blog\/wp-content\/uploads\/2013\/10\/Maratona-e-dyte-e-pavaresise.jpg","contentUrl":"https:\/\/www.visit-ulcinj.com\/blog\/wp-content\/uploads\/2013\/10\/Maratona-e-dyte-e-pavaresise.jpg","width":680,"height":540},{"@type":"WebPage","@id":"https:\/\/www.visit-ulcinj.com\/blog\/2013\/10\/16\/maratona-e-dyte-e-pavaresise-shkoder-shas-ulqin\/#webpage","url":"https:\/\/www.visit-ulcinj.com\/blog\/2013\/10\/16\/maratona-e-dyte-e-pavaresise-shkoder-shas-ulqin\/","name":"Maratona e dyt\u00eb e pavar\u00ebsis\u00eb Shkod\u00ebr \u2013 Shas \u2013 Ulqin - Lajme nga Ulqini","isPartOf":{"@id":"https:\/\/www.visit-ulcinj.com\/blog\/#website"},"primaryImageOfPage":{"@id":"https:\/\/www.visit-ulcinj.com\/blog\/2013\/10\/16\/maratona-e-dyte-e-pavaresise-shkoder-shas-ulqin\/#primaryimage"},"datePublished":"2013-10-16T07:12:17+00:00","dateModified":"2013-10-17T14:05:53+00:00","author":{"@id":"https:\/\/www.visit-ulcinj.com\/blog\/#\/schema\/person\/dcab619c614d3038751c63bc2aadc06d"},"description":"Me rastin e p\u00ebrvjetorit t\u00eb pavarsis\u00eb, si vitin e kaluar edhe k\u00ebt\u00eb vit do t\u00eb organizohet vrapimi maratonik p\u00ebr hir\u00eb t\u00eb k\u00ebsaj feste t\u00eb madhe komb\u00ebtare.","breadcrumb":{"@id":"https:\/\/www.visit-ulcinj.com\/blog\/2013\/10\/16\/maratona-e-dyte-e-pavaresise-shkoder-shas-ulqin\/#breadcrumb"},"inLanguage":"en-US","potentialAction":[{"@type":"ReadAction","target":["https:\/\/www.visit-ulcinj.com\/blog\/2013\/10\/16\/maratona-e-dyte-e-pavaresise-shkoder-shas-ulqin\/"]}]},{"@type":"BreadcrumbList","@id":"https:\/\/www.visit-ulcinj.com\/blog\/2013\/10\/16\/maratona-e-dyte-e-pavaresise-shkoder-shas-ulqin\/#breadcrumb","itemListElement":[{"@type":"ListItem","position":1,"name":"Maratona e dyt\u00eb e pavar\u00ebsis\u00eb Shkod\u00ebr \u2013 Shas \u2013 Ulqin"}]},{"@type":"Person","@id":"https:\/\/www.visit-ulcinj.com\/blog\/#\/schema\/person\/dcab619c614d3038751c63bc2aadc06d","name":"ulqini","sameAs":["http:\/\/www.visit-ulcinj.com"],"url":"https:\/\/www.visit-ulcinj.com\/blog\/author\/admin\/"}]}},"jetpack_featured_media_url":"","jetpack_sharing_enabled":true,"jetpack_shortlink":"https:\/\/wp.me\/pe6lTn-jBI","_links":{"self":[{"href":"https:\/\/www.visit-ulcinj.com\/blog\/wp-json\/wp\/v2\/posts\/75374"}],"collection":[{"href":"https:\/\/www.visit-ulcinj.com\/blog\/wp-json\/wp\/v2\/posts"}],"about":[{"href":"https:\/\/www.visit-ulcinj.com\/blog\/wp-json\/wp\/v2\/types\/post"}],"author":[{"embeddable":true,"href":"https:\/\/www.visit-ulcinj.com\/blog\/wp-json\/wp\/v2\/users\/1"}],"replies":[{"embeddable":true,"href":"https:\/\/www.visit-ulcinj.com\/blog\/wp-json\/wp\/v2\/comments?post=75374"}],"version-history":[{"count":1,"href":"https:\/\/www.visit-ulcinj.com\/blog\/wp-json\/wp\/v2\/posts\/75374\/revisions"}],"predecessor-version":[{"id":75376,"href":"https:\/\/www.visit-ulcinj.com\/blog\/wp-json\/wp\/v2\/posts\/75374\/revisions\/75376"}],"wp:attachment":[{"href":"https:\/\/www.visit-ulcinj.com\/blog\/wp-json\/wp\/v2\/media?parent=75374"}],"wp:term":[{"taxonomy":"category","embeddable":true,"href":"https:\/\/www.visit-ulcinj.com\/blog\/wp-json\/wp\/v2\/categories?post=75374"},{"taxonomy":"post_tag","embeddable":true,"href":"https:\/\/www.visit-ulcinj.com\/blog\/wp-json\/wp\/v2\/tags?post=75374"}],"curies":[{"name":"wp","href":"https:\/\/api.w.org\/{rel}","templated":true}]}}