{"id":75390,"date":"2013-10-17T15:05:18","date_gmt":"2013-10-17T14:05:18","guid":{"rendered":"http:\/\/www.visit-ulcinj.com\/blog\/?p=75390"},"modified":"2013-10-17T15:13:10","modified_gmt":"2013-10-17T14:13:10","slug":"takimi-ofiqareve-te-malit-te-zi","status":"publish","type":"post","link":"https:\/\/www.visit-ulcinj.com\/blog\/2013\/10\/17\/takimi-ofiqareve-te-malit-te-zi\/","title":{"rendered":"Takimi i ofiqareve t\u00eb Malit t\u00eb Zi"},"content":{"rendered":"<p><a href=\"http:\/\/www.visit-ulcinj.com\/blog\/wp-content\/uploads\/2009\/03\/komuna-e-ulqinit2.jpg\"><img loading=\"lazy\" class=\"alignleft  wp-image-16284\" alt=\"komuna-e-ulqinit2\" src=\"http:\/\/www.visit-ulcinj.com\/blog\/wp-content\/uploads\/2009\/03\/komuna-e-ulqinit2.jpg\" width=\"508\" height=\"360\" \/><\/a>M\u00eb dat\u00eb 18 tetor 2013, n\u00eb or\u00ebn 11:00, n\u00eb sallen e vogel t\u00eb Kabinetit do t\u00eb mbahet takimi i ofiqareve t\u00eb Malit t\u00eb Zi. Ky takim realizohet me qellim te shqyrtimit te problemit te adaptimit dhe zbatimit t\u00eb regulloreve dhe dokumentave t\u00eb nevojshme per kurorzim n\u00eb Mali t\u00eb Zi.<\/p>\n<p>Pas k\u00ebtij takimi do t\u00eb vijoj\u00eb nj\u00eb kurorzim ku do t\u00eb marr pjes\u00eb edhe Kryetari i Komun\u00ebs s\u00eb Ulqinit.<\/p>\n<p>Ju ftojm\u00eb t\u00eb merrni pjes\u00eb n\u00eb takim si dhe n\u00eb ceremonin\u00eb e kurorzimit q\u00eb do t\u00eb vijoj\u00eb pas takimit.<\/p>\n<p>&nbsp;<\/p>\n<p><strong>Sekretariati p\u00ebr adminitrat\u00eb dhe \u00e7eshtje sociale<\/strong><\/p>\n<p>P\u00ebr informata kontaktoni n\u00eb numrin e telefonit:\u00a0<strong>030 411 264<\/strong><\/p>\n","protected":false},"excerpt":{"rendered":"<p>M\u00eb dat\u00eb 18 tetor 2013, n\u00eb or\u00ebn 11:00, n\u00eb sallen e vogel t\u00eb Kabinetit do t\u00eb mbahet takimi i ofiqareve t\u00eb Malit t\u00eb Zi. Ky takim realizohet me qellim te shqyrtimit te problemit te adaptimit dhe zbatimit t\u00eb regulloreve dhe dokumentave t\u00eb nevojshme per kurorzim n\u00eb Mali t\u00eb Zi. Pas k\u00ebtij takimi do t\u00eb vijoj\u00eb [&hellip;]<\/p>\n","protected":false},"author":1,"featured_media":0,"comment_status":"closed","ping_status":"closed","sticky":false,"template":"","format":"standard","meta":{"spay_email":"","jetpack_publicize_message":"","jetpack_is_tweetstorm":false,"jetpack_publicize_feature_enabled":true},"categories":[1,6950],"tags":[],"jetpack_publicize_connections":[],"yoast_head":"<!-- This site is optimized with the Yoast SEO plugin v19.1 - https:\/\/yoast.com\/wordpress\/plugins\/seo\/ -->\n<title>Takimi i ofiqareve t\u00eb Malit t\u00eb Zi - Lajme nga Ulqini<\/title>\n<meta name=\"description\" content=\"M\u00eb dat\u00eb 18 tetor 2013, n\u00eb or\u00ebn 11:00, n\u00eb sallen e vogel t\u00eb Kabinetit do t\u00eb mbahet takimi i ofiqareve t\u00eb Malit t\u00eb Zi. Ky takim realizohet me qellim te\" \/>\n<meta name=\"robots\" content=\"index, follow, max-snippet:-1, max-image-preview:large, max-video-preview:-1\" \/>\n<link rel=\"canonical\" href=\"https:\/\/www.visit-ulcinj.com\/blog\/2013\/10\/17\/takimi-ofiqareve-te-malit-te-zi\/\" \/>\n<meta property=\"og:locale\" content=\"en_US\" \/>\n<meta property=\"og:type\" content=\"article\" \/>\n<meta property=\"og:title\" content=\"Takimi i ofiqareve t\u00eb Malit t\u00eb Zi - Lajme nga Ulqini\" \/>\n<meta property=\"og:description\" content=\"M\u00eb dat\u00eb 18 tetor 2013, n\u00eb or\u00ebn 11:00, n\u00eb sallen e vogel t\u00eb Kabinetit do t\u00eb mbahet takimi i ofiqareve t\u00eb Malit t\u00eb Zi. Ky takim realizohet me qellim te\" \/>\n<meta property=\"og:url\" content=\"https:\/\/www.visit-ulcinj.com\/blog\/2013\/10\/17\/takimi-ofiqareve-te-malit-te-zi\/\" \/>\n<meta property=\"og:site_name\" content=\"Lajme nga Ulqini\" \/>\n<meta property=\"article:published_time\" content=\"2013-10-17T14:05:18+00:00\" \/>\n<meta property=\"article:modified_time\" content=\"2013-10-17T14:13:10+00:00\" \/>\n<meta property=\"og:image\" content=\"http:\/\/www.visit-ulcinj.com\/blog\/wp-content\/uploads\/2009\/03\/komuna-e-ulqinit2.jpg\" \/>\n<meta name=\"twitter:label1\" content=\"Written by\" \/>\n\t<meta name=\"twitter:data1\" content=\"ulqini\" \/>\n\t<meta name=\"twitter:label2\" content=\"Est. reading time\" \/>\n\t<meta name=\"twitter:data2\" content=\"1 minute\" \/>\n<script type=\"application\/ld+json\" class=\"yoast-schema-graph\">{\"@context\":\"https:\/\/schema.org\",\"@graph\":[{\"@type\":\"WebSite\",\"@id\":\"https:\/\/www.visit-ulcinj.com\/blog\/#website\",\"url\":\"https:\/\/www.visit-ulcinj.com\/blog\/\",\"name\":\"Lajme nga Ulqini\",\"description\":\"Lajme,Vijesti,Ulqini,Ulqin,Crna Gora,Mali i Zi\",\"potentialAction\":[{\"@type\":\"SearchAction\",\"target\":{\"@type\":\"EntryPoint\",\"urlTemplate\":\"https:\/\/www.visit-ulcinj.com\/blog\/?s={search_term_string}\"},\"query-input\":\"required name=search_term_string\"}],\"inLanguage\":\"en-US\"},{\"@type\":\"ImageObject\",\"inLanguage\":\"en-US\",\"@id\":\"https:\/\/www.visit-ulcinj.com\/blog\/2013\/10\/17\/takimi-ofiqareve-te-malit-te-zi\/#primaryimage\",\"url\":\"https:\/\/www.visit-ulcinj.com\/blog\/wp-content\/uploads\/2009\/03\/komuna-e-ulqinit2.jpg\",\"contentUrl\":\"https:\/\/www.visit-ulcinj.com\/blog\/wp-content\/uploads\/2009\/03\/komuna-e-ulqinit2.jpg\",\"width\":\"600\",\"height\":\"450\"},{\"@type\":\"WebPage\",\"@id\":\"https:\/\/www.visit-ulcinj.com\/blog\/2013\/10\/17\/takimi-ofiqareve-te-malit-te-zi\/#webpage\",\"url\":\"https:\/\/www.visit-ulcinj.com\/blog\/2013\/10\/17\/takimi-ofiqareve-te-malit-te-zi\/\",\"name\":\"Takimi i ofiqareve t\u00eb Malit t\u00eb Zi - Lajme nga Ulqini\",\"isPartOf\":{\"@id\":\"https:\/\/www.visit-ulcinj.com\/blog\/#website\"},\"primaryImageOfPage\":{\"@id\":\"https:\/\/www.visit-ulcinj.com\/blog\/2013\/10\/17\/takimi-ofiqareve-te-malit-te-zi\/#primaryimage\"},\"datePublished\":\"2013-10-17T14:05:18+00:00\",\"dateModified\":\"2013-10-17T14:13:10+00:00\",\"author\":{\"@id\":\"https:\/\/www.visit-ulcinj.com\/blog\/#\/schema\/person\/dcab619c614d3038751c63bc2aadc06d\"},\"description\":\"M\u00eb dat\u00eb 18 tetor 2013, n\u00eb or\u00ebn 11:00, n\u00eb sallen e vogel t\u00eb Kabinetit do t\u00eb mbahet takimi i ofiqareve t\u00eb Malit t\u00eb Zi. Ky takim realizohet me qellim te\",\"breadcrumb\":{\"@id\":\"https:\/\/www.visit-ulcinj.com\/blog\/2013\/10\/17\/takimi-ofiqareve-te-malit-te-zi\/#breadcrumb\"},\"inLanguage\":\"en-US\",\"potentialAction\":[{\"@type\":\"ReadAction\",\"target\":[\"https:\/\/www.visit-ulcinj.com\/blog\/2013\/10\/17\/takimi-ofiqareve-te-malit-te-zi\/\"]}]},{\"@type\":\"BreadcrumbList\",\"@id\":\"https:\/\/www.visit-ulcinj.com\/blog\/2013\/10\/17\/takimi-ofiqareve-te-malit-te-zi\/#breadcrumb\",\"itemListElement\":[{\"@type\":\"ListItem\",\"position\":1,\"name\":\"Takimi i ofiqareve t\u00eb Malit t\u00eb Zi\"}]},{\"@type\":\"Person\",\"@id\":\"https:\/\/www.visit-ulcinj.com\/blog\/#\/schema\/person\/dcab619c614d3038751c63bc2aadc06d\",\"name\":\"ulqini\",\"sameAs\":[\"http:\/\/www.visit-ulcinj.com\"],\"url\":\"https:\/\/www.visit-ulcinj.com\/blog\/author\/admin\/\"}]}<\/script>\n<!-- \/ Yoast SEO plugin. -->","yoast_head_json":{"title":"Takimi i ofiqareve t\u00eb Malit t\u00eb Zi - Lajme nga Ulqini","description":"M\u00eb dat\u00eb 18 tetor 2013, n\u00eb or\u00ebn 11:00, n\u00eb sallen e vogel t\u00eb Kabinetit do t\u00eb mbahet takimi i ofiqareve t\u00eb Malit t\u00eb Zi. Ky takim realizohet me qellim te","robots":{"index":"index","follow":"follow","max-snippet":"max-snippet:-1","max-image-preview":"max-image-preview:large","max-video-preview":"max-video-preview:-1"},"canonical":"https:\/\/www.visit-ulcinj.com\/blog\/2013\/10\/17\/takimi-ofiqareve-te-malit-te-zi\/","og_locale":"en_US","og_type":"article","og_title":"Takimi i ofiqareve t\u00eb Malit t\u00eb Zi - Lajme nga Ulqini","og_description":"M\u00eb dat\u00eb 18 tetor 2013, n\u00eb or\u00ebn 11:00, n\u00eb sallen e vogel t\u00eb Kabinetit do t\u00eb mbahet takimi i ofiqareve t\u00eb Malit t\u00eb Zi. Ky takim realizohet me qellim te","og_url":"https:\/\/www.visit-ulcinj.com\/blog\/2013\/10\/17\/takimi-ofiqareve-te-malit-te-zi\/","og_site_name":"Lajme nga Ulqini","article_published_time":"2013-10-17T14:05:18+00:00","article_modified_time":"2013-10-17T14:13:10+00:00","og_image":[{"url":"http:\/\/www.visit-ulcinj.com\/blog\/wp-content\/uploads\/2009\/03\/komuna-e-ulqinit2.jpg"}],"twitter_misc":{"Written by":"ulqini","Est. reading time":"1 minute"},"schema":{"@context":"https:\/\/schema.org","@graph":[{"@type":"WebSite","@id":"https:\/\/www.visit-ulcinj.com\/blog\/#website","url":"https:\/\/www.visit-ulcinj.com\/blog\/","name":"Lajme nga Ulqini","description":"Lajme,Vijesti,Ulqini,Ulqin,Crna Gora,Mali i Zi","potentialAction":[{"@type":"SearchAction","target":{"@type":"EntryPoint","urlTemplate":"https:\/\/www.visit-ulcinj.com\/blog\/?s={search_term_string}"},"query-input":"required name=search_term_string"}],"inLanguage":"en-US"},{"@type":"ImageObject","inLanguage":"en-US","@id":"https:\/\/www.visit-ulcinj.com\/blog\/2013\/10\/17\/takimi-ofiqareve-te-malit-te-zi\/#primaryimage","url":"https:\/\/www.visit-ulcinj.com\/blog\/wp-content\/uploads\/2009\/03\/komuna-e-ulqinit2.jpg","contentUrl":"https:\/\/www.visit-ulcinj.com\/blog\/wp-content\/uploads\/2009\/03\/komuna-e-ulqinit2.jpg","width":"600","height":"450"},{"@type":"WebPage","@id":"https:\/\/www.visit-ulcinj.com\/blog\/2013\/10\/17\/takimi-ofiqareve-te-malit-te-zi\/#webpage","url":"https:\/\/www.visit-ulcinj.com\/blog\/2013\/10\/17\/takimi-ofiqareve-te-malit-te-zi\/","name":"Takimi i ofiqareve t\u00eb Malit t\u00eb Zi - Lajme nga Ulqini","isPartOf":{"@id":"https:\/\/www.visit-ulcinj.com\/blog\/#website"},"primaryImageOfPage":{"@id":"https:\/\/www.visit-ulcinj.com\/blog\/2013\/10\/17\/takimi-ofiqareve-te-malit-te-zi\/#primaryimage"},"datePublished":"2013-10-17T14:05:18+00:00","dateModified":"2013-10-17T14:13:10+00:00","author":{"@id":"https:\/\/www.visit-ulcinj.com\/blog\/#\/schema\/person\/dcab619c614d3038751c63bc2aadc06d"},"description":"M\u00eb dat\u00eb 18 tetor 2013, n\u00eb or\u00ebn 11:00, n\u00eb sallen e vogel t\u00eb Kabinetit do t\u00eb mbahet takimi i ofiqareve t\u00eb Malit t\u00eb Zi. Ky takim realizohet me qellim te","breadcrumb":{"@id":"https:\/\/www.visit-ulcinj.com\/blog\/2013\/10\/17\/takimi-ofiqareve-te-malit-te-zi\/#breadcrumb"},"inLanguage":"en-US","potentialAction":[{"@type":"ReadAction","target":["https:\/\/www.visit-ulcinj.com\/blog\/2013\/10\/17\/takimi-ofiqareve-te-malit-te-zi\/"]}]},{"@type":"BreadcrumbList","@id":"https:\/\/www.visit-ulcinj.com\/blog\/2013\/10\/17\/takimi-ofiqareve-te-malit-te-zi\/#breadcrumb","itemListElement":[{"@type":"ListItem","position":1,"name":"Takimi i ofiqareve t\u00eb Malit t\u00eb Zi"}]},{"@type":"Person","@id":"https:\/\/www.visit-ulcinj.com\/blog\/#\/schema\/person\/dcab619c614d3038751c63bc2aadc06d","name":"ulqini","sameAs":["http:\/\/www.visit-ulcinj.com"],"url":"https:\/\/www.visit-ulcinj.com\/blog\/author\/admin\/"}]}},"jetpack_featured_media_url":"","jetpack_sharing_enabled":true,"jetpack_shortlink":"https:\/\/wp.me\/pe6lTn-jBY","_links":{"self":[{"href":"https:\/\/www.visit-ulcinj.com\/blog\/wp-json\/wp\/v2\/posts\/75390"}],"collection":[{"href":"https:\/\/www.visit-ulcinj.com\/blog\/wp-json\/wp\/v2\/posts"}],"about":[{"href":"https:\/\/www.visit-ulcinj.com\/blog\/wp-json\/wp\/v2\/types\/post"}],"author":[{"embeddable":true,"href":"https:\/\/www.visit-ulcinj.com\/blog\/wp-json\/wp\/v2\/users\/1"}],"replies":[{"embeddable":true,"href":"https:\/\/www.visit-ulcinj.com\/blog\/wp-json\/wp\/v2\/comments?post=75390"}],"version-history":[{"count":1,"href":"https:\/\/www.visit-ulcinj.com\/blog\/wp-json\/wp\/v2\/posts\/75390\/revisions"}],"predecessor-version":[{"id":75391,"href":"https:\/\/www.visit-ulcinj.com\/blog\/wp-json\/wp\/v2\/posts\/75390\/revisions\/75391"}],"wp:attachment":[{"href":"https:\/\/www.visit-ulcinj.com\/blog\/wp-json\/wp\/v2\/media?parent=75390"}],"wp:term":[{"taxonomy":"category","embeddable":true,"href":"https:\/\/www.visit-ulcinj.com\/blog\/wp-json\/wp\/v2\/categories?post=75390"},{"taxonomy":"post_tag","embeddable":true,"href":"https:\/\/www.visit-ulcinj.com\/blog\/wp-json\/wp\/v2\/tags?post=75390"}],"curies":[{"name":"wp","href":"https:\/\/api.w.org\/{rel}","templated":true}]}}