{"id":75392,"date":"2013-10-17T15:11:42","date_gmt":"2013-10-17T14:11:42","guid":{"rendered":"http:\/\/www.visit-ulcinj.com\/blog\/?p=75392"},"modified":"2013-10-17T20:23:22","modified_gmt":"2013-10-17T19:23:22","slug":"ulqinaket-e-vegjel-flamuj-shqiptare-kendojne-skenderbeut","status":"publish","type":"post","link":"https:\/\/www.visit-ulcinj.com\/blog\/2013\/10\/17\/ulqinaket-e-vegjel-flamuj-shqiptare-kendojne-skenderbeut\/","title":{"rendered":"Ulqinak\u00ebt e vegj\u00ebl  me flamuj  shqiptar\u00eb i k\u00ebndojn\u00eb Sk\u00ebnderbeut"},"content":{"rendered":"<p><b><a href=\"http:\/\/www.visit-ulcinj.com\/blog\/wp-content\/uploads\/2013\/10\/Gjeke-Gjonaj-Ulqin.jpg\"><img loading=\"lazy\" class=\"alignleft  wp-image-75393\" alt=\"Gjeke-Gjonaj-Ulqin\" src=\"http:\/\/www.visit-ulcinj.com\/blog\/wp-content\/uploads\/2013\/10\/Gjeke-Gjonaj-Ulqin.jpg\" width=\"300\" height=\"300\" \/><\/a>Nga Gjek\u00eb Gjonaj<\/b><\/p>\n<p>Jehona \u00a0e ngritjes s\u00eb flamujve shqiptar\u00eb nga ana e\u00a0 patriot\u00ebve ulqinak\u00eb\u00a0 n\u00ebp\u00ebr qytet \u00a0n\u00eb vitin 1968 \u00a0p\u00ebrfshiu edhe popullat\u00ebn m\u00eb t\u00eb re t\u00eb k\u00ebtij qyteti \u2013 f\u00ebmij\u00ebt, t\u00eb cil\u00ebt natyrsh\u00ebm nuk\u00a0 ishin t\u00eb vet\u00ebdijsh\u00ebm se po kryenin nj\u00eb akt komb\u00ebtar.\u00a0 Ata,\u00a0 asokohe, e\u00a0 madh\u00ebshtuan\u00a0\u00a0 k\u00ebt\u00eb ngjarje t\u00eb madhe p\u00ebr Ulqinin, me defilimin e tyre n\u00ebp\u00ebr\u00a0\u00a0 qytet.\u00a0\u00a0\u00a0 N\u00eb mesin e atyre adoleshent\u00ebve\u00a0 t\u00eb shumt\u00eb ulqinak\u00eb\u00a0 q\u00eb\u00a0 defiluan n\u00ebp\u00ebr\u00a0 Ulqin ishte edhe\u00a0 kryetari aktual i komun\u00ebs, Nazif Cungu, i cili ,\u00a0 ndryshe nga disa\u00a0 pjes\u00ebmarr\u00ebs t\u00eb tjer\u00eb\u00a0 t\u00eb k\u00ebtij defilimi t\u00eb f\u00ebmij\u00ebve q\u00eb nuk pat\u00ebn kurajon t\u00eb prononcohen p\u00ebr k\u00ebt\u00eb ngjarje, madje as t\u2019u p\u00ebrmenden emrat, \u00a0pranoi me k\u00ebnaq\u00ebsi t\u00eb na rr\u00ebfej\u00eb p\u00ebr k\u00ebt\u00eb ngjarje\u00a0 shum\u00eb vite\u00a0 t\u00eb l\u00ebn\u00eb n\u00eb\u00a0 heshtje.<\/p>\n<p>&nbsp;<\/p>\n<p>&#8211;\u00a0\u00a0\u00a0\u00a0\u00a0\u00a0\u00a0\u00a0 N\u00eb vitin 1968, kur u ngrit flamuri shqiptar n\u00eb Ulqin , un\u00eb isha adoleshent.\u00a0 Sapo i kisha mbushur 10 vjet. \u00a0Asohere i jam bashk\u00ebngjitur\u00a0 grupit t\u00eb f\u00ebmij\u00ebve t\u00eb Mahall\u00ebs ( Lagjes)\u00a0 s\u00eb Re af\u00ebr xhamis\u00eb s\u00eb Lamit. T\u00eb gjith\u00eb s\u00eb bashku\u00a0 filluam defilimin me flamuj n\u00eb duar n\u00ebp\u00ebr Lagjen e Re, prej nga\u00a0 jemi kthyer p\u00ebrs\u00ebri\u00a0 tek xhamia e Lamit, p\u00ebr t\u00eb vijuar m\u00eb pas\u00a0\u00a0 n\u00eb drejtim t\u00eb pazarit. Nuk jemi ndalur me kaq. Kemi\u00a0 dal\u00eb te\u00a0 restoranti \u201c Bonita\u201d\u00a0 dhe kemi vazhduar\u00a0 defilimin deri n\u00eb maje t\u00eb pazarit ( n\u00ebn unaz\u00ebn e sotme). Vog\u00eblushi Munib Abazi ( asokohe 7 vje\u00e7) ,\u00a0 kishte pru nj\u00eb vizatim n\u00eb p\u00eblhur\u00eb me kok\u00ebn e Sk\u00ebnderbeut.\u00a0 K\u00ebt\u00eb vizatim ia kishte dhuruar\u00a0 babait t\u00eb Munibit \u2013 Rexhepit piktori Gojko Gojniq. Vizatimi\u00a0\u00a0\u00a0 n\u00eb p\u00eblhur\u00eb\u00a0 me kok\u00ebn e kreshnikut ton\u00eb legjendar Gjergj\u00a0 Kastriotit &#8211; kolosit t\u00eb historis\u00eb shqiptare dhe evropiane\u00a0 ka qen\u00eb i vendosur n\u00eb\u00a0 shkopinj. Dhe ne f\u00ebmij\u00ebt e kemi bartur at\u00eb dy nga dy.\u00a0 N\u00eb rrug\u00ebtimin ton\u00eb\u00a0 n\u00ebp\u00ebr k\u00ebt\u00eb pjes\u00eb t\u00eb qytetit\u00a0 me flamuj dhe vizatimin me kok\u00ebn e Skenderbeut\u00a0\u00a0 shtohej edhe numri i f\u00ebmij\u00ebve.\u00a0 Duhet p\u00ebrmendur faktin se gjat\u00eb gjith\u00eb\u00a0\u00a0 defilimit ne f\u00ebmij\u00ebt i kemi k\u00ebnduar Sk\u00ebnderbeut:<\/p>\n<p>\u201c &#8230; Dyzet trima si shqiponja.<\/p>\n<p>Qielli bubullonte,<\/p>\n<p>N\u00ebn Flamurin kuq e zi,<\/p>\n<p>Sk\u00ebnderbeu luftonte&#8230;\u201d<\/p>\n<p>&nbsp;<\/p>\n<p>Por k\u00ebnaq\u00ebsia jon\u00eb zgjati deri sa paprtitmas n\u00eb rrug\u00eb, n\u00eb af\u00ebrsi t\u00eb unaz\u00ebs s\u00eb sotme\u00a0 v\u00ebrejt\u00ebm policin ( miliicin) , sa m\u00eb kujtohet\u00a0 Mishon e gjat\u00eb.\u00a0 Nga frika t\u00eb gjith\u00eb\u00a0 f\u00ebmij\u00ebt u shp\u00ebrndam\u00eb,\u00a0 thot\u00eb Cungu.<\/p>\n<p>&nbsp;<\/p>\n<p style=\"text-align: center;\"><b>\u00a0\u00a0\u00a0\u00a0\u00a0\u00a0\u00a0\u00a0\u00a0\u00a0\u00a0\u00a0\u00a0\u00a0\u00a0\u00a0\u00a0\u00a0\u00a0\u00a0\u00a0\u00a0\u00a0 \u00a0Gjobat <\/b><\/p>\n<p>&nbsp;<\/p>\n<p>\u00c7do k\u00ebnaq\u00ebsi paguhet, thot\u00eb populli yn\u00eb. Nganj\u00ebher\u00eb\u00a0 shum\u00eb shtrenjt\u00eb. P\u00ebr t\u00eb qen\u00eb k\u00ebshtu\u00a0 ishte kujdesur pushteti i koh\u00ebs. Policia\u00a0 fillon procesin kund\u00ebr f\u00ebmij\u00ebve.<\/p>\n<p>\u201c Nj\u00eb num\u00ebr i konsideruesh\u00ebm i tyre ka paguar gjoba.\u00a0 Sa e kam mbajtur mend \u00ebsht\u00eb p\u00ebrmendur shuma prej afro 15.000 dinar\u00ebsh, t\u00eb cil\u00ebn e kan\u00eb paguar \u00e7do\u00a0 nj\u00ebri ndaj t\u00eb cilit ka qen\u00eb i ngritur procesi.\u201d, pohon Cungu.<\/p>\n<p>Ai, duke iu referuar\u00a0 fjal\u00ebve t\u00eb kush\u00ebririt Musa Cungut, shprehet:<\/p>\n<p>\u201cKur i ka lindur kush\u00ebririt tim\u00a0 Musa Cungut\u00a0\u00a0 djali i dyt\u00eb Skenderi,i\u00a0 cili tani jeton n\u00eb Shtete t\u00eb Bashkuara t\u00eb Amerik\u00ebs, i pyetur nga\u00a0 t\u00eb af\u00ebrmit dhe farefisi i tij se si ia ka dh\u00ebn\u00eb atij emrit, u \u00ebsht\u00eb p\u00ebrgjigjur me m\u00ebllef:<\/p>\n<p>&#8211;\u00a0\u00a0\u00a0\u00a0\u00a0\u00a0\u00a0\u00a0 Djali im\u00a0\u00a0 i dyt\u00eb ( Skenderi)\u00a0 ka lindur me em\u00ebr. Sepse\u00a0 p\u00ebr\u00a0 t\u00eb ve\u00e7\u00a0 i kam paguar\u00a0\u00a0 shtetit\u00a0 gjob\u00eb\u00a0 n\u00eb vler\u00eb prej 15.000 dinar\u00ebsh. Musaja n\u00eb t\u00eb v\u00ebrtet\u00eb\u00a0\u00a0 k\u00ebt\u00eb shum\u00eb parash e kishte paguar\u00a0 p\u00ebr djalin e par\u00eb Myzaferin , i cili ka qen\u00eb pjes\u00eb e grupit t\u00eb f\u00ebmij\u00ebve q\u00eb kan\u00eb\u00a0\u00a0 defiluar me flamuj shqiptar\u00eb dhe me piktur\u00ebn e Sk\u00ebnderbeut.<\/p>\n<p>&nbsp;<\/p>\n<p>Vlen t\u00eb theksohet se raste t\u00eb k\u00ebtilla t\u00eb venies s\u00eb emrave t\u00eb f\u00ebmij\u00ebve\u00a0 SKENDER ( n\u00eb shenj\u00eb nderimi dhe respekti\u00a0 \u00a0p\u00ebr\u00a0 Skenderbeun)\u00a0 n\u00eb Ulqin dhe An\u00eb t\u00eb Malit n\u00eb at\u00eb koh\u00eb kan\u00eb qen\u00eb\u00a0 jo t\u00eb pakta, shprehen\u00a0 bashk\u00ebbiseduesit tan\u00eb.<\/p>\n","protected":false},"excerpt":{"rendered":"<p>Nga Gjek\u00eb Gjonaj Jehona \u00a0e ngritjes s\u00eb flamujve shqiptar\u00eb nga ana e\u00a0 patriot\u00ebve ulqinak\u00eb\u00a0 n\u00ebp\u00ebr qytet \u00a0n\u00eb vitin 1968 \u00a0p\u00ebrfshiu edhe popullat\u00ebn m\u00eb t\u00eb re t\u00eb k\u00ebtij qyteti \u2013 f\u00ebmij\u00ebt, t\u00eb cil\u00ebt natyrsh\u00ebm nuk\u00a0 ishin t\u00eb vet\u00ebdijsh\u00ebm se po kryenin nj\u00eb akt komb\u00ebtar.\u00a0 Ata,\u00a0 asokohe, e\u00a0 madh\u00ebshtuan\u00a0\u00a0 k\u00ebt\u00eb ngjarje t\u00eb madhe p\u00ebr Ulqinin, me defilimin [&hellip;]<\/p>\n","protected":false},"author":1,"featured_media":0,"comment_status":"closed","ping_status":"closed","sticky":false,"template":"","format":"standard","meta":{"spay_email":"","jetpack_publicize_message":"","jetpack_is_tweetstorm":false,"jetpack_publicize_feature_enabled":true},"categories":[1,14249],"tags":[],"jetpack_publicize_connections":[],"yoast_head":"<!-- This site is optimized with the Yoast SEO plugin v19.1 - https:\/\/yoast.com\/wordpress\/plugins\/seo\/ -->\n<title>Ulqinak\u00ebt e vegj\u00ebl me flamuj shqiptar\u00eb i k\u00ebndojn\u00eb Sk\u00ebnderbeut - Lajme nga Ulqini<\/title>\n<meta name=\"description\" content=\"Nga Gjek\u00eb Gjonaj Jehona \u00a0e ngritjes s\u00eb flamujve shqiptar\u00eb nga ana e\u00a0 patriot\u00ebve ulqinak\u00eb\u00a0 n\u00ebp\u00ebr qytet \u00a0n\u00eb vitin 1968 \u00a0p\u00ebrfshiu edhe popullat\u00ebn m\u00eb t\u00eb re t\u00eb\" \/>\n<meta name=\"robots\" content=\"index, follow, max-snippet:-1, max-image-preview:large, max-video-preview:-1\" \/>\n<link rel=\"canonical\" href=\"https:\/\/www.visit-ulcinj.com\/blog\/2013\/10\/17\/ulqinaket-e-vegjel-flamuj-shqiptare-kendojne-skenderbeut\/\" \/>\n<meta property=\"og:locale\" content=\"en_US\" \/>\n<meta property=\"og:type\" content=\"article\" \/>\n<meta property=\"og:title\" content=\"Ulqinak\u00ebt e vegj\u00ebl me flamuj shqiptar\u00eb i k\u00ebndojn\u00eb Sk\u00ebnderbeut - Lajme nga Ulqini\" \/>\n<meta property=\"og:description\" content=\"Nga Gjek\u00eb Gjonaj Jehona \u00a0e ngritjes s\u00eb flamujve shqiptar\u00eb nga ana e\u00a0 patriot\u00ebve ulqinak\u00eb\u00a0 n\u00ebp\u00ebr qytet \u00a0n\u00eb vitin 1968 \u00a0p\u00ebrfshiu edhe popullat\u00ebn m\u00eb t\u00eb re t\u00eb\" \/>\n<meta property=\"og:url\" content=\"https:\/\/www.visit-ulcinj.com\/blog\/2013\/10\/17\/ulqinaket-e-vegjel-flamuj-shqiptare-kendojne-skenderbeut\/\" \/>\n<meta property=\"og:site_name\" content=\"Lajme nga Ulqini\" \/>\n<meta property=\"article:published_time\" content=\"2013-10-17T14:11:42+00:00\" \/>\n<meta property=\"article:modified_time\" content=\"2013-10-17T19:23:22+00:00\" \/>\n<meta property=\"og:image\" content=\"http:\/\/www.visit-ulcinj.com\/blog\/wp-content\/uploads\/2013\/10\/Gjeke-Gjonaj-Ulqin.jpg\" \/>\n<meta name=\"twitter:label1\" content=\"Written by\" \/>\n\t<meta name=\"twitter:data1\" content=\"ulqini\" \/>\n\t<meta name=\"twitter:label2\" content=\"Est. reading time\" \/>\n\t<meta name=\"twitter:data2\" content=\"3 minutes\" \/>\n<script type=\"application\/ld+json\" class=\"yoast-schema-graph\">{\"@context\":\"https:\/\/schema.org\",\"@graph\":[{\"@type\":\"WebSite\",\"@id\":\"https:\/\/www.visit-ulcinj.com\/blog\/#website\",\"url\":\"https:\/\/www.visit-ulcinj.com\/blog\/\",\"name\":\"Lajme nga Ulqini\",\"description\":\"Lajme,Vijesti,Ulqini,Ulqin,Crna Gora,Mali i Zi\",\"potentialAction\":[{\"@type\":\"SearchAction\",\"target\":{\"@type\":\"EntryPoint\",\"urlTemplate\":\"https:\/\/www.visit-ulcinj.com\/blog\/?s={search_term_string}\"},\"query-input\":\"required name=search_term_string\"}],\"inLanguage\":\"en-US\"},{\"@type\":\"ImageObject\",\"inLanguage\":\"en-US\",\"@id\":\"https:\/\/www.visit-ulcinj.com\/blog\/2013\/10\/17\/ulqinaket-e-vegjel-flamuj-shqiptare-kendojne-skenderbeut\/#primaryimage\",\"url\":\"https:\/\/www.visit-ulcinj.com\/blog\/wp-content\/uploads\/2013\/10\/Gjeke-Gjonaj-Ulqin.jpg\",\"contentUrl\":\"https:\/\/www.visit-ulcinj.com\/blog\/wp-content\/uploads\/2013\/10\/Gjeke-Gjonaj-Ulqin.jpg\",\"width\":606,\"height\":557},{\"@type\":\"WebPage\",\"@id\":\"https:\/\/www.visit-ulcinj.com\/blog\/2013\/10\/17\/ulqinaket-e-vegjel-flamuj-shqiptare-kendojne-skenderbeut\/#webpage\",\"url\":\"https:\/\/www.visit-ulcinj.com\/blog\/2013\/10\/17\/ulqinaket-e-vegjel-flamuj-shqiptare-kendojne-skenderbeut\/\",\"name\":\"Ulqinak\u00ebt e vegj\u00ebl me flamuj shqiptar\u00eb i k\u00ebndojn\u00eb Sk\u00ebnderbeut - Lajme nga Ulqini\",\"isPartOf\":{\"@id\":\"https:\/\/www.visit-ulcinj.com\/blog\/#website\"},\"primaryImageOfPage\":{\"@id\":\"https:\/\/www.visit-ulcinj.com\/blog\/2013\/10\/17\/ulqinaket-e-vegjel-flamuj-shqiptare-kendojne-skenderbeut\/#primaryimage\"},\"datePublished\":\"2013-10-17T14:11:42+00:00\",\"dateModified\":\"2013-10-17T19:23:22+00:00\",\"author\":{\"@id\":\"https:\/\/www.visit-ulcinj.com\/blog\/#\/schema\/person\/dcab619c614d3038751c63bc2aadc06d\"},\"description\":\"Nga Gjek\u00eb Gjonaj Jehona \u00a0e ngritjes s\u00eb flamujve shqiptar\u00eb nga ana e\u00a0 patriot\u00ebve ulqinak\u00eb\u00a0 n\u00ebp\u00ebr qytet \u00a0n\u00eb vitin 1968 \u00a0p\u00ebrfshiu edhe popullat\u00ebn m\u00eb t\u00eb re t\u00eb\",\"breadcrumb\":{\"@id\":\"https:\/\/www.visit-ulcinj.com\/blog\/2013\/10\/17\/ulqinaket-e-vegjel-flamuj-shqiptare-kendojne-skenderbeut\/#breadcrumb\"},\"inLanguage\":\"en-US\",\"potentialAction\":[{\"@type\":\"ReadAction\",\"target\":[\"https:\/\/www.visit-ulcinj.com\/blog\/2013\/10\/17\/ulqinaket-e-vegjel-flamuj-shqiptare-kendojne-skenderbeut\/\"]}]},{\"@type\":\"BreadcrumbList\",\"@id\":\"https:\/\/www.visit-ulcinj.com\/blog\/2013\/10\/17\/ulqinaket-e-vegjel-flamuj-shqiptare-kendojne-skenderbeut\/#breadcrumb\",\"itemListElement\":[{\"@type\":\"ListItem\",\"position\":1,\"name\":\"Ulqinak\u00ebt e vegj\u00ebl me flamuj shqiptar\u00eb i k\u00ebndojn\u00eb Sk\u00ebnderbeut\"}]},{\"@type\":\"Person\",\"@id\":\"https:\/\/www.visit-ulcinj.com\/blog\/#\/schema\/person\/dcab619c614d3038751c63bc2aadc06d\",\"name\":\"ulqini\",\"sameAs\":[\"http:\/\/www.visit-ulcinj.com\"],\"url\":\"https:\/\/www.visit-ulcinj.com\/blog\/author\/admin\/\"}]}<\/script>\n<!-- \/ Yoast SEO plugin. -->","yoast_head_json":{"title":"Ulqinak\u00ebt e vegj\u00ebl me flamuj shqiptar\u00eb i k\u00ebndojn\u00eb Sk\u00ebnderbeut - Lajme nga Ulqini","description":"Nga Gjek\u00eb Gjonaj Jehona \u00a0e ngritjes s\u00eb flamujve shqiptar\u00eb nga ana e\u00a0 patriot\u00ebve ulqinak\u00eb\u00a0 n\u00ebp\u00ebr qytet \u00a0n\u00eb vitin 1968 \u00a0p\u00ebrfshiu edhe popullat\u00ebn m\u00eb t\u00eb re t\u00eb","robots":{"index":"index","follow":"follow","max-snippet":"max-snippet:-1","max-image-preview":"max-image-preview:large","max-video-preview":"max-video-preview:-1"},"canonical":"https:\/\/www.visit-ulcinj.com\/blog\/2013\/10\/17\/ulqinaket-e-vegjel-flamuj-shqiptare-kendojne-skenderbeut\/","og_locale":"en_US","og_type":"article","og_title":"Ulqinak\u00ebt e vegj\u00ebl me flamuj shqiptar\u00eb i k\u00ebndojn\u00eb Sk\u00ebnderbeut - Lajme nga Ulqini","og_description":"Nga Gjek\u00eb Gjonaj Jehona \u00a0e ngritjes s\u00eb flamujve shqiptar\u00eb nga ana e\u00a0 patriot\u00ebve ulqinak\u00eb\u00a0 n\u00ebp\u00ebr qytet \u00a0n\u00eb vitin 1968 \u00a0p\u00ebrfshiu edhe popullat\u00ebn m\u00eb t\u00eb re t\u00eb","og_url":"https:\/\/www.visit-ulcinj.com\/blog\/2013\/10\/17\/ulqinaket-e-vegjel-flamuj-shqiptare-kendojne-skenderbeut\/","og_site_name":"Lajme nga Ulqini","article_published_time":"2013-10-17T14:11:42+00:00","article_modified_time":"2013-10-17T19:23:22+00:00","og_image":[{"url":"http:\/\/www.visit-ulcinj.com\/blog\/wp-content\/uploads\/2013\/10\/Gjeke-Gjonaj-Ulqin.jpg"}],"twitter_misc":{"Written by":"ulqini","Est. reading time":"3 minutes"},"schema":{"@context":"https:\/\/schema.org","@graph":[{"@type":"WebSite","@id":"https:\/\/www.visit-ulcinj.com\/blog\/#website","url":"https:\/\/www.visit-ulcinj.com\/blog\/","name":"Lajme nga Ulqini","description":"Lajme,Vijesti,Ulqini,Ulqin,Crna Gora,Mali i Zi","potentialAction":[{"@type":"SearchAction","target":{"@type":"EntryPoint","urlTemplate":"https:\/\/www.visit-ulcinj.com\/blog\/?s={search_term_string}"},"query-input":"required name=search_term_string"}],"inLanguage":"en-US"},{"@type":"ImageObject","inLanguage":"en-US","@id":"https:\/\/www.visit-ulcinj.com\/blog\/2013\/10\/17\/ulqinaket-e-vegjel-flamuj-shqiptare-kendojne-skenderbeut\/#primaryimage","url":"https:\/\/www.visit-ulcinj.com\/blog\/wp-content\/uploads\/2013\/10\/Gjeke-Gjonaj-Ulqin.jpg","contentUrl":"https:\/\/www.visit-ulcinj.com\/blog\/wp-content\/uploads\/2013\/10\/Gjeke-Gjonaj-Ulqin.jpg","width":606,"height":557},{"@type":"WebPage","@id":"https:\/\/www.visit-ulcinj.com\/blog\/2013\/10\/17\/ulqinaket-e-vegjel-flamuj-shqiptare-kendojne-skenderbeut\/#webpage","url":"https:\/\/www.visit-ulcinj.com\/blog\/2013\/10\/17\/ulqinaket-e-vegjel-flamuj-shqiptare-kendojne-skenderbeut\/","name":"Ulqinak\u00ebt e vegj\u00ebl me flamuj shqiptar\u00eb i k\u00ebndojn\u00eb Sk\u00ebnderbeut - Lajme nga Ulqini","isPartOf":{"@id":"https:\/\/www.visit-ulcinj.com\/blog\/#website"},"primaryImageOfPage":{"@id":"https:\/\/www.visit-ulcinj.com\/blog\/2013\/10\/17\/ulqinaket-e-vegjel-flamuj-shqiptare-kendojne-skenderbeut\/#primaryimage"},"datePublished":"2013-10-17T14:11:42+00:00","dateModified":"2013-10-17T19:23:22+00:00","author":{"@id":"https:\/\/www.visit-ulcinj.com\/blog\/#\/schema\/person\/dcab619c614d3038751c63bc2aadc06d"},"description":"Nga Gjek\u00eb Gjonaj Jehona \u00a0e ngritjes s\u00eb flamujve shqiptar\u00eb nga ana e\u00a0 patriot\u00ebve ulqinak\u00eb\u00a0 n\u00ebp\u00ebr qytet \u00a0n\u00eb vitin 1968 \u00a0p\u00ebrfshiu edhe popullat\u00ebn m\u00eb t\u00eb re t\u00eb","breadcrumb":{"@id":"https:\/\/www.visit-ulcinj.com\/blog\/2013\/10\/17\/ulqinaket-e-vegjel-flamuj-shqiptare-kendojne-skenderbeut\/#breadcrumb"},"inLanguage":"en-US","potentialAction":[{"@type":"ReadAction","target":["https:\/\/www.visit-ulcinj.com\/blog\/2013\/10\/17\/ulqinaket-e-vegjel-flamuj-shqiptare-kendojne-skenderbeut\/"]}]},{"@type":"BreadcrumbList","@id":"https:\/\/www.visit-ulcinj.com\/blog\/2013\/10\/17\/ulqinaket-e-vegjel-flamuj-shqiptare-kendojne-skenderbeut\/#breadcrumb","itemListElement":[{"@type":"ListItem","position":1,"name":"Ulqinak\u00ebt e vegj\u00ebl me flamuj shqiptar\u00eb i k\u00ebndojn\u00eb Sk\u00ebnderbeut"}]},{"@type":"Person","@id":"https:\/\/www.visit-ulcinj.com\/blog\/#\/schema\/person\/dcab619c614d3038751c63bc2aadc06d","name":"ulqini","sameAs":["http:\/\/www.visit-ulcinj.com"],"url":"https:\/\/www.visit-ulcinj.com\/blog\/author\/admin\/"}]}},"jetpack_featured_media_url":"","jetpack_sharing_enabled":true,"jetpack_shortlink":"https:\/\/wp.me\/pe6lTn-jC0","_links":{"self":[{"href":"https:\/\/www.visit-ulcinj.com\/blog\/wp-json\/wp\/v2\/posts\/75392"}],"collection":[{"href":"https:\/\/www.visit-ulcinj.com\/blog\/wp-json\/wp\/v2\/posts"}],"about":[{"href":"https:\/\/www.visit-ulcinj.com\/blog\/wp-json\/wp\/v2\/types\/post"}],"author":[{"embeddable":true,"href":"https:\/\/www.visit-ulcinj.com\/blog\/wp-json\/wp\/v2\/users\/1"}],"replies":[{"embeddable":true,"href":"https:\/\/www.visit-ulcinj.com\/blog\/wp-json\/wp\/v2\/comments?post=75392"}],"version-history":[{"count":1,"href":"https:\/\/www.visit-ulcinj.com\/blog\/wp-json\/wp\/v2\/posts\/75392\/revisions"}],"predecessor-version":[{"id":75394,"href":"https:\/\/www.visit-ulcinj.com\/blog\/wp-json\/wp\/v2\/posts\/75392\/revisions\/75394"}],"wp:attachment":[{"href":"https:\/\/www.visit-ulcinj.com\/blog\/wp-json\/wp\/v2\/media?parent=75392"}],"wp:term":[{"taxonomy":"category","embeddable":true,"href":"https:\/\/www.visit-ulcinj.com\/blog\/wp-json\/wp\/v2\/categories?post=75392"},{"taxonomy":"post_tag","embeddable":true,"href":"https:\/\/www.visit-ulcinj.com\/blog\/wp-json\/wp\/v2\/tags?post=75392"}],"curies":[{"name":"wp","href":"https:\/\/api.w.org\/{rel}","templated":true}]}}