{"id":75395,"date":"2013-10-17T20:21:36","date_gmt":"2013-10-17T19:21:36","guid":{"rendered":"http:\/\/www.visit-ulcinj.com\/blog\/?p=75395"},"modified":"2013-10-18T23:23:01","modified_gmt":"2013-10-18T22:23:01","slug":"komuna-e-struges-do-te-binjakezohet-me-ulqinin","status":"publish","type":"post","link":"https:\/\/www.visit-ulcinj.com\/blog\/2013\/10\/17\/komuna-e-struges-do-te-binjakezohet-me-ulqinin\/","title":{"rendered":"Komuna e Strug\u00ebs do t\u00eb binjak\u00ebzohet me Ulqinin"},"content":{"rendered":"<p><a href=\"http:\/\/www.visit-ulcinj.com\/blog\/wp-content\/uploads\/2013\/10\/Ziadin-Sela-Genci-Nimanbegu.jpg\"><img loading=\"lazy\" class=\"alignleft  wp-image-75396\" alt=\"Ziadin-Sela-Genci-Nimanbegu\" src=\"http:\/\/www.visit-ulcinj.com\/blog\/wp-content\/uploads\/2013\/10\/Ziadin-Sela-Genci-Nimanbegu.jpg\" width=\"508\" height=\"275\" \/><\/a>Kryetari i komun\u00ebs s\u00eb Strug\u00ebs, Ziadin Sela, ka pritur n\u00eb nj\u00eb takim deputetin shqiptar nga Mali i Zi, nj\u00ebkoh\u00ebsisht edhe n\u00ebnkryetar i partis\u00eb Forca e Re Demokratike, Genc Nimanbegu. Gjat\u00eb takimit u zhvillua nj\u00eb bised\u00eb e ngroht\u00eb, ku u diskutua p\u00ebr shum\u00eb \u00e7\u00ebshtje, kryesisht p\u00ebr situat\u00ebn aktuale politike n\u00eb vend, si dhe p\u00ebr nj\u00eb bashk\u00ebpunim nd\u00ebrshqiptar n\u00eb t\u00eb gjitha sferat e jet\u00ebs.<\/p>\n<p>V\u00ebmendje e ve\u00e7ant\u00eb iu kushtua kultur\u00ebs dhe zhvillimit t\u00eb turizmit, p\u00ebr eksperienc\u00ebn q\u00eb ka komuna e Ulqinit n\u00eb k\u00ebt\u00eb fush\u00eb dhe p\u00ebr mund\u00ebsin\u00eb q\u00eb n\u00eb t\u00eb ardhmen t\u00eb thellohet bashk\u00ebpunimi nd\u00ebrmjet dy komunave, kryesisht k\u00ebmbim i eksperiencave. P\u00ebrndryshe kryetari i partis\u00eb s\u00eb Nimanbegut, FRD, \u00ebsht\u00eb edhe kryetar i komun\u00ebs s\u00eb Ulqinit, k\u00ebshtuq\u00eb u shqyrtua mund\u00ebsia p\u00ebr thellimin e bashk\u00ebpunimit deri n\u00eb binjak\u00ebzim t\u00eb dy komunave. Nimanbegu falenderoi, kryetarin e komun\u00ebs s\u00eb Strug\u00ebs p\u00ebr mikpritjen dhe bised\u00ebn e k\u00ebndshme, si dhe e p\u00ebrg\u00ebzoi at\u00eb p\u00ebr pun\u00ebn q\u00eb e b\u00ebn n\u00eb drejtimin me komun\u00ebn e Strug\u00ebs.<\/p>\n<p>N\u00eb takim, Nimanbegu ashtu si edhe Sela, konkluduan se gjendja e shqiptar\u00ebve n\u00eb Maqedoni dhe Mal t\u00eb Zi, nuk \u00ebsht\u00eb n\u00eb nivelin e duhur dhe t\u00eb dy ishin t\u00eb mendimit se duhet angazhim maksimal t\u00eb t\u00eb gjth\u00eb faktor\u00ebve politik dhe institucional vendor\u00eb, sensibilizim t\u00eb faktorit nd\u00ebrkomb\u00ebtar dhe sidomos nj\u00eb p\u00ebrkushtim i dy shteteve shqiptare n\u00eb rajon, Shqip\u00ebris\u00eb dhe Kosov\u00ebs.<\/p>\n<p>N\u00eb fund t\u00eb takimit Sela premtoi se n\u00eb nj\u00eb t\u00eb ardhme t\u00eb af\u00ebrt do t\u00eb vizitoj\u00eb komun\u00ebn e Ulqinit ku edhe do t\u00eb zhvilloj\u00eb takim me kryetarin e k\u00ebsaj komune.<\/p>\n<p><strong>\/A-H\/Shqipmedia\/<\/strong><\/p>\n","protected":false},"excerpt":{"rendered":"<p>Kryetari i komun\u00ebs s\u00eb Strug\u00ebs, Ziadin Sela, ka pritur n\u00eb nj\u00eb takim deputetin shqiptar nga Mali i Zi, nj\u00ebkoh\u00ebsisht edhe n\u00ebnkryetar i partis\u00eb Forca e Re Demokratike, Genc Nimanbegu. Gjat\u00eb takimit u zhvillua nj\u00eb bised\u00eb e ngroht\u00eb, ku u diskutua p\u00ebr shum\u00eb \u00e7\u00ebshtje, kryesisht p\u00ebr situat\u00ebn aktuale politike n\u00eb vend, si dhe p\u00ebr nj\u00eb bashk\u00ebpunim [&hellip;]<\/p>\n","protected":false},"author":1,"featured_media":0,"comment_status":"closed","ping_status":"closed","sticky":false,"template":"","format":"standard","meta":{"spay_email":"","jetpack_publicize_message":"","jetpack_is_tweetstorm":false,"jetpack_publicize_feature_enabled":true},"categories":[1,11],"tags":[],"jetpack_publicize_connections":[],"yoast_head":"<!-- This site is optimized with the Yoast SEO plugin v19.1 - https:\/\/yoast.com\/wordpress\/plugins\/seo\/ -->\n<title>Komuna e Strug\u00ebs do t\u00eb binjak\u00ebzohet me Ulqinin - Lajme nga Ulqini<\/title>\n<meta name=\"description\" content=\"Kryetari i komun\u00ebs s\u00eb Strug\u00ebs, Ziadin Sela, ka pritur n\u00eb nj\u00eb takim deputetin shqiptar nga Mali i Zi, nj\u00ebkoh\u00ebsisht edhe n\u00ebnkryetar i partis\u00eb Forca e Re\" \/>\n<meta name=\"robots\" content=\"index, follow, max-snippet:-1, max-image-preview:large, max-video-preview:-1\" \/>\n<link rel=\"canonical\" href=\"https:\/\/www.visit-ulcinj.com\/blog\/2013\/10\/17\/komuna-e-struges-do-te-binjakezohet-me-ulqinin\/\" \/>\n<meta property=\"og:locale\" content=\"en_US\" \/>\n<meta property=\"og:type\" content=\"article\" \/>\n<meta property=\"og:title\" content=\"Komuna e Strug\u00ebs do t\u00eb binjak\u00ebzohet me Ulqinin - Lajme nga Ulqini\" \/>\n<meta property=\"og:description\" content=\"Kryetari i komun\u00ebs s\u00eb Strug\u00ebs, Ziadin Sela, ka pritur n\u00eb nj\u00eb takim deputetin shqiptar nga Mali i Zi, nj\u00ebkoh\u00ebsisht edhe n\u00ebnkryetar i partis\u00eb Forca e Re\" \/>\n<meta property=\"og:url\" content=\"https:\/\/www.visit-ulcinj.com\/blog\/2013\/10\/17\/komuna-e-struges-do-te-binjakezohet-me-ulqinin\/\" \/>\n<meta property=\"og:site_name\" content=\"Lajme nga Ulqini\" \/>\n<meta property=\"article:published_time\" content=\"2013-10-17T19:21:36+00:00\" \/>\n<meta property=\"article:modified_time\" content=\"2013-10-18T22:23:01+00:00\" \/>\n<meta property=\"og:image\" content=\"http:\/\/www.visit-ulcinj.com\/blog\/wp-content\/uploads\/2013\/10\/Ziadin-Sela-Genci-Nimanbegu.jpg\" \/>\n<meta name=\"twitter:label1\" content=\"Written by\" \/>\n\t<meta name=\"twitter:data1\" content=\"ulqini\" \/>\n\t<meta name=\"twitter:label2\" content=\"Est. reading time\" \/>\n\t<meta name=\"twitter:data2\" content=\"1 minute\" \/>\n<script type=\"application\/ld+json\" class=\"yoast-schema-graph\">{\"@context\":\"https:\/\/schema.org\",\"@graph\":[{\"@type\":\"WebSite\",\"@id\":\"https:\/\/www.visit-ulcinj.com\/blog\/#website\",\"url\":\"https:\/\/www.visit-ulcinj.com\/blog\/\",\"name\":\"Lajme nga Ulqini\",\"description\":\"Lajme,Vijesti,Ulqini,Ulqin,Crna Gora,Mali i Zi\",\"potentialAction\":[{\"@type\":\"SearchAction\",\"target\":{\"@type\":\"EntryPoint\",\"urlTemplate\":\"https:\/\/www.visit-ulcinj.com\/blog\/?s={search_term_string}\"},\"query-input\":\"required name=search_term_string\"}],\"inLanguage\":\"en-US\"},{\"@type\":\"ImageObject\",\"inLanguage\":\"en-US\",\"@id\":\"https:\/\/www.visit-ulcinj.com\/blog\/2013\/10\/17\/komuna-e-struges-do-te-binjakezohet-me-ulqinin\/#primaryimage\",\"url\":\"https:\/\/www.visit-ulcinj.com\/blog\/wp-content\/uploads\/2013\/10\/Ziadin-Sela-Genci-Nimanbegu.jpg\",\"contentUrl\":\"https:\/\/www.visit-ulcinj.com\/blog\/wp-content\/uploads\/2013\/10\/Ziadin-Sela-Genci-Nimanbegu.jpg\",\"width\":599,\"height\":275},{\"@type\":\"WebPage\",\"@id\":\"https:\/\/www.visit-ulcinj.com\/blog\/2013\/10\/17\/komuna-e-struges-do-te-binjakezohet-me-ulqinin\/#webpage\",\"url\":\"https:\/\/www.visit-ulcinj.com\/blog\/2013\/10\/17\/komuna-e-struges-do-te-binjakezohet-me-ulqinin\/\",\"name\":\"Komuna e Strug\u00ebs do t\u00eb binjak\u00ebzohet me Ulqinin - Lajme nga Ulqini\",\"isPartOf\":{\"@id\":\"https:\/\/www.visit-ulcinj.com\/blog\/#website\"},\"primaryImageOfPage\":{\"@id\":\"https:\/\/www.visit-ulcinj.com\/blog\/2013\/10\/17\/komuna-e-struges-do-te-binjakezohet-me-ulqinin\/#primaryimage\"},\"datePublished\":\"2013-10-17T19:21:36+00:00\",\"dateModified\":\"2013-10-18T22:23:01+00:00\",\"author\":{\"@id\":\"https:\/\/www.visit-ulcinj.com\/blog\/#\/schema\/person\/dcab619c614d3038751c63bc2aadc06d\"},\"description\":\"Kryetari i komun\u00ebs s\u00eb Strug\u00ebs, Ziadin Sela, ka pritur n\u00eb nj\u00eb takim deputetin shqiptar nga Mali i Zi, nj\u00ebkoh\u00ebsisht edhe n\u00ebnkryetar i partis\u00eb Forca e Re\",\"breadcrumb\":{\"@id\":\"https:\/\/www.visit-ulcinj.com\/blog\/2013\/10\/17\/komuna-e-struges-do-te-binjakezohet-me-ulqinin\/#breadcrumb\"},\"inLanguage\":\"en-US\",\"potentialAction\":[{\"@type\":\"ReadAction\",\"target\":[\"https:\/\/www.visit-ulcinj.com\/blog\/2013\/10\/17\/komuna-e-struges-do-te-binjakezohet-me-ulqinin\/\"]}]},{\"@type\":\"BreadcrumbList\",\"@id\":\"https:\/\/www.visit-ulcinj.com\/blog\/2013\/10\/17\/komuna-e-struges-do-te-binjakezohet-me-ulqinin\/#breadcrumb\",\"itemListElement\":[{\"@type\":\"ListItem\",\"position\":1,\"name\":\"Komuna e Strug\u00ebs do t\u00eb binjak\u00ebzohet me Ulqinin\"}]},{\"@type\":\"Person\",\"@id\":\"https:\/\/www.visit-ulcinj.com\/blog\/#\/schema\/person\/dcab619c614d3038751c63bc2aadc06d\",\"name\":\"ulqini\",\"sameAs\":[\"http:\/\/www.visit-ulcinj.com\"],\"url\":\"https:\/\/www.visit-ulcinj.com\/blog\/author\/admin\/\"}]}<\/script>\n<!-- \/ Yoast SEO plugin. -->","yoast_head_json":{"title":"Komuna e Strug\u00ebs do t\u00eb binjak\u00ebzohet me Ulqinin - Lajme nga Ulqini","description":"Kryetari i komun\u00ebs s\u00eb Strug\u00ebs, Ziadin Sela, ka pritur n\u00eb nj\u00eb takim deputetin shqiptar nga Mali i Zi, nj\u00ebkoh\u00ebsisht edhe n\u00ebnkryetar i partis\u00eb Forca e Re","robots":{"index":"index","follow":"follow","max-snippet":"max-snippet:-1","max-image-preview":"max-image-preview:large","max-video-preview":"max-video-preview:-1"},"canonical":"https:\/\/www.visit-ulcinj.com\/blog\/2013\/10\/17\/komuna-e-struges-do-te-binjakezohet-me-ulqinin\/","og_locale":"en_US","og_type":"article","og_title":"Komuna e Strug\u00ebs do t\u00eb binjak\u00ebzohet me Ulqinin - Lajme nga Ulqini","og_description":"Kryetari i komun\u00ebs s\u00eb Strug\u00ebs, Ziadin Sela, ka pritur n\u00eb nj\u00eb takim deputetin shqiptar nga Mali i Zi, nj\u00ebkoh\u00ebsisht edhe n\u00ebnkryetar i partis\u00eb Forca e Re","og_url":"https:\/\/www.visit-ulcinj.com\/blog\/2013\/10\/17\/komuna-e-struges-do-te-binjakezohet-me-ulqinin\/","og_site_name":"Lajme nga Ulqini","article_published_time":"2013-10-17T19:21:36+00:00","article_modified_time":"2013-10-18T22:23:01+00:00","og_image":[{"url":"http:\/\/www.visit-ulcinj.com\/blog\/wp-content\/uploads\/2013\/10\/Ziadin-Sela-Genci-Nimanbegu.jpg"}],"twitter_misc":{"Written by":"ulqini","Est. reading time":"1 minute"},"schema":{"@context":"https:\/\/schema.org","@graph":[{"@type":"WebSite","@id":"https:\/\/www.visit-ulcinj.com\/blog\/#website","url":"https:\/\/www.visit-ulcinj.com\/blog\/","name":"Lajme nga Ulqini","description":"Lajme,Vijesti,Ulqini,Ulqin,Crna Gora,Mali i Zi","potentialAction":[{"@type":"SearchAction","target":{"@type":"EntryPoint","urlTemplate":"https:\/\/www.visit-ulcinj.com\/blog\/?s={search_term_string}"},"query-input":"required name=search_term_string"}],"inLanguage":"en-US"},{"@type":"ImageObject","inLanguage":"en-US","@id":"https:\/\/www.visit-ulcinj.com\/blog\/2013\/10\/17\/komuna-e-struges-do-te-binjakezohet-me-ulqinin\/#primaryimage","url":"https:\/\/www.visit-ulcinj.com\/blog\/wp-content\/uploads\/2013\/10\/Ziadin-Sela-Genci-Nimanbegu.jpg","contentUrl":"https:\/\/www.visit-ulcinj.com\/blog\/wp-content\/uploads\/2013\/10\/Ziadin-Sela-Genci-Nimanbegu.jpg","width":599,"height":275},{"@type":"WebPage","@id":"https:\/\/www.visit-ulcinj.com\/blog\/2013\/10\/17\/komuna-e-struges-do-te-binjakezohet-me-ulqinin\/#webpage","url":"https:\/\/www.visit-ulcinj.com\/blog\/2013\/10\/17\/komuna-e-struges-do-te-binjakezohet-me-ulqinin\/","name":"Komuna e Strug\u00ebs do t\u00eb binjak\u00ebzohet me Ulqinin - Lajme nga Ulqini","isPartOf":{"@id":"https:\/\/www.visit-ulcinj.com\/blog\/#website"},"primaryImageOfPage":{"@id":"https:\/\/www.visit-ulcinj.com\/blog\/2013\/10\/17\/komuna-e-struges-do-te-binjakezohet-me-ulqinin\/#primaryimage"},"datePublished":"2013-10-17T19:21:36+00:00","dateModified":"2013-10-18T22:23:01+00:00","author":{"@id":"https:\/\/www.visit-ulcinj.com\/blog\/#\/schema\/person\/dcab619c614d3038751c63bc2aadc06d"},"description":"Kryetari i komun\u00ebs s\u00eb Strug\u00ebs, Ziadin Sela, ka pritur n\u00eb nj\u00eb takim deputetin shqiptar nga Mali i Zi, nj\u00ebkoh\u00ebsisht edhe n\u00ebnkryetar i partis\u00eb Forca e Re","breadcrumb":{"@id":"https:\/\/www.visit-ulcinj.com\/blog\/2013\/10\/17\/komuna-e-struges-do-te-binjakezohet-me-ulqinin\/#breadcrumb"},"inLanguage":"en-US","potentialAction":[{"@type":"ReadAction","target":["https:\/\/www.visit-ulcinj.com\/blog\/2013\/10\/17\/komuna-e-struges-do-te-binjakezohet-me-ulqinin\/"]}]},{"@type":"BreadcrumbList","@id":"https:\/\/www.visit-ulcinj.com\/blog\/2013\/10\/17\/komuna-e-struges-do-te-binjakezohet-me-ulqinin\/#breadcrumb","itemListElement":[{"@type":"ListItem","position":1,"name":"Komuna e Strug\u00ebs do t\u00eb binjak\u00ebzohet me Ulqinin"}]},{"@type":"Person","@id":"https:\/\/www.visit-ulcinj.com\/blog\/#\/schema\/person\/dcab619c614d3038751c63bc2aadc06d","name":"ulqini","sameAs":["http:\/\/www.visit-ulcinj.com"],"url":"https:\/\/www.visit-ulcinj.com\/blog\/author\/admin\/"}]}},"jetpack_featured_media_url":"","jetpack_sharing_enabled":true,"jetpack_shortlink":"https:\/\/wp.me\/pe6lTn-jC3","_links":{"self":[{"href":"https:\/\/www.visit-ulcinj.com\/blog\/wp-json\/wp\/v2\/posts\/75395"}],"collection":[{"href":"https:\/\/www.visit-ulcinj.com\/blog\/wp-json\/wp\/v2\/posts"}],"about":[{"href":"https:\/\/www.visit-ulcinj.com\/blog\/wp-json\/wp\/v2\/types\/post"}],"author":[{"embeddable":true,"href":"https:\/\/www.visit-ulcinj.com\/blog\/wp-json\/wp\/v2\/users\/1"}],"replies":[{"embeddable":true,"href":"https:\/\/www.visit-ulcinj.com\/blog\/wp-json\/wp\/v2\/comments?post=75395"}],"version-history":[{"count":1,"href":"https:\/\/www.visit-ulcinj.com\/blog\/wp-json\/wp\/v2\/posts\/75395\/revisions"}],"predecessor-version":[{"id":75397,"href":"https:\/\/www.visit-ulcinj.com\/blog\/wp-json\/wp\/v2\/posts\/75395\/revisions\/75397"}],"wp:attachment":[{"href":"https:\/\/www.visit-ulcinj.com\/blog\/wp-json\/wp\/v2\/media?parent=75395"}],"wp:term":[{"taxonomy":"category","embeddable":true,"href":"https:\/\/www.visit-ulcinj.com\/blog\/wp-json\/wp\/v2\/categories?post=75395"},{"taxonomy":"post_tag","embeddable":true,"href":"https:\/\/www.visit-ulcinj.com\/blog\/wp-json\/wp\/v2\/tags?post=75395"}],"curies":[{"name":"wp","href":"https:\/\/api.w.org\/{rel}","templated":true}]}}