{"id":75401,"date":"2013-10-18T22:59:36","date_gmt":"2013-10-18T21:59:36","guid":{"rendered":"http:\/\/www.visit-ulcinj.com\/blog\/?p=75401"},"modified":"2013-10-18T22:59:36","modified_gmt":"2013-10-18T21:59:36","slug":"milazim-mustafa-najavio-kolegijum-skupstine-za-sledecu-sedmicu","status":"publish","type":"post","link":"https:\/\/www.visit-ulcinj.com\/blog\/2013\/10\/18\/milazim-mustafa-najavio-kolegijum-skupstine-za-sledecu-sedmicu\/","title":{"rendered":"Milazim Mustafa  najavio  kolegijum Skup\u0161tine za slede\u0107u sedmicu"},"content":{"rendered":"<p><a href=\"http:\/\/www.visit-ulcinj.com\/blog\/wp-content\/uploads\/2012\/01\/Kryetari-i-keshillit-komunal-te-UlqiniMilazim-Mustafa.jpg\"><img loading=\"lazy\" class=\"alignleft  wp-image-55966\" alt=\"Kryetari i keshillit komunal te Ulqini,Milazim Mustafa\" src=\"http:\/\/www.visit-ulcinj.com\/blog\/wp-content\/uploads\/2012\/01\/Kryetari-i-keshillit-komunal-te-UlqiniMilazim-Mustafa.jpg\" width=\"508\" height=\"361\" \/><\/a>Predsjednik SO Ulcinj Milazim Mustafa najavio je da bi slede\u0107e sedmice trebalo da se odr\u017ei kolegijum Skup\u0161tine kako bi se eventualno dogovorio termin sjednice lokalnog parlamenta. Podsjetimo, poslednja sjednica SO Ulcinj prekinuta je po\u010detkom ljeta, i nije potom nastavljena, jer koalicione partije na vlasti, zbog izra\u017eenih neslaganja, nijesu postigle konsenzus oko podr\u0161ke Izvje\u0161taju o radu predsjednika Op\u0161tine Nazifa Cungua. Zbog svega toga u Ulcilju traje vi\u0161emjese\u010dna politi\u010dka kriza i najavljuju se vanredni izbori.<br \/>\n\u2013 Naredne sedmice pozva\u0107u predsjednike odborni\u010dkih klubova na sastanak i poku\u0161ati da zaka\u017eem sjednicu. Trebalo bi da se bavimo rebalansom bud\u017eeta, izvje\u0161tajem o radu predsjednika i drugim va\u017enim pitanjima. I u kona\u010dnom da vidimo \u0161ta i kako dalje, jer ovakvo stanje ne vodi ni\u010demu \u2013 kazao je Mustafa i dodao da je te\u0161ko prognozirati kakvi \u0107e biti stavovi predstavnika politi\u010dkih partija. On smatra da \u0107e u Ulcinju biti vanrednih izbora ali te\u0161ko do kraja ove godine.<br \/>\n\u2013 Ili \u0107emo na izbore kad i jo\u0161 nekoliko op\u0161tina ili malo ranije, mogu\u0107e na prolje\u0107e \u2013 prognozirao je Mustafa.<br \/>\n<strong>M.K.<\/strong><br \/>\n<strong>Izvor: DAN<\/strong><\/p>\n","protected":false},"excerpt":{"rendered":"<p>Predsjednik SO Ulcinj Milazim Mustafa najavio je da bi slede\u0107e sedmice trebalo da se odr\u017ei kolegijum Skup\u0161tine kako bi se eventualno dogovorio termin sjednice lokalnog parlamenta. Podsjetimo, poslednja sjednica SO Ulcinj prekinuta je po\u010detkom ljeta, i nije potom nastavljena, jer koalicione partije na vlasti, zbog izra\u017eenih neslaganja, nijesu postigle konsenzus oko podr\u0161ke Izvje\u0161taju o radu [&hellip;]<\/p>\n","protected":false},"author":1,"featured_media":0,"comment_status":"closed","ping_status":"closed","sticky":false,"template":"","format":"standard","meta":{"spay_email":"","jetpack_publicize_message":"","jetpack_is_tweetstorm":false,"jetpack_publicize_feature_enabled":true},"categories":[8337],"tags":[],"jetpack_publicize_connections":[],"yoast_head":"<!-- This site is optimized with the Yoast SEO plugin v19.1 - https:\/\/yoast.com\/wordpress\/plugins\/seo\/ -->\n<title>Milazim Mustafa najavio kolegijum Skup\u0161tine za slede\u0107u sedmicu - Lajme nga Ulqini<\/title>\n<meta name=\"description\" content=\"Predsjednik SO Ulcinj Milazim Mustafa najavio je da bi slede\u0107e sedmice trebalo da se odr\u017ei kolegijum Skup\u0161tine kako bi se eventualno dogovorio termin\" \/>\n<meta name=\"robots\" content=\"index, follow, max-snippet:-1, max-image-preview:large, max-video-preview:-1\" \/>\n<link rel=\"canonical\" href=\"https:\/\/www.visit-ulcinj.com\/blog\/2013\/10\/18\/milazim-mustafa-najavio-kolegijum-skupstine-za-sledecu-sedmicu\/\" \/>\n<meta property=\"og:locale\" content=\"en_US\" \/>\n<meta property=\"og:type\" content=\"article\" \/>\n<meta property=\"og:title\" content=\"Milazim Mustafa najavio kolegijum Skup\u0161tine za slede\u0107u sedmicu - Lajme nga Ulqini\" \/>\n<meta property=\"og:description\" content=\"Predsjednik SO Ulcinj Milazim Mustafa najavio je da bi slede\u0107e sedmice trebalo da se odr\u017ei kolegijum Skup\u0161tine kako bi se eventualno dogovorio termin\" \/>\n<meta property=\"og:url\" content=\"https:\/\/www.visit-ulcinj.com\/blog\/2013\/10\/18\/milazim-mustafa-najavio-kolegijum-skupstine-za-sledecu-sedmicu\/\" \/>\n<meta property=\"og:site_name\" content=\"Lajme nga Ulqini\" \/>\n<meta property=\"article:published_time\" content=\"2013-10-18T21:59:36+00:00\" \/>\n<meta property=\"og:image\" content=\"http:\/\/www.visit-ulcinj.com\/blog\/wp-content\/uploads\/2012\/01\/Kryetari-i-keshillit-komunal-te-UlqiniMilazim-Mustafa.jpg\" \/>\n<meta name=\"twitter:label1\" content=\"Written by\" \/>\n\t<meta name=\"twitter:data1\" content=\"ulqini\" \/>\n\t<meta name=\"twitter:label2\" content=\"Est. reading time\" \/>\n\t<meta name=\"twitter:data2\" content=\"1 minute\" \/>\n<script type=\"application\/ld+json\" class=\"yoast-schema-graph\">{\"@context\":\"https:\/\/schema.org\",\"@graph\":[{\"@type\":\"WebSite\",\"@id\":\"https:\/\/www.visit-ulcinj.com\/blog\/#website\",\"url\":\"https:\/\/www.visit-ulcinj.com\/blog\/\",\"name\":\"Lajme nga Ulqini\",\"description\":\"Lajme,Vijesti,Ulqini,Ulqin,Crna Gora,Mali i Zi\",\"potentialAction\":[{\"@type\":\"SearchAction\",\"target\":{\"@type\":\"EntryPoint\",\"urlTemplate\":\"https:\/\/www.visit-ulcinj.com\/blog\/?s={search_term_string}\"},\"query-input\":\"required name=search_term_string\"}],\"inLanguage\":\"en-US\"},{\"@type\":\"ImageObject\",\"inLanguage\":\"en-US\",\"@id\":\"https:\/\/www.visit-ulcinj.com\/blog\/2013\/10\/18\/milazim-mustafa-najavio-kolegijum-skupstine-za-sledecu-sedmicu\/#primaryimage\",\"url\":\"https:\/\/www.visit-ulcinj.com\/blog\/wp-content\/uploads\/2012\/01\/Kryetari-i-keshillit-komunal-te-UlqiniMilazim-Mustafa.jpg\",\"contentUrl\":\"https:\/\/www.visit-ulcinj.com\/blog\/wp-content\/uploads\/2012\/01\/Kryetari-i-keshillit-komunal-te-UlqiniMilazim-Mustafa.jpg\",\"width\":\"501\",\"height\":\"361\"},{\"@type\":\"WebPage\",\"@id\":\"https:\/\/www.visit-ulcinj.com\/blog\/2013\/10\/18\/milazim-mustafa-najavio-kolegijum-skupstine-za-sledecu-sedmicu\/#webpage\",\"url\":\"https:\/\/www.visit-ulcinj.com\/blog\/2013\/10\/18\/milazim-mustafa-najavio-kolegijum-skupstine-za-sledecu-sedmicu\/\",\"name\":\"Milazim Mustafa najavio kolegijum Skup\u0161tine za slede\u0107u sedmicu - Lajme nga Ulqini\",\"isPartOf\":{\"@id\":\"https:\/\/www.visit-ulcinj.com\/blog\/#website\"},\"primaryImageOfPage\":{\"@id\":\"https:\/\/www.visit-ulcinj.com\/blog\/2013\/10\/18\/milazim-mustafa-najavio-kolegijum-skupstine-za-sledecu-sedmicu\/#primaryimage\"},\"datePublished\":\"2013-10-18T21:59:36+00:00\",\"dateModified\":\"2013-10-18T21:59:36+00:00\",\"author\":{\"@id\":\"https:\/\/www.visit-ulcinj.com\/blog\/#\/schema\/person\/dcab619c614d3038751c63bc2aadc06d\"},\"description\":\"Predsjednik SO Ulcinj Milazim Mustafa najavio je da bi slede\u0107e sedmice trebalo da se odr\u017ei kolegijum Skup\u0161tine kako bi se eventualno dogovorio termin\",\"breadcrumb\":{\"@id\":\"https:\/\/www.visit-ulcinj.com\/blog\/2013\/10\/18\/milazim-mustafa-najavio-kolegijum-skupstine-za-sledecu-sedmicu\/#breadcrumb\"},\"inLanguage\":\"en-US\",\"potentialAction\":[{\"@type\":\"ReadAction\",\"target\":[\"https:\/\/www.visit-ulcinj.com\/blog\/2013\/10\/18\/milazim-mustafa-najavio-kolegijum-skupstine-za-sledecu-sedmicu\/\"]}]},{\"@type\":\"BreadcrumbList\",\"@id\":\"https:\/\/www.visit-ulcinj.com\/blog\/2013\/10\/18\/milazim-mustafa-najavio-kolegijum-skupstine-za-sledecu-sedmicu\/#breadcrumb\",\"itemListElement\":[{\"@type\":\"ListItem\",\"position\":1,\"name\":\"Milazim Mustafa najavio kolegijum Skup\u0161tine za slede\u0107u sedmicu\"}]},{\"@type\":\"Person\",\"@id\":\"https:\/\/www.visit-ulcinj.com\/blog\/#\/schema\/person\/dcab619c614d3038751c63bc2aadc06d\",\"name\":\"ulqini\",\"sameAs\":[\"http:\/\/www.visit-ulcinj.com\"],\"url\":\"https:\/\/www.visit-ulcinj.com\/blog\/author\/admin\/\"}]}<\/script>\n<!-- \/ Yoast SEO plugin. -->","yoast_head_json":{"title":"Milazim Mustafa najavio kolegijum Skup\u0161tine za slede\u0107u sedmicu - Lajme nga Ulqini","description":"Predsjednik SO Ulcinj Milazim Mustafa najavio je da bi slede\u0107e sedmice trebalo da se odr\u017ei kolegijum Skup\u0161tine kako bi se eventualno dogovorio termin","robots":{"index":"index","follow":"follow","max-snippet":"max-snippet:-1","max-image-preview":"max-image-preview:large","max-video-preview":"max-video-preview:-1"},"canonical":"https:\/\/www.visit-ulcinj.com\/blog\/2013\/10\/18\/milazim-mustafa-najavio-kolegijum-skupstine-za-sledecu-sedmicu\/","og_locale":"en_US","og_type":"article","og_title":"Milazim Mustafa najavio kolegijum Skup\u0161tine za slede\u0107u sedmicu - Lajme nga Ulqini","og_description":"Predsjednik SO Ulcinj Milazim Mustafa najavio je da bi slede\u0107e sedmice trebalo da se odr\u017ei kolegijum Skup\u0161tine kako bi se eventualno dogovorio termin","og_url":"https:\/\/www.visit-ulcinj.com\/blog\/2013\/10\/18\/milazim-mustafa-najavio-kolegijum-skupstine-za-sledecu-sedmicu\/","og_site_name":"Lajme nga Ulqini","article_published_time":"2013-10-18T21:59:36+00:00","og_image":[{"url":"http:\/\/www.visit-ulcinj.com\/blog\/wp-content\/uploads\/2012\/01\/Kryetari-i-keshillit-komunal-te-UlqiniMilazim-Mustafa.jpg"}],"twitter_misc":{"Written by":"ulqini","Est. reading time":"1 minute"},"schema":{"@context":"https:\/\/schema.org","@graph":[{"@type":"WebSite","@id":"https:\/\/www.visit-ulcinj.com\/blog\/#website","url":"https:\/\/www.visit-ulcinj.com\/blog\/","name":"Lajme nga Ulqini","description":"Lajme,Vijesti,Ulqini,Ulqin,Crna Gora,Mali i Zi","potentialAction":[{"@type":"SearchAction","target":{"@type":"EntryPoint","urlTemplate":"https:\/\/www.visit-ulcinj.com\/blog\/?s={search_term_string}"},"query-input":"required name=search_term_string"}],"inLanguage":"en-US"},{"@type":"ImageObject","inLanguage":"en-US","@id":"https:\/\/www.visit-ulcinj.com\/blog\/2013\/10\/18\/milazim-mustafa-najavio-kolegijum-skupstine-za-sledecu-sedmicu\/#primaryimage","url":"https:\/\/www.visit-ulcinj.com\/blog\/wp-content\/uploads\/2012\/01\/Kryetari-i-keshillit-komunal-te-UlqiniMilazim-Mustafa.jpg","contentUrl":"https:\/\/www.visit-ulcinj.com\/blog\/wp-content\/uploads\/2012\/01\/Kryetari-i-keshillit-komunal-te-UlqiniMilazim-Mustafa.jpg","width":"501","height":"361"},{"@type":"WebPage","@id":"https:\/\/www.visit-ulcinj.com\/blog\/2013\/10\/18\/milazim-mustafa-najavio-kolegijum-skupstine-za-sledecu-sedmicu\/#webpage","url":"https:\/\/www.visit-ulcinj.com\/blog\/2013\/10\/18\/milazim-mustafa-najavio-kolegijum-skupstine-za-sledecu-sedmicu\/","name":"Milazim Mustafa najavio kolegijum Skup\u0161tine za slede\u0107u sedmicu - Lajme nga Ulqini","isPartOf":{"@id":"https:\/\/www.visit-ulcinj.com\/blog\/#website"},"primaryImageOfPage":{"@id":"https:\/\/www.visit-ulcinj.com\/blog\/2013\/10\/18\/milazim-mustafa-najavio-kolegijum-skupstine-za-sledecu-sedmicu\/#primaryimage"},"datePublished":"2013-10-18T21:59:36+00:00","dateModified":"2013-10-18T21:59:36+00:00","author":{"@id":"https:\/\/www.visit-ulcinj.com\/blog\/#\/schema\/person\/dcab619c614d3038751c63bc2aadc06d"},"description":"Predsjednik SO Ulcinj Milazim Mustafa najavio je da bi slede\u0107e sedmice trebalo da se odr\u017ei kolegijum Skup\u0161tine kako bi se eventualno dogovorio termin","breadcrumb":{"@id":"https:\/\/www.visit-ulcinj.com\/blog\/2013\/10\/18\/milazim-mustafa-najavio-kolegijum-skupstine-za-sledecu-sedmicu\/#breadcrumb"},"inLanguage":"en-US","potentialAction":[{"@type":"ReadAction","target":["https:\/\/www.visit-ulcinj.com\/blog\/2013\/10\/18\/milazim-mustafa-najavio-kolegijum-skupstine-za-sledecu-sedmicu\/"]}]},{"@type":"BreadcrumbList","@id":"https:\/\/www.visit-ulcinj.com\/blog\/2013\/10\/18\/milazim-mustafa-najavio-kolegijum-skupstine-za-sledecu-sedmicu\/#breadcrumb","itemListElement":[{"@type":"ListItem","position":1,"name":"Milazim Mustafa najavio kolegijum Skup\u0161tine za slede\u0107u sedmicu"}]},{"@type":"Person","@id":"https:\/\/www.visit-ulcinj.com\/blog\/#\/schema\/person\/dcab619c614d3038751c63bc2aadc06d","name":"ulqini","sameAs":["http:\/\/www.visit-ulcinj.com"],"url":"https:\/\/www.visit-ulcinj.com\/blog\/author\/admin\/"}]}},"jetpack_featured_media_url":"","jetpack_sharing_enabled":true,"jetpack_shortlink":"https:\/\/wp.me\/pe6lTn-jC9","_links":{"self":[{"href":"https:\/\/www.visit-ulcinj.com\/blog\/wp-json\/wp\/v2\/posts\/75401"}],"collection":[{"href":"https:\/\/www.visit-ulcinj.com\/blog\/wp-json\/wp\/v2\/posts"}],"about":[{"href":"https:\/\/www.visit-ulcinj.com\/blog\/wp-json\/wp\/v2\/types\/post"}],"author":[{"embeddable":true,"href":"https:\/\/www.visit-ulcinj.com\/blog\/wp-json\/wp\/v2\/users\/1"}],"replies":[{"embeddable":true,"href":"https:\/\/www.visit-ulcinj.com\/blog\/wp-json\/wp\/v2\/comments?post=75401"}],"version-history":[{"count":1,"href":"https:\/\/www.visit-ulcinj.com\/blog\/wp-json\/wp\/v2\/posts\/75401\/revisions"}],"predecessor-version":[{"id":75402,"href":"https:\/\/www.visit-ulcinj.com\/blog\/wp-json\/wp\/v2\/posts\/75401\/revisions\/75402"}],"wp:attachment":[{"href":"https:\/\/www.visit-ulcinj.com\/blog\/wp-json\/wp\/v2\/media?parent=75401"}],"wp:term":[{"taxonomy":"category","embeddable":true,"href":"https:\/\/www.visit-ulcinj.com\/blog\/wp-json\/wp\/v2\/categories?post=75401"},{"taxonomy":"post_tag","embeddable":true,"href":"https:\/\/www.visit-ulcinj.com\/blog\/wp-json\/wp\/v2\/tags?post=75401"}],"curies":[{"name":"wp","href":"https:\/\/api.w.org\/{rel}","templated":true}]}}