{"id":75403,"date":"2013-10-18T23:05:24","date_gmt":"2013-10-18T22:05:24","guid":{"rendered":"http:\/\/www.visit-ulcinj.com\/blog\/?p=75403"},"modified":"2013-10-18T23:05:24","modified_gmt":"2013-10-18T22:05:24","slug":"ada-polako-nestaje","status":"publish","type":"post","link":"https:\/\/www.visit-ulcinj.com\/blog\/2013\/10\/18\/ada-polako-nestaje\/","title":{"rendered":"Ada polako nestaje"},"content":{"rendered":"<p><a href=\"http:\/\/www.visit-ulcinj.com\/blog\/wp-content\/uploads\/2013\/10\/ADA-BOJANA-ULCINJ.jpg\"><img loading=\"lazy\" class=\"alignleft  wp-image-75404\" alt=\"ADA-BOJANA-ULCINJ\" src=\"http:\/\/www.visit-ulcinj.com\/blog\/wp-content\/uploads\/2013\/10\/ADA-BOJANA-ULCINJ.jpg\" width=\"508\" height=\"360\" \/><\/a>Pjeskovite pla\u017ee u Ulcinju polako nestaju jer su koli\u010dine nanosa koje je rijeka Bojana vjekovima unosila u Jadransko more, i koje su uslovile formiranje Ade i Velike pla\u017ee, poslednjih godina sve manje. Stru\u010dnjaci ka\u017eu da nanos, koji je stizao u zonu u\u0161\u0107a rijeke i koji se pod dejstvom morskih struja talo\u017eio du\u017e morske obale stvaraju\u0107i pla\u017ee nije ni pribli\u017ean nekada\u0161njim koli\u010dinama, zbog \u010dega su golim okom ve\u0107 vidljive posledice na ulcinjskoj rivijeri. Ve\u0107i dio pjeskovite pla\u017ee duge 2,8 kilometara na ostrvu Ada vi\u0161e ne postoji. Morski talasi, smanjeni dotok sedimenata, odno\u0161enje pijeska i nebriga nadle\u017enih institucija klju\u010dni su razlozi za ubrzani nestanak jedne od najljep\u0161ih pla\u017ea na primorju. Satelitski snimci potvr\u0111uju da je za tridesetak godina pla\u017ea na Adi smanjena za 70 metara, dok na isto\u010dnom dijelu ostrva, ona vi\u0161e prakti\u010dno ni ne postoji. Taj proces ide dalje i ve\u0107 je zahvatio najzna\u010dajniji prirodni resurs Ulcinja \u2013 Veliku pla\u017eu. Na pojedinim mjestima ona je u\u017ea i do 15 metara, pa tako nestaju kupali\u0161ta koja su biser Ulcinja i najbolji dio turisti\u010dke ponude te op\u0161tine. Izvr\u0161ni direktor NVO \u201eZeleni korak\u201d D\u017eeljal Hod\u017ei\u0107 ka\u017ee da je to ve\u0107 du\u017ee vrijeme poznata \u010dinjenica koja nastaja po osnovu vi\u0161e uzroka.<br \/>\n\u2013 Prije svega, pristizanje sedimenata znatno je smanjeno izgradnjom brana na rijeci Drim i njegove eksploatacije u Albaniji. Tako\u0111e, i sam tok Bojane je u ki\u0161nom periodu jako nizak, tako da je rijeka ranije amortizovala jake talase koji dolaze sa juga. A ti talasi prakti\u010dno str\u017eu obalu i to je izra\u017eeno ne samo u Ulcinju, ve\u0107 i Sutomoru, Budvi&#8230; Poslednjih godina na desetine metara obale je nestalo zbog toga i zavr\u0161ilo je u moru. Po kazivanju sada pokojnog, poznatog njema\u010dkog ornitologa Martina \u0160najdera, koji je u vi\u0161e navrata boravio na tom prostoru, ako se ovako nastavi, najvi\u0161e za 100 godina do\u0107i \u0107e do nestanka Ade. Dakle, Bojana je donijela Adu, ona \u0107e je i odnijeti \u2013 ka\u017ee Hod\u017ei\u0107.<br \/>\nOn smatra da bi nadle\u017ene dr\u017eavne institucije, prije svega JP Morsko dobro, Op\u0161tina Ulcinj i resorno ministarstvo, trebalo da anga\u017euju stru\u010dnjake, poput profesora Save Petkovi\u0107a sa Univerziteta u Beogradu, da ponude neka rje\u0161enja.<br \/>\n\u2013 Ne\u0161to se mora preduzeti, ili poku\u0161ati da se konkretnim rje\u0161enjima zaustavi ili barem smanji ovaj proces. Zasad niko ne \u010duje na\u0161 vapaj iako smo se po ovom pitanju ogla\u0161avali vi\u0161e puta. To je velika opasnost, posebno za turizam i nema dugoro\u010dnog planiranja razvoja ako se ovaj veliki prblem ne uzme u obzir \u0161to prije \u2013 kategori\u010dan je Hod\u017ei\u0107.<br \/>\nProfesor Sava Petkovi\u0107 iz Beograda, koji se decenijama bavi ovim pitanjima, smatra da bi s obzirom na to da pla\u017ee imaju ogroman zna\u010daj za budu\u0107i razvoj turizma, trebalo odmah utvrditi realno stanje procesa erozije, naro\u010dito na u\u0161\u0107u Bojane.<br \/>\n\u2013 Trebalo bi izraditi kompleksnu studiju ure\u0111enja obalnog prostora u toj zoni, koja je najva\u017enija prirodna mo\u010dvara na isto\u010dnom Mediteranu \u2013 ocjenjuje on.<br \/>\nOvim problemom bavila se i Kristina Pikelj sazagreba\u010dkog Prirodoslovno-matemati\u010dkog fakulteta, koja ve\u0107 godinama istra\u017euje ovaj fenomen.<br \/>\n\u2013 To je dugotrajan proces i posledice njenog djelovanja se vide tek nakon vi\u0161e decenija. Ali, u poslednje vrijeme djelovanje erozije na jadranskim pla\u017eama je ubrzano i stoga zabrinjavaju\u0107e \u2013 ka\u017ee Pikelj i dodaje da je zbog toga posebno ugro\u017eena turisti\u010dka privreda na italijanskoj obali Jadrana oko Venecije i u\u0161\u0107a rijeka Adi\u0111e i Po.<br \/>\n\u2013 Najbolje se to vidi u Albaniji, na starijem u\u0161\u0107u rijeke Drim, kod Lje\u0161a, gdje je linija obale u kopno u poslednjih 150 godina u\u0161la oko 400 metara \u2013 obja\u0161njava ona.<br \/>\n<strong>M.Kne\u017eevi\u0107<\/strong><\/p>\n<p><strong>Nastala talo\u017eenjem pijeska\u00a0 na olupinama broda<\/strong><\/p>\n<p>Ostrvo Ada po\u010delo je da se formira kada je na u\u0161\u0107u rijeke Bojane u more, 1858. godine potonuo brod \u201eMerito\u201d, vlasni\u0161tvo Antuna Alegretija iz Trogira, kojim je upravljao kapetan Naporeli. Istori\u010dari ka\u017eu da su sredinom 19. vijeka na toj lokaciji postojala dva manja ostrva. Brodske olupine su onda zajedno sa dva obli\u017enja ostrva zadr\u017eavala rje\u010dne sedimente i stvorile ostrvo, koje se po\u010delo nazirati 1882. godine. Izme\u0111u 1858. i 1859. godine Drim je promijenio tok i od tada se jedan krak te rijeke uliva u Bojanu, nedaleko od Skadra. Ostrvo Ada je danas trouglastog oblika. Dvije strane zapljuskuju rje\u010dne, a jednu morska voda. Prostire se na 600 hektara, a pla\u017ea je duga oko tri hiljade metara.<\/p>\n<p><strong>Izvor: DAN<\/strong><\/p>\n","protected":false},"excerpt":{"rendered":"<p>Pjeskovite pla\u017ee u Ulcinju polako nestaju jer su koli\u010dine nanosa koje je rijeka Bojana vjekovima unosila u Jadransko more, i koje su uslovile formiranje Ade i Velike pla\u017ee, poslednjih godina sve manje. Stru\u010dnjaci ka\u017eu da nanos, koji je stizao u zonu u\u0161\u0107a rijeke i koji se pod dejstvom morskih struja talo\u017eio du\u017e morske obale stvaraju\u0107i [&hellip;]<\/p>\n","protected":false},"author":1,"featured_media":0,"comment_status":"closed","ping_status":"closed","sticky":false,"template":"","format":"standard","meta":{"spay_email":"","jetpack_publicize_message":"","jetpack_is_tweetstorm":false,"jetpack_publicize_feature_enabled":true},"categories":[8337],"tags":[],"jetpack_publicize_connections":[],"yoast_head":"<!-- This site is optimized with the Yoast SEO plugin v19.1 - https:\/\/yoast.com\/wordpress\/plugins\/seo\/ -->\n<title>Ada polako nestaje - Lajme nga Ulqini<\/title>\n<meta name=\"description\" content=\"Pjeskovite pla\u017ee u Ulcinju polako nestaju jer su koli\u010dine nanosa koje je rijeka Bojana vjekovima unosila u Jadransko more, i koje su uslovile formiranje\" \/>\n<meta name=\"robots\" content=\"index, follow, max-snippet:-1, max-image-preview:large, max-video-preview:-1\" \/>\n<link rel=\"canonical\" href=\"https:\/\/www.visit-ulcinj.com\/blog\/2013\/10\/18\/ada-polako-nestaje\/\" \/>\n<meta property=\"og:locale\" content=\"en_US\" \/>\n<meta property=\"og:type\" content=\"article\" \/>\n<meta property=\"og:title\" content=\"Ada polako nestaje - Lajme nga Ulqini\" \/>\n<meta property=\"og:description\" content=\"Pjeskovite pla\u017ee u Ulcinju polako nestaju jer su koli\u010dine nanosa koje je rijeka Bojana vjekovima unosila u Jadransko more, i koje su uslovile formiranje\" \/>\n<meta property=\"og:url\" content=\"https:\/\/www.visit-ulcinj.com\/blog\/2013\/10\/18\/ada-polako-nestaje\/\" \/>\n<meta property=\"og:site_name\" content=\"Lajme nga Ulqini\" \/>\n<meta property=\"article:published_time\" content=\"2013-10-18T22:05:24+00:00\" \/>\n<meta property=\"og:image\" content=\"http:\/\/www.visit-ulcinj.com\/blog\/wp-content\/uploads\/2013\/10\/ADA-BOJANA-ULCINJ.jpg\" \/>\n<meta name=\"twitter:label1\" content=\"Written by\" \/>\n\t<meta name=\"twitter:data1\" content=\"ulqini\" \/>\n\t<meta name=\"twitter:label2\" content=\"Est. reading time\" \/>\n\t<meta name=\"twitter:data2\" content=\"4 minutes\" \/>\n<script type=\"application\/ld+json\" class=\"yoast-schema-graph\">{\"@context\":\"https:\/\/schema.org\",\"@graph\":[{\"@type\":\"WebSite\",\"@id\":\"https:\/\/www.visit-ulcinj.com\/blog\/#website\",\"url\":\"https:\/\/www.visit-ulcinj.com\/blog\/\",\"name\":\"Lajme nga Ulqini\",\"description\":\"Lajme,Vijesti,Ulqini,Ulqin,Crna Gora,Mali i Zi\",\"potentialAction\":[{\"@type\":\"SearchAction\",\"target\":{\"@type\":\"EntryPoint\",\"urlTemplate\":\"https:\/\/www.visit-ulcinj.com\/blog\/?s={search_term_string}\"},\"query-input\":\"required name=search_term_string\"}],\"inLanguage\":\"en-US\"},{\"@type\":\"ImageObject\",\"inLanguage\":\"en-US\",\"@id\":\"https:\/\/www.visit-ulcinj.com\/blog\/2013\/10\/18\/ada-polako-nestaje\/#primaryimage\",\"url\":\"https:\/\/www.visit-ulcinj.com\/blog\/wp-content\/uploads\/2013\/10\/ADA-BOJANA-ULCINJ.jpg\",\"contentUrl\":\"https:\/\/www.visit-ulcinj.com\/blog\/wp-content\/uploads\/2013\/10\/ADA-BOJANA-ULCINJ.jpg\",\"width\":640,\"height\":484},{\"@type\":\"WebPage\",\"@id\":\"https:\/\/www.visit-ulcinj.com\/blog\/2013\/10\/18\/ada-polako-nestaje\/#webpage\",\"url\":\"https:\/\/www.visit-ulcinj.com\/blog\/2013\/10\/18\/ada-polako-nestaje\/\",\"name\":\"Ada polako nestaje - Lajme nga Ulqini\",\"isPartOf\":{\"@id\":\"https:\/\/www.visit-ulcinj.com\/blog\/#website\"},\"primaryImageOfPage\":{\"@id\":\"https:\/\/www.visit-ulcinj.com\/blog\/2013\/10\/18\/ada-polako-nestaje\/#primaryimage\"},\"datePublished\":\"2013-10-18T22:05:24+00:00\",\"dateModified\":\"2013-10-18T22:05:24+00:00\",\"author\":{\"@id\":\"https:\/\/www.visit-ulcinj.com\/blog\/#\/schema\/person\/dcab619c614d3038751c63bc2aadc06d\"},\"description\":\"Pjeskovite pla\u017ee u Ulcinju polako nestaju jer su koli\u010dine nanosa koje je rijeka Bojana vjekovima unosila u Jadransko more, i koje su uslovile formiranje\",\"breadcrumb\":{\"@id\":\"https:\/\/www.visit-ulcinj.com\/blog\/2013\/10\/18\/ada-polako-nestaje\/#breadcrumb\"},\"inLanguage\":\"en-US\",\"potentialAction\":[{\"@type\":\"ReadAction\",\"target\":[\"https:\/\/www.visit-ulcinj.com\/blog\/2013\/10\/18\/ada-polako-nestaje\/\"]}]},{\"@type\":\"BreadcrumbList\",\"@id\":\"https:\/\/www.visit-ulcinj.com\/blog\/2013\/10\/18\/ada-polako-nestaje\/#breadcrumb\",\"itemListElement\":[{\"@type\":\"ListItem\",\"position\":1,\"name\":\"Ada polako nestaje\"}]},{\"@type\":\"Person\",\"@id\":\"https:\/\/www.visit-ulcinj.com\/blog\/#\/schema\/person\/dcab619c614d3038751c63bc2aadc06d\",\"name\":\"ulqini\",\"sameAs\":[\"http:\/\/www.visit-ulcinj.com\"],\"url\":\"https:\/\/www.visit-ulcinj.com\/blog\/author\/admin\/\"}]}<\/script>\n<!-- \/ Yoast SEO plugin. -->","yoast_head_json":{"title":"Ada polako nestaje - Lajme nga Ulqini","description":"Pjeskovite pla\u017ee u Ulcinju polako nestaju jer su koli\u010dine nanosa koje je rijeka Bojana vjekovima unosila u Jadransko more, i koje su uslovile formiranje","robots":{"index":"index","follow":"follow","max-snippet":"max-snippet:-1","max-image-preview":"max-image-preview:large","max-video-preview":"max-video-preview:-1"},"canonical":"https:\/\/www.visit-ulcinj.com\/blog\/2013\/10\/18\/ada-polako-nestaje\/","og_locale":"en_US","og_type":"article","og_title":"Ada polako nestaje - Lajme nga Ulqini","og_description":"Pjeskovite pla\u017ee u Ulcinju polako nestaju jer su koli\u010dine nanosa koje je rijeka Bojana vjekovima unosila u Jadransko more, i koje su uslovile formiranje","og_url":"https:\/\/www.visit-ulcinj.com\/blog\/2013\/10\/18\/ada-polako-nestaje\/","og_site_name":"Lajme nga Ulqini","article_published_time":"2013-10-18T22:05:24+00:00","og_image":[{"url":"http:\/\/www.visit-ulcinj.com\/blog\/wp-content\/uploads\/2013\/10\/ADA-BOJANA-ULCINJ.jpg"}],"twitter_misc":{"Written by":"ulqini","Est. reading time":"4 minutes"},"schema":{"@context":"https:\/\/schema.org","@graph":[{"@type":"WebSite","@id":"https:\/\/www.visit-ulcinj.com\/blog\/#website","url":"https:\/\/www.visit-ulcinj.com\/blog\/","name":"Lajme nga Ulqini","description":"Lajme,Vijesti,Ulqini,Ulqin,Crna Gora,Mali i Zi","potentialAction":[{"@type":"SearchAction","target":{"@type":"EntryPoint","urlTemplate":"https:\/\/www.visit-ulcinj.com\/blog\/?s={search_term_string}"},"query-input":"required name=search_term_string"}],"inLanguage":"en-US"},{"@type":"ImageObject","inLanguage":"en-US","@id":"https:\/\/www.visit-ulcinj.com\/blog\/2013\/10\/18\/ada-polako-nestaje\/#primaryimage","url":"https:\/\/www.visit-ulcinj.com\/blog\/wp-content\/uploads\/2013\/10\/ADA-BOJANA-ULCINJ.jpg","contentUrl":"https:\/\/www.visit-ulcinj.com\/blog\/wp-content\/uploads\/2013\/10\/ADA-BOJANA-ULCINJ.jpg","width":640,"height":484},{"@type":"WebPage","@id":"https:\/\/www.visit-ulcinj.com\/blog\/2013\/10\/18\/ada-polako-nestaje\/#webpage","url":"https:\/\/www.visit-ulcinj.com\/blog\/2013\/10\/18\/ada-polako-nestaje\/","name":"Ada polako nestaje - Lajme nga Ulqini","isPartOf":{"@id":"https:\/\/www.visit-ulcinj.com\/blog\/#website"},"primaryImageOfPage":{"@id":"https:\/\/www.visit-ulcinj.com\/blog\/2013\/10\/18\/ada-polako-nestaje\/#primaryimage"},"datePublished":"2013-10-18T22:05:24+00:00","dateModified":"2013-10-18T22:05:24+00:00","author":{"@id":"https:\/\/www.visit-ulcinj.com\/blog\/#\/schema\/person\/dcab619c614d3038751c63bc2aadc06d"},"description":"Pjeskovite pla\u017ee u Ulcinju polako nestaju jer su koli\u010dine nanosa koje je rijeka Bojana vjekovima unosila u Jadransko more, i koje su uslovile formiranje","breadcrumb":{"@id":"https:\/\/www.visit-ulcinj.com\/blog\/2013\/10\/18\/ada-polako-nestaje\/#breadcrumb"},"inLanguage":"en-US","potentialAction":[{"@type":"ReadAction","target":["https:\/\/www.visit-ulcinj.com\/blog\/2013\/10\/18\/ada-polako-nestaje\/"]}]},{"@type":"BreadcrumbList","@id":"https:\/\/www.visit-ulcinj.com\/blog\/2013\/10\/18\/ada-polako-nestaje\/#breadcrumb","itemListElement":[{"@type":"ListItem","position":1,"name":"Ada polako nestaje"}]},{"@type":"Person","@id":"https:\/\/www.visit-ulcinj.com\/blog\/#\/schema\/person\/dcab619c614d3038751c63bc2aadc06d","name":"ulqini","sameAs":["http:\/\/www.visit-ulcinj.com"],"url":"https:\/\/www.visit-ulcinj.com\/blog\/author\/admin\/"}]}},"jetpack_featured_media_url":"","jetpack_sharing_enabled":true,"jetpack_shortlink":"https:\/\/wp.me\/pe6lTn-jCb","_links":{"self":[{"href":"https:\/\/www.visit-ulcinj.com\/blog\/wp-json\/wp\/v2\/posts\/75403"}],"collection":[{"href":"https:\/\/www.visit-ulcinj.com\/blog\/wp-json\/wp\/v2\/posts"}],"about":[{"href":"https:\/\/www.visit-ulcinj.com\/blog\/wp-json\/wp\/v2\/types\/post"}],"author":[{"embeddable":true,"href":"https:\/\/www.visit-ulcinj.com\/blog\/wp-json\/wp\/v2\/users\/1"}],"replies":[{"embeddable":true,"href":"https:\/\/www.visit-ulcinj.com\/blog\/wp-json\/wp\/v2\/comments?post=75403"}],"version-history":[{"count":1,"href":"https:\/\/www.visit-ulcinj.com\/blog\/wp-json\/wp\/v2\/posts\/75403\/revisions"}],"predecessor-version":[{"id":75405,"href":"https:\/\/www.visit-ulcinj.com\/blog\/wp-json\/wp\/v2\/posts\/75403\/revisions\/75405"}],"wp:attachment":[{"href":"https:\/\/www.visit-ulcinj.com\/blog\/wp-json\/wp\/v2\/media?parent=75403"}],"wp:term":[{"taxonomy":"category","embeddable":true,"href":"https:\/\/www.visit-ulcinj.com\/blog\/wp-json\/wp\/v2\/categories?post=75403"},{"taxonomy":"post_tag","embeddable":true,"href":"https:\/\/www.visit-ulcinj.com\/blog\/wp-json\/wp\/v2\/tags?post=75403"}],"curies":[{"name":"wp","href":"https:\/\/api.w.org\/{rel}","templated":true}]}}