{"id":75412,"date":"2013-10-19T07:17:03","date_gmt":"2013-10-19T06:17:03","guid":{"rendered":"http:\/\/www.visit-ulcinj.com\/blog\/?p=75412"},"modified":"2013-10-19T07:17:48","modified_gmt":"2013-10-19T06:17:48","slug":"dritan-abazovic-za-refleksiju-dps-tuzima-ne-da-opstinu","status":"publish","type":"post","link":"https:\/\/www.visit-ulcinj.com\/blog\/2013\/10\/19\/dritan-abazovic-za-refleksiju-dps-tuzima-ne-da-opstinu\/","title":{"rendered":"Dritan Abazovi\u0107 za Refleksiju: DPS Tuzima ne da op\u0161tinu"},"content":{"rendered":"<p><a href=\"http:\/\/www.visit-ulcinj.com\/blog\/wp-content\/uploads\/2013\/10\/Dritan-Abazovic2.jpg\"><img loading=\"lazy\" class=\"alignleft  wp-image-75413\" alt=\"Dritan-Abazovic\" src=\"http:\/\/www.visit-ulcinj.com\/blog\/wp-content\/uploads\/2013\/10\/Dritan-Abazovic2.jpg\" width=\"508\" height=\"360\" \/><\/a>Poslanik Pozitivne Crne Gore Dritan Abazovi\u0107 u intervjuu za Refleksiju ka\u017ee da je DPS glavni krivac \u0161to Tuzi nijesu dobile status op\u0161tine. Iako tvrdi da bi SDP trebala da raskine koaliciju sa DPS, ne vjeruje da \u0107e to u\u010diniti.<\/p>\n<p>Poru\u010duje im da moraju prestati da izigravaju \u017ertvu DPS i vrate mandat gra\u0111anima koji su stekli na sumnjiv na\u010din. Abazovi\u0107 se osvrnuo i na borbu protiv korupcije i organizovanog kriminala, pri \u010demu je istakao kako borbu protiv ovih pojava ko\u010de politi\u010dari vlasti i njihovi miljenici iz podzemlja.<\/p>\n<h3>Ko je glavni krivac \u0161to Tuzi jo\u0161 nijesu dobile status op\u0161tine?\u00a0Ima li tu krivice albanskih partija?<\/h3>\n<p>Glavni krivac je poznat, to je DPS. Naravno, DPS u ovome nije sam, ve\u0107\u00a0odgovornost djeli sa svojim kolacionim satelitima kako i sa lakovjernim\u00a0polit\u010dikim establi\u0161mentom nekoliko albanskih partija koje su slijepo\u00a0vjrovale u njihova obe\u0107anja, iako ih je DPS redovno izigravao.<\/p>\n<p>Prosto je\u00a0nevjerovatno kako su gra\u0111ani Malesije toliko puta povjerovali aktuelnom\u00a0premijeru i njegovim apostolima, iako su iz iskustva morali znati da\u00a0samo grabi glasove za svoju politi\u010dku opciju i pomo\u0107u njih \u010duva vlast\u00a0u glavnom gradu.<\/p>\n<p>Najgore od svega je \u0161to se ovoj sapunici ne nazire\u00a0kraj i \u0161to \u0107e se po svemu sude\u0107i politi\u010dka manipulacija oko op\u0161tine\u00a0Tuzi nastaviti i u narednom periodu, makar do zavr\u0161etka lokalnih izbora\u00a0u Podgorici.<\/p>\n<h3>Nedavno ste rekli da SDP treba da raskine koaliciju sa DPS. Da li vjerujete da \u0107e se to dogoditi? Za\u0161to?<\/h3>\n<p>Ne vjrerujem da \u0107e to u\u010diniti, ali ponavljam da bi trebalo, jer je to\u00a0najbolje za gra\u0111ane Crne Gore. Logika je veoma prosta,\u00a0ako stalno kritikuju Vladu i ve\u0107eg partnera unutar vlasti, zbog \u010dega\u00a0ne raskinu koaliciju sa njima? Ukoliko nisu zadovoljni radom te Vlade,\u00a0za\u0161to sjede u njoj?!<\/p>\n<p>Smatram da je politi\u010dki ispravno, a nadsve\u00a0korektno prema gra\u0111anima da prestanu da izigravaju \u017ertvu DPS i da\u00a0vrate mandat gra\u0111anima, koji su stekli na sumnjiv na\u010din. Sve ostalo je\u00a0samo predstava za uveseljavanje javnosti, \u0161irenje la\u017ene nade i\u00a0pozicioniranje pred lokalne izbore koji slijede.<\/p>\n<h3>\u00a0Ko u Crnoj Gori ko\u010di borbu protiv korupcije i organizovanog\u00a0kriminala?<\/h3>\n<p>Borbu protiv oragnizovanog kriminala i korupcije ko\u010de oni koji su\u00a0duboko zagrizli u ove devijatne dru\u0161tvene pojave, koji su najve\u0107i\u00a0izazovi na\u0161e zemlje.<\/p>\n<p>Tu prije svega mislim na politi\u010dare vlasti i\u00a0njihove miljenike iz podzemlja koji zajedni\u010dki ve\u0107 20-tak godina\u00a0upravljaju Crnom Gorom na posredan ili neposredan na\u010din. Kada jednoga\u00a0dana budemo imali nezavisne i profesionalne institucije, naro\u010dito\u00a0sudstvo, tu\u017eila\u0161tvo i policiju, sazna\u0107emo i njihova imena.<\/p>\n<p>Siguran\u00a0sam da \u0107e to biti zanimljivo i \u010duti i vidjeti \u0161ta je ko i na koji\u00a0na\u010din radio svih ovih godina.<\/p>\n<h3>\u00a0Da li politika i dalje ima dominantan uticaj na Sudstvo i\u00a0Tu\u017eila\u0161tvo?<\/h3>\n<p>Brojni primjeri govore da ima. Na\u017ealost imamo sudstvo i tu\u017eila\u0161tvo\u00a0koji su postali izvr\u0161ni organi polit\u010dkih partija. Imamo Ustavni sud\u00a0koji je klasi\u010dno politi\u010dko tjelo koji i glasa partijski, a\u00a0tu\u017eila\u0161tvo koje o svemu \u0107uti ili govori kako nema dokaza.<\/p>\n<p>To je\u00a0prosto nevjrevatno ako uporedimo sa zemljama regiona koji prolaze kroz\u00a0sli\u010dnu tranziciju kao i mi, ali za razliku od nas, do sada imaju na\u00a0desetine procesuranih slu\u010dajeva koji direktno ukazuju na spregu izme\u0111u\u00a0politi\u010dara i organizovanog kriminala. \u010cim toga nema u Crnoj Gori,\u00a0budite sigurni da sprega postoji i da je veoma izra\u017eena i stabilna.<\/p>\n<h3><strong>\u0160ta mo\u017ee biti najve\u0107a ko\u010dnica Crnoj Gori na putu ka EU?<\/strong><\/h3>\n<p>Najve\u0107a ko\u010dnica Crne Gore prema EU jeste nedostatak politi\u010dke volje\u00a0za ozbiljnim dru\u0161tvenim reformama. To je najve\u0107a prepreka koju imamo.<\/p>\n<p>Naravno, postoje i druge kao \u0161to su nedostak kapaciteta i ljudskih\u00a0resursa naro\u010dito u pojedinim oblastima, ali sve je to nadoknadivo\u00a0uakoliko bi bilo politi\u010dke volje. Bez velikih promjena na polit\u010dkoj\u00a0sceni, Crna Gora nikada ne\u0107e postati \u010dlanica EU.<\/p>\n<p>Mo\u017eemo da otvorimo\u00a0sva poglavlja, ali \u0107e njihovo zatvaranje \u010dekati dok na scenu ne stupi\u00a0neka nova politi\u010dka elita koja \u0107e sa zadovoljstvom izvesti kapitalne\u00a0reforme koje se od nas permanetno tra\u017ee u vidu mjerljivih rezultata.<\/p>\n<h3>Kakav rezultat o\u010dekujete na predstoje\u0107im lokalnim izborima?<\/h3>\n<p>O\u010dekujemo rezultat sli\u010dan ili bolji nego na proteklim parlamentarnim\u00a0izborima. Na Cetinju o\u010dekujemo pobjedu koja \u0107e biti uvod u velike\u00a0promjene koje slijede u Crnoj Gori.<\/p>\n<p>Zaista smatram da izbori na Cetinju\u00a0mogu zna\u010diti puno vi\u0161e od lokalnog poraza DPS-a, i svi \u010dvrsto\u00a0vjerujemo u to. Sa druge strane, u Petnjici i Mojkovcu o\u010dukujem da se\u00a0na\u0111emo u lokalnim parlamentima i da u tim gradovima po\u010dnemo igrati\u00a0sve zna\u010dajniju konstruktivnu politi\u010dku ulogu u periodu koji slijedi.<\/p>\n<p><strong>\u00a0Za Refleksiju<\/strong><\/p>\n<p><strong>Mira\u0161 Du\u0161evi\u0107<br \/>\nIzvor: <strong>Refleksij<\/strong>a.me<br \/>\n<\/strong><\/p>\n","protected":false},"excerpt":{"rendered":"<p>Poslanik Pozitivne Crne Gore Dritan Abazovi\u0107 u intervjuu za Refleksiju ka\u017ee da je DPS glavni krivac \u0161to Tuzi nijesu dobile status op\u0161tine. Iako tvrdi da bi SDP trebala da raskine koaliciju sa DPS, ne vjeruje da \u0107e to u\u010diniti. Poru\u010duje im da moraju prestati da izigravaju \u017ertvu DPS i vrate mandat gra\u0111anima koji su stekli [&hellip;]<\/p>\n","protected":false},"author":1,"featured_media":0,"comment_status":"closed","ping_status":"closed","sticky":false,"template":"","format":"standard","meta":{"spay_email":"","jetpack_publicize_message":"","jetpack_is_tweetstorm":false,"jetpack_publicize_feature_enabled":true},"categories":[8337],"tags":[],"jetpack_publicize_connections":[],"yoast_head":"<!-- This site is optimized with the Yoast SEO plugin v19.1 - https:\/\/yoast.com\/wordpress\/plugins\/seo\/ -->\n<title>Dritan Abazovi\u0107 za Refleksiju: DPS Tuzima ne da op\u0161tinu - Lajme nga Ulqini<\/title>\n<meta name=\"description\" content=\"Poslanik Pozitivne Crne Gore Dritan Abazovi\u0107 u intervjuu za Refleksiju ka\u017ee da je DPS glavni krivac \u0161to Tuzi nijesu dobile status op\u0161tine. Iako tvrdi da\" \/>\n<meta name=\"robots\" content=\"index, follow, max-snippet:-1, max-image-preview:large, max-video-preview:-1\" \/>\n<link rel=\"canonical\" href=\"https:\/\/www.visit-ulcinj.com\/blog\/2013\/10\/19\/dritan-abazovic-za-refleksiju-dps-tuzima-ne-da-opstinu\/\" \/>\n<meta property=\"og:locale\" content=\"en_US\" \/>\n<meta property=\"og:type\" content=\"article\" \/>\n<meta property=\"og:title\" content=\"Dritan Abazovi\u0107 za Refleksiju: DPS Tuzima ne da op\u0161tinu - Lajme nga Ulqini\" \/>\n<meta property=\"og:description\" content=\"Poslanik Pozitivne Crne Gore Dritan Abazovi\u0107 u intervjuu za Refleksiju ka\u017ee da je DPS glavni krivac \u0161to Tuzi nijesu dobile status op\u0161tine. Iako tvrdi da\" \/>\n<meta property=\"og:url\" content=\"https:\/\/www.visit-ulcinj.com\/blog\/2013\/10\/19\/dritan-abazovic-za-refleksiju-dps-tuzima-ne-da-opstinu\/\" \/>\n<meta property=\"og:site_name\" content=\"Lajme nga Ulqini\" \/>\n<meta property=\"article:published_time\" content=\"2013-10-19T06:17:03+00:00\" \/>\n<meta property=\"article:modified_time\" content=\"2013-10-19T06:17:48+00:00\" \/>\n<meta property=\"og:image\" content=\"http:\/\/www.visit-ulcinj.com\/blog\/wp-content\/uploads\/2013\/10\/Dritan-Abazovic2.jpg\" \/>\n<meta name=\"twitter:label1\" content=\"Written by\" \/>\n\t<meta name=\"twitter:data1\" content=\"ulqini\" \/>\n\t<meta name=\"twitter:label2\" content=\"Est. reading time\" \/>\n\t<meta name=\"twitter:data2\" content=\"4 minutes\" \/>\n<script type=\"application\/ld+json\" class=\"yoast-schema-graph\">{\"@context\":\"https:\/\/schema.org\",\"@graph\":[{\"@type\":\"WebSite\",\"@id\":\"https:\/\/www.visit-ulcinj.com\/blog\/#website\",\"url\":\"https:\/\/www.visit-ulcinj.com\/blog\/\",\"name\":\"Lajme nga Ulqini\",\"description\":\"Lajme,Vijesti,Ulqini,Ulqin,Crna Gora,Mali i Zi\",\"potentialAction\":[{\"@type\":\"SearchAction\",\"target\":{\"@type\":\"EntryPoint\",\"urlTemplate\":\"https:\/\/www.visit-ulcinj.com\/blog\/?s={search_term_string}\"},\"query-input\":\"required name=search_term_string\"}],\"inLanguage\":\"en-US\"},{\"@type\":\"ImageObject\",\"inLanguage\":\"en-US\",\"@id\":\"https:\/\/www.visit-ulcinj.com\/blog\/2013\/10\/19\/dritan-abazovic-za-refleksiju-dps-tuzima-ne-da-opstinu\/#primaryimage\",\"url\":\"https:\/\/www.visit-ulcinj.com\/blog\/wp-content\/uploads\/2013\/10\/Dritan-Abazovic2.jpg\",\"contentUrl\":\"https:\/\/www.visit-ulcinj.com\/blog\/wp-content\/uploads\/2013\/10\/Dritan-Abazovic2.jpg\",\"width\":960,\"height\":720},{\"@type\":\"WebPage\",\"@id\":\"https:\/\/www.visit-ulcinj.com\/blog\/2013\/10\/19\/dritan-abazovic-za-refleksiju-dps-tuzima-ne-da-opstinu\/#webpage\",\"url\":\"https:\/\/www.visit-ulcinj.com\/blog\/2013\/10\/19\/dritan-abazovic-za-refleksiju-dps-tuzima-ne-da-opstinu\/\",\"name\":\"Dritan Abazovi\u0107 za Refleksiju: DPS Tuzima ne da op\u0161tinu - Lajme nga Ulqini\",\"isPartOf\":{\"@id\":\"https:\/\/www.visit-ulcinj.com\/blog\/#website\"},\"primaryImageOfPage\":{\"@id\":\"https:\/\/www.visit-ulcinj.com\/blog\/2013\/10\/19\/dritan-abazovic-za-refleksiju-dps-tuzima-ne-da-opstinu\/#primaryimage\"},\"datePublished\":\"2013-10-19T06:17:03+00:00\",\"dateModified\":\"2013-10-19T06:17:48+00:00\",\"author\":{\"@id\":\"https:\/\/www.visit-ulcinj.com\/blog\/#\/schema\/person\/dcab619c614d3038751c63bc2aadc06d\"},\"description\":\"Poslanik Pozitivne Crne Gore Dritan Abazovi\u0107 u intervjuu za Refleksiju ka\u017ee da je DPS glavni krivac \u0161to Tuzi nijesu dobile status op\u0161tine. Iako tvrdi da\",\"breadcrumb\":{\"@id\":\"https:\/\/www.visit-ulcinj.com\/blog\/2013\/10\/19\/dritan-abazovic-za-refleksiju-dps-tuzima-ne-da-opstinu\/#breadcrumb\"},\"inLanguage\":\"en-US\",\"potentialAction\":[{\"@type\":\"ReadAction\",\"target\":[\"https:\/\/www.visit-ulcinj.com\/blog\/2013\/10\/19\/dritan-abazovic-za-refleksiju-dps-tuzima-ne-da-opstinu\/\"]}]},{\"@type\":\"BreadcrumbList\",\"@id\":\"https:\/\/www.visit-ulcinj.com\/blog\/2013\/10\/19\/dritan-abazovic-za-refleksiju-dps-tuzima-ne-da-opstinu\/#breadcrumb\",\"itemListElement\":[{\"@type\":\"ListItem\",\"position\":1,\"name\":\"Dritan Abazovi\u0107 za Refleksiju: DPS Tuzima ne da op\u0161tinu\"}]},{\"@type\":\"Person\",\"@id\":\"https:\/\/www.visit-ulcinj.com\/blog\/#\/schema\/person\/dcab619c614d3038751c63bc2aadc06d\",\"name\":\"ulqini\",\"sameAs\":[\"http:\/\/www.visit-ulcinj.com\"],\"url\":\"https:\/\/www.visit-ulcinj.com\/blog\/author\/admin\/\"}]}<\/script>\n<!-- \/ Yoast SEO plugin. -->","yoast_head_json":{"title":"Dritan Abazovi\u0107 za Refleksiju: DPS Tuzima ne da op\u0161tinu - Lajme nga Ulqini","description":"Poslanik Pozitivne Crne Gore Dritan Abazovi\u0107 u intervjuu za Refleksiju ka\u017ee da je DPS glavni krivac \u0161to Tuzi nijesu dobile status op\u0161tine. Iako tvrdi da","robots":{"index":"index","follow":"follow","max-snippet":"max-snippet:-1","max-image-preview":"max-image-preview:large","max-video-preview":"max-video-preview:-1"},"canonical":"https:\/\/www.visit-ulcinj.com\/blog\/2013\/10\/19\/dritan-abazovic-za-refleksiju-dps-tuzima-ne-da-opstinu\/","og_locale":"en_US","og_type":"article","og_title":"Dritan Abazovi\u0107 za Refleksiju: DPS Tuzima ne da op\u0161tinu - Lajme nga Ulqini","og_description":"Poslanik Pozitivne Crne Gore Dritan Abazovi\u0107 u intervjuu za Refleksiju ka\u017ee da je DPS glavni krivac \u0161to Tuzi nijesu dobile status op\u0161tine. Iako tvrdi da","og_url":"https:\/\/www.visit-ulcinj.com\/blog\/2013\/10\/19\/dritan-abazovic-za-refleksiju-dps-tuzima-ne-da-opstinu\/","og_site_name":"Lajme nga Ulqini","article_published_time":"2013-10-19T06:17:03+00:00","article_modified_time":"2013-10-19T06:17:48+00:00","og_image":[{"url":"http:\/\/www.visit-ulcinj.com\/blog\/wp-content\/uploads\/2013\/10\/Dritan-Abazovic2.jpg"}],"twitter_misc":{"Written by":"ulqini","Est. reading time":"4 minutes"},"schema":{"@context":"https:\/\/schema.org","@graph":[{"@type":"WebSite","@id":"https:\/\/www.visit-ulcinj.com\/blog\/#website","url":"https:\/\/www.visit-ulcinj.com\/blog\/","name":"Lajme nga Ulqini","description":"Lajme,Vijesti,Ulqini,Ulqin,Crna Gora,Mali i Zi","potentialAction":[{"@type":"SearchAction","target":{"@type":"EntryPoint","urlTemplate":"https:\/\/www.visit-ulcinj.com\/blog\/?s={search_term_string}"},"query-input":"required name=search_term_string"}],"inLanguage":"en-US"},{"@type":"ImageObject","inLanguage":"en-US","@id":"https:\/\/www.visit-ulcinj.com\/blog\/2013\/10\/19\/dritan-abazovic-za-refleksiju-dps-tuzima-ne-da-opstinu\/#primaryimage","url":"https:\/\/www.visit-ulcinj.com\/blog\/wp-content\/uploads\/2013\/10\/Dritan-Abazovic2.jpg","contentUrl":"https:\/\/www.visit-ulcinj.com\/blog\/wp-content\/uploads\/2013\/10\/Dritan-Abazovic2.jpg","width":960,"height":720},{"@type":"WebPage","@id":"https:\/\/www.visit-ulcinj.com\/blog\/2013\/10\/19\/dritan-abazovic-za-refleksiju-dps-tuzima-ne-da-opstinu\/#webpage","url":"https:\/\/www.visit-ulcinj.com\/blog\/2013\/10\/19\/dritan-abazovic-za-refleksiju-dps-tuzima-ne-da-opstinu\/","name":"Dritan Abazovi\u0107 za Refleksiju: DPS Tuzima ne da op\u0161tinu - Lajme nga Ulqini","isPartOf":{"@id":"https:\/\/www.visit-ulcinj.com\/blog\/#website"},"primaryImageOfPage":{"@id":"https:\/\/www.visit-ulcinj.com\/blog\/2013\/10\/19\/dritan-abazovic-za-refleksiju-dps-tuzima-ne-da-opstinu\/#primaryimage"},"datePublished":"2013-10-19T06:17:03+00:00","dateModified":"2013-10-19T06:17:48+00:00","author":{"@id":"https:\/\/www.visit-ulcinj.com\/blog\/#\/schema\/person\/dcab619c614d3038751c63bc2aadc06d"},"description":"Poslanik Pozitivne Crne Gore Dritan Abazovi\u0107 u intervjuu za Refleksiju ka\u017ee da je DPS glavni krivac \u0161to Tuzi nijesu dobile status op\u0161tine. Iako tvrdi da","breadcrumb":{"@id":"https:\/\/www.visit-ulcinj.com\/blog\/2013\/10\/19\/dritan-abazovic-za-refleksiju-dps-tuzima-ne-da-opstinu\/#breadcrumb"},"inLanguage":"en-US","potentialAction":[{"@type":"ReadAction","target":["https:\/\/www.visit-ulcinj.com\/blog\/2013\/10\/19\/dritan-abazovic-za-refleksiju-dps-tuzima-ne-da-opstinu\/"]}]},{"@type":"BreadcrumbList","@id":"https:\/\/www.visit-ulcinj.com\/blog\/2013\/10\/19\/dritan-abazovic-za-refleksiju-dps-tuzima-ne-da-opstinu\/#breadcrumb","itemListElement":[{"@type":"ListItem","position":1,"name":"Dritan Abazovi\u0107 za Refleksiju: DPS Tuzima ne da op\u0161tinu"}]},{"@type":"Person","@id":"https:\/\/www.visit-ulcinj.com\/blog\/#\/schema\/person\/dcab619c614d3038751c63bc2aadc06d","name":"ulqini","sameAs":["http:\/\/www.visit-ulcinj.com"],"url":"https:\/\/www.visit-ulcinj.com\/blog\/author\/admin\/"}]}},"jetpack_featured_media_url":"","jetpack_sharing_enabled":true,"jetpack_shortlink":"https:\/\/wp.me\/pe6lTn-jCk","_links":{"self":[{"href":"https:\/\/www.visit-ulcinj.com\/blog\/wp-json\/wp\/v2\/posts\/75412"}],"collection":[{"href":"https:\/\/www.visit-ulcinj.com\/blog\/wp-json\/wp\/v2\/posts"}],"about":[{"href":"https:\/\/www.visit-ulcinj.com\/blog\/wp-json\/wp\/v2\/types\/post"}],"author":[{"embeddable":true,"href":"https:\/\/www.visit-ulcinj.com\/blog\/wp-json\/wp\/v2\/users\/1"}],"replies":[{"embeddable":true,"href":"https:\/\/www.visit-ulcinj.com\/blog\/wp-json\/wp\/v2\/comments?post=75412"}],"version-history":[{"count":1,"href":"https:\/\/www.visit-ulcinj.com\/blog\/wp-json\/wp\/v2\/posts\/75412\/revisions"}],"predecessor-version":[{"id":75414,"href":"https:\/\/www.visit-ulcinj.com\/blog\/wp-json\/wp\/v2\/posts\/75412\/revisions\/75414"}],"wp:attachment":[{"href":"https:\/\/www.visit-ulcinj.com\/blog\/wp-json\/wp\/v2\/media?parent=75412"}],"wp:term":[{"taxonomy":"category","embeddable":true,"href":"https:\/\/www.visit-ulcinj.com\/blog\/wp-json\/wp\/v2\/categories?post=75412"},{"taxonomy":"post_tag","embeddable":true,"href":"https:\/\/www.visit-ulcinj.com\/blog\/wp-json\/wp\/v2\/tags?post=75412"}],"curies":[{"name":"wp","href":"https:\/\/api.w.org\/{rel}","templated":true}]}}