{"id":7542,"date":"2008-12-21T17:44:46","date_gmt":"2008-12-21T16:44:46","guid":{"rendered":"http:\/\/www.visit-ulcinj.com\/blog\/?p=7542"},"modified":"2008-12-21T17:44:46","modified_gmt":"2008-12-21T16:44:46","slug":"qeveria-malazeze-ndalon-sherbimin-facebook","status":"publish","type":"post","link":"https:\/\/www.visit-ulcinj.com\/blog\/2008\/12\/21\/qeveria-malazeze-ndalon-sherbimin-facebook\/","title":{"rendered":"Qeveria malazeze ndalon sh\u00ebrbimin Facebook"},"content":{"rendered":"<p><img loading=\"lazy\" class=\"alignleft size-full wp-image-7544\" title=\"facebook\" src=\"http:\/\/www.visit-ulcinj.com\/blog\/wp-content\/uploads\/2008\/12\/facebook.jpg\" alt=\"facebook\" width=\"255\" height=\"255\" srcset=\"https:\/\/www.visit-ulcinj.com\/blog\/wp-content\/uploads\/2008\/12\/facebook.jpg 210w, https:\/\/www.visit-ulcinj.com\/blog\/wp-content\/uploads\/2008\/12\/facebook-150x150.jpg 150w\" sizes=\"(max-width: 255px) 100vw, 255px\" \/>T\u00eb pun\u00ebsuarve n\u00eb t\u00eb gjitha ministrit\u00eb dhe sh\u00ebrbimet e tjera qeveritare n\u00eb Mal t\u00eb Zi u \u00ebsht\u00eb ndaluar q\u00eb gjat\u00eb orarit t\u00eb pun\u00ebs t\u00eb p\u00ebrdorin rrjetin e popullarizuar shoq\u00ebror Facebook, sepse sh\u00ebrbyesit shtet\u00ebror orarin e pun\u00ebs dhe resurset shtet\u00ebrore t\u00eb internetit i kan\u00eb p\u00ebrdor\u00eb p\u00ebr shk\u00ebmbim t\u00eb e-mailave, fotografive, porosive dhe p\u00ebr bisedim.<br \/>\nSi\u00e7 shkruan e p\u00ebrditshmja malazeze \u201cVijesti\u201d, n\u00ebse t\u00eb pun\u00ebsuarit prej or\u00ebs 9 deri n\u00eb ora 16 tentojn\u00eb t\u00eb hapin k\u00ebt\u00eb apo faqe t\u00eb ngjashme t\u00eb internetit, si\u00e7 jan\u00eb YouTube, n\u00eb ekran do tu paraqitet lajm\u00ebrimi e administratorit se qasja u \u00ebsht\u00eb pamund\u00ebsuar.<br \/>\nZyra e teknik\u00ebs q\u00eb ka n\u00ebn v\u00ebzhgim rrjetin e internetit n\u00eb institucionet qeveritare deklaroi se n\u00eb disa raste ata ishin p\u00ebrpjekur t\u00eb shmangnin defektet n\u00eb rrjet p\u00ebr shkak t\u00eb p\u00ebrdorimit jokorrekt t\u00eb tij.<br \/>\n&#8220;P\u00ebr k\u00ebt\u00eb arsye, gjat\u00eb or\u00ebve t\u00eb pun\u00ebs, p\u00ebrdorimi i disa faqeve ku hyjn\u00eb shum\u00eb p\u00ebrdorues n\u00eb t\u00eb nj\u00ebjt\u00ebn koh\u00eb \u00ebsht\u00eb nd\u00ebrprer\u00eb&#8221;, thuhet n\u00eb deklarat\u00ebn e zyr\u00ebs s\u00eb teknik\u00ebs.<br \/>\nN\u00eb Malin e Zi num\u00ebrohen 14.100 p\u00ebrdorues t\u00eb sh\u00ebrbimit Facebook. E nj\u00ebjta situat\u00eb \u00ebsht\u00eb edhe me p\u00ebrdoruesit e sh\u00ebrbimit t\u00eb video materialeve YouTube.<br \/>\n<strong>Telegrafi<\/strong><\/p>\n","protected":false},"excerpt":{"rendered":"<p>T\u00eb pun\u00ebsuarve n\u00eb t\u00eb gjitha ministrit\u00eb dhe sh\u00ebrbimet e tjera qeveritare n\u00eb Mal t\u00eb Zi u \u00ebsht\u00eb ndaluar q\u00eb gjat\u00eb orarit t\u00eb pun\u00ebs t\u00eb p\u00ebrdorin rrjetin e popullarizuar shoq\u00ebror Facebook, sepse sh\u00ebrbyesit shtet\u00ebror orarin e pun\u00ebs dhe resurset shtet\u00ebrore t\u00eb internetit i kan\u00eb p\u00ebrdor\u00eb p\u00ebr shk\u00ebmbim t\u00eb e-mailave, fotografive, porosive dhe p\u00ebr bisedim. Si\u00e7 shkruan [&hellip;]<\/p>\n","protected":false},"author":1,"featured_media":0,"comment_status":"open","ping_status":"closed","sticky":false,"template":"","format":"standard","meta":{"spay_email":"","jetpack_publicize_message":"","jetpack_is_tweetstorm":false,"jetpack_publicize_feature_enabled":true},"categories":[12],"tags":[5329,95],"jetpack_publicize_connections":[],"yoast_head":"<!-- This site is optimized with the Yoast SEO plugin v19.1 - https:\/\/yoast.com\/wordpress\/plugins\/seo\/ -->\n<title>Qeveria malazeze ndalon sh\u00ebrbimin Facebook - Lajme nga Ulqini<\/title>\n<meta name=\"description\" content=\"T\u00eb pun\u00ebsuarve n\u00eb t\u00eb gjitha ministrit\u00eb dhe sh\u00ebrbimet e tjera qeveritare n\u00eb Mal t\u00eb Zi u \u00ebsht\u00eb ndaluar q\u00eb gjat\u00eb orarit t\u00eb pun\u00ebs t\u00eb p\u00ebrdorin rrjetin e\" \/>\n<meta name=\"robots\" content=\"index, follow, max-snippet:-1, max-image-preview:large, max-video-preview:-1\" \/>\n<link rel=\"canonical\" href=\"https:\/\/www.visit-ulcinj.com\/blog\/2008\/12\/21\/qeveria-malazeze-ndalon-sherbimin-facebook\/\" \/>\n<meta property=\"og:locale\" content=\"en_US\" \/>\n<meta property=\"og:type\" content=\"article\" \/>\n<meta property=\"og:title\" content=\"Qeveria malazeze ndalon sh\u00ebrbimin Facebook - Lajme nga Ulqini\" \/>\n<meta property=\"og:description\" content=\"T\u00eb pun\u00ebsuarve n\u00eb t\u00eb gjitha ministrit\u00eb dhe sh\u00ebrbimet e tjera qeveritare n\u00eb Mal t\u00eb Zi u \u00ebsht\u00eb ndaluar q\u00eb gjat\u00eb orarit t\u00eb pun\u00ebs t\u00eb p\u00ebrdorin rrjetin e\" \/>\n<meta property=\"og:url\" content=\"https:\/\/www.visit-ulcinj.com\/blog\/2008\/12\/21\/qeveria-malazeze-ndalon-sherbimin-facebook\/\" \/>\n<meta property=\"og:site_name\" content=\"Lajme nga Ulqini\" \/>\n<meta property=\"article:published_time\" content=\"2008-12-21T16:44:46+00:00\" \/>\n<meta property=\"og:image\" content=\"http:\/\/www.visit-ulcinj.com\/blog\/wp-content\/uploads\/2008\/12\/facebook.jpg\" \/>\n<meta name=\"twitter:label1\" content=\"Written by\" \/>\n\t<meta name=\"twitter:data1\" content=\"ulqini\" \/>\n\t<meta name=\"twitter:label2\" content=\"Est. reading time\" \/>\n\t<meta name=\"twitter:data2\" content=\"1 minute\" \/>\n<script type=\"application\/ld+json\" class=\"yoast-schema-graph\">{\"@context\":\"https:\/\/schema.org\",\"@graph\":[{\"@type\":\"WebSite\",\"@id\":\"https:\/\/www.visit-ulcinj.com\/blog\/#website\",\"url\":\"https:\/\/www.visit-ulcinj.com\/blog\/\",\"name\":\"Lajme nga Ulqini\",\"description\":\"Lajme,Vijesti,Ulqini,Ulqin,Crna Gora,Mali i Zi\",\"potentialAction\":[{\"@type\":\"SearchAction\",\"target\":{\"@type\":\"EntryPoint\",\"urlTemplate\":\"https:\/\/www.visit-ulcinj.com\/blog\/?s={search_term_string}\"},\"query-input\":\"required name=search_term_string\"}],\"inLanguage\":\"en-US\"},{\"@type\":\"ImageObject\",\"inLanguage\":\"en-US\",\"@id\":\"https:\/\/www.visit-ulcinj.com\/blog\/2008\/12\/21\/qeveria-malazeze-ndalon-sherbimin-facebook\/#primaryimage\",\"url\":\"https:\/\/www.visit-ulcinj.com\/blog\/wp-content\/uploads\/2008\/12\/facebook.jpg\",\"contentUrl\":\"https:\/\/www.visit-ulcinj.com\/blog\/wp-content\/uploads\/2008\/12\/facebook.jpg\",\"width\":\"210\",\"height\":\"210\"},{\"@type\":\"WebPage\",\"@id\":\"https:\/\/www.visit-ulcinj.com\/blog\/2008\/12\/21\/qeveria-malazeze-ndalon-sherbimin-facebook\/#webpage\",\"url\":\"https:\/\/www.visit-ulcinj.com\/blog\/2008\/12\/21\/qeveria-malazeze-ndalon-sherbimin-facebook\/\",\"name\":\"Qeveria malazeze ndalon sh\u00ebrbimin Facebook - Lajme nga Ulqini\",\"isPartOf\":{\"@id\":\"https:\/\/www.visit-ulcinj.com\/blog\/#website\"},\"primaryImageOfPage\":{\"@id\":\"https:\/\/www.visit-ulcinj.com\/blog\/2008\/12\/21\/qeveria-malazeze-ndalon-sherbimin-facebook\/#primaryimage\"},\"datePublished\":\"2008-12-21T16:44:46+00:00\",\"dateModified\":\"2008-12-21T16:44:46+00:00\",\"author\":{\"@id\":\"https:\/\/www.visit-ulcinj.com\/blog\/#\/schema\/person\/dcab619c614d3038751c63bc2aadc06d\"},\"description\":\"T\u00eb pun\u00ebsuarve n\u00eb t\u00eb gjitha ministrit\u00eb dhe sh\u00ebrbimet e tjera qeveritare n\u00eb Mal t\u00eb Zi u \u00ebsht\u00eb ndaluar q\u00eb gjat\u00eb orarit t\u00eb pun\u00ebs t\u00eb p\u00ebrdorin rrjetin e\",\"breadcrumb\":{\"@id\":\"https:\/\/www.visit-ulcinj.com\/blog\/2008\/12\/21\/qeveria-malazeze-ndalon-sherbimin-facebook\/#breadcrumb\"},\"inLanguage\":\"en-US\",\"potentialAction\":[{\"@type\":\"ReadAction\",\"target\":[\"https:\/\/www.visit-ulcinj.com\/blog\/2008\/12\/21\/qeveria-malazeze-ndalon-sherbimin-facebook\/\"]}]},{\"@type\":\"BreadcrumbList\",\"@id\":\"https:\/\/www.visit-ulcinj.com\/blog\/2008\/12\/21\/qeveria-malazeze-ndalon-sherbimin-facebook\/#breadcrumb\",\"itemListElement\":[{\"@type\":\"ListItem\",\"position\":1,\"name\":\"Qeveria malazeze ndalon sh\u00ebrbimin Facebook\"}]},{\"@type\":\"Person\",\"@id\":\"https:\/\/www.visit-ulcinj.com\/blog\/#\/schema\/person\/dcab619c614d3038751c63bc2aadc06d\",\"name\":\"ulqini\",\"sameAs\":[\"http:\/\/www.visit-ulcinj.com\"],\"url\":\"https:\/\/www.visit-ulcinj.com\/blog\/author\/admin\/\"}]}<\/script>\n<!-- \/ Yoast SEO plugin. -->","yoast_head_json":{"title":"Qeveria malazeze ndalon sh\u00ebrbimin Facebook - Lajme nga Ulqini","description":"T\u00eb pun\u00ebsuarve n\u00eb t\u00eb gjitha ministrit\u00eb dhe sh\u00ebrbimet e tjera qeveritare n\u00eb Mal t\u00eb Zi u \u00ebsht\u00eb ndaluar q\u00eb gjat\u00eb orarit t\u00eb pun\u00ebs t\u00eb p\u00ebrdorin rrjetin e","robots":{"index":"index","follow":"follow","max-snippet":"max-snippet:-1","max-image-preview":"max-image-preview:large","max-video-preview":"max-video-preview:-1"},"canonical":"https:\/\/www.visit-ulcinj.com\/blog\/2008\/12\/21\/qeveria-malazeze-ndalon-sherbimin-facebook\/","og_locale":"en_US","og_type":"article","og_title":"Qeveria malazeze ndalon sh\u00ebrbimin Facebook - Lajme nga Ulqini","og_description":"T\u00eb pun\u00ebsuarve n\u00eb t\u00eb gjitha ministrit\u00eb dhe sh\u00ebrbimet e tjera qeveritare n\u00eb Mal t\u00eb Zi u \u00ebsht\u00eb ndaluar q\u00eb gjat\u00eb orarit t\u00eb pun\u00ebs t\u00eb p\u00ebrdorin rrjetin e","og_url":"https:\/\/www.visit-ulcinj.com\/blog\/2008\/12\/21\/qeveria-malazeze-ndalon-sherbimin-facebook\/","og_site_name":"Lajme nga Ulqini","article_published_time":"2008-12-21T16:44:46+00:00","og_image":[{"url":"http:\/\/www.visit-ulcinj.com\/blog\/wp-content\/uploads\/2008\/12\/facebook.jpg"}],"twitter_misc":{"Written by":"ulqini","Est. reading time":"1 minute"},"schema":{"@context":"https:\/\/schema.org","@graph":[{"@type":"WebSite","@id":"https:\/\/www.visit-ulcinj.com\/blog\/#website","url":"https:\/\/www.visit-ulcinj.com\/blog\/","name":"Lajme nga Ulqini","description":"Lajme,Vijesti,Ulqini,Ulqin,Crna Gora,Mali i Zi","potentialAction":[{"@type":"SearchAction","target":{"@type":"EntryPoint","urlTemplate":"https:\/\/www.visit-ulcinj.com\/blog\/?s={search_term_string}"},"query-input":"required name=search_term_string"}],"inLanguage":"en-US"},{"@type":"ImageObject","inLanguage":"en-US","@id":"https:\/\/www.visit-ulcinj.com\/blog\/2008\/12\/21\/qeveria-malazeze-ndalon-sherbimin-facebook\/#primaryimage","url":"https:\/\/www.visit-ulcinj.com\/blog\/wp-content\/uploads\/2008\/12\/facebook.jpg","contentUrl":"https:\/\/www.visit-ulcinj.com\/blog\/wp-content\/uploads\/2008\/12\/facebook.jpg","width":"210","height":"210"},{"@type":"WebPage","@id":"https:\/\/www.visit-ulcinj.com\/blog\/2008\/12\/21\/qeveria-malazeze-ndalon-sherbimin-facebook\/#webpage","url":"https:\/\/www.visit-ulcinj.com\/blog\/2008\/12\/21\/qeveria-malazeze-ndalon-sherbimin-facebook\/","name":"Qeveria malazeze ndalon sh\u00ebrbimin Facebook - Lajme nga Ulqini","isPartOf":{"@id":"https:\/\/www.visit-ulcinj.com\/blog\/#website"},"primaryImageOfPage":{"@id":"https:\/\/www.visit-ulcinj.com\/blog\/2008\/12\/21\/qeveria-malazeze-ndalon-sherbimin-facebook\/#primaryimage"},"datePublished":"2008-12-21T16:44:46+00:00","dateModified":"2008-12-21T16:44:46+00:00","author":{"@id":"https:\/\/www.visit-ulcinj.com\/blog\/#\/schema\/person\/dcab619c614d3038751c63bc2aadc06d"},"description":"T\u00eb pun\u00ebsuarve n\u00eb t\u00eb gjitha ministrit\u00eb dhe sh\u00ebrbimet e tjera qeveritare n\u00eb Mal t\u00eb Zi u \u00ebsht\u00eb ndaluar q\u00eb gjat\u00eb orarit t\u00eb pun\u00ebs t\u00eb p\u00ebrdorin rrjetin e","breadcrumb":{"@id":"https:\/\/www.visit-ulcinj.com\/blog\/2008\/12\/21\/qeveria-malazeze-ndalon-sherbimin-facebook\/#breadcrumb"},"inLanguage":"en-US","potentialAction":[{"@type":"ReadAction","target":["https:\/\/www.visit-ulcinj.com\/blog\/2008\/12\/21\/qeveria-malazeze-ndalon-sherbimin-facebook\/"]}]},{"@type":"BreadcrumbList","@id":"https:\/\/www.visit-ulcinj.com\/blog\/2008\/12\/21\/qeveria-malazeze-ndalon-sherbimin-facebook\/#breadcrumb","itemListElement":[{"@type":"ListItem","position":1,"name":"Qeveria malazeze ndalon sh\u00ebrbimin Facebook"}]},{"@type":"Person","@id":"https:\/\/www.visit-ulcinj.com\/blog\/#\/schema\/person\/dcab619c614d3038751c63bc2aadc06d","name":"ulqini","sameAs":["http:\/\/www.visit-ulcinj.com"],"url":"https:\/\/www.visit-ulcinj.com\/blog\/author\/admin\/"}]}},"jetpack_featured_media_url":"","jetpack_sharing_enabled":true,"jetpack_shortlink":"https:\/\/wp.me\/pe6lTn-1XE","_links":{"self":[{"href":"https:\/\/www.visit-ulcinj.com\/blog\/wp-json\/wp\/v2\/posts\/7542"}],"collection":[{"href":"https:\/\/www.visit-ulcinj.com\/blog\/wp-json\/wp\/v2\/posts"}],"about":[{"href":"https:\/\/www.visit-ulcinj.com\/blog\/wp-json\/wp\/v2\/types\/post"}],"author":[{"embeddable":true,"href":"https:\/\/www.visit-ulcinj.com\/blog\/wp-json\/wp\/v2\/users\/1"}],"replies":[{"embeddable":true,"href":"https:\/\/www.visit-ulcinj.com\/blog\/wp-json\/wp\/v2\/comments?post=7542"}],"version-history":[{"count":0,"href":"https:\/\/www.visit-ulcinj.com\/blog\/wp-json\/wp\/v2\/posts\/7542\/revisions"}],"wp:attachment":[{"href":"https:\/\/www.visit-ulcinj.com\/blog\/wp-json\/wp\/v2\/media?parent=7542"}],"wp:term":[{"taxonomy":"category","embeddable":true,"href":"https:\/\/www.visit-ulcinj.com\/blog\/wp-json\/wp\/v2\/categories?post=7542"},{"taxonomy":"post_tag","embeddable":true,"href":"https:\/\/www.visit-ulcinj.com\/blog\/wp-json\/wp\/v2\/tags?post=7542"}],"curies":[{"name":"wp","href":"https:\/\/api.w.org\/{rel}","templated":true}]}}