{"id":75424,"date":"2013-10-20T06:46:59","date_gmt":"2013-10-20T05:46:59","guid":{"rendered":"http:\/\/www.visit-ulcinj.com\/blog\/?p=75424"},"modified":"2013-10-20T06:48:56","modified_gmt":"2013-10-20T05:48:56","slug":"organizacija-slijepih-od-opstine-ulcinj-ni-centa","status":"publish","type":"post","link":"https:\/\/www.visit-ulcinj.com\/blog\/2013\/10\/20\/organizacija-slijepih-od-opstine-ulcinj-ni-centa\/","title":{"rendered":"Organizacija slijepih: Od Op\u0161tine Ulcinj ni centa"},"content":{"rendered":"<p><a href=\"http:\/\/www.visit-ulcinj.com\/blog\/wp-content\/uploads\/2013\/10\/Organizacija-slijepih-za-Bar-i-Ulcinj.jpg\"><img loading=\"lazy\" class=\"alignleft  wp-image-75425\" alt=\"Organizacija slijepih za Bar i Ulcinj\" src=\"http:\/\/www.visit-ulcinj.com\/blog\/wp-content\/uploads\/2013\/10\/Organizacija-slijepih-za-Bar-i-Ulcinj.jpg\" width=\"508\" height=\"360\" \/><\/a>BAR \u2013 Organizacija slijepih za Bar i Ulcinj, koja broji 73 \u010dlana i koja je poznata kao veoma preduzimljiva i aktivna, prema rije\u010dima predsjednika Veselina Joketi\u0107a, ima sli\u010dnu sudbinu kao i u drugim gradovima Crne Gore i nalazi se u nezavidnoj situaciji.<br \/>\n\u2013 Nijesmo zadovoljni na\u010dinom na koji se finansiraju organizacije ne samo osoba o\u0161te\u0107enog vida, ve\u0107 i sve druge organizacije osoba sa invaliditetom. Ove organizacije sa svojim projektima konkuri\u0161u na lutrijska sredstva, koja su isuvi\u0161e skromna i nijesu zagarantovana. Smatramo smo da organizacije osoba sa invaliditetom moraju da budu uklju\u010dene u redovna bud\u017eetska finansiranja, kako na lokalnom tako i na dr\u017eavnom nivou \u2013 nagla\u0161ava Joketi\u0107 i dodaje da Op\u0161tina Ulcinj ve\u0107 dugi niz godina finansira ove organizacije.<br \/>\n\u2013 Ovog ljeta su raspisali konkurs za NVO, a uslov je bio da sjedi\u0161te organizacije mora biti u Ulcinju, \u010dime smo mi u startu bili isklju\u010deni iz igre. \u0160to se ti\u010de Op\u0161tine Bar, na\u0161a organizacija, kao i sve druge organizacije osoba sa invaliditetom su na specijalnom na\u010dinu finansiranja od sredstava koja se opredijeljena za NVO sektor. Ta su sredstva zagarantovana, me\u0111utim, ve\u0107 tre\u0107u godinu Op\u0161tina Bar ne raspisuje konkurs tako da ta sredstva ne mo\u017eemo ni dobiti. Ipak, moramo ista\u0107i da smo zadovoljni odnosom lokalne uprave na \u010delu sa gradona\u010delnikom \u017darkom Pavi\u0107evi\u0107em \u2013 ka\u017ee Joketi\u0107 i nagla\u0161ava da od novembra pro\u0161le godine, od kako je preuzeo da vodi ovu socio-humanitarnu organizaciju, imaju razumijevanje i podr\u0161ku lokalne uprave i im uvijek im iza\u0111u u susret u granicama svojih mogu\u0107nosti.<br \/>\n\u2013 Tako\u0111e, ve\u0107 11 godina u saradnji sa Radio Barom izdajemo i zvu\u010dni \u010dasopis \u201ePravo na rije\u010d\u201d, i ve\u0107 deset godina snimaju se zvu\u010dne knjige u audio formatu na CD-u. Kada smo 7. juna obilje\u017eili jubilej, 65 godina postojanja i rada, stavili smo u funkciju i na\u0161u biblioteku tako da ona sada djeluje kao posebno odjeljenje biblioteke \u201eIvo Vu\u010dkovi\u0107\u201d u Baru. Knji\u017eni fond kojim trenutno raspola\u017eemo je oko 200 naslova, a o\u010dekujemo da \u0107e ta brojka do kraja godine do\u0107i i do 300 naslova \u2013 ocjenjuje Joketi\u0107.<br \/>\n<strong>D.S.<\/strong><br \/>\n<strong>Izvor: DAN<\/strong><\/p>\n","protected":false},"excerpt":{"rendered":"<p>BAR \u2013 Organizacija slijepih za Bar i Ulcinj, koja broji 73 \u010dlana i koja je poznata kao veoma preduzimljiva i aktivna, prema rije\u010dima predsjednika Veselina Joketi\u0107a, ima sli\u010dnu sudbinu kao i u drugim gradovima Crne Gore i nalazi se u nezavidnoj situaciji. \u2013 Nijesmo zadovoljni na\u010dinom na koji se finansiraju organizacije ne samo osoba o\u0161te\u0107enog [&hellip;]<\/p>\n","protected":false},"author":1,"featured_media":0,"comment_status":"closed","ping_status":"closed","sticky":false,"template":"","format":"standard","meta":{"spay_email":"","jetpack_publicize_message":"","jetpack_is_tweetstorm":false,"jetpack_publicize_feature_enabled":true},"categories":[8337],"tags":[],"jetpack_publicize_connections":[],"yoast_head":"<!-- This site is optimized with the Yoast SEO plugin v19.1 - https:\/\/yoast.com\/wordpress\/plugins\/seo\/ -->\n<title>Organizacija slijepih: Od Op\u0161tine Ulcinj ni centa - Lajme nga Ulqini<\/title>\n<meta name=\"description\" content=\"BAR \u2013 Organizacija slijepih za Bar i Ulcinj, koja broji 73 \u010dlana i koja je poznata kao veoma preduzimljiva i aktivna, prema rije\u010dima predsjednika Veselina\" \/>\n<meta name=\"robots\" content=\"index, follow, max-snippet:-1, max-image-preview:large, max-video-preview:-1\" \/>\n<link rel=\"canonical\" href=\"https:\/\/www.visit-ulcinj.com\/blog\/2013\/10\/20\/organizacija-slijepih-od-opstine-ulcinj-ni-centa\/\" \/>\n<meta property=\"og:locale\" content=\"en_US\" \/>\n<meta property=\"og:type\" content=\"article\" \/>\n<meta property=\"og:title\" content=\"Organizacija slijepih: Od Op\u0161tine Ulcinj ni centa - Lajme nga Ulqini\" \/>\n<meta property=\"og:description\" content=\"BAR \u2013 Organizacija slijepih za Bar i Ulcinj, koja broji 73 \u010dlana i koja je poznata kao veoma preduzimljiva i aktivna, prema rije\u010dima predsjednika Veselina\" \/>\n<meta property=\"og:url\" content=\"https:\/\/www.visit-ulcinj.com\/blog\/2013\/10\/20\/organizacija-slijepih-od-opstine-ulcinj-ni-centa\/\" \/>\n<meta property=\"og:site_name\" content=\"Lajme nga Ulqini\" \/>\n<meta property=\"article:published_time\" content=\"2013-10-20T05:46:59+00:00\" \/>\n<meta property=\"article:modified_time\" content=\"2013-10-20T05:48:56+00:00\" \/>\n<meta property=\"og:image\" content=\"http:\/\/www.visit-ulcinj.com\/blog\/wp-content\/uploads\/2013\/10\/Organizacija-slijepih-za-Bar-i-Ulcinj.jpg\" \/>\n<meta name=\"twitter:label1\" content=\"Written by\" \/>\n\t<meta name=\"twitter:data1\" content=\"ulqini\" \/>\n\t<meta name=\"twitter:label2\" content=\"Est. reading time\" \/>\n\t<meta name=\"twitter:data2\" content=\"2 minutes\" \/>\n<script type=\"application\/ld+json\" class=\"yoast-schema-graph\">{\"@context\":\"https:\/\/schema.org\",\"@graph\":[{\"@type\":\"WebSite\",\"@id\":\"https:\/\/www.visit-ulcinj.com\/blog\/#website\",\"url\":\"https:\/\/www.visit-ulcinj.com\/blog\/\",\"name\":\"Lajme nga Ulqini\",\"description\":\"Lajme,Vijesti,Ulqini,Ulqin,Crna Gora,Mali i Zi\",\"potentialAction\":[{\"@type\":\"SearchAction\",\"target\":{\"@type\":\"EntryPoint\",\"urlTemplate\":\"https:\/\/www.visit-ulcinj.com\/blog\/?s={search_term_string}\"},\"query-input\":\"required name=search_term_string\"}],\"inLanguage\":\"en-US\"},{\"@type\":\"ImageObject\",\"inLanguage\":\"en-US\",\"@id\":\"https:\/\/www.visit-ulcinj.com\/blog\/2013\/10\/20\/organizacija-slijepih-od-opstine-ulcinj-ni-centa\/#primaryimage\",\"url\":\"https:\/\/www.visit-ulcinj.com\/blog\/wp-content\/uploads\/2013\/10\/Organizacija-slijepih-za-Bar-i-Ulcinj.jpg\",\"contentUrl\":\"https:\/\/www.visit-ulcinj.com\/blog\/wp-content\/uploads\/2013\/10\/Organizacija-slijepih-za-Bar-i-Ulcinj.jpg\",\"width\":640,\"height\":424},{\"@type\":\"WebPage\",\"@id\":\"https:\/\/www.visit-ulcinj.com\/blog\/2013\/10\/20\/organizacija-slijepih-od-opstine-ulcinj-ni-centa\/#webpage\",\"url\":\"https:\/\/www.visit-ulcinj.com\/blog\/2013\/10\/20\/organizacija-slijepih-od-opstine-ulcinj-ni-centa\/\",\"name\":\"Organizacija slijepih: Od Op\u0161tine Ulcinj ni centa - Lajme nga Ulqini\",\"isPartOf\":{\"@id\":\"https:\/\/www.visit-ulcinj.com\/blog\/#website\"},\"primaryImageOfPage\":{\"@id\":\"https:\/\/www.visit-ulcinj.com\/blog\/2013\/10\/20\/organizacija-slijepih-od-opstine-ulcinj-ni-centa\/#primaryimage\"},\"datePublished\":\"2013-10-20T05:46:59+00:00\",\"dateModified\":\"2013-10-20T05:48:56+00:00\",\"author\":{\"@id\":\"https:\/\/www.visit-ulcinj.com\/blog\/#\/schema\/person\/dcab619c614d3038751c63bc2aadc06d\"},\"description\":\"BAR \u2013 Organizacija slijepih za Bar i Ulcinj, koja broji 73 \u010dlana i koja je poznata kao veoma preduzimljiva i aktivna, prema rije\u010dima predsjednika Veselina\",\"breadcrumb\":{\"@id\":\"https:\/\/www.visit-ulcinj.com\/blog\/2013\/10\/20\/organizacija-slijepih-od-opstine-ulcinj-ni-centa\/#breadcrumb\"},\"inLanguage\":\"en-US\",\"potentialAction\":[{\"@type\":\"ReadAction\",\"target\":[\"https:\/\/www.visit-ulcinj.com\/blog\/2013\/10\/20\/organizacija-slijepih-od-opstine-ulcinj-ni-centa\/\"]}]},{\"@type\":\"BreadcrumbList\",\"@id\":\"https:\/\/www.visit-ulcinj.com\/blog\/2013\/10\/20\/organizacija-slijepih-od-opstine-ulcinj-ni-centa\/#breadcrumb\",\"itemListElement\":[{\"@type\":\"ListItem\",\"position\":1,\"name\":\"Organizacija slijepih: Od Op\u0161tine Ulcinj ni centa\"}]},{\"@type\":\"Person\",\"@id\":\"https:\/\/www.visit-ulcinj.com\/blog\/#\/schema\/person\/dcab619c614d3038751c63bc2aadc06d\",\"name\":\"ulqini\",\"sameAs\":[\"http:\/\/www.visit-ulcinj.com\"],\"url\":\"https:\/\/www.visit-ulcinj.com\/blog\/author\/admin\/\"}]}<\/script>\n<!-- \/ Yoast SEO plugin. -->","yoast_head_json":{"title":"Organizacija slijepih: Od Op\u0161tine Ulcinj ni centa - Lajme nga Ulqini","description":"BAR \u2013 Organizacija slijepih za Bar i Ulcinj, koja broji 73 \u010dlana i koja je poznata kao veoma preduzimljiva i aktivna, prema rije\u010dima predsjednika Veselina","robots":{"index":"index","follow":"follow","max-snippet":"max-snippet:-1","max-image-preview":"max-image-preview:large","max-video-preview":"max-video-preview:-1"},"canonical":"https:\/\/www.visit-ulcinj.com\/blog\/2013\/10\/20\/organizacija-slijepih-od-opstine-ulcinj-ni-centa\/","og_locale":"en_US","og_type":"article","og_title":"Organizacija slijepih: Od Op\u0161tine Ulcinj ni centa - Lajme nga Ulqini","og_description":"BAR \u2013 Organizacija slijepih za Bar i Ulcinj, koja broji 73 \u010dlana i koja je poznata kao veoma preduzimljiva i aktivna, prema rije\u010dima predsjednika Veselina","og_url":"https:\/\/www.visit-ulcinj.com\/blog\/2013\/10\/20\/organizacija-slijepih-od-opstine-ulcinj-ni-centa\/","og_site_name":"Lajme nga Ulqini","article_published_time":"2013-10-20T05:46:59+00:00","article_modified_time":"2013-10-20T05:48:56+00:00","og_image":[{"url":"http:\/\/www.visit-ulcinj.com\/blog\/wp-content\/uploads\/2013\/10\/Organizacija-slijepih-za-Bar-i-Ulcinj.jpg"}],"twitter_misc":{"Written by":"ulqini","Est. reading time":"2 minutes"},"schema":{"@context":"https:\/\/schema.org","@graph":[{"@type":"WebSite","@id":"https:\/\/www.visit-ulcinj.com\/blog\/#website","url":"https:\/\/www.visit-ulcinj.com\/blog\/","name":"Lajme nga Ulqini","description":"Lajme,Vijesti,Ulqini,Ulqin,Crna Gora,Mali i Zi","potentialAction":[{"@type":"SearchAction","target":{"@type":"EntryPoint","urlTemplate":"https:\/\/www.visit-ulcinj.com\/blog\/?s={search_term_string}"},"query-input":"required name=search_term_string"}],"inLanguage":"en-US"},{"@type":"ImageObject","inLanguage":"en-US","@id":"https:\/\/www.visit-ulcinj.com\/blog\/2013\/10\/20\/organizacija-slijepih-od-opstine-ulcinj-ni-centa\/#primaryimage","url":"https:\/\/www.visit-ulcinj.com\/blog\/wp-content\/uploads\/2013\/10\/Organizacija-slijepih-za-Bar-i-Ulcinj.jpg","contentUrl":"https:\/\/www.visit-ulcinj.com\/blog\/wp-content\/uploads\/2013\/10\/Organizacija-slijepih-za-Bar-i-Ulcinj.jpg","width":640,"height":424},{"@type":"WebPage","@id":"https:\/\/www.visit-ulcinj.com\/blog\/2013\/10\/20\/organizacija-slijepih-od-opstine-ulcinj-ni-centa\/#webpage","url":"https:\/\/www.visit-ulcinj.com\/blog\/2013\/10\/20\/organizacija-slijepih-od-opstine-ulcinj-ni-centa\/","name":"Organizacija slijepih: Od Op\u0161tine Ulcinj ni centa - Lajme nga Ulqini","isPartOf":{"@id":"https:\/\/www.visit-ulcinj.com\/blog\/#website"},"primaryImageOfPage":{"@id":"https:\/\/www.visit-ulcinj.com\/blog\/2013\/10\/20\/organizacija-slijepih-od-opstine-ulcinj-ni-centa\/#primaryimage"},"datePublished":"2013-10-20T05:46:59+00:00","dateModified":"2013-10-20T05:48:56+00:00","author":{"@id":"https:\/\/www.visit-ulcinj.com\/blog\/#\/schema\/person\/dcab619c614d3038751c63bc2aadc06d"},"description":"BAR \u2013 Organizacija slijepih za Bar i Ulcinj, koja broji 73 \u010dlana i koja je poznata kao veoma preduzimljiva i aktivna, prema rije\u010dima predsjednika Veselina","breadcrumb":{"@id":"https:\/\/www.visit-ulcinj.com\/blog\/2013\/10\/20\/organizacija-slijepih-od-opstine-ulcinj-ni-centa\/#breadcrumb"},"inLanguage":"en-US","potentialAction":[{"@type":"ReadAction","target":["https:\/\/www.visit-ulcinj.com\/blog\/2013\/10\/20\/organizacija-slijepih-od-opstine-ulcinj-ni-centa\/"]}]},{"@type":"BreadcrumbList","@id":"https:\/\/www.visit-ulcinj.com\/blog\/2013\/10\/20\/organizacija-slijepih-od-opstine-ulcinj-ni-centa\/#breadcrumb","itemListElement":[{"@type":"ListItem","position":1,"name":"Organizacija slijepih: Od Op\u0161tine Ulcinj ni centa"}]},{"@type":"Person","@id":"https:\/\/www.visit-ulcinj.com\/blog\/#\/schema\/person\/dcab619c614d3038751c63bc2aadc06d","name":"ulqini","sameAs":["http:\/\/www.visit-ulcinj.com"],"url":"https:\/\/www.visit-ulcinj.com\/blog\/author\/admin\/"}]}},"jetpack_featured_media_url":"","jetpack_sharing_enabled":true,"jetpack_shortlink":"https:\/\/wp.me\/pe6lTn-jCw","_links":{"self":[{"href":"https:\/\/www.visit-ulcinj.com\/blog\/wp-json\/wp\/v2\/posts\/75424"}],"collection":[{"href":"https:\/\/www.visit-ulcinj.com\/blog\/wp-json\/wp\/v2\/posts"}],"about":[{"href":"https:\/\/www.visit-ulcinj.com\/blog\/wp-json\/wp\/v2\/types\/post"}],"author":[{"embeddable":true,"href":"https:\/\/www.visit-ulcinj.com\/blog\/wp-json\/wp\/v2\/users\/1"}],"replies":[{"embeddable":true,"href":"https:\/\/www.visit-ulcinj.com\/blog\/wp-json\/wp\/v2\/comments?post=75424"}],"version-history":[{"count":2,"href":"https:\/\/www.visit-ulcinj.com\/blog\/wp-json\/wp\/v2\/posts\/75424\/revisions"}],"predecessor-version":[{"id":75427,"href":"https:\/\/www.visit-ulcinj.com\/blog\/wp-json\/wp\/v2\/posts\/75424\/revisions\/75427"}],"wp:attachment":[{"href":"https:\/\/www.visit-ulcinj.com\/blog\/wp-json\/wp\/v2\/media?parent=75424"}],"wp:term":[{"taxonomy":"category","embeddable":true,"href":"https:\/\/www.visit-ulcinj.com\/blog\/wp-json\/wp\/v2\/categories?post=75424"},{"taxonomy":"post_tag","embeddable":true,"href":"https:\/\/www.visit-ulcinj.com\/blog\/wp-json\/wp\/v2\/tags?post=75424"}],"curies":[{"name":"wp","href":"https:\/\/api.w.org\/{rel}","templated":true}]}}